{"id":5159,"date":"2018-03-01T10:25:53","date_gmt":"2018-03-01T10:25:53","guid":{"rendered":"https:\/\/larevistadigital.com.ar\/blog\/?p=5159"},"modified":"2018-03-01T10:25:53","modified_gmt":"2018-03-01T10:25:53","slug":"curry-de-pollo","status":"publish","type":"post","link":"https:\/\/larevistadigital.com.ar\/blog\/curry-de-pollo\/","title":{"rendered":"CURRY DE POLLO"},"content":{"rendered":"<p class=\"ng-binding ng-scope\">Un pollo con la mejor onda oriental y los productos cuyanos, sabores incre\u00edbles en un pollo de campo.<\/p>\n<p class=\"ng-binding ng-scope\">INGREDIENTES PARA 4 PORCIONES<\/p>\n<p class=\"ng-binding ng-scope\">\u2022 Pechugas de pollo 3<\/p>\n<p class=\"ng-binding ng-scope\">\u2022 Manzana roja 1<\/p>\n<p class=\"ng-binding ng-scope\">\u2022 Aceite 1 cucharada<\/p>\n<p class=\"ng-binding ng-scope\">\u2022 Cebolla 1<\/p>\n<p class=\"ng-binding ng-scope\">\u2022 Ajo 2 dientes<\/p>\n<p class=\"ng-binding ng-scope\">\u2022 Jengibre rallado 1 cucharada<\/p>\n<p class=\"ng-binding ng-scope\">\u2022 Curry en polvo 2 cucharadas<\/p>\n<p class=\"ng-binding ng-scope\">\u2022 Garam masala 1 cucharada<\/p>\n<p class=\"ng-binding ng-scope\">\u2022 Agua mineral 500 cc<\/p>\n<p class=\"ng-binding ng-scope\">\u2022 Comino 1 cucharada<\/p>\n<p class=\"ng-binding ng-scope\">\u2022 P\u00e1prika 1 cucharada<\/p>\n<p class=\"ng-binding ng-scope\">\u2022 Laurel 2 hojas<\/p>\n<p class=\"ng-binding ng-scope\">\u2022 Yogur natural 100 cc<\/p>\n<p class=\"ng-binding ng-scope\">\u2022 Leche de coco 150 cc<\/p>\n<p class=\"ng-binding ng-scope\">\u2022 Pur\u00e9 de tomate 2 cucharadas<\/p>\n<p class=\"ng-binding ng-scope\">\u2022 Az\u00facar 1 cucharada<\/p>\n<p class=\"ng-binding ng-scope\">\u2022 Jugo de lima 50 cc<\/p>\n<p class=\"ng-binding ng-scope\">\u2022 Sal y pimienta a gusto<\/p>\n<p class=\"ng-binding ng-scope\">\u2022 Arroz basmati 250 gramos<\/p>\n<p class=\"ng-binding ng-scope\">Para el chutney<\/p>\n<p class=\"ng-binding ng-scope\">\u2022 Manzanas rojas 2<\/p>\n<p class=\"ng-binding ng-scope\">\u2022 Pera 1<\/p>\n<p class=\"ng-binding ng-scope\">\u2022 Mango 1\/2<\/p>\n<p class=\"ng-binding ng-scope\">\u2022 Morr\u00f3n 30 gramos<\/p>\n<p class=\"ng-binding ng-scope\">\u2022 Cebolla 50 gramos<\/p>\n<p class=\"ng-binding ng-scope\">\u2022 Hinojo 10 gramos<\/p>\n<p class=\"ng-binding ng-scope\">\u2022 Aceite 3 cucharadas<\/p>\n<p class=\"ng-binding ng-scope\">\u2022 Jengibre rallado 1 cucharada<\/p>\n<p class=\"ng-binding ng-scope\">\u2022 Az\u00facar 90 gramos<\/p>\n<p class=\"ng-binding ng-scope\">\u2022 Salsa chile o Tabasco a gusto<\/p>\n<p class=\"ng-binding ng-scope\">\u2022 Vinagre blanco 100 cc<\/p>\n<p class=\"ng-binding ng-scope\">\u2022 Sal y pimienta a gusto<\/p>\n<p class=\"ng-binding ng-scope\">\u2022 Cilantro picado 2 cucharadas<\/p>\n<p class=\"ng-binding ng-scope\">LOS PASOS<\/p>\n<p class=\"ng-binding ng-scope\">1. El chutney: pelar y cortar las manzanas, la pera y el mango en cubos peque\u00f1os. Cortar en trozos grandes el morr\u00f3n, la cebolla y el hinojo. Calentar el aceite en una cacerola y rehogar el morr\u00f3n, la cebolla y el hinojo entre 4 y 5 minutos. Incorporar las frutas cortadas, el jengibre, el az\u00facar, la salsa Tabasco y el vinagre. Salpimentar y cocinar a fuego bajo, revolviendo cada tanto, hasta obtener una especie de compota (lleva unos 30 minutos). Dejar enfriar, condimentar con cilantro y reservar.<\/p>\n<p class=\"ng-binding ng-scope\">2. El curry: cortar las pechugas en dados de 3 cent\u00edmetros. Pelar la manzana y cortarla en cubos. Calentar en una cacerola una cucharada de aceite, sellar el pollo y escurrirlo. Picar la cebolla y los dientes de ajo. Rallar el jengibre. En la misma olla que se us\u00f3 para cocinar el pollo, sumar la cebolla, el ajo, el jengibre, la manzana, el curry y el garam masala. Revolver, incorporar el agua mineral y llevar al fuego.<\/p>\n<p class=\"ng-binding ng-scope\">3. Cuando rompa el hervor, agregar el comino, la p\u00e1prika, el laurel, el yogur natural, la leche de coco, el pur\u00e9 de tomate, el az\u00facar y el jugo de lima. Salpimentar y cocinar 15 minutos. En ese momento, incorporar el pollo y cocinar 15 minutos m\u00e1s, a fuego bajo, con la olla tapada.<\/p>\n<p class=\"ng-binding ng-scope\">4. Aparte, hervir agua con sal y cocinar el arroz unos 20 minutos (no hay tiempos exactos, hay que estar atentos y observar que los granos de arroz exploten). Colar el arroz, distribuirlo en una fuente, esparcir encima el chicken curry, el chutney y, si quiere, la salsa picante.<\/p>\n","protected":false},"excerpt":{"rendered":"<div class=\"mh-excerpt\"><p>Un pollo con la mejor onda oriental y los productos cuyanos, sabores incre\u00edbles en un pollo de campo. INGREDIENTES PARA 4 PORCIONES \u2022 Pechugas de pollo 3 \u2022 Manzana roja 1 \u2022 Aceite 1 cucharada <a class=\"mh-excerpt-more\" href=\"https:\/\/larevistadigital.com.ar\/blog\/curry-de-pollo\/\" title=\"CURRY DE POLLO\">[Leer M\u00e1s]<\/a><\/p>\n<\/div>","protected":false},"author":1,"featured_media":5160,"comment_status":"open","ping_status":"open","sticky":false,"template":"","format":"standard","meta":{"_jetpack_memberships_contains_paid_content":false,"footnotes":"","jetpack_publicize_message":"","jetpack_publicize_feature_enabled":true,"jetpack_social_post_already_shared":true,"jetpack_social_options":{"image_generator_settings":{"template":"highway","default_image_id":0,"font":"","enabled":false},"version":2}},"categories":[32,31],"tags":[],"class_list":{"0":"post-5159","1":"post","2":"type-post","3":"status-publish","4":"format-standard","5":"has-post-thumbnail","7":"category-cocina","8":"category-suplementos"},"jetpack_publicize_connections":[],"jetpack_featured_media_url":"https:\/\/i0.wp.com\/larevistadigital.com.ar\/blog\/wp-content\/uploads\/2018\/03\/QQW.jpg?fit=1300%2C866&ssl=1","jetpack_sharing_enabled":true,"jetpack_shortlink":"https:\/\/wp.me\/p8qtrQ-1ld","jetpack-related-posts":[{"id":16138,"url":"https:\/\/larevistadigital.com.ar\/blog\/cocina-marinadas-los-distintos-tipos-y-para-que-sirven-incluye-receta-de-pollo-marinado\/","url_meta":{"origin":5159,"position":0},"title":"COCINA: \u00abMARINADAS\u00bb LOS DISTINTOS TIPOS, Y PARA QU\u00c9 SIRVEN (incluye receta de pollo marinado)","author":"Alejandro Sosa Ruda","date":"26 agosto, 2020","format":false,"excerpt":"Es una t\u00e9cnica que le da mucho sabor a una variedad interesante de comidas. Las\u00a0marinadas\u00a0son un viejo recurso de la gastronom\u00eda, que lamentablemente en ocasiones no se emplea porque requiere de un proceso m\u00e1s o menos largo, pero que resulta muy funcional para saborizar y tiernizar carnes, pescados, aves y\u2026","rel":"","context":"En \u00abCOCINA\u00bb","block_context":{"text":"COCINA","link":"https:\/\/larevistadigital.com.ar\/blog\/category\/suplementos\/cocina\/"},"img":{"alt_text":"","src":"https:\/\/i0.wp.com\/larevistadigital.com.ar\/blog\/wp-content\/uploads\/pollo-marinado-con-miel-mostaza-y-soya.jpg?fit=600%2C374&ssl=1&resize=350%2C200","width":350,"height":200,"srcset":"https:\/\/i0.wp.com\/larevistadigital.com.ar\/blog\/wp-content\/uploads\/pollo-marinado-con-miel-mostaza-y-soya.jpg?fit=600%2C374&ssl=1&resize=350%2C200 1x, https:\/\/i0.wp.com\/larevistadigital.com.ar\/blog\/wp-content\/uploads\/pollo-marinado-con-miel-mostaza-y-soya.jpg?fit=600%2C374&ssl=1&resize=525%2C300 1.5x"},"classes":[]},{"id":405,"url":"https:\/\/larevistadigital.com.ar\/blog\/pollo-la-naranja-al-horno\/","url_meta":{"origin":5159,"position":1},"title":"POLLO A LA NARANJA AL HORNO","author":"editor","date":"23 febrero, 2017","format":false,"excerpt":"Pollo a la naranja al horno. Esta receta, es t\u00edpica de las gastronom\u00eda francesa. Aunque es m\u00e1s t\u00edpica hacerla con pato que con pollo -si quieres puedes prepararla con pato- aqu\u00ed la haremos con pollo ya que es mucho m\u00e1s asequible para todos los bolsillos. Adem\u00e1s, lo acompa\u00f1aremos con una\u2026","rel":"","context":"En \u00abCOCINA\u00bb","block_context":{"text":"COCINA","link":"https:\/\/larevistadigital.com.ar\/blog\/category\/suplementos\/cocina\/"},"img":{"alt_text":"","src":"https:\/\/i0.wp.com\/larevistadigital.com.ar\/blog\/wp-content\/uploads\/2017\/02\/pollo-a-la-naranja-al-horno.jpg?fit=600%2C337&ssl=1&resize=350%2C200","width":350,"height":200,"srcset":"https:\/\/i0.wp.com\/larevistadigital.com.ar\/blog\/wp-content\/uploads\/2017\/02\/pollo-a-la-naranja-al-horno.jpg?fit=600%2C337&ssl=1&resize=350%2C200 1x, https:\/\/i0.wp.com\/larevistadigital.com.ar\/blog\/wp-content\/uploads\/2017\/02\/pollo-a-la-naranja-al-horno.jpg?fit=600%2C337&ssl=1&resize=525%2C300 1.5x"},"classes":[]},{"id":16018,"url":"https:\/\/larevistadigital.com.ar\/blog\/presencia-del-virus-en-productos-congelados-china-encontro-rastros-de-covid-19-en-alitas-de-pollo-procedentes-de-brasil\/","url_meta":{"origin":5159,"position":2},"title":"\u00a1PRESENCIA DEL VIRUS EN PRODUCTOS CONGELADOS! CHINA ENCONTR\u00d3 RASTROS DE COVID-19 EN ALITAS DE POLLO PROCEDENTES DE BRASIL","author":"Alejandro Sosa Ruda","date":"13 agosto, 2020","format":false,"excerpt":"En una ciudad china\u00a0encontraron trazas de coronavirus en un lote de alitas de pollo congeladas importadas de Brasil. Las autoridades locales confiscaron los lotes del producto y ordenaron el testeo de todo el personal que podr\u00eda haber tocado el producto. Hasta el momento, aseguran,\u00a0todos los trabajadores han dado negativo. En\u2026","rel":"","context":"En \u00abDESTACADAS\u00bb","block_context":{"text":"DESTACADAS","link":"https:\/\/larevistadigital.com.ar\/blog\/category\/destacadas\/"},"img":{"alt_text":"","src":"https:\/\/i0.wp.com\/larevistadigital.com.ar\/blog\/wp-content\/uploads\/96308-whatsapp-20image-202020-08-13-20at-2009-15-06.jpeg?fit=960%2C640&ssl=1&resize=350%2C200","width":350,"height":200,"srcset":"https:\/\/i0.wp.com\/larevistadigital.com.ar\/blog\/wp-content\/uploads\/96308-whatsapp-20image-202020-08-13-20at-2009-15-06.jpeg?fit=960%2C640&ssl=1&resize=350%2C200 1x, https:\/\/i0.wp.com\/larevistadigital.com.ar\/blog\/wp-content\/uploads\/96308-whatsapp-20image-202020-08-13-20at-2009-15-06.jpeg?fit=960%2C640&ssl=1&resize=525%2C300 1.5x, https:\/\/i0.wp.com\/larevistadigital.com.ar\/blog\/wp-content\/uploads\/96308-whatsapp-20image-202020-08-13-20at-2009-15-06.jpeg?fit=960%2C640&ssl=1&resize=700%2C400 2x"},"classes":[]},{"id":396,"url":"https:\/\/larevistadigital.com.ar\/blog\/garbanzos-espinacas-receta\/","url_meta":{"origin":5159,"position":3},"title":"GARBANZOS CON ESPINACAS receta","author":"editor","date":"23 febrero, 2017","format":false,"excerpt":"\u00a0 Garbanzos con espinacas es una de esas recetas\u00a0complet\u00edsimas. Especialmente en los d\u00edas de oto\u00f1o e invierno. Plato caliente, nutritivo, lleno de las prote\u00ednas de los garbanzos, que pueden alcanzar los 20g por cada 100g de esta legumbre y de la vitamina C y el calcio de las espinacas. Adem\u00e1s,\u00a0tambi\u00e9n\u2026","rel":"","context":"En \u00abCOCINA\u00bb","block_context":{"text":"COCINA","link":"https:\/\/larevistadigital.com.ar\/blog\/category\/suplementos\/cocina\/"},"img":{"alt_text":"","src":"https:\/\/i0.wp.com\/larevistadigital.com.ar\/blog\/wp-content\/uploads\/2017\/02\/garbanzos-con-espinacas.jpg?fit=600%2C337&ssl=1&resize=350%2C200","width":350,"height":200,"srcset":"https:\/\/i0.wp.com\/larevistadigital.com.ar\/blog\/wp-content\/uploads\/2017\/02\/garbanzos-con-espinacas.jpg?fit=600%2C337&ssl=1&resize=350%2C200 1x, https:\/\/i0.wp.com\/larevistadigital.com.ar\/blog\/wp-content\/uploads\/2017\/02\/garbanzos-con-espinacas.jpg?fit=600%2C337&ssl=1&resize=525%2C300 1.5x"},"classes":[]},{"id":1404,"url":"https:\/\/larevistadigital.com.ar\/blog\/1404-2\/","url_meta":{"origin":5159,"position":4},"title":"Como han atestiguado numerosos estudios,\u2026","author":"editor","date":"19 marzo, 2017","format":false,"excerpt":"Como han atestiguado numerosos estudios, el momento del d\u00eda en que realizamos nuestras comidas es determinante a la hora de perder o ganar peso. Cuanto m\u00e1s tarde cenemos, peor. Lo ideal es hacerlo dos horas antes de irnos a dormir, para no acostarnos haciendo la digesti\u00f3n. As\u00ed que de c\u00f3mida\u2026","rel":"","context":"En \u00abMUJER\u00bb","block_context":{"text":"MUJER","link":"https:\/\/larevistadigital.com.ar\/blog\/category\/suplementos\/mujer\/"},"img":{"alt_text":"","src":"https:\/\/i0.wp.com\/larevistadigital.com.ar\/blog\/wp-content\/uploads\/2017\/03\/AAolZyE.jpg?fit=728%2C454&ssl=1&resize=350%2C200","width":350,"height":200,"srcset":"https:\/\/i0.wp.com\/larevistadigital.com.ar\/blog\/wp-content\/uploads\/2017\/03\/AAolZyE.jpg?fit=728%2C454&ssl=1&resize=350%2C200 1x, https:\/\/i0.wp.com\/larevistadigital.com.ar\/blog\/wp-content\/uploads\/2017\/03\/AAolZyE.jpg?fit=728%2C454&ssl=1&resize=525%2C300 1.5x, https:\/\/i0.wp.com\/larevistadigital.com.ar\/blog\/wp-content\/uploads\/2017\/03\/AAolZyE.jpg?fit=728%2C454&ssl=1&resize=700%2C400 2x"},"classes":[]},{"id":28168,"url":"https:\/\/larevistadigital.com.ar\/blog\/despidieron-a-fantino-de-espn-luego-de-criticar-a-closs-y-vignolo\/","url_meta":{"origin":5159,"position":5},"title":"DESPIDIERON A FANTINO DE ESPN, LUEGO DE CRITICAR A CLOSS Y VIGNOLO","author":"Alejandro Sosa Ruda","date":"29 septiembre, 2022","format":false,"excerpt":"Alejandro Fantino fue despedido de ESPN luego de las fuertes cr\u00edticas que tuvo con Mariano Closs y Sebasti\u00e1n Vignolo. 29 de septiembre de 2022 Alejandro Fantino fue despedido de ESPN luego de las fuertes cr\u00edticas que hizo de Mariano Closs y Sebasti\u00e1n Pollo Vignolo, a quienes tuvo como compa\u00f1ero y\u2026","rel":"","context":"En \u00abINTERES GENERAL\u00bb","block_context":{"text":"INTERES GENERAL","link":"https:\/\/larevistadigital.com.ar\/blog\/category\/interes-general\/"},"img":{"alt_text":"","src":"https:\/\/i0.wp.com\/larevistadigital.com.ar\/blog\/wp-content\/uploads\/fantino.jpg?fit=793%2C368&ssl=1&resize=350%2C200","width":350,"height":200,"srcset":"https:\/\/i0.wp.com\/larevistadigital.com.ar\/blog\/wp-content\/uploads\/fantino.jpg?fit=793%2C368&ssl=1&resize=350%2C200 1x, https:\/\/i0.wp.com\/larevistadigital.com.ar\/blog\/wp-content\/uploads\/fantino.jpg?fit=793%2C368&ssl=1&resize=525%2C300 1.5x, https:\/\/i0.wp.com\/larevistadigital.com.ar\/blog\/wp-content\/uploads\/fantino.jpg?fit=793%2C368&ssl=1&resize=700%2C400 2x"},"classes":[]}],"_links":{"self":[{"href":"https:\/\/larevistadigital.com.ar\/blog\/wp-json\/wp\/v2\/posts\/5159","targetHints":{"allow":["GET"]}}],"collection":[{"href":"https:\/\/larevistadigital.com.ar\/blog\/wp-json\/wp\/v2\/posts"}],"about":[{"href":"https:\/\/larevistadigital.com.ar\/blog\/wp-json\/wp\/v2\/types\/post"}],"author":[{"embeddable":true,"href":"https:\/\/larevistadigital.com.ar\/blog\/wp-json\/wp\/v2\/users\/1"}],"replies":[{"embeddable":true,"href":"https:\/\/larevistadigital.com.ar\/blog\/wp-json\/wp\/v2\/comments?post=5159"}],"version-history":[{"count":1,"href":"https:\/\/larevistadigital.com.ar\/blog\/wp-json\/wp\/v2\/posts\/5159\/revisions"}],"predecessor-version":[{"id":5161,"href":"https:\/\/larevistadigital.com.ar\/blog\/wp-json\/wp\/v2\/posts\/5159\/revisions\/5161"}],"wp:featuredmedia":[{"embeddable":true,"href":"https:\/\/larevistadigital.com.ar\/blog\/wp-json\/wp\/v2\/media\/5160"}],"wp:attachment":[{"href":"https:\/\/larevistadigital.com.ar\/blog\/wp-json\/wp\/v2\/media?parent=5159"}],"wp:term":[{"taxonomy":"category","embeddable":true,"href":"https:\/\/larevistadigital.com.ar\/blog\/wp-json\/wp\/v2\/categories?post=5159"},{"taxonomy":"post_tag","embeddable":true,"href":"https:\/\/larevistadigital.com.ar\/blog\/wp-json\/wp\/v2\/tags?post=5159"}],"curies":[{"name":"wp","href":"https:\/\/api.w.org\/{rel}","templated":true}]}}