{"id":5162,"date":"2018-03-01T10:27:09","date_gmt":"2018-03-01T10:27:09","guid":{"rendered":"https:\/\/larevistadigital.com.ar\/blog\/?p=5162"},"modified":"2018-03-01T10:27:09","modified_gmt":"2018-03-01T10:27:09","slug":"guiso-carnes-porotos","status":"publish","type":"post","link":"https:\/\/larevistadigital.com.ar\/blog\/guiso-carnes-porotos\/","title":{"rendered":"GUISO DE CARNES Y POROTOS"},"content":{"rendered":"<p class=\"ng-binding ng-scope\">Guiso infaltable de los muchos heredados por la Madre Patria. Con productos argentinos, y vegetales y condimentos de las regiones, es un cl\u00e1sico.<\/p>\n<p class=\"ng-binding ng-scope\">INGREDIENTES PARA 4 PORCIONES<\/p>\n<p class=\"ng-binding ng-scope\">\u2022 Porotos alubia blancos \u00bd kilo<\/p>\n<p class=\"ng-binding ng-scope\">\u2022 Codillo de cerdo 300 gramos<\/p>\n<p class=\"ng-binding ng-scope\">\u2022 Morcillas 2<\/p>\n<p class=\"ng-binding ng-scope\">\u2022 Chorizos ahumados 2<\/p>\n<p class=\"ng-binding ng-scope\">\u2022 Azafr\u00e1n en polvo 1 dedal<\/p>\n<p class=\"ng-binding ng-scope\">\u2022 Aceite de oliva 100 cc<\/p>\n<p class=\"ng-binding ng-scope\">\u2022 Sal a gusto<\/p>\n<p class=\"ng-binding ng-scope\">LOS PASOS<\/p>\n<p class=\"ng-binding ng-scope\">1. Poner en remojo el codillo de cerco, en agua templada, 12 horas. Dejar los porotos secos de alubias en remojo entre 6 y 7 horas. Lavar las morcillas y los chorizos con agua fr\u00eda. En una cacerola baja y ancha, colocar las alubias con agua fr\u00eda (2 dedos por encima de los porotos). Cocinar a fuego hasta que rompa el hervor, bajar el fuego a moderado y quitar la espuma con espumadera.<\/p>\n<p class=\"ng-binding ng-scope\">2. Agregar el azafr\u00e1n en polvo, el aceite de oliva, el jam\u00f3n (ubicar las carnes en el fondo de la cacerola para que no presionen a las alubias). Cocinar 5 minutos, tapando la cacerola.<\/p>\n<p class=\"ng-binding ng-scope\">3. Destapar y quitar la espuma. Sumar los chorizos y las morcillas. Hervir otros 5 minutos y quitar la espuma. Bajar el fuego al m\u00ednimo y cocinar entre 2 y 3 horas. Mover cada tanto la cazuela, tom\u00e1ndola por las asas. Retirar del fuego y servir.<\/p>\n","protected":false},"excerpt":{"rendered":"<div class=\"mh-excerpt\"><p>Guiso infaltable de los muchos heredados por la Madre Patria. Con productos argentinos, y vegetales y condimentos de las regiones, es un cl\u00e1sico. INGREDIENTES PARA 4 PORCIONES \u2022 Porotos alubia blancos \u00bd kilo \u2022 Codillo <a class=\"mh-excerpt-more\" href=\"https:\/\/larevistadigital.com.ar\/blog\/guiso-carnes-porotos\/\" title=\"GUISO DE CARNES Y POROTOS\">[Leer M\u00e1s]<\/a><\/p>\n<\/div>","protected":false},"author":1,"featured_media":5163,"comment_status":"open","ping_status":"open","sticky":false,"template":"","format":"standard","meta":{"_jetpack_memberships_contains_paid_content":false,"footnotes":"","jetpack_publicize_message":"","jetpack_publicize_feature_enabled":true,"jetpack_social_post_already_shared":true,"jetpack_social_options":{"image_generator_settings":{"template":"highway","default_image_id":0,"font":"","enabled":false},"version":2}},"categories":[32,31],"tags":[],"class_list":{"0":"post-5162","1":"post","2":"type-post","3":"status-publish","4":"format-standard","5":"has-post-thumbnail","7":"category-cocina","8":"category-suplementos"},"jetpack_publicize_connections":[],"jetpack_featured_media_url":"https:\/\/i0.wp.com\/larevistadigital.com.ar\/blog\/wp-content\/uploads\/2018\/03\/QQQW.jpg?fit=1300%2C870&ssl=1","jetpack_sharing_enabled":true,"jetpack_shortlink":"https:\/\/wp.me\/p8qtrQ-1lg","jetpack-related-posts":[{"id":396,"url":"https:\/\/larevistadigital.com.ar\/blog\/garbanzos-espinacas-receta\/","url_meta":{"origin":5162,"position":0},"title":"GARBANZOS CON ESPINACAS receta","author":"editor","date":"23 febrero, 2017","format":false,"excerpt":"\u00a0 Garbanzos con espinacas es una de esas recetas\u00a0complet\u00edsimas. Especialmente en los d\u00edas de oto\u00f1o e invierno. Plato caliente, nutritivo, lleno de las prote\u00ednas de los garbanzos, que pueden alcanzar los 20g por cada 100g de esta legumbre y de la vitamina C y el calcio de las espinacas. Adem\u00e1s,\u00a0tambi\u00e9n\u2026","rel":"","context":"En \u00abCOCINA\u00bb","block_context":{"text":"COCINA","link":"https:\/\/larevistadigital.com.ar\/blog\/category\/suplementos\/cocina\/"},"img":{"alt_text":"","src":"https:\/\/i0.wp.com\/larevistadigital.com.ar\/blog\/wp-content\/uploads\/2017\/02\/garbanzos-con-espinacas.jpg?fit=600%2C337&ssl=1&resize=350%2C200","width":350,"height":200,"srcset":"https:\/\/i0.wp.com\/larevistadigital.com.ar\/blog\/wp-content\/uploads\/2017\/02\/garbanzos-con-espinacas.jpg?fit=600%2C337&ssl=1&resize=350%2C200 1x, https:\/\/i0.wp.com\/larevistadigital.com.ar\/blog\/wp-content\/uploads\/2017\/02\/garbanzos-con-espinacas.jpg?fit=600%2C337&ssl=1&resize=525%2C300 1.5x"},"classes":[]},{"id":9424,"url":"https:\/\/larevistadigital.com.ar\/blog\/chascomus-el-municipio-acaba-de-informar-corte-y-baja-presion-de-agua-desde-este-momento\/","url_meta":{"origin":5162,"position":1},"title":"CHASCOM\u00daS: EL MUNICIPIO ACABA DE INFORMAR CORTE Y BAJA PRESI\u00d3N DE AGUA DESDE ESTE MOMENTO","author":"Alejandro Sosa Ruda","date":"27 marzo, 2019","format":false,"excerpt":"Lamentablemente, y como ha ocurrido en las \u00faltimas oportunidades, el Municipio a trav\u00e9s del \u00e1rea de Prensa acaba de informar a los medios de comunicaci\u00f3n que desde las 8:00 y hasta las 11:00 horas del d\u00eda de hoy habr\u00e1 cortes y bajas de presi\u00f3n en el suministro de agua potable,\u2026","rel":"","context":"En \u00abCHASCOM\u00daS\u00bb","block_context":{"text":"CHASCOM\u00daS","link":"https:\/\/larevistadigital.com.ar\/blog\/category\/chascomus\/"},"img":{"alt_text":"","src":"https:\/\/i0.wp.com\/larevistadigital.com.ar\/blog\/wp-content\/uploads\/2019\/03\/WhatsApp-Image-2019-03-27-at-08.12.59.jpeg?fit=1200%2C1199&ssl=1&resize=350%2C200","width":350,"height":200,"srcset":"https:\/\/i0.wp.com\/larevistadigital.com.ar\/blog\/wp-content\/uploads\/2019\/03\/WhatsApp-Image-2019-03-27-at-08.12.59.jpeg?fit=1200%2C1199&ssl=1&resize=350%2C200 1x, https:\/\/i0.wp.com\/larevistadigital.com.ar\/blog\/wp-content\/uploads\/2019\/03\/WhatsApp-Image-2019-03-27-at-08.12.59.jpeg?fit=1200%2C1199&ssl=1&resize=525%2C300 1.5x, https:\/\/i0.wp.com\/larevistadigital.com.ar\/blog\/wp-content\/uploads\/2019\/03\/WhatsApp-Image-2019-03-27-at-08.12.59.jpeg?fit=1200%2C1199&ssl=1&resize=700%2C400 2x, https:\/\/i0.wp.com\/larevistadigital.com.ar\/blog\/wp-content\/uploads\/2019\/03\/WhatsApp-Image-2019-03-27-at-08.12.59.jpeg?fit=1200%2C1199&ssl=1&resize=1050%2C600 3x"},"classes":[]},{"id":21746,"url":"https:\/\/larevistadigital.com.ar\/blog\/la-municipalidad-anuncia-corte-de-agua\/","url_meta":{"origin":5162,"position":2},"title":"LA MUNICIPALIDAD ANUNCIA CORTE DE AGUA","author":"Alejandro Sosa Ruda","date":"27 agosto, 2021","format":false,"excerpt":"AVISO DE CORTE DE AGUA Debido a una reparaci\u00f3n del ca\u00f1o maestro ubicado en calle La Porte\u00f1a y Avenida Presidente Alfons\u00edn se efectu\u00f3 el corte de agua que afecta a los barrios: F\u00e1tima, Gallo Blanco, Las Violetas, San Juan Bautista e Intech y La Porte\u00f1a, por el t\u00e9rmino de 3\u2026","rel":"","context":"En \u00abDESTACADAS\u00bb","block_context":{"text":"DESTACADAS","link":"https:\/\/larevistadigital.com.ar\/blog\/category\/destacadas\/"},"img":{"alt_text":"","src":"https:\/\/i0.wp.com\/larevistadigital.com.ar\/blog\/wp-content\/uploads\/WhatsApp-Image-2021-08-27-at-09.48.27.jpeg?fit=768%2C773&ssl=1&resize=350%2C200","width":350,"height":200,"srcset":"https:\/\/i0.wp.com\/larevistadigital.com.ar\/blog\/wp-content\/uploads\/WhatsApp-Image-2021-08-27-at-09.48.27.jpeg?fit=768%2C773&ssl=1&resize=350%2C200 1x, https:\/\/i0.wp.com\/larevistadigital.com.ar\/blog\/wp-content\/uploads\/WhatsApp-Image-2021-08-27-at-09.48.27.jpeg?fit=768%2C773&ssl=1&resize=525%2C300 1.5x, https:\/\/i0.wp.com\/larevistadigital.com.ar\/blog\/wp-content\/uploads\/WhatsApp-Image-2021-08-27-at-09.48.27.jpeg?fit=768%2C773&ssl=1&resize=700%2C400 2x"},"classes":[]},{"id":14299,"url":"https:\/\/larevistadigital.com.ar\/blog\/mar-del-plata-roban-300-medidores-de-agua-en-los-ultimos-4-meses\/","url_meta":{"origin":5162,"position":3},"title":"MAR DEL PLATA: ROBAN 300 MEDIDORES DE AGUA EN LOS \u00daLTIMOS 4 MESES","author":"Alejandro Sosa Ruda","date":"23 enero, 2020","format":false,"excerpt":"Desde Obras Sanitarias informaron que los destrozos ocasionados generan un costo similar a una instalaci\u00f3n nueva de agua. Los barrios de la zona oeste de la ciudad, la zona m\u00e1s afectada. Ante el robo en las \u00faltimas horas de medidors en el barrio Pinos de Anchorena\u00a0desde\u00a0Obras Sanitarias Sociedad del Estado\u2026","rel":"","context":"En \u00abREGIONALES\u00bb","block_context":{"text":"REGIONALES","link":"https:\/\/larevistadigital.com.ar\/blog\/category\/regionales\/"},"img":{"alt_text":"","src":"https:\/\/i0.wp.com\/larevistadigital.com.ar\/blog\/wp-content\/uploads\/1579715183309.jpeg?fit=790%2C444&ssl=1&resize=350%2C200","width":350,"height":200,"srcset":"https:\/\/i0.wp.com\/larevistadigital.com.ar\/blog\/wp-content\/uploads\/1579715183309.jpeg?fit=790%2C444&ssl=1&resize=350%2C200 1x, https:\/\/i0.wp.com\/larevistadigital.com.ar\/blog\/wp-content\/uploads\/1579715183309.jpeg?fit=790%2C444&ssl=1&resize=525%2C300 1.5x, https:\/\/i0.wp.com\/larevistadigital.com.ar\/blog\/wp-content\/uploads\/1579715183309.jpeg?fit=790%2C444&ssl=1&resize=700%2C400 2x"},"classes":[]},{"id":15484,"url":"https:\/\/larevistadigital.com.ar\/blog\/video-recetas-en-cuarentena-hoy-clasica-receta-italiana-de-pasta-y-alubias-pasta-e-fagioli\/","url_meta":{"origin":5162,"position":4},"title":"[VIDEO] (RECETAS EN CUARENTENA) HOY: CL\u00c1SICA RECETA ITALIANA DE PASTA Y ALUBIAS (\u00abPasta e Fagioli)","author":"Alejandro Sosa Ruda","date":"2 junio, 2020","format":false,"excerpt":"Para hacer m\u00e1s llevadera esta cuarentena, comenzamos con distintas entregas que tienen que ver con recetas, y otras cosas interesantes que se pueden encontrar en internet. Hoy arrancamos con una receta bien casera y f\u00e1cil, que es riqu\u00edsima e ideal para el invierno y el fr\u00edo. Aqu\u00ed la receta completa:\u2026","rel":"","context":"En \u00abCOCINA\u00bb","block_context":{"text":"COCINA","link":"https:\/\/larevistadigital.com.ar\/blog\/category\/suplementos\/cocina\/"},"img":{"alt_text":"","src":"https:\/\/i0.wp.com\/larevistadigital.com.ar\/blog\/wp-content\/uploads\/Pasta-e-fagioli-6-1200x1200-1.jpg?fit=1200%2C1200&ssl=1&resize=350%2C200","width":350,"height":200,"srcset":"https:\/\/i0.wp.com\/larevistadigital.com.ar\/blog\/wp-content\/uploads\/Pasta-e-fagioli-6-1200x1200-1.jpg?fit=1200%2C1200&ssl=1&resize=350%2C200 1x, https:\/\/i0.wp.com\/larevistadigital.com.ar\/blog\/wp-content\/uploads\/Pasta-e-fagioli-6-1200x1200-1.jpg?fit=1200%2C1200&ssl=1&resize=525%2C300 1.5x, https:\/\/i0.wp.com\/larevistadigital.com.ar\/blog\/wp-content\/uploads\/Pasta-e-fagioli-6-1200x1200-1.jpg?fit=1200%2C1200&ssl=1&resize=700%2C400 2x, https:\/\/i0.wp.com\/larevistadigital.com.ar\/blog\/wp-content\/uploads\/Pasta-e-fagioli-6-1200x1200-1.jpg?fit=1200%2C1200&ssl=1&resize=1050%2C600 3x"},"classes":[]},{"id":36602,"url":"https:\/\/larevistadigital.com.ar\/blog\/iniciativa-de-recaudacion-de-fondos-para-la-escuela-ep31-de-parque-girado\/","url_meta":{"origin":5162,"position":5},"title":"INICIATIVA DE RECAUDACI\u00d3N DE FONDOS PARA LA ESCUELA EP31 de PARQUE GIRADO","author":"Alejandro Sosa Ruda","date":"4 julio, 2024","format":false,"excerpt":"Pedido de difusi\u00f3n de una iniciativa solidaria. 04 de Julio de 2024 CHASCOM\u00daS -\u00a0 Las familias de la Escuela EP N\u00b031 solicitan la\u00a0 colaboraci\u00f3n de todos los vecinos respecto de un evento muy especial que estamos organizando. El pr\u00f3ximo 9 de julio, D\u00eda de la Independencia, estaremos vendiendo guiso de\u2026","rel":"","context":"En \u00abREGIONALES\u00bb","block_context":{"text":"REGIONALES","link":"https:\/\/larevistadigital.com.ar\/blog\/category\/regionales\/"},"img":{"alt_text":"","src":"https:\/\/i0.wp.com\/larevistadigital.com.ar\/blog\/wp-content\/uploads\/2016-12-26-1068x601-1.jpg?fit=1068%2C601&ssl=1&resize=350%2C200","width":350,"height":200,"srcset":"https:\/\/i0.wp.com\/larevistadigital.com.ar\/blog\/wp-content\/uploads\/2016-12-26-1068x601-1.jpg?fit=1068%2C601&ssl=1&resize=350%2C200 1x, https:\/\/i0.wp.com\/larevistadigital.com.ar\/blog\/wp-content\/uploads\/2016-12-26-1068x601-1.jpg?fit=1068%2C601&ssl=1&resize=525%2C300 1.5x, https:\/\/i0.wp.com\/larevistadigital.com.ar\/blog\/wp-content\/uploads\/2016-12-26-1068x601-1.jpg?fit=1068%2C601&ssl=1&resize=700%2C400 2x, https:\/\/i0.wp.com\/larevistadigital.com.ar\/blog\/wp-content\/uploads\/2016-12-26-1068x601-1.jpg?fit=1068%2C601&ssl=1&resize=1050%2C600 3x"},"classes":[]}],"_links":{"self":[{"href":"https:\/\/larevistadigital.com.ar\/blog\/wp-json\/wp\/v2\/posts\/5162","targetHints":{"allow":["GET"]}}],"collection":[{"href":"https:\/\/larevistadigital.com.ar\/blog\/wp-json\/wp\/v2\/posts"}],"about":[{"href":"https:\/\/larevistadigital.com.ar\/blog\/wp-json\/wp\/v2\/types\/post"}],"author":[{"embeddable":true,"href":"https:\/\/larevistadigital.com.ar\/blog\/wp-json\/wp\/v2\/users\/1"}],"replies":[{"embeddable":true,"href":"https:\/\/larevistadigital.com.ar\/blog\/wp-json\/wp\/v2\/comments?post=5162"}],"version-history":[{"count":1,"href":"https:\/\/larevistadigital.com.ar\/blog\/wp-json\/wp\/v2\/posts\/5162\/revisions"}],"predecessor-version":[{"id":5164,"href":"https:\/\/larevistadigital.com.ar\/blog\/wp-json\/wp\/v2\/posts\/5162\/revisions\/5164"}],"wp:featuredmedia":[{"embeddable":true,"href":"https:\/\/larevistadigital.com.ar\/blog\/wp-json\/wp\/v2\/media\/5163"}],"wp:attachment":[{"href":"https:\/\/larevistadigital.com.ar\/blog\/wp-json\/wp\/v2\/media?parent=5162"}],"wp:term":[{"taxonomy":"category","embeddable":true,"href":"https:\/\/larevistadigital.com.ar\/blog\/wp-json\/wp\/v2\/categories?post=5162"},{"taxonomy":"post_tag","embeddable":true,"href":"https:\/\/larevistadigital.com.ar\/blog\/wp-json\/wp\/v2\/tags?post=5162"}],"curies":[{"name":"wp","href":"https:\/\/api.w.org\/{rel}","templated":true}]}}