{"id":5257,"date":"2018-03-29T07:08:38","date_gmt":"2018-03-29T07:08:38","guid":{"rendered":"https:\/\/larevistadigital.com.ar\/blog\/?p=5257"},"modified":"2018-03-29T07:08:38","modified_gmt":"2018-03-29T07:08:38","slug":"un-belga-descubrio-2000-billones-de-euros-en-su-cuenta-bancaria","status":"publish","type":"post","link":"https:\/\/larevistadigital.com.ar\/blog\/un-belga-descubrio-2000-billones-de-euros-en-su-cuenta-bancaria\/","title":{"rendered":"Un belga descubri\u00f3 2000 billones de euros en su cuenta bancaria"},"content":{"rendered":"<p>Luc Mahieux, un ciudadano de Dinant, B\u00e9lgico, pens\u00f3 que se hab\u00eda convertido en el hombre m\u00e1s ricos del mundo por unos\u00a0 instantes.<\/p>\n<p>Seg\u00fan consigna un art\u00edculo publicado por el diario franc\u00e9s\u00a0<a href=\"http:\/\/www.lefigaro.fr\/\" target=\"_blank\" rel=\"noopener\">Le Figaro<\/a>, el hombre encontr\u00f3 en su cuenta bancaria, el 7 de febrero pasado, nada menos que una transferencia por 2000 billones de d\u00f3lares, con lo que se convert\u00eda en una persona mas rica incluso que Jeff Bezos, el propietario de Amazon.<\/p>\n<p><iframe loading=\"lazy\" class=\"ng-isolate-scope\" src=\"https:\/\/www.facebook.com\/plugins\/post.php?href=https%3A%2F%2Fwww.facebook.com%2Fluc.mahieux%2Fposts%2F10214020528615016&amp;width=500\" width=\"500\" height=\"428\" frameborder=\"0\" scrolling=\"no\" data-mce-fragment=\"1\"><\/iframe><\/p>\n<p>Pero la felicidad le dur\u00f3 poco. Parece ser que fue v\u00edctima de un fraude.<\/p>\n<p>Hace un tiempo se hab\u00eda abonado a un sitio que le pedia las coordenadas de su cuenta bancaria. Tras comprobar que todos lo meses le extra\u00eda 34,90 euros, decidi\u00f3 cancelar su abono. Coincidentemente, en la extraordinaria suma girada a su nombre figuraba un n\u00famero de iban (c\u00f3digo internacional de cuenta bancaria) correspondiente a ese sitio de internet.<\/p>\n<p>Mahieux, que comparti\u00f3 el falso milagro financiero en las redes sociales, denunci\u00f3 el caso al servicio de fraudes de la banca belga, pero el organismo a\u00fan no le dio explicaciones sobre el caso<\/p>\n","protected":false},"excerpt":{"rendered":"<div class=\"mh-excerpt\"><p>Luc Mahieux, un ciudadano de Dinant, B\u00e9lgico, pens\u00f3 que se hab\u00eda convertido en el hombre m\u00e1s ricos del mundo por unos\u00a0 instantes. Seg\u00fan consigna un art\u00edculo publicado por el diario franc\u00e9s\u00a0Le Figaro, el hombre encontr\u00f3 <a class=\"mh-excerpt-more\" href=\"https:\/\/larevistadigital.com.ar\/blog\/un-belga-descubrio-2000-billones-de-euros-en-su-cuenta-bancaria\/\" title=\"Un belga descubri\u00f3 2000 billones de euros en su cuenta bancaria\">[Leer M\u00e1s]<\/a><\/p>\n<\/div>","protected":false},"author":1,"featured_media":5258,"comment_status":"open","ping_status":"open","sticky":false,"template":"","format":"standard","meta":{"_jetpack_memberships_contains_paid_content":false,"footnotes":"","jetpack_publicize_message":"Un belga descubri\u00f3 2000 billones de euros en su cuenta bancaria","jetpack_publicize_feature_enabled":true,"jetpack_social_post_already_shared":true,"jetpack_social_options":{"image_generator_settings":{"template":"highway","default_image_id":0,"font":"","enabled":false},"version":2}},"categories":[11],"tags":[],"class_list":{"0":"post-5257","1":"post","2":"type-post","3":"status-publish","4":"format-standard","5":"has-post-thumbnail","7":"category-curiosas"},"jetpack_publicize_connections":[],"jetpack_featured_media_url":"https:\/\/i0.wp.com\/larevistadigital.com.ar\/blog\/wp-content\/uploads\/2018\/03\/Francia_5.jpg?fit=1020%2C560&ssl=1","jetpack_sharing_enabled":true,"jetpack_shortlink":"https:\/\/wp.me\/p8qtrQ-1mN","jetpack-related-posts":[{"id":20098,"url":"https:\/\/larevistadigital.com.ar\/blog\/gral-madariaga-estafan-a-vecino-le-ofrecieron-un-prestamo-y-le-vaciaron-la-cuenta-bancaria\/","url_meta":{"origin":5257,"position":0},"title":"GRAL. MADARIAGA: ESTAFAN A VECINO, LE OFRECIERON UN PR\u00c9STAMO Y LE VACIARON LA CUENTA BANCARIA","author":"Alejandro Sosa Ruda","date":"5 mayo, 2021","format":false,"excerpt":"El hombre dio todos sus datos bancarios con la promesa de obtener un pr\u00e9stamo. Cuando fue a ver su saldo le hab\u00edan sustra\u00eddo todo el sueldo e hicieron varios movimientos de dinero. GRAL. MADARIAGA - Un vecino de General Madariaga fue v\u00edctima de una estafa bancaria cuando le ofrecieron un\u2026","rel":"","context":"En \u00abPOLICIALES\u00bb","block_context":{"text":"POLICIALES","link":"https:\/\/larevistadigital.com.ar\/blog\/category\/policiales\/"},"img":{"alt_text":"","src":"https:\/\/i0.wp.com\/larevistadigital.com.ar\/blog\/wp-content\/uploads\/71155b6ba71ab8ad50e9e9b7e60de681e45792a1.jpg?fit=1140%2C641&ssl=1&resize=350%2C200","width":350,"height":200,"srcset":"https:\/\/i0.wp.com\/larevistadigital.com.ar\/blog\/wp-content\/uploads\/71155b6ba71ab8ad50e9e9b7e60de681e45792a1.jpg?fit=1140%2C641&ssl=1&resize=350%2C200 1x, https:\/\/i0.wp.com\/larevistadigital.com.ar\/blog\/wp-content\/uploads\/71155b6ba71ab8ad50e9e9b7e60de681e45792a1.jpg?fit=1140%2C641&ssl=1&resize=525%2C300 1.5x, https:\/\/i0.wp.com\/larevistadigital.com.ar\/blog\/wp-content\/uploads\/71155b6ba71ab8ad50e9e9b7e60de681e45792a1.jpg?fit=1140%2C641&ssl=1&resize=700%2C400 2x, https:\/\/i0.wp.com\/larevistadigital.com.ar\/blog\/wp-content\/uploads\/71155b6ba71ab8ad50e9e9b7e60de681e45792a1.jpg?fit=1140%2C641&ssl=1&resize=1050%2C600 3x"},"classes":[]},{"id":22095,"url":"https:\/\/larevistadigital.com.ar\/blog\/la-bancaria-homenajeo-a-los-jubilados-en-su-dia\/","url_meta":{"origin":5257,"position":1},"title":"LA BANCARIA HOMENAJE\u00d3 A LOS JUBILADOS EN SU D\u00cdA","author":"Alejandro Sosa Ruda","date":"23 septiembre, 2021","format":false,"excerpt":"CHASCOM\u00daS - Una vez m\u00e1s, el sindicato Bancario marca la diferencia. En esta oportunidad, se ocup\u00f3 de los jubilados, un sector normalmente postergado al que muchas veces ni se los tiene en cuenta a la hora de arreglar alg\u00fan tipo de aumento salarial, algo en que evidentemente los bancarios marcan\u2026","rel":"","context":"En \u00abGREMIALES\u00bb","block_context":{"text":"GREMIALES","link":"https:\/\/larevistadigital.com.ar\/blog\/category\/gremiales\/"},"img":{"alt_text":"","src":"https:\/\/i0.wp.com\/larevistadigital.com.ar\/blog\/wp-content\/uploads\/242521801_4407429409302770_2812313010071183152_n.jpg?fit=656%2C504&ssl=1&resize=350%2C200","width":350,"height":200,"srcset":"https:\/\/i0.wp.com\/larevistadigital.com.ar\/blog\/wp-content\/uploads\/242521801_4407429409302770_2812313010071183152_n.jpg?fit=656%2C504&ssl=1&resize=350%2C200 1x, https:\/\/i0.wp.com\/larevistadigital.com.ar\/blog\/wp-content\/uploads\/242521801_4407429409302770_2812313010071183152_n.jpg?fit=656%2C504&ssl=1&resize=525%2C300 1.5x"},"classes":[]},{"id":21057,"url":"https:\/\/larevistadigital.com.ar\/blog\/aqui-estan-la-agrupacion-bancaria-peronista-la-rucci-hizo-una-importante-pegatina-en-distintos-puntos-de-la-ciudad\/","url_meta":{"origin":5257,"position":2},"title":"AQU\u00cd EST\u00c1N! LA AGRUPACI\u00d3N BANCARIA PERONISTA \u00abLA RUCCI\u00bb, HIZO UNA IMPORTANTE PEGATINA EN DISTINTOS PUNTOS DE LA CIUDAD","author":"Alejandro Sosa Ruda","date":"8 julio, 2021","format":false,"excerpt":"La agrupaci\u00f3n peronista de los Bancarios, \"La Rucci\" volvi\u00f3 a hacerse presente en la ciudad de Chascom\u00fas. Es un espacio en crecimiento con figuras destacadas que lo integran. \u00bfFormar\u00e1 alguno de los armados en las listas o frentes locales en la pr\u00f3xima elecci\u00f3n? CHASCOM\u00daS\u00a0 - Nuevamente apareci\u00f3 una importante pegatina\u2026","rel":"","context":"En \u00abCHASCOM\u00daS\u00bb","block_context":{"text":"CHASCOM\u00daS","link":"https:\/\/larevistadigital.com.ar\/blog\/category\/chascomus\/"},"img":{"alt_text":"","src":"https:\/\/i0.wp.com\/larevistadigital.com.ar\/blog\/wp-content\/uploads\/WhatsApp-Image-2021-07-07-at-22.42.35-1.jpeg?fit=900%2C1200&ssl=1&resize=350%2C200","width":350,"height":200,"srcset":"https:\/\/i0.wp.com\/larevistadigital.com.ar\/blog\/wp-content\/uploads\/WhatsApp-Image-2021-07-07-at-22.42.35-1.jpeg?fit=900%2C1200&ssl=1&resize=350%2C200 1x, https:\/\/i0.wp.com\/larevistadigital.com.ar\/blog\/wp-content\/uploads\/WhatsApp-Image-2021-07-07-at-22.42.35-1.jpeg?fit=900%2C1200&ssl=1&resize=525%2C300 1.5x, https:\/\/i0.wp.com\/larevistadigital.com.ar\/blog\/wp-content\/uploads\/WhatsApp-Image-2021-07-07-at-22.42.35-1.jpeg?fit=900%2C1200&ssl=1&resize=700%2C400 2x"},"classes":[]},{"id":14950,"url":"https:\/\/larevistadigital.com.ar\/blog\/como-se-puede-enviar-dinero-a-alguien-que-no-tiene-cuenta-bancaria\/","url_meta":{"origin":5257,"position":3},"title":"COMO SE PUEDE ENVIAR DINERO A ALGUIEN QUE NO TIENE CUENTA BANCARIA","author":"Alejandro Sosa Ruda","date":"27 marzo, 2020","format":false,"excerpt":"Es un tipo de transferencia que permite al destinatario retirar efectivo de un cajero autom\u00e1tico sin ser cliente. La opci\u00f3n se public\u00f3 en la p\u00e1gina del ministerio de Econom\u00eda. Una de las complicaciones que surgieron como consecuencia de la medida de aislamiento social preventivo y obligatorio es encontrar una forma\u2026","rel":"","context":"En \u00abINTERES GENERAL\u00bb","block_context":{"text":"INTERES GENERAL","link":"https:\/\/larevistadigital.com.ar\/blog\/category\/interes-general\/"},"img":{"alt_text":"","src":"https:\/\/i0.wp.com\/larevistadigital.com.ar\/blog\/wp-content\/uploads\/cajeros.jpg?fit=1200%2C800&ssl=1&resize=350%2C200","width":350,"height":200,"srcset":"https:\/\/i0.wp.com\/larevistadigital.com.ar\/blog\/wp-content\/uploads\/cajeros.jpg?fit=1200%2C800&ssl=1&resize=350%2C200 1x, https:\/\/i0.wp.com\/larevistadigital.com.ar\/blog\/wp-content\/uploads\/cajeros.jpg?fit=1200%2C800&ssl=1&resize=525%2C300 1.5x, https:\/\/i0.wp.com\/larevistadigital.com.ar\/blog\/wp-content\/uploads\/cajeros.jpg?fit=1200%2C800&ssl=1&resize=700%2C400 2x, https:\/\/i0.wp.com\/larevistadigital.com.ar\/blog\/wp-content\/uploads\/cajeros.jpg?fit=1200%2C800&ssl=1&resize=1050%2C600 3x"},"classes":[]},{"id":17494,"url":"https:\/\/larevistadigital.com.ar\/blog\/el-gobernador-de-tucuman-recibio-al-diputado-cisneros-y-a-la-sec-general-y-sec-de-gremiales-de-la-bancaria-tucuman\/","url_meta":{"origin":5257,"position":4},"title":"EL GOBERNADOR DE TUCUM\u00c1N RECIBI\u00d3 AL DIPUTADO CISNEROS, Y A LA SEC. GENERAL Y SEC. DE GREMIALES DE LA BANCARIA TUCUM\u00c1N","author":"Alejandro Sosa Ruda","date":"8 noviembre, 2020","format":false,"excerpt":"En el contexto del \"d\u00eda del bancario\", el gobernador tucumano mantuvo una reuni\u00f3n con el Diputado Cisneros, la Secretaria General del gremio en Tucum\u00e1n, Cecilia S\u00e1nchez Blas, y el secretario gremial Hugo Ledesma. El gobernador de la provincia de Tucum\u00e1n, Juan Luis Manzur, recibi\u00f3 al Diputado Carlos Cisneros y a\u2026","rel":"","context":"En \u00abGREMIALES\u00bb","block_context":{"text":"GREMIALES","link":"https:\/\/larevistadigital.com.ar\/blog\/category\/gremiales\/"},"img":{"alt_text":"","src":"https:\/\/i0.wp.com\/larevistadigital.com.ar\/blog\/wp-content\/uploads\/cisneros-con-gobernador.jpg?fit=1000%2C573&ssl=1&resize=350%2C200","width":350,"height":200,"srcset":"https:\/\/i0.wp.com\/larevistadigital.com.ar\/blog\/wp-content\/uploads\/cisneros-con-gobernador.jpg?fit=1000%2C573&ssl=1&resize=350%2C200 1x, https:\/\/i0.wp.com\/larevistadigital.com.ar\/blog\/wp-content\/uploads\/cisneros-con-gobernador.jpg?fit=1000%2C573&ssl=1&resize=525%2C300 1.5x, https:\/\/i0.wp.com\/larevistadigital.com.ar\/blog\/wp-content\/uploads\/cisneros-con-gobernador.jpg?fit=1000%2C573&ssl=1&resize=700%2C400 2x"},"classes":[]},{"id":44820,"url":"https:\/\/larevistadigital.com.ar\/blog\/estafa-digital-en-madariaga-le-vaciaron-la-cuenta-tras-ingresar-a-una-web-falsa-del-banco\/","url_meta":{"origin":5257,"position":5},"title":"Estafa digital en Madariaga: le vaciaron la cuenta tras ingresar a una web falsa del banco","author":"Alejandro Sosa Ruda","date":"30 marzo, 2026","format":false,"excerpt":"Un hombre de 76 a\u00f1os perdi\u00f3 cerca de 7.500 d\u00f3lares luego de caer en una maniobra de phishing. La Justicia investiga. 30 de marzo de 2026 General Madariaga, BUENOS AIRES -\u00a0 \u00a0Un nuevo caso de defraudaci\u00f3n inform\u00e1tica encendi\u00f3 las alarmas en General Madariaga. Un hombre de 76 a\u00f1os fue v\u00edctima\u2026","rel":"","context":"En \u00abPOLICIALES\u00bb","block_context":{"text":"POLICIALES","link":"https:\/\/larevistadigital.com.ar\/blog\/category\/policiales\/"},"img":{"alt_text":"","src":"https:\/\/i0.wp.com\/larevistadigital.com.ar\/blog\/wp-content\/uploads\/a32975be4529683fcb47d980ac9021432758abcc.jpg?fit=1140%2C716&ssl=1&resize=350%2C200","width":350,"height":200,"srcset":"https:\/\/i0.wp.com\/larevistadigital.com.ar\/blog\/wp-content\/uploads\/a32975be4529683fcb47d980ac9021432758abcc.jpg?fit=1140%2C716&ssl=1&resize=350%2C200 1x, https:\/\/i0.wp.com\/larevistadigital.com.ar\/blog\/wp-content\/uploads\/a32975be4529683fcb47d980ac9021432758abcc.jpg?fit=1140%2C716&ssl=1&resize=525%2C300 1.5x, https:\/\/i0.wp.com\/larevistadigital.com.ar\/blog\/wp-content\/uploads\/a32975be4529683fcb47d980ac9021432758abcc.jpg?fit=1140%2C716&ssl=1&resize=700%2C400 2x, https:\/\/i0.wp.com\/larevistadigital.com.ar\/blog\/wp-content\/uploads\/a32975be4529683fcb47d980ac9021432758abcc.jpg?fit=1140%2C716&ssl=1&resize=1050%2C600 3x"},"classes":[]}],"_links":{"self":[{"href":"https:\/\/larevistadigital.com.ar\/blog\/wp-json\/wp\/v2\/posts\/5257","targetHints":{"allow":["GET"]}}],"collection":[{"href":"https:\/\/larevistadigital.com.ar\/blog\/wp-json\/wp\/v2\/posts"}],"about":[{"href":"https:\/\/larevistadigital.com.ar\/blog\/wp-json\/wp\/v2\/types\/post"}],"author":[{"embeddable":true,"href":"https:\/\/larevistadigital.com.ar\/blog\/wp-json\/wp\/v2\/users\/1"}],"replies":[{"embeddable":true,"href":"https:\/\/larevistadigital.com.ar\/blog\/wp-json\/wp\/v2\/comments?post=5257"}],"version-history":[{"count":1,"href":"https:\/\/larevistadigital.com.ar\/blog\/wp-json\/wp\/v2\/posts\/5257\/revisions"}],"predecessor-version":[{"id":5259,"href":"https:\/\/larevistadigital.com.ar\/blog\/wp-json\/wp\/v2\/posts\/5257\/revisions\/5259"}],"wp:featuredmedia":[{"embeddable":true,"href":"https:\/\/larevistadigital.com.ar\/blog\/wp-json\/wp\/v2\/media\/5258"}],"wp:attachment":[{"href":"https:\/\/larevistadigital.com.ar\/blog\/wp-json\/wp\/v2\/media?parent=5257"}],"wp:term":[{"taxonomy":"category","embeddable":true,"href":"https:\/\/larevistadigital.com.ar\/blog\/wp-json\/wp\/v2\/categories?post=5257"},{"taxonomy":"post_tag","embeddable":true,"href":"https:\/\/larevistadigital.com.ar\/blog\/wp-json\/wp\/v2\/tags?post=5257"}],"curies":[{"name":"wp","href":"https:\/\/api.w.org\/{rel}","templated":true}]}}