{"id":5260,"date":"2018-03-29T07:10:38","date_gmt":"2018-03-29T07:10:38","guid":{"rendered":"https:\/\/larevistadigital.com.ar\/blog\/?p=5260"},"modified":"2018-03-29T07:10:38","modified_gmt":"2018-03-29T07:10:38","slug":"roban-juguetes-eroticos-de-oro-valuados-en-20-000-euros","status":"publish","type":"post","link":"https:\/\/larevistadigital.com.ar\/blog\/roban-juguetes-eroticos-de-oro-valuados-en-20-000-euros\/","title":{"rendered":"Roban juguetes er\u00f3ticos de oro valuados en 20.000 euros"},"content":{"rendered":"<div class=\"teaser\">\n<p>El robo se produjo en Barcelona.<\/p>\n<\/div>\n<div class=\"body\">\n<p>Un hombre asalt\u00f3 una tienda er\u00f3tica de Barcelona y sustrajo masajeadores de alta gama, ba\u00f1ados en oro de 24 quilates, por un valor de 20.000 euros (24.600 d\u00f3lares), seg\u00fan captaron las c\u00e1maras de seguridad del establecimiento.<\/p>\n<p>Por motivos de seguridad, la tienda inform\u00f3 hoy este robo que se produjo en la madrugada del pasado d\u00eda 20, y la Polic\u00eda confirm\u00f3 la denuncia y que investigan los hechos.<\/p>\n<p>El ladr\u00f3n conoc\u00eda \u00abmuy bien\u00bb el establecimiento, seg\u00fan su director, ya que fue directamente a los \u00abproductos m\u00e1s caros\u00bb.<\/p>\n<div class=\"inlineBanner\"><\/div>\n<p>Seg\u00fan captaron las c\u00e1maras de seguridad, el hombre no llevaba herramientas consigo para abrir la estanter\u00eda de cristal, donde se hallaban los juguetes er\u00f3ticos de oro, por lo que emple\u00f3 otro masajeador para romper la vitrina y sustraer los objetos.El ladr\u00f3n rob\u00f3 tres productos de una colecci\u00f3n que se caracterizan por tener masajeadores er\u00f3ticos ba\u00f1ados en oro de 24 quilates y su precio individual oscila entre los 2.000 y los 12.000 euros, mientras que alguno de ellos puede alcanzar los 20.000.<\/p>\n<p>El director de ventas de los productos robados afirm\u00f3 que \u00abdif\u00edcilmente\u00bb se podr\u00e1 sacar provecho del bot\u00edn, ya que es muy complicado fundir las piezas o hacerlas funcionar sin sus correspondientes cargadores.<\/p>\n<\/div>\n","protected":false},"excerpt":{"rendered":"<div class=\"mh-excerpt\"><p>El robo se produjo en Barcelona. Un hombre asalt\u00f3 una tienda er\u00f3tica de Barcelona y sustrajo masajeadores de alta gama, ba\u00f1ados en oro de 24 quilates, por un valor de 20.000 euros (24.600 d\u00f3lares), seg\u00fan <a class=\"mh-excerpt-more\" href=\"https:\/\/larevistadigital.com.ar\/blog\/roban-juguetes-eroticos-de-oro-valuados-en-20-000-euros\/\" title=\"Roban juguetes er\u00f3ticos de oro valuados en 20.000 euros\">[Leer M\u00e1s]<\/a><\/p>\n<\/div>","protected":false},"author":1,"featured_media":5261,"comment_status":"open","ping_status":"open","sticky":false,"template":"","format":"standard","meta":{"_jetpack_memberships_contains_paid_content":false,"footnotes":"","jetpack_publicize_message":"Roban juguetes er\u00f3ticos de oro valuados en 20.000 euros","jetpack_publicize_feature_enabled":true,"jetpack_social_post_already_shared":true,"jetpack_social_options":{"image_generator_settings":{"template":"highway","default_image_id":0,"font":"","enabled":false},"version":2}},"categories":[11],"tags":[],"class_list":{"0":"post-5260","1":"post","2":"type-post","3":"status-publish","4":"format-standard","5":"has-post-thumbnail","7":"category-curiosas"},"jetpack_publicize_connections":[],"jetpack_featured_media_url":"https:\/\/i0.wp.com\/larevistadigital.com.ar\/blog\/wp-content\/uploads\/2018\/03\/roban-juguetes-eroticos-oro.jpg?fit=800%2C445&ssl=1","jetpack_sharing_enabled":true,"jetpack_shortlink":"https:\/\/wp.me\/p8qtrQ-1mQ","jetpack-related-posts":[{"id":12378,"url":"https:\/\/larevistadigital.com.ar\/blog\/video-delincuente-roba-a-punta-de-pistola-en-negocio-mayorista\/","url_meta":{"origin":5260,"position":0},"title":"[VIDEO] DELINCUENTE ROBA A PUNTA DE PISTOLA EN NEGOCIO MAYORISTA","author":"Alejandro Sosa Ruda","date":"30 septiembre, 2019","format":false,"excerpt":"Un ladr\u00f3n armado rob\u00f3 un negocio mayorista a plena luz del d\u00eda en la localidad bonaerense de Longchamps, partido de Almirante Brown. El violento asalto fue registrado por c\u00e1maras de seguridad del local. El suceso ocurri\u00f3 en un local mayorista situado en avenida Presidente Hip\u00f3lito Yrigoyen al 1700. Un cliente\u2026","rel":"","context":"En \u00abINTERES GENERAL\u00bb","block_context":{"text":"INTERES GENERAL","link":"https:\/\/larevistadigital.com.ar\/blog\/category\/interes-general\/"},"img":{"alt_text":"","src":"https:\/\/i0.wp.com\/larevistadigital.com.ar\/blog\/wp-content\/uploads\/Screenshot_1-44.jpg?fit=600%2C557&ssl=1&resize=350%2C200","width":350,"height":200,"srcset":"https:\/\/i0.wp.com\/larevistadigital.com.ar\/blog\/wp-content\/uploads\/Screenshot_1-44.jpg?fit=600%2C557&ssl=1&resize=350%2C200 1x, https:\/\/i0.wp.com\/larevistadigital.com.ar\/blog\/wp-content\/uploads\/Screenshot_1-44.jpg?fit=600%2C557&ssl=1&resize=525%2C300 1.5x"},"classes":[]},{"id":12462,"url":"https:\/\/larevistadigital.com.ar\/blog\/video-entro-a-una-estacion-de-servicio-y-se-llevo-dos-garrafas\/","url_meta":{"origin":5260,"position":1},"title":"[VIDEO] ENTR\u00d3 A UNA ESTACI\u00d3N DE SERVICIO Y SE LLEV\u00d3 DOS GARRAFAS","author":"Alejandro Sosa Ruda","date":"4 octubre, 2019","format":false,"excerpt":"Un ins\u00f3lito robo se registr\u00f3 en la ma\u00f1ana de este viernes en una estaci\u00f3n de servicio de la ciudad cuando un hombre ingres\u00f3 con su veh\u00edculo para sustraer directamente garrafas del lugar. El hecho se produjo\u00a0alrededor de las 10 en el establecimiento que se encuentra en ruta 2 y Constituci\u00f3n.\u2026","rel":"","context":"En \u00abPOLICIALES\u00bb","block_context":{"text":"POLICIALES","link":"https:\/\/larevistadigital.com.ar\/blog\/category\/policiales\/"},"img":{"alt_text":"","src":"https:\/\/i0.wp.com\/larevistadigital.com.ar\/blog\/wp-content\/uploads\/robo-de-garrafas-611x442.jpg?fit=611%2C442&ssl=1&resize=350%2C200","width":350,"height":200,"srcset":"https:\/\/i0.wp.com\/larevistadigital.com.ar\/blog\/wp-content\/uploads\/robo-de-garrafas-611x442.jpg?fit=611%2C442&ssl=1&resize=350%2C200 1x, https:\/\/i0.wp.com\/larevistadigital.com.ar\/blog\/wp-content\/uploads\/robo-de-garrafas-611x442.jpg?fit=611%2C442&ssl=1&resize=525%2C300 1.5x"},"classes":[]},{"id":19710,"url":"https:\/\/larevistadigital.com.ar\/blog\/violento-robo-a-mano-armada-en-campo-de-madariaga\/","url_meta":{"origin":5260,"position":2},"title":"VIOLENTO ROBO A MANO ARMADA EN CAMPO DE MADARIAGA","author":"Alejandro Sosa Ruda","date":"19 abril, 2021","format":false,"excerpt":"Los delincuentes ped\u00edan el dinero de una venta de ganado. GENERAL MADARIAGA - Durante la ma\u00f1ana del s\u00e1bado, tres delincuentes armados ingresaron a un campo ubicado sobre el kil\u00f3metro 47 de la Ruta 56, en el Partido de General Madariaga. Seg\u00fan inform\u00f3 Central Madariaga, el hecho delictivo fue m\u00e1s precisamente\u2026","rel":"","context":"En \u00abREGIONALES\u00bb","block_context":{"text":"REGIONALES","link":"https:\/\/larevistadigital.com.ar\/blog\/category\/regionales\/"},"img":{"alt_text":"","src":"https:\/\/i0.wp.com\/larevistadigital.com.ar\/blog\/wp-content\/uploads\/764e5acffdb8d13707e5dae43ea1802ac79480cd.jpg?fit=1140%2C761&ssl=1&resize=350%2C200","width":350,"height":200,"srcset":"https:\/\/i0.wp.com\/larevistadigital.com.ar\/blog\/wp-content\/uploads\/764e5acffdb8d13707e5dae43ea1802ac79480cd.jpg?fit=1140%2C761&ssl=1&resize=350%2C200 1x, https:\/\/i0.wp.com\/larevistadigital.com.ar\/blog\/wp-content\/uploads\/764e5acffdb8d13707e5dae43ea1802ac79480cd.jpg?fit=1140%2C761&ssl=1&resize=525%2C300 1.5x, https:\/\/i0.wp.com\/larevistadigital.com.ar\/blog\/wp-content\/uploads\/764e5acffdb8d13707e5dae43ea1802ac79480cd.jpg?fit=1140%2C761&ssl=1&resize=700%2C400 2x, https:\/\/i0.wp.com\/larevistadigital.com.ar\/blog\/wp-content\/uploads\/764e5acffdb8d13707e5dae43ea1802ac79480cd.jpg?fit=1140%2C761&ssl=1&resize=1050%2C600 3x"},"classes":[]},{"id":16129,"url":"https:\/\/larevistadigital.com.ar\/blog\/la-plata-impactante-robo-en-el-microcentro-de-la-ciudad\/","url_meta":{"origin":5260,"position":3},"title":"LA PLATA: IMPACTANTE ROBO EN EL MICROCENTRO DE LA CIUDAD","author":"Alejandro Sosa Ruda","date":"26 agosto, 2020","format":false,"excerpt":"Fueron cinco ladrones fuertemente armados. Se llevaron oro y plata. Al menos cinco delincuentes perpetraron anoche un importante robo armado en una joyer\u00eda c\u00e9ntrica, de la que escaparon con objetos de oro y plata, informaron hoy fuentes policiales. Una pareja se acerc\u00f3 a la joyer\u00eda OL, emplazada en uno de\u2026","rel":"","context":"En \u00abPOLICIALES\u00bb","block_context":{"text":"POLICIALES","link":"https:\/\/larevistadigital.com.ar\/blog\/category\/policiales\/"},"img":{"alt_text":"","src":"https:\/\/i0.wp.com\/larevistadigital.com.ar\/blog\/wp-content\/uploads\/20200826102846_oficina_consultorio_16m_2_ambientes_con_agua_corriente_la_plata_la_plata_por_u_s_25_000_4470017573740110845.jpg?fit=880%2C586&ssl=1&resize=350%2C200","width":350,"height":200,"srcset":"https:\/\/i0.wp.com\/larevistadigital.com.ar\/blog\/wp-content\/uploads\/20200826102846_oficina_consultorio_16m_2_ambientes_con_agua_corriente_la_plata_la_plata_por_u_s_25_000_4470017573740110845.jpg?fit=880%2C586&ssl=1&resize=350%2C200 1x, https:\/\/i0.wp.com\/larevistadigital.com.ar\/blog\/wp-content\/uploads\/20200826102846_oficina_consultorio_16m_2_ambientes_con_agua_corriente_la_plata_la_plata_por_u_s_25_000_4470017573740110845.jpg?fit=880%2C586&ssl=1&resize=525%2C300 1.5x, https:\/\/i0.wp.com\/larevistadigital.com.ar\/blog\/wp-content\/uploads\/20200826102846_oficina_consultorio_16m_2_ambientes_con_agua_corriente_la_plata_la_plata_por_u_s_25_000_4470017573740110845.jpg?fit=880%2C586&ssl=1&resize=700%2C400 2x"},"classes":[]},{"id":27188,"url":"https:\/\/larevistadigital.com.ar\/blog\/bernal-forcejeo-con-un-ladron-le-arrebato-el-cuchillo-y-lo-mato-de-una-punalada\/","url_meta":{"origin":5260,"position":4},"title":"BERNAL: FORCEJE\u00d3 CON UN LADR\u00d3N, LE ARREBAT\u00d3 EL CUCHILLO Y LO MAT\u00d3 DE UNA PU\u00d1ALADA","author":"Alejandro Sosa Ruda","date":"21 agosto, 2022","format":false,"excerpt":"Un hombre que se resisti\u00f3 a un asalto mat\u00f3 este s\u00e1bado a uno de los tres delincuentes que intentaron robarle el auto frente a su casa de Bernal Oeste, mientras que otro fue asesinado de un balazo en el cuello luego de un conflicto vecinal en la misma zona, informaron\u2026","rel":"","context":"En \u00abPOLICIALES\u00bb","block_context":{"text":"POLICIALES","link":"https:\/\/larevistadigital.com.ar\/blog\/category\/policiales\/"},"img":{"alt_text":"","src":"https:\/\/i0.wp.com\/larevistadigital.com.ar\/blog\/wp-content\/uploads\/20220821171121_auto-policial-bernal.jpg?fit=880%2C512&ssl=1&resize=350%2C200","width":350,"height":200,"srcset":"https:\/\/i0.wp.com\/larevistadigital.com.ar\/blog\/wp-content\/uploads\/20220821171121_auto-policial-bernal.jpg?fit=880%2C512&ssl=1&resize=350%2C200 1x, https:\/\/i0.wp.com\/larevistadigital.com.ar\/blog\/wp-content\/uploads\/20220821171121_auto-policial-bernal.jpg?fit=880%2C512&ssl=1&resize=525%2C300 1.5x, https:\/\/i0.wp.com\/larevistadigital.com.ar\/blog\/wp-content\/uploads\/20220821171121_auto-policial-bernal.jpg?fit=880%2C512&ssl=1&resize=700%2C400 2x"},"classes":[]},{"id":9892,"url":"https:\/\/larevistadigital.com.ar\/blog\/chascomus-robo-y-desaparicion-de-mascotas-vecinos-piden-al-intendente-ver-las-camaras-de-seguridad\/","url_meta":{"origin":5260,"position":5},"title":"CHASCOM\u00daS: \u00bfROBO Y DESAPARICI\u00d3N DE MASCOTAS? VECINOS PIDEN AL INTENDENTE VER LAS C\u00c1MARAS DE SEGURIDAD","author":"Alejandro Sosa Ruda","date":"29 abril, 2019","format":false,"excerpt":"Esta es una yv Un grupo de vecinos, solicita por nota al intendente municipal, Javier Gast\u00f3n, que se orquesten los medios para poder observar, o hacer observar las c\u00e1maras del municipio ya que seg\u00fan aseguran, las mascotas de distintas familias (particularmente los gatos) en los \u00faltimos tiempos han ido desapareciendo\u2026","rel":"","context":"En \u00abDESTACADAS\u00bb","block_context":{"text":"DESTACADAS","link":"https:\/\/larevistadigital.com.ar\/blog\/category\/destacadas\/"},"img":{"alt_text":"","src":"https:\/\/i0.wp.com\/larevistadigital.com.ar\/blog\/wp-content\/uploads\/2019\/04\/Screenshot_2-17.jpg?fit=809%2C804&ssl=1&resize=350%2C200","width":350,"height":200,"srcset":"https:\/\/i0.wp.com\/larevistadigital.com.ar\/blog\/wp-content\/uploads\/2019\/04\/Screenshot_2-17.jpg?fit=809%2C804&ssl=1&resize=350%2C200 1x, https:\/\/i0.wp.com\/larevistadigital.com.ar\/blog\/wp-content\/uploads\/2019\/04\/Screenshot_2-17.jpg?fit=809%2C804&ssl=1&resize=525%2C300 1.5x, https:\/\/i0.wp.com\/larevistadigital.com.ar\/blog\/wp-content\/uploads\/2019\/04\/Screenshot_2-17.jpg?fit=809%2C804&ssl=1&resize=700%2C400 2x"},"classes":[]}],"_links":{"self":[{"href":"https:\/\/larevistadigital.com.ar\/blog\/wp-json\/wp\/v2\/posts\/5260","targetHints":{"allow":["GET"]}}],"collection":[{"href":"https:\/\/larevistadigital.com.ar\/blog\/wp-json\/wp\/v2\/posts"}],"about":[{"href":"https:\/\/larevistadigital.com.ar\/blog\/wp-json\/wp\/v2\/types\/post"}],"author":[{"embeddable":true,"href":"https:\/\/larevistadigital.com.ar\/blog\/wp-json\/wp\/v2\/users\/1"}],"replies":[{"embeddable":true,"href":"https:\/\/larevistadigital.com.ar\/blog\/wp-json\/wp\/v2\/comments?post=5260"}],"version-history":[{"count":1,"href":"https:\/\/larevistadigital.com.ar\/blog\/wp-json\/wp\/v2\/posts\/5260\/revisions"}],"predecessor-version":[{"id":5262,"href":"https:\/\/larevistadigital.com.ar\/blog\/wp-json\/wp\/v2\/posts\/5260\/revisions\/5262"}],"wp:featuredmedia":[{"embeddable":true,"href":"https:\/\/larevistadigital.com.ar\/blog\/wp-json\/wp\/v2\/media\/5261"}],"wp:attachment":[{"href":"https:\/\/larevistadigital.com.ar\/blog\/wp-json\/wp\/v2\/media?parent=5260"}],"wp:term":[{"taxonomy":"category","embeddable":true,"href":"https:\/\/larevistadigital.com.ar\/blog\/wp-json\/wp\/v2\/categories?post=5260"},{"taxonomy":"post_tag","embeddable":true,"href":"https:\/\/larevistadigital.com.ar\/blog\/wp-json\/wp\/v2\/tags?post=5260"}],"curies":[{"name":"wp","href":"https:\/\/api.w.org\/{rel}","templated":true}]}}