{"id":5266,"date":"2018-03-29T07:16:18","date_gmt":"2018-03-29T07:16:18","guid":{"rendered":"https:\/\/larevistadigital.com.ar\/blog\/?p=5266"},"modified":"2018-03-29T07:16:18","modified_gmt":"2018-03-29T07:16:18","slug":"la-uatre-entrego-utiles-escolares-en-una-escuela-rural-de-tierra-del-fuego","status":"publish","type":"post","link":"https:\/\/larevistadigital.com.ar\/blog\/la-uatre-entrego-utiles-escolares-en-una-escuela-rural-de-tierra-del-fuego\/","title":{"rendered":"La UATRE entreg\u00f3 \u00fatiles escolares en una escuela rural de Tierra del Fuego"},"content":{"rendered":"<p style=\"font-weight: 400;\"><strong>BUENOS AIRES, 22 DE MARZO DE 2018<\/strong>\u00a0&#8211; En el comienzo de un nuevo ciclo lectivo, el Secretariado Nacional de la Uni\u00f3n Argentina de Trabajadores Rurales y Estibadores (UATRE) encabezado por Ram\u00f3n Ayala, entreg\u00f3 guardapolvos y \u00fatiles escolares a los alumnos de la Escuela Rural N\u00ba 11 \u00abPioneros Fueguinos\u00bb, en la provincia de Tierra del Fuego.<\/p>\n<p style=\"font-weight: 400;\">\u00abQue realidades tan distintas puede uno ver cuando recorre las escuelas rurales de nuestro pa\u00eds. Para la UATRE tienen la misma importancia y valor los trabajadores donde se concentra mucha mano de obra como ac\u00e1, en estos lugares tan inh\u00f3spitos. Estos \u00fatiles escolares y guardapolvos no son regalos, devolvemos el aporte que hacen todos los afiliados y vamos a seguir colaborando en lo que la escuela considere necesario\u00bb manifest\u00f3 Ayala en el acto donde se festej\u00f3 el 38\u00ba aniversario de la escuela rural.<\/p>\n<p style=\"font-weight: 400;\">Tambi\u00e9n fue homenajeada la alumna Macarena por su desempe\u00f1o y labor como estudiante de la escuela rural durante el periodo inicial, primario y secundario. Vive, con su familia, en un puesto perteneciente a Estancia Marina y recorre 15 km todos los d\u00edas para asistir a clase.<\/p>\n<p style=\"font-weight: 400;\">Estuvieron presentes, adem\u00e1s, los secretarios de Actas, Prensa y Propaganda, Alberto Barra; de Acci\u00f3n Social, Roberto Petrocchi; de Deportes, Cultura y Capacitaci\u00f3n, Clemente Iriarte; de Relaciones Institucionales, Jos\u00e9 Voytenco. Tambi\u00e9n los dirigentes patag\u00f3nicos: el delegado regional de UATRE Patagonia, Demian G\u00f3mez; los secretarios generales de UATRE R\u00edo Grande, Ariel Aguilar y de UATRE R\u00edo Gallegos, Marcelo Servin y el subdelegado de UATRE Patagonia, Vicente Pintos.<\/p>\n","protected":false},"excerpt":{"rendered":"<div class=\"mh-excerpt\"><p>BUENOS AIRES, 22 DE MARZO DE 2018\u00a0&#8211; En el comienzo de un nuevo ciclo lectivo, el Secretariado Nacional de la Uni\u00f3n Argentina de Trabajadores Rurales y Estibadores (UATRE) encabezado por Ram\u00f3n Ayala, entreg\u00f3 guardapolvos y <a class=\"mh-excerpt-more\" href=\"https:\/\/larevistadigital.com.ar\/blog\/la-uatre-entrego-utiles-escolares-en-una-escuela-rural-de-tierra-del-fuego\/\" title=\"La UATRE entreg\u00f3 \u00fatiles escolares en una escuela rural de Tierra del Fuego\">[Leer M\u00e1s]<\/a><\/p>\n<\/div>","protected":false},"author":1,"featured_media":5267,"comment_status":"open","ping_status":"open","sticky":false,"template":"","format":"standard","meta":{"_jetpack_memberships_contains_paid_content":false,"footnotes":"","jetpack_publicize_message":"La UATRE entreg\u00f3 \u00fatiles escolares en una escuela rural de Tierra del Fuego","jetpack_publicize_feature_enabled":true,"jetpack_social_post_already_shared":true,"jetpack_social_options":{"image_generator_settings":{"template":"highway","default_image_id":0,"font":"","enabled":false},"version":2}},"categories":[10],"tags":[],"class_list":{"0":"post-5266","1":"post","2":"type-post","3":"status-publish","4":"format-standard","5":"has-post-thumbnail","7":"category-gremiales"},"jetpack_publicize_connections":[],"jetpack_featured_media_url":"https:\/\/i0.wp.com\/larevistadigital.com.ar\/blog\/wp-content\/uploads\/2018\/03\/6814.jpg?fit=396%2C264&ssl=1","jetpack_sharing_enabled":true,"jetpack_shortlink":"https:\/\/wp.me\/p8qtrQ-1mW","jetpack-related-posts":[{"id":2953,"url":"https:\/\/larevistadigital.com.ar\/blog\/ramon-ayala-queremos-transmitirles-a-la-gente-de-capital-todos-los-sacrificios-que-hacen-los-trabajadores-rurales\/","url_meta":{"origin":5266,"position":0},"title":"Ram\u00f3n Ayala: \u00abQueremos transmitirles a la gente de Capital todos los sacrificios que hacen los trabajadores rurales\u00bb","author":"admin","date":"29 julio, 2017","format":false,"excerpt":"BUENOS AIRES, 28 DE JULIO DE 2017\u00a0- La Uni\u00f3n Argentina de Trabajadores Rurales y Estibadores (UATRE), agasaj\u00f3 ayer a sus trabajadores en el tradicional stand institucional que tiene junto a la Obra Social (OSPRERA), \u201cLa Matera de la UATRE\u201d, en el marco de la 131\u00ba Exposici\u00f3n de Ganader\u00eda, Agricultura e\u2026","rel":"","context":"En \u00abGREMIALES\u00bb","block_context":{"text":"GREMIALES","link":"https:\/\/larevistadigital.com.ar\/blog\/category\/gremiales\/"},"img":{"alt_text":"","src":"https:\/\/i0.wp.com\/larevistadigital.com.ar\/blog\/wp-content\/uploads\/2017\/08\/6499.jpg?fit=396%2C297&ssl=1&resize=350%2C200","width":350,"height":200},"classes":[]},{"id":27087,"url":"https:\/\/larevistadigital.com.ar\/blog\/uatre-70-para-trabajadores-rurales\/","url_meta":{"origin":5266,"position":1},"title":"UATRE: 70% PARA TRABAJADORES RURALES","author":"Alejandro Sosa Ruda","date":"12 agosto, 2022","format":false,"excerpt":"Nos llega informaci\u00f3n a trav\u00e9s de una gacetilla de prensa de UATRE, respecto de un importante acuerdo salarial. La Uni\u00f3n Argentina de Trabajadores Rurales y Estibadores (UATRE) informa que hubo un acuerdo salarial para los trabajadores rurales permanentes. El salario del pe\u00f3n general de campo, sueldo b\u00e1sico para todas las\u2026","rel":"","context":"En \u00abGREMIALES\u00bb","block_context":{"text":"GREMIALES","link":"https:\/\/larevistadigital.com.ar\/blog\/category\/gremiales\/"},"img":{"alt_text":"","src":"https:\/\/i0.wp.com\/larevistadigital.com.ar\/blog\/wp-content\/uploads\/UATRE.png?fit=750%2C467&ssl=1&resize=350%2C200","width":350,"height":200,"srcset":"https:\/\/i0.wp.com\/larevistadigital.com.ar\/blog\/wp-content\/uploads\/UATRE.png?fit=750%2C467&ssl=1&resize=350%2C200 1x, https:\/\/i0.wp.com\/larevistadigital.com.ar\/blog\/wp-content\/uploads\/UATRE.png?fit=750%2C467&ssl=1&resize=525%2C300 1.5x, https:\/\/i0.wp.com\/larevistadigital.com.ar\/blog\/wp-content\/uploads\/UATRE.png?fit=750%2C467&ssl=1&resize=700%2C400 2x"},"classes":[]},{"id":18580,"url":"https:\/\/larevistadigital.com.ar\/blog\/uatre-fue-oficializado-el-bono-para-los-trabajadores-rurales\/","url_meta":{"origin":5266,"position":2},"title":"UATRE: FUE OFICIALIZADO EL BONO PARA LOS TRABAJADORES RURALES","author":"Alejandro Sosa Ruda","date":"12 enero, 2021","format":false,"excerpt":"La Uni\u00f3n Argentina de Trabajadores Rurales y Estibadores (UATRE) reitera que el bono de fin de a\u00f1o para los trabajadores rurales ya fue oficializado mediante la Resoluci\u00f3n 200\/2020 y desmiente categ\u00f3ricamente la ins\u00f3lita denuncia de la Federaci\u00f3n de Trabajadores Agrarios de la Actividad Primaria (FeTAAP-CTAA) que miente, una vez m\u00e1s,\u2026","rel":"","context":"En \u00abGREMIALES\u00bb","block_context":{"text":"GREMIALES","link":"https:\/\/larevistadigital.com.ar\/blog\/category\/gremiales\/"},"img":{"alt_text":"","src":"https:\/\/i0.wp.com\/larevistadigital.com.ar\/blog\/wp-content\/uploads\/multimedia.normal.818826d6e546864c.75617472655f6e6f726d616c2e6a7067.jpg?fit=1200%2C675&ssl=1&resize=350%2C200","width":350,"height":200,"srcset":"https:\/\/i0.wp.com\/larevistadigital.com.ar\/blog\/wp-content\/uploads\/multimedia.normal.818826d6e546864c.75617472655f6e6f726d616c2e6a7067.jpg?fit=1200%2C675&ssl=1&resize=350%2C200 1x, https:\/\/i0.wp.com\/larevistadigital.com.ar\/blog\/wp-content\/uploads\/multimedia.normal.818826d6e546864c.75617472655f6e6f726d616c2e6a7067.jpg?fit=1200%2C675&ssl=1&resize=525%2C300 1.5x, https:\/\/i0.wp.com\/larevistadigital.com.ar\/blog\/wp-content\/uploads\/multimedia.normal.818826d6e546864c.75617472655f6e6f726d616c2e6a7067.jpg?fit=1200%2C675&ssl=1&resize=700%2C400 2x, https:\/\/i0.wp.com\/larevistadigital.com.ar\/blog\/wp-content\/uploads\/multimedia.normal.818826d6e546864c.75617472655f6e6f726d616c2e6a7067.jpg?fit=1200%2C675&ssl=1&resize=1050%2C600 3x"},"classes":[]},{"id":26575,"url":"https:\/\/larevistadigital.com.ar\/blog\/uatre-condena-y-repudia-el-accionar-violento-y-desmedido\/","url_meta":{"origin":5266,"position":3},"title":"UATRE CONDENA Y REPUDIA EL ACCIONAR VIOLENTO Y DESMEDIDO","author":"Alejandro Sosa Ruda","date":"14 julio, 2022","format":false,"excerpt":"COMUNICADO DE PRENSA 14\/07\/2022 NO A LA VIOLENCIA UATRE REPUDIA ACCIONAR VIOLENTO Y DESMEDIDO La Uni\u00f3n Argentina de Trabajadores Rurales y Estibadores (UATRE) repudia en\u00e9rgicamente el accionar violento y desmedido padecido por el integrante del Consejo Directivo de OSPRERA, Carlos Caballero, en su domicilio. Este hecho constituye una grave situaci\u00f3n\u2026","rel":"","context":"En \u00abINTERES GENERAL\u00bb","block_context":{"text":"INTERES GENERAL","link":"https:\/\/larevistadigital.com.ar\/blog\/category\/interes-general\/"},"img":{"alt_text":"","src":"https:\/\/i0.wp.com\/larevistadigital.com.ar\/blog\/wp-content\/uploads\/UATRE.png?fit=750%2C467&ssl=1&resize=350%2C200","width":350,"height":200,"srcset":"https:\/\/i0.wp.com\/larevistadigital.com.ar\/blog\/wp-content\/uploads\/UATRE.png?fit=750%2C467&ssl=1&resize=350%2C200 1x, https:\/\/i0.wp.com\/larevistadigital.com.ar\/blog\/wp-content\/uploads\/UATRE.png?fit=750%2C467&ssl=1&resize=525%2C300 1.5x, https:\/\/i0.wp.com\/larevistadigital.com.ar\/blog\/wp-content\/uploads\/UATRE.png?fit=750%2C467&ssl=1&resize=700%2C400 2x"},"classes":[]},{"id":29655,"url":"https:\/\/larevistadigital.com.ar\/blog\/voytenco-es-el-nuevo-presidente-del-renatre\/","url_meta":{"origin":5266,"position":4},"title":"VOYTENCO ES EL NUEVO PRESIDENTE DEL RENATRE","author":"Alejandro Sosa Ruda","date":"28 diciembre, 2022","format":false,"excerpt":"La\u00a0Uni\u00f3n Argentina de Trabajadores Rurales y Estibadores\u00a0(UATRE) informa que el Consejo Directivo del Registro Nacional de Trabajadores Rurales y Empleadores (RENATRE) designo como Presidente de la entidad a Jos\u00e9 Voytenco, Secretario General de UATRE. 28 de diciembre de 2022 \u201cAgradezco especialmente a mis compa\u00f1eros de directorio y del bloque obrero\u2026","rel":"","context":"En \u00abGREMIALES\u00bb","block_context":{"text":"GREMIALES","link":"https:\/\/larevistadigital.com.ar\/blog\/category\/gremiales\/"},"img":{"alt_text":"","src":"https:\/\/i0.wp.com\/larevistadigital.com.ar\/blog\/wp-content\/uploads\/voytenco.jpeg?fit=1200%2C800&ssl=1&resize=350%2C200","width":350,"height":200,"srcset":"https:\/\/i0.wp.com\/larevistadigital.com.ar\/blog\/wp-content\/uploads\/voytenco.jpeg?fit=1200%2C800&ssl=1&resize=350%2C200 1x, https:\/\/i0.wp.com\/larevistadigital.com.ar\/blog\/wp-content\/uploads\/voytenco.jpeg?fit=1200%2C800&ssl=1&resize=525%2C300 1.5x, https:\/\/i0.wp.com\/larevistadigital.com.ar\/blog\/wp-content\/uploads\/voytenco.jpeg?fit=1200%2C800&ssl=1&resize=700%2C400 2x, https:\/\/i0.wp.com\/larevistadigital.com.ar\/blog\/wp-content\/uploads\/voytenco.jpeg?fit=1200%2C800&ssl=1&resize=1050%2C600 3x"},"classes":[]},{"id":21433,"url":"https:\/\/larevistadigital.com.ar\/blog\/voytenco-renovo-su-fuerte-respaldo-federal\/","url_meta":{"origin":5266,"position":5},"title":"UATRE: VOYTENCO RENOV\u00d3 SU FUERTE RESPALDO FEDERAL","author":"Alejandro Sosa Ruda","date":"6 agosto, 2021","format":false,"excerpt":"Diecisiete (17) de los veintid\u00f3s (22) miembros del Consejo Asesor Central de la UATRE (C.A.C.), en el que cada delegado representa a una provincia, dieron hoy su total respaldo a la pol\u00edtica gremial que viene desarrollando el Secretario General JOS\u00c9 VOYTENCO. En una reuni\u00f3n de alto voltaje emocional, realizada en\u2026","rel":"","context":"En \u00abGREMIALES\u00bb","block_context":{"text":"GREMIALES","link":"https:\/\/larevistadigital.com.ar\/blog\/category\/gremiales\/"},"img":{"alt_text":"","src":"https:\/\/i0.wp.com\/larevistadigital.com.ar\/blog\/wp-content\/uploads\/5f85829a61a8e.jpg?fit=912%2C513&ssl=1&resize=350%2C200","width":350,"height":200,"srcset":"https:\/\/i0.wp.com\/larevistadigital.com.ar\/blog\/wp-content\/uploads\/5f85829a61a8e.jpg?fit=912%2C513&ssl=1&resize=350%2C200 1x, https:\/\/i0.wp.com\/larevistadigital.com.ar\/blog\/wp-content\/uploads\/5f85829a61a8e.jpg?fit=912%2C513&ssl=1&resize=525%2C300 1.5x, https:\/\/i0.wp.com\/larevistadigital.com.ar\/blog\/wp-content\/uploads\/5f85829a61a8e.jpg?fit=912%2C513&ssl=1&resize=700%2C400 2x"},"classes":[]}],"_links":{"self":[{"href":"https:\/\/larevistadigital.com.ar\/blog\/wp-json\/wp\/v2\/posts\/5266","targetHints":{"allow":["GET"]}}],"collection":[{"href":"https:\/\/larevistadigital.com.ar\/blog\/wp-json\/wp\/v2\/posts"}],"about":[{"href":"https:\/\/larevistadigital.com.ar\/blog\/wp-json\/wp\/v2\/types\/post"}],"author":[{"embeddable":true,"href":"https:\/\/larevistadigital.com.ar\/blog\/wp-json\/wp\/v2\/users\/1"}],"replies":[{"embeddable":true,"href":"https:\/\/larevistadigital.com.ar\/blog\/wp-json\/wp\/v2\/comments?post=5266"}],"version-history":[{"count":1,"href":"https:\/\/larevistadigital.com.ar\/blog\/wp-json\/wp\/v2\/posts\/5266\/revisions"}],"predecessor-version":[{"id":5268,"href":"https:\/\/larevistadigital.com.ar\/blog\/wp-json\/wp\/v2\/posts\/5266\/revisions\/5268"}],"wp:featuredmedia":[{"embeddable":true,"href":"https:\/\/larevistadigital.com.ar\/blog\/wp-json\/wp\/v2\/media\/5267"}],"wp:attachment":[{"href":"https:\/\/larevistadigital.com.ar\/blog\/wp-json\/wp\/v2\/media?parent=5266"}],"wp:term":[{"taxonomy":"category","embeddable":true,"href":"https:\/\/larevistadigital.com.ar\/blog\/wp-json\/wp\/v2\/categories?post=5266"},{"taxonomy":"post_tag","embeddable":true,"href":"https:\/\/larevistadigital.com.ar\/blog\/wp-json\/wp\/v2\/tags?post=5266"}],"curies":[{"name":"wp","href":"https:\/\/api.w.org\/{rel}","templated":true}]}}