{"id":5269,"date":"2018-03-29T07:18:19","date_gmt":"2018-03-29T07:18:19","guid":{"rendered":"https:\/\/larevistadigital.com.ar\/blog\/?p=5269"},"modified":"2018-03-29T07:18:19","modified_gmt":"2018-03-29T07:18:19","slug":"armando-cavalieri-buscara-la-reeleccion-en-el-gremio-mercantil","status":"publish","type":"post","link":"https:\/\/larevistadigital.com.ar\/blog\/armando-cavalieri-buscara-la-reeleccion-en-el-gremio-mercantil\/","title":{"rendered":"Armando Cavalieri buscar\u00e1 la reelecci\u00f3n en el gremio mercantil"},"content":{"rendered":"<p>BUENOS AIRES, 26 DE MARZO DE 2018 \u2013 El Secretario de Prensa y Difusi\u00f3n de la Federaci\u00f3n Argentina de Empleados de Comercio y Servicios (FAECYS), \u00c1ngel Mart\u00ednez, desminti\u00f3 que el Secretario General del gremio y del SEC-Capital, Armando Cavalieri no se vaya a presentar a su reelecci\u00f3n en los pr\u00f3ximos comicios de autoridades de ambas organizaciones.<br \/>\nEn tal sentido estuvo que \u201cempieza la campa\u00f1a de la Lista Azul con Armando Cavalieri encabez\u00e1ndola\u201d.<\/p>\n<p>\u201cBajo ning\u00fan concepto Cavalieri piensa retirarse, le queda mucho por hacer por los empleados de comercio\u201d, se\u00f1al\u00f3 Mart\u00ednez al salir al cruce de \u201cinformaci\u00f3n err\u00f3nea difundida por algunos medios\u201d.<\/p>\n<p>El dirigente mercantil agreg\u00f3 que ante tal hecho, Cavalieri \u201crecibi\u00f3 inmediatamente el apoyo total del SEC-capital y de las 310 filiales del pa\u00eds\u201d.<\/p>\n<p>\u201cCavalieri expres\u00f3 sus deseos de continuar sabiendo que los empleados de comercio le piden que siga y que no los abandone\u201d, a\u00f1adi\u00f3 Mart\u00ednez y record\u00f3 que \u201chay un sinf\u00edn de obras que nuestro Secretario General tiene que terminar en beneficio de todos los mercantiles, contando con el cien por ciento del apoyo del gremio\u201d, concluy\u00f3.<\/p>\n","protected":false},"excerpt":{"rendered":"<div class=\"mh-excerpt\"><p>BUENOS AIRES, 26 DE MARZO DE 2018 \u2013 El Secretario de Prensa y Difusi\u00f3n de la Federaci\u00f3n Argentina de Empleados de Comercio y Servicios (FAECYS), \u00c1ngel Mart\u00ednez, desminti\u00f3 que el Secretario General del gremio y <a class=\"mh-excerpt-more\" href=\"https:\/\/larevistadigital.com.ar\/blog\/armando-cavalieri-buscara-la-reeleccion-en-el-gremio-mercantil\/\" title=\"Armando Cavalieri buscar\u00e1 la reelecci\u00f3n en el gremio mercantil\">[Leer M\u00e1s]<\/a><\/p>\n<\/div>","protected":false},"author":1,"featured_media":5270,"comment_status":"open","ping_status":"open","sticky":false,"template":"","format":"standard","meta":{"_jetpack_memberships_contains_paid_content":false,"footnotes":"","jetpack_publicize_message":"Armando Cavalieri buscar\u00e1 la reelecci\u00f3n en el gremio mercantil","jetpack_publicize_feature_enabled":true,"jetpack_social_post_already_shared":true,"jetpack_social_options":{"image_generator_settings":{"template":"highway","default_image_id":0,"font":"","enabled":false},"version":2}},"categories":[10],"tags":[],"class_list":{"0":"post-5269","1":"post","2":"type-post","3":"status-publish","4":"format-standard","5":"has-post-thumbnail","7":"category-gremiales"},"jetpack_publicize_connections":[],"jetpack_featured_media_url":"https:\/\/i0.wp.com\/larevistadigital.com.ar\/blog\/wp-content\/uploads\/2018\/03\/armando-cavalieri-1024x768.jpg?fit=1024%2C768&ssl=1","jetpack_sharing_enabled":true,"jetpack_shortlink":"https:\/\/wp.me\/p8qtrQ-1mZ","jetpack-related-posts":[{"id":6678,"url":"https:\/\/larevistadigital.com.ar\/blog\/armando-cavalieri-fue-reelecto-en-el-sindicato-de-comercio\/","url_meta":{"origin":5269,"position":0},"title":"ARMANDO CAVALIERI FUE REELECTO EN EL SINDICATO DE COMERCIO","author":"Alejandro Sosa Ruda","date":"29 septiembre, 2018","format":false,"excerpt":"Luego de m\u00e1s de treinta a\u00f1os al frente del Sindicato de Empleados de Comercio, Armando Cavalieri fue reelecto en su cargo de Secretario General, a pesar de los inconvenientes y denuncias que hubo de\u00a0presuntas irregularidades en el padr\u00f3n y maniobras de fraudes en el proceso electoral del gremio, y que\u2026","rel":"","context":"En \u00abGREMIALES\u00bb","block_context":{"text":"GREMIALES","link":"https:\/\/larevistadigital.com.ar\/blog\/category\/gremiales\/"},"img":{"alt_text":"","src":"https:\/\/i0.wp.com\/larevistadigital.com.ar\/blog\/wp-content\/uploads\/2018\/09\/cavalieri-2.jpg?fit=1200%2C668&ssl=1&resize=350%2C200","width":350,"height":200,"srcset":"https:\/\/i0.wp.com\/larevistadigital.com.ar\/blog\/wp-content\/uploads\/2018\/09\/cavalieri-2.jpg?fit=1200%2C668&ssl=1&resize=350%2C200 1x, https:\/\/i0.wp.com\/larevistadigital.com.ar\/blog\/wp-content\/uploads\/2018\/09\/cavalieri-2.jpg?fit=1200%2C668&ssl=1&resize=525%2C300 1.5x, https:\/\/i0.wp.com\/larevistadigital.com.ar\/blog\/wp-content\/uploads\/2018\/09\/cavalieri-2.jpg?fit=1200%2C668&ssl=1&resize=700%2C400 2x, https:\/\/i0.wp.com\/larevistadigital.com.ar\/blog\/wp-content\/uploads\/2018\/09\/cavalieri-2.jpg?fit=1200%2C668&ssl=1&resize=1050%2C600 3x"},"classes":[]},{"id":29826,"url":"https:\/\/larevistadigital.com.ar\/blog\/comercio-paritarias-2023-cual-fue-el-porcentaje-acordado-y-como-se-abonara\/","url_meta":{"origin":5269,"position":1},"title":"COMERCIO &#8211; PARITARIAS 2023: CUAL FUE EL PORCENTAJE ACORDADO Y C\u00d3MO SE ABONAR\u00c1","author":"Alejandro Sosa Ruda","date":"19 enero, 2023","format":false,"excerpt":"Comprende el per\u00edodo abril 2022-marzo 2023 y totaliz\u00f3 una mejora global anual de los ingresos de los trabajadores mercantiles del 101%. 19 de enero de 2023 El titular de la\u00a0Federaci\u00f3n Argentina de Empleados de Comercio y Servicios\u00a0(Faecys), Armando Cavalieri, y las c\u00e1maras empresarias de la actividad clausuraron este mi\u00e9rcoles la\u00a0paritaria\u2026","rel":"","context":"En \u00abGREMIALES\u00bb","block_context":{"text":"GREMIALES","link":"https:\/\/larevistadigital.com.ar\/blog\/category\/gremiales\/"},"img":{"alt_text":"","src":"https:\/\/i0.wp.com\/larevistadigital.com.ar\/blog\/wp-content\/uploads\/419bd98a7fd1d738b6d2ad256c945cca5d3f1312.png?fit=1140%2C649&ssl=1&resize=350%2C200","width":350,"height":200,"srcset":"https:\/\/i0.wp.com\/larevistadigital.com.ar\/blog\/wp-content\/uploads\/419bd98a7fd1d738b6d2ad256c945cca5d3f1312.png?fit=1140%2C649&ssl=1&resize=350%2C200 1x, https:\/\/i0.wp.com\/larevistadigital.com.ar\/blog\/wp-content\/uploads\/419bd98a7fd1d738b6d2ad256c945cca5d3f1312.png?fit=1140%2C649&ssl=1&resize=525%2C300 1.5x, https:\/\/i0.wp.com\/larevistadigital.com.ar\/blog\/wp-content\/uploads\/419bd98a7fd1d738b6d2ad256c945cca5d3f1312.png?fit=1140%2C649&ssl=1&resize=700%2C400 2x, https:\/\/i0.wp.com\/larevistadigital.com.ar\/blog\/wp-content\/uploads\/419bd98a7fd1d738b6d2ad256c945cca5d3f1312.png?fit=1140%2C649&ssl=1&resize=1050%2C600 3x"},"classes":[]},{"id":27792,"url":"https:\/\/larevistadigital.com.ar\/blog\/elecciones-en-comercio-cavalieri-a-los-86-anos-busca-su-decimo-mandato-y-se-enfrenta-a-un-aliado-de-hugo-moyano\/","url_meta":{"origin":5269,"position":2},"title":"ELECCIONES EN COMERCIO: CAVALIERI A LOS 86 A\u00d1OS BUSCA SU D\u00c9CIMO MANDATO Y SE ENFRENTA A UN ALIADO DE HUGO MOYANO","author":"Alejandro Sosa Ruda","date":"15 septiembre, 2022","format":false,"excerpt":"A los 86 a\u00f1os, el jefe mercantil que forma parte de \"los Gordos\" de la CGT, va a las urnas para revalidar su poder. Enfrentar\u00e1 a Ram\u00f3n Muerza, padre de un concejal de Ca\u00f1uelas que cuenta con el apoyo de los Moyano y el empresario Alfredo Coto. 15 de septiembre\u2026","rel":"","context":"En \u00abGREMIALES\u00bb","block_context":{"text":"GREMIALES","link":"https:\/\/larevistadigital.com.ar\/blog\/category\/gremiales\/"},"img":{"alt_text":"","src":"https:\/\/i0.wp.com\/larevistadigital.com.ar\/blog\/wp-content\/uploads\/fotojet_18.jpg?fit=700%2C438&ssl=1&resize=350%2C200","width":350,"height":200,"srcset":"https:\/\/i0.wp.com\/larevistadigital.com.ar\/blog\/wp-content\/uploads\/fotojet_18.jpg?fit=700%2C438&ssl=1&resize=350%2C200 1x, https:\/\/i0.wp.com\/larevistadigital.com.ar\/blog\/wp-content\/uploads\/fotojet_18.jpg?fit=700%2C438&ssl=1&resize=525%2C300 1.5x, https:\/\/i0.wp.com\/larevistadigital.com.ar\/blog\/wp-content\/uploads\/fotojet_18.jpg?fit=700%2C438&ssl=1&resize=700%2C400 2x"},"classes":[]},{"id":1631,"url":"https:\/\/larevistadigital.com.ar\/blog\/cavalieri-scioli-y-moyano-ya-fueron\/","url_meta":{"origin":5269,"position":3},"title":"CAVALIERI: \u201cSCIOLI Y MOYANO YA FUERON\u201d","author":"Alejandro Sosa Ruda","date":"26 marzo, 2017","format":false,"excerpt":"Armando Cavalieri, secretario general del gremio de Empleados de Comercio, \u201csac\u00f3\u201d de la cancha a Daniel Scioli como posible candidato del peronismo en las pr\u00f3ximas elecciones, como tambi\u00e9n opin\u00f3 que Hugo Moyano ya no tiene ning\u00fan liderazgo sindical. En di\u00e1logo con radio Rivadavia, Cavalieri se quej\u00f3 del gobierno por no\u2026","rel":"","context":"En \u00abDESTACADAS\u00bb","block_context":{"text":"DESTACADAS","link":"https:\/\/larevistadigital.com.ar\/blog\/category\/destacadas\/"},"img":{"alt_text":"","src":"https:\/\/i0.wp.com\/larevistadigital.com.ar\/blog\/wp-content\/uploads\/2017\/03\/cavalieri.jpg?fit=1200%2C800&ssl=1&resize=350%2C200","width":350,"height":200,"srcset":"https:\/\/i0.wp.com\/larevistadigital.com.ar\/blog\/wp-content\/uploads\/2017\/03\/cavalieri.jpg?fit=1200%2C800&ssl=1&resize=350%2C200 1x, https:\/\/i0.wp.com\/larevistadigital.com.ar\/blog\/wp-content\/uploads\/2017\/03\/cavalieri.jpg?fit=1200%2C800&ssl=1&resize=525%2C300 1.5x, https:\/\/i0.wp.com\/larevistadigital.com.ar\/blog\/wp-content\/uploads\/2017\/03\/cavalieri.jpg?fit=1200%2C800&ssl=1&resize=700%2C400 2x, https:\/\/i0.wp.com\/larevistadigital.com.ar\/blog\/wp-content\/uploads\/2017\/03\/cavalieri.jpg?fit=1200%2C800&ssl=1&resize=1050%2C600 3x"},"classes":[]},{"id":39603,"url":"https:\/\/larevistadigital.com.ar\/blog\/comercio-firmo-un-nuevo-acuerdo-paritario-con-un-salario-basico-de-1-123-000\/","url_meta":{"origin":5269,"position":4},"title":"Comercio firm\u00f3 un nuevo acuerdo paritario con un salario b\u00e1sico de $1.123.000","author":"Alejandro Sosa Ruda","date":"1 mayo, 2025","format":false,"excerpt":"La Federaci\u00f3n Argentina de Empleados de Comercio y Servicios (FAECYS), el sindicato con mayor cantidad de afiliados del pa\u00eds, logr\u00f3 cerrar un nuevo acuerdo salarial para el segundo trimestre del a\u00f1o. La actualizaci\u00f3n contempla un incremento acumulativo del 5,4% y sumas fijas que elevar\u00e1n el salario b\u00e1sico con presentismo a\u2026","rel":"","context":"En \u00abINTERES GENERAL\u00bb","block_context":{"text":"INTERES GENERAL","link":"https:\/\/larevistadigital.com.ar\/blog\/category\/interes-general\/"},"img":{"alt_text":"","src":"https:\/\/i0.wp.com\/larevistadigital.com.ar\/blog\/wp-content\/uploads\/20250430174611_armando-cavalieri-faecys-paritaria.jpg?fit=880%2C512&ssl=1&resize=350%2C200","width":350,"height":200,"srcset":"https:\/\/i0.wp.com\/larevistadigital.com.ar\/blog\/wp-content\/uploads\/20250430174611_armando-cavalieri-faecys-paritaria.jpg?fit=880%2C512&ssl=1&resize=350%2C200 1x, https:\/\/i0.wp.com\/larevistadigital.com.ar\/blog\/wp-content\/uploads\/20250430174611_armando-cavalieri-faecys-paritaria.jpg?fit=880%2C512&ssl=1&resize=525%2C300 1.5x, https:\/\/i0.wp.com\/larevistadigital.com.ar\/blog\/wp-content\/uploads\/20250430174611_armando-cavalieri-faecys-paritaria.jpg?fit=880%2C512&ssl=1&resize=700%2C400 2x"},"classes":[]},{"id":1560,"url":"https:\/\/larevistadigital.com.ar\/blog\/comercio-cerro-un-20-de-aumento-en-dos-pagos\/","url_meta":{"origin":5269,"position":5},"title":"COMERCIO CERR\u00d3 UN 20% DE AUMENTO EN DOS PAGOS.","author":"Alejandro Sosa Ruda","date":"23 marzo, 2017","format":false,"excerpt":"Finalmente EL gremio conducido por armando Cavalieri cerr\u00f3 un aumento del 20% que ser\u00e1 pagado el 10% en abril, y el otro 10% en julio pero con cl\u00e1usula gatillo de acuerdo a los valores de la inflaci\u00f3n. El CEC acord\u00f3 con las c\u00e1maras empresarias un incremento del 20% con la\u2026","rel":"","context":"En \u00abDESTACADAS\u00bb","block_context":{"text":"DESTACADAS","link":"https:\/\/larevistadigital.com.ar\/blog\/category\/destacadas\/"},"img":{"alt_text":"","src":"https:\/\/i0.wp.com\/larevistadigital.com.ar\/blog\/wp-content\/uploads\/2017\/03\/0000021768.jpg?fit=690%2C405&ssl=1&resize=350%2C200","width":350,"height":200,"srcset":"https:\/\/i0.wp.com\/larevistadigital.com.ar\/blog\/wp-content\/uploads\/2017\/03\/0000021768.jpg?fit=690%2C405&ssl=1&resize=350%2C200 1x, https:\/\/i0.wp.com\/larevistadigital.com.ar\/blog\/wp-content\/uploads\/2017\/03\/0000021768.jpg?fit=690%2C405&ssl=1&resize=525%2C300 1.5x"},"classes":[]}],"_links":{"self":[{"href":"https:\/\/larevistadigital.com.ar\/blog\/wp-json\/wp\/v2\/posts\/5269","targetHints":{"allow":["GET"]}}],"collection":[{"href":"https:\/\/larevistadigital.com.ar\/blog\/wp-json\/wp\/v2\/posts"}],"about":[{"href":"https:\/\/larevistadigital.com.ar\/blog\/wp-json\/wp\/v2\/types\/post"}],"author":[{"embeddable":true,"href":"https:\/\/larevistadigital.com.ar\/blog\/wp-json\/wp\/v2\/users\/1"}],"replies":[{"embeddable":true,"href":"https:\/\/larevistadigital.com.ar\/blog\/wp-json\/wp\/v2\/comments?post=5269"}],"version-history":[{"count":1,"href":"https:\/\/larevistadigital.com.ar\/blog\/wp-json\/wp\/v2\/posts\/5269\/revisions"}],"predecessor-version":[{"id":5271,"href":"https:\/\/larevistadigital.com.ar\/blog\/wp-json\/wp\/v2\/posts\/5269\/revisions\/5271"}],"wp:featuredmedia":[{"embeddable":true,"href":"https:\/\/larevistadigital.com.ar\/blog\/wp-json\/wp\/v2\/media\/5270"}],"wp:attachment":[{"href":"https:\/\/larevistadigital.com.ar\/blog\/wp-json\/wp\/v2\/media?parent=5269"}],"wp:term":[{"taxonomy":"category","embeddable":true,"href":"https:\/\/larevistadigital.com.ar\/blog\/wp-json\/wp\/v2\/categories?post=5269"},{"taxonomy":"post_tag","embeddable":true,"href":"https:\/\/larevistadigital.com.ar\/blog\/wp-json\/wp\/v2\/tags?post=5269"}],"curies":[{"name":"wp","href":"https:\/\/api.w.org\/{rel}","templated":true}]}}