{"id":5272,"date":"2018-03-29T07:19:31","date_gmt":"2018-03-29T07:19:31","guid":{"rendered":"https:\/\/larevistadigital.com.ar\/blog\/?p=5272"},"modified":"2018-03-29T07:19:31","modified_gmt":"2018-03-29T07:19:31","slug":"antonio-calo-los-empresarios-le-deben-mil-millones-de-pesos-a-la-obra-social-metalurgica","status":"publish","type":"post","link":"https:\/\/larevistadigital.com.ar\/blog\/antonio-calo-los-empresarios-le-deben-mil-millones-de-pesos-a-la-obra-social-metalurgica\/","title":{"rendered":"Antonio Cal\u00f3: \u201cLos empresarios le deben mil millones de pesos a la Obra Social metal\u00fargica\u201d"},"content":{"rendered":"<p style=\"font-weight: 400;\"><strong>BUENOS AIRES, 27 DE MARZO DE 2018<\/strong>\u00a0\u2013 El Secretario General de la Uni\u00f3n Obrera Metal\u00fargica (UOM), Antonio Cal\u00f3, advirti\u00f3 que el gremio podr\u00eda realizar un paro general de actividades para reclamar por los mil millones de pesos de aportes que le adeudan los empresarios a la Obra Social metal\u00fargica.<\/p>\n<p style=\"font-weight: 400;\">\u201cEstamos preocupados con la Obra Social porque los empresarios metal\u00fargicos nos adeudan mil millones de pesos de aportes de sus trabajadores Esto no se puede sostener m\u00e1s porque se trata de la salud de los trabajadores metal\u00fargicos. Estamos pensando en hacer un paro general por esta cuesti\u00f3n\u201d, se\u00f1al\u00f3 el dirigente en di\u00e1logo con\u00a0<em><strong>Noticias Gremiales.com<\/strong><\/em>.<\/p>\n<p style=\"font-weight: 400;\">\u201cSi meten preso a tantos acusados de evasi\u00f3n, que metan preso a los empresarios metal\u00fargicos que evaden los aportes\u201d, sostuvo enojado.<\/p>\n<p style=\"font-weight: 400;\">Poco antes de encabezar el acto por el 91 aniversario del natalicio de Lorenzo Miguel, en el cementerio de Flores, Cal\u00f3 tambi\u00e9n se quej\u00f3 por los despidos que hubo en la actividad.<\/p>\n<p style=\"font-weight: 400;\">\u201cLa industria metal\u00fargica est\u00e1 mal. Tuvimos unos mil despidos en enero y febrero. Estamos discutiendo salarios. Un operario calificado de la UOM gana 66 pesos la hora \u00a0el kilo de pan vale 60 pesos. La negociaci\u00f3n viene muy dura y si no hay entendimiento vamos a defender en la calle, como corresponde, el poder adquisitivo de nuestro salario\u201d, indic\u00f3 el conductor de la UOM.<\/p>\n<p style=\"font-weight: 400;\">Respecto de Miguel, Cal\u00f3 sostuvo que \u201cal igual que Vandor, el compa\u00f1ero Lorenzo Miguel hizo historia en la UOM. \u00c9l siempre nos dec\u00eda que, cuando ya no estuviera entre nosotros, quer\u00eda que lo record\u00e1ramos en su nacimiento y aqu\u00ed estamos cumpliendo con el merecido homenaje\u201d.<\/p>\n<p style=\"font-weight: 400;\">Asimismo agradeci\u00f3 \u201cla gran concurrencia de los delegados y trabajadores metal\u00fargicos\u201d y destac\u00f3 la presencia de j\u00f3venes \u201ces bueno para el recambio generacional\u201d, asegur\u00f3.<\/p>\n<p style=\"font-weight: 400;\">Sobre as negociaciones para alcanzar una nueva conducci\u00f3n en la CGT dijo que \u201cse est\u00e1n haciendo todos los esfuerzos necesarios para alcanzar la unidad. Se est\u00e1n limando asperezas y cuando se defina quien la va a encabezar, la UOM va a acompa\u00f1ar esa decisi\u00f3n\u201d, concluy\u00f3.<\/p>\n","protected":false},"excerpt":{"rendered":"<div class=\"mh-excerpt\"><p>BUENOS AIRES, 27 DE MARZO DE 2018\u00a0\u2013 El Secretario General de la Uni\u00f3n Obrera Metal\u00fargica (UOM), Antonio Cal\u00f3, advirti\u00f3 que el gremio podr\u00eda realizar un paro general de actividades para reclamar por los mil millones <a class=\"mh-excerpt-more\" href=\"https:\/\/larevistadigital.com.ar\/blog\/antonio-calo-los-empresarios-le-deben-mil-millones-de-pesos-a-la-obra-social-metalurgica\/\" title=\"Antonio Cal\u00f3: \u201cLos empresarios le deben mil millones de pesos a la Obra Social metal\u00fargica\u201d\">[Leer M\u00e1s]<\/a><\/p>\n<\/div>","protected":false},"author":1,"featured_media":5273,"comment_status":"open","ping_status":"open","sticky":false,"template":"","format":"standard","meta":{"_jetpack_memberships_contains_paid_content":false,"footnotes":"","jetpack_publicize_message":"","jetpack_publicize_feature_enabled":true,"jetpack_social_post_already_shared":true,"jetpack_social_options":{"image_generator_settings":{"template":"highway","default_image_id":0,"font":"","enabled":false},"version":2}},"categories":[10],"tags":[],"class_list":{"0":"post-5272","1":"post","2":"type-post","3":"status-publish","4":"format-standard","5":"has-post-thumbnail","7":"category-gremiales"},"jetpack_publicize_connections":[],"jetpack_featured_media_url":"https:\/\/i0.wp.com\/larevistadigital.com.ar\/blog\/wp-content\/uploads\/2018\/03\/6818.jpg?fit=396%2C264&ssl=1","jetpack_sharing_enabled":true,"jetpack_shortlink":"https:\/\/wp.me\/p8qtrQ-1n2","jetpack-related-posts":[{"id":5898,"url":"https:\/\/larevistadigital.com.ar\/blog\/el-gobierno-estimo-que-el-paro-le-costara-al-pais-casi-29-mil-millones-de-pesos\/","url_meta":{"origin":5272,"position":0},"title":"El Gobierno estim\u00f3 que el paro le costar\u00e1 al pa\u00eds casi 29 mil millones de pesos","author":"admin","date":"25 junio, 2018","format":false,"excerpt":"El ministro de Hacienda,\u00a0Nicol\u00e1s Dujovne, estim\u00f3 hoy que el\u00a0paro general\u00a0convocado por la CGT, el tercero durante la gesti\u00f3n Cambiemos,\u00a0representa la p\u00e9rdida de 28.824 millones de pesos para el pa\u00eds, y consider\u00f3 en un mensaje publicado en las redes que\u00a0\"la \u00fanica manera de sacar adelante nuestro pa\u00eds es trabajando\". La cifra\u2026","rel":"","context":"En \u00abPOLITICA\u00bb","block_context":{"text":"POLITICA","link":"https:\/\/larevistadigital.com.ar\/blog\/category\/politica\/"},"img":{"alt_text":"","src":"https:\/\/i0.wp.com\/larevistadigital.com.ar\/blog\/wp-content\/uploads\/2018\/06\/0021935332.jpg?fit=600%2C337&ssl=1&resize=350%2C200","width":350,"height":200,"srcset":"https:\/\/i0.wp.com\/larevistadigital.com.ar\/blog\/wp-content\/uploads\/2018\/06\/0021935332.jpg?fit=600%2C337&ssl=1&resize=350%2C200 1x, https:\/\/i0.wp.com\/larevistadigital.com.ar\/blog\/wp-content\/uploads\/2018\/06\/0021935332.jpg?fit=600%2C337&ssl=1&resize=525%2C300 1.5x"},"classes":[]},{"id":20125,"url":"https:\/\/larevistadigital.com.ar\/blog\/la-plata-paro-total-de-micros-este-jueves-desde-las-15-hs\/","url_meta":{"origin":5272,"position":1},"title":"LA PLATA: PARO TOTAL DE MICROS ESTE JUEVES DESDE LAS 15 HS.","author":"Alejandro Sosa Ruda","date":"6 mayo, 2021","format":false,"excerpt":"Se trata de una medida anunciada con antelaci\u00f3n, en el marco del reclamo que el sector hizo a empresarios para cobrar la suma de 7 mil pesos. La medida afectar\u00e1 a todas las l\u00edneas de la regi\u00f3n que recorren La Plata, Berisso y Ensenada. El sindicato que encabeza\u00a0Oscar Pedroza\u00a0confirm\u00f3 a\u2026","rel":"","context":"En \u00abREGIONALES\u00bb","block_context":{"text":"REGIONALES","link":"https:\/\/larevistadigital.com.ar\/blog\/category\/regionales\/"},"img":{"alt_text":"","src":"https:\/\/i0.wp.com\/larevistadigital.com.ar\/blog\/wp-content\/uploads\/0000325458.jpg?fit=1200%2C696&ssl=1&resize=350%2C200","width":350,"height":200,"srcset":"https:\/\/i0.wp.com\/larevistadigital.com.ar\/blog\/wp-content\/uploads\/0000325458.jpg?fit=1200%2C696&ssl=1&resize=350%2C200 1x, https:\/\/i0.wp.com\/larevistadigital.com.ar\/blog\/wp-content\/uploads\/0000325458.jpg?fit=1200%2C696&ssl=1&resize=525%2C300 1.5x, https:\/\/i0.wp.com\/larevistadigital.com.ar\/blog\/wp-content\/uploads\/0000325458.jpg?fit=1200%2C696&ssl=1&resize=700%2C400 2x, https:\/\/i0.wp.com\/larevistadigital.com.ar\/blog\/wp-content\/uploads\/0000325458.jpg?fit=1200%2C696&ssl=1&resize=1050%2C600 3x"},"classes":[]},{"id":33189,"url":"https:\/\/larevistadigital.com.ar\/blog\/municipios-bonaerenses-aseguraron-que-pagaran-el-bono-de-60-000-que-pasara-en-chascomus\/","url_meta":{"origin":5272,"position":2},"title":"MUNICIPIOS BONAERENSES ASEGURARON QUE PAGAR\u00c1N EL BONO DE $60.000.- \u00bfQU\u00c9 PASAR\u00c1 EN CHASCOM\u00daS?","author":"Alejandro Sosa Ruda","date":"1 septiembre, 2023","format":false,"excerpt":"Hasta el momento seis municipios bonaerenses aprobaron el pago del bono . Kicillof instrumentar\u00e1 un fondo especial de 12 mil millones de pesos, ya que pretende que todos puedan cobrarlo. 1\u00b0 de septiembre de 2023 BUENOS AIRES -\u00a0\u00a0Media docena de municipios bonaerenses gobernados por intendentes de Uni\u00f3n por la Patria\u2026","rel":"","context":"En \u00abINTERES GENERAL\u00bb","block_context":{"text":"INTERES GENERAL","link":"https:\/\/larevistadigital.com.ar\/blog\/category\/interes-general\/"},"img":{"alt_text":"","src":"https:\/\/i0.wp.com\/larevistadigital.com.ar\/blog\/wp-content\/uploads\/20230831190228_dinero.jpg?fit=880%2C512&ssl=1&resize=350%2C200","width":350,"height":200,"srcset":"https:\/\/i0.wp.com\/larevistadigital.com.ar\/blog\/wp-content\/uploads\/20230831190228_dinero.jpg?fit=880%2C512&ssl=1&resize=350%2C200 1x, https:\/\/i0.wp.com\/larevistadigital.com.ar\/blog\/wp-content\/uploads\/20230831190228_dinero.jpg?fit=880%2C512&ssl=1&resize=525%2C300 1.5x, https:\/\/i0.wp.com\/larevistadigital.com.ar\/blog\/wp-content\/uploads\/20230831190228_dinero.jpg?fit=880%2C512&ssl=1&resize=700%2C400 2x"},"classes":[]},{"id":33060,"url":"https:\/\/larevistadigital.com.ar\/blog\/exito-total-en-su-primer-semestre-la-tienda-del-banco-provincia-tuvo-70-millones-de-pesos-en-ventas\/","url_meta":{"origin":5272,"position":3},"title":"\u00c9XITO TOTAL: EN SU PRIMER SEMESTRE LA TIENDA DEL BANCO PROVINCIA TUVO 70 MILLONES DE PESOS EN VENTAS","author":"Alejandro Sosa Ruda","date":"27 agosto, 2023","format":false,"excerpt":"Desde su lanzamiento, el 15 de marzo, Provincia Compras registr\u00f3 m\u00e1s de 617 mil ventas por un total de 70.000 millones de pesos, con un ticket promedio de 112 mil pesos por operaci\u00f3n. El 80% de las compras fueron financiadas en 24 cuotas sin inter\u00e9s. Adem\u00e1s, a trav\u00e9s de la\u2026","rel":"","context":"En \u00abINTERES GENERAL\u00bb","block_context":{"text":"INTERES GENERAL","link":"https:\/\/larevistadigital.com.ar\/blog\/category\/interes-general\/"},"img":{"alt_text":"","src":"https:\/\/i0.wp.com\/larevistadigital.com.ar\/blog\/wp-content\/uploads\/20230826145902_compras.jpg?fit=880%2C512&ssl=1&resize=350%2C200","width":350,"height":200,"srcset":"https:\/\/i0.wp.com\/larevistadigital.com.ar\/blog\/wp-content\/uploads\/20230826145902_compras.jpg?fit=880%2C512&ssl=1&resize=350%2C200 1x, https:\/\/i0.wp.com\/larevistadigital.com.ar\/blog\/wp-content\/uploads\/20230826145902_compras.jpg?fit=880%2C512&ssl=1&resize=525%2C300 1.5x, https:\/\/i0.wp.com\/larevistadigital.com.ar\/blog\/wp-content\/uploads\/20230826145902_compras.jpg?fit=880%2C512&ssl=1&resize=700%2C400 2x"},"classes":[]},{"id":4492,"url":"https:\/\/larevistadigital.com.ar\/blog\/4492-2\/","url_meta":{"origin":5272,"position":4},"title":"JEFE DE LA UOCRA TEN\u00cdA UN PLAN SOCIAL, Y FUE DETENIDO CON CINCO MILLONES DE PESOS","author":"Alejandro Sosa Ruda","date":"11 enero, 2018","format":false,"excerpt":"Se trata del jefe de la UOCRA bahiense, Humberto Monteros, que era beneficiario de un plan \u201cjefes de hogar\u201d, ya que supuestamente viv\u00eda en condiciones de pobreza, pero al momento de su detenci\u00f3n se le encontraron varios millones de pesos. Es uno de los detenidos en la madrugada, vinculados a\u2026","rel":"","context":"En \u00abGREMIALES\u00bb","block_context":{"text":"GREMIALES","link":"https:\/\/larevistadigital.com.ar\/blog\/category\/gremiales\/"},"img":{"alt_text":"","src":"https:\/\/i0.wp.com\/larevistadigital.com.ar\/blog\/wp-content\/uploads\/2018\/01\/ry_jFkS4M_720x0__1.jpg?fit=720%2C789&ssl=1&resize=350%2C200","width":350,"height":200,"srcset":"https:\/\/i0.wp.com\/larevistadigital.com.ar\/blog\/wp-content\/uploads\/2018\/01\/ry_jFkS4M_720x0__1.jpg?fit=720%2C789&ssl=1&resize=350%2C200 1x, https:\/\/i0.wp.com\/larevistadigital.com.ar\/blog\/wp-content\/uploads\/2018\/01\/ry_jFkS4M_720x0__1.jpg?fit=720%2C789&ssl=1&resize=525%2C300 1.5x, https:\/\/i0.wp.com\/larevistadigital.com.ar\/blog\/wp-content\/uploads\/2018\/01\/ry_jFkS4M_720x0__1.jpg?fit=720%2C789&ssl=1&resize=700%2C400 2x"},"classes":[]},{"id":33591,"url":"https:\/\/larevistadigital.com.ar\/blog\/con-el-aporte-del-gobernador-kicillof-se-inyectaran-mas-de-50-millones-de-pesos-con-el-pago-del-bono-a-los-trabajadores-municipales\/","url_meta":{"origin":5272,"position":5},"title":"CON EL APORTE DEL GOBERNADOR KICILLOF, SE INYECTAR\u00c1N  M\u00c1S DE 50 MILLONES DE PESOS CON EL PAGO DEL BONO A LOS TRABAJADORES MUNICIPALES","author":"Alejandro Sosa Ruda","date":"25 septiembre, 2023","format":false,"excerpt":"Es para abonar el bono de 60 mil pesos que gener\u00f3 el ministro de econom\u00eda Sergio Massa. 25 de Septiembre de 2023 CHASCOM\u00daS -\u00a0 Con este pago, ingresaron 57 millones de pesos al circuito comercial, lo que implica un importante impulso a la econom\u00eda local en esta etapa. La Municipalidad\u2026","rel":"","context":"En \u00abCHASCOM\u00daS\u00bb","block_context":{"text":"CHASCOM\u00daS","link":"https:\/\/larevistadigital.com.ar\/blog\/category\/chascomus\/"},"img":{"alt_text":"","src":"https:\/\/i0.wp.com\/larevistadigital.com.ar\/blog\/wp-content\/uploads\/bono-de-60-mil.jpg?fit=960%2C640&ssl=1&resize=350%2C200","width":350,"height":200,"srcset":"https:\/\/i0.wp.com\/larevistadigital.com.ar\/blog\/wp-content\/uploads\/bono-de-60-mil.jpg?fit=960%2C640&ssl=1&resize=350%2C200 1x, https:\/\/i0.wp.com\/larevistadigital.com.ar\/blog\/wp-content\/uploads\/bono-de-60-mil.jpg?fit=960%2C640&ssl=1&resize=525%2C300 1.5x, https:\/\/i0.wp.com\/larevistadigital.com.ar\/blog\/wp-content\/uploads\/bono-de-60-mil.jpg?fit=960%2C640&ssl=1&resize=700%2C400 2x"},"classes":[]}],"_links":{"self":[{"href":"https:\/\/larevistadigital.com.ar\/blog\/wp-json\/wp\/v2\/posts\/5272","targetHints":{"allow":["GET"]}}],"collection":[{"href":"https:\/\/larevistadigital.com.ar\/blog\/wp-json\/wp\/v2\/posts"}],"about":[{"href":"https:\/\/larevistadigital.com.ar\/blog\/wp-json\/wp\/v2\/types\/post"}],"author":[{"embeddable":true,"href":"https:\/\/larevistadigital.com.ar\/blog\/wp-json\/wp\/v2\/users\/1"}],"replies":[{"embeddable":true,"href":"https:\/\/larevistadigital.com.ar\/blog\/wp-json\/wp\/v2\/comments?post=5272"}],"version-history":[{"count":1,"href":"https:\/\/larevistadigital.com.ar\/blog\/wp-json\/wp\/v2\/posts\/5272\/revisions"}],"predecessor-version":[{"id":5274,"href":"https:\/\/larevistadigital.com.ar\/blog\/wp-json\/wp\/v2\/posts\/5272\/revisions\/5274"}],"wp:featuredmedia":[{"embeddable":true,"href":"https:\/\/larevistadigital.com.ar\/blog\/wp-json\/wp\/v2\/media\/5273"}],"wp:attachment":[{"href":"https:\/\/larevistadigital.com.ar\/blog\/wp-json\/wp\/v2\/media?parent=5272"}],"wp:term":[{"taxonomy":"category","embeddable":true,"href":"https:\/\/larevistadigital.com.ar\/blog\/wp-json\/wp\/v2\/categories?post=5272"},{"taxonomy":"post_tag","embeddable":true,"href":"https:\/\/larevistadigital.com.ar\/blog\/wp-json\/wp\/v2\/tags?post=5272"}],"curies":[{"name":"wp","href":"https:\/\/api.w.org\/{rel}","templated":true}]}}