{"id":5275,"date":"2018-03-29T07:28:22","date_gmt":"2018-03-29T07:28:22","guid":{"rendered":"https:\/\/larevistadigital.com.ar\/blog\/?p=5275"},"modified":"2018-03-29T07:28:22","modified_gmt":"2018-03-29T07:28:22","slug":"secretaria-de-asuntos-docentes-listado-ad-hoc-para-planes-fines","status":"publish","type":"post","link":"https:\/\/larevistadigital.com.ar\/blog\/secretaria-de-asuntos-docentes-listado-ad-hoc-para-planes-fines\/","title":{"rendered":"Secretar\u00eda de Asuntos Docentes: Listado \u201cad hoc\u201d para Planes FinEs"},"content":{"rendered":"<p>A pedido de Jefatura Distrital y en el marco de la Comunicaci\u00f3n N\u00ba 50\/17, se llam\u00f3 a inscripci\u00f3n para la conformaci\u00f3n de un Listado \u201cAd hoc\u201d, el cual caducar\u00e1 en forma cuatrimestral, para la cobertura de las asignaturas Biolog\u00eda e Ingles, correspondientes al Plan FinEs.<br \/>\nLos interesados deber\u00e1n presentar, al inscribirse, antecedentes valorables y propuesta pedag\u00f3gica de la asignatura que se propone cubrir, teniendo en cuenta los siguientes \u00edtems: fundamentaci\u00f3n pedag\u00f3gica, objetivo, contenidos a desarrollar, propuesta de diagn\u00f3stico, estrategias did\u00e1cticas, propuestas de actividades para el estudiante, propuestas de actividades del docente, propuesta de seguimiento del proceso del estudiante, actividades de evaluaci\u00f3n, propuesta de trabajo final, bibliograf\u00eda del estudiante y bibliograf\u00eda del docente.<br \/>\nLa difusi\u00f3n ser\u00e1 hasta el 28 de marzo, la inscripci\u00f3n los d\u00edas 3, 4 y 5 de abril de 2018, en el horario 9 a 12 y de 13 a 17 horas.<br \/>\nAnte dudas en la confecci\u00f3n de la propuesta pedag\u00f3gica consultar en Jefatura Distrital<\/p>\n","protected":false},"excerpt":{"rendered":"<div class=\"mh-excerpt\"><p>A pedido de Jefatura Distrital y en el marco de la Comunicaci\u00f3n N\u00ba 50\/17, se llam\u00f3 a inscripci\u00f3n para la conformaci\u00f3n de un Listado \u201cAd hoc\u201d, el cual caducar\u00e1 en forma cuatrimestral, para la cobertura <a class=\"mh-excerpt-more\" href=\"https:\/\/larevistadigital.com.ar\/blog\/secretaria-de-asuntos-docentes-listado-ad-hoc-para-planes-fines\/\" title=\"Secretar\u00eda de Asuntos Docentes: Listado \u201cad hoc\u201d para Planes FinEs\">[Leer M\u00e1s]<\/a><\/p>\n<\/div>","protected":false},"author":1,"featured_media":5276,"comment_status":"open","ping_status":"open","sticky":false,"template":"","format":"standard","meta":{"_jetpack_memberships_contains_paid_content":false,"footnotes":"","jetpack_publicize_message":"Secretar\u00eda de Asuntos Docentes: Listado \u201cad hoc\u201d para Planes FinEs","jetpack_publicize_feature_enabled":true,"jetpack_social_post_already_shared":true,"jetpack_social_options":{"image_generator_settings":{"template":"highway","default_image_id":0,"font":"","enabled":false},"version":2}},"categories":[42],"tags":[],"class_list":{"0":"post-5275","1":"post","2":"type-post","3":"status-publish","4":"format-standard","5":"has-post-thumbnail","7":"category-pila"},"jetpack_publicize_connections":[],"jetpack_featured_media_url":"https:\/\/i0.wp.com\/larevistadigital.com.ar\/blog\/wp-content\/uploads\/2018\/03\/sad-pila.jpg?fit=726%2C407&ssl=1","jetpack_sharing_enabled":true,"jetpack_shortlink":"https:\/\/wp.me\/p8qtrQ-1n5","jetpack-related-posts":[{"id":40310,"url":"https:\/\/larevistadigital.com.ar\/blog\/chascomus-inscripcion-al-listado-oficial-docente-municipal\/","url_meta":{"origin":5275,"position":0},"title":"Chascom\u00fas: Inscripci\u00f3n al Listado Oficial Docente Municipal","author":"Alejandro Sosa Ruda","date":"4 julio, 2025","format":false,"excerpt":"Se extiende la inscripci\u00f3n para los aspirantes docentes a desempe\u00f1arse en establecimientos educativos municipales. 04 e Julio de 2025 CHASCOM\u00daS -\u00a0 \u00a0El Tribunal de Clasificaci\u00f3n Docente Municipal informa que los docentes aspirantes a desempe\u00f1arse en establecimientos educativos municipales, podr\u00e1n completar la inscripci\u00f3n al listado oficial correspondiente al 2026 hasta el\u2026","rel":"","context":"En \u00abCHASCOM\u00daS\u00bb","block_context":{"text":"CHASCOM\u00daS","link":"https:\/\/larevistadigital.com.ar\/blog\/category\/chascomus\/"},"img":{"alt_text":"","src":"https:\/\/i0.wp.com\/larevistadigital.com.ar\/blog\/wp-content\/uploads\/686814036ee45.png?fit=668%2C445&ssl=1&resize=350%2C200","width":350,"height":200,"srcset":"https:\/\/i0.wp.com\/larevistadigital.com.ar\/blog\/wp-content\/uploads\/686814036ee45.png?fit=668%2C445&ssl=1&resize=350%2C200 1x, https:\/\/i0.wp.com\/larevistadigital.com.ar\/blog\/wp-content\/uploads\/686814036ee45.png?fit=668%2C445&ssl=1&resize=525%2C300 1.5x"},"classes":[]},{"id":1081,"url":"https:\/\/larevistadigital.com.ar\/blog\/los-gremios-lanzan-4-jornadas-mas-de-paro-nacional-y-se-agudiza-el-conflicto-docente\/","url_meta":{"origin":5275,"position":1},"title":"Los gremios lanzan 4 jornadas m\u00e1s de paro nacional y se agudiza el conflicto docente","author":"editor","date":"11 marzo, 2017","format":false,"excerpt":"El Gobierno Nacional insiste en no convocar a la paritaria docente nacional y los maestros lanzaron otros dos paros de 48 horas.\u00a0En Provincia y en CABA tampoco hubo acuerdo. Se agudiza el conflicto. La Confederaci\u00f3n Nacional de Trabajadores de la Educaci\u00f3n (Ctera) convoc\u00f3 a un paro de 48 horas para\u2026","rel":"","context":"En \u00abGREMIALES\u00bb","block_context":{"text":"GREMIALES","link":"https:\/\/larevistadigital.com.ar\/blog\/category\/gremiales\/"},"img":{"alt_text":"","src":"https:\/\/i0.wp.com\/larevistadigital.com.ar\/blog\/wp-content\/uploads\/2017\/03\/0010791820-644x340.jpg?fit=644%2C340&ssl=1&resize=350%2C200","width":350,"height":200,"srcset":"https:\/\/i0.wp.com\/larevistadigital.com.ar\/blog\/wp-content\/uploads\/2017\/03\/0010791820-644x340.jpg?fit=644%2C340&ssl=1&resize=350%2C200 1x, https:\/\/i0.wp.com\/larevistadigital.com.ar\/blog\/wp-content\/uploads\/2017\/03\/0010791820-644x340.jpg?fit=644%2C340&ssl=1&resize=525%2C300 1.5x"},"classes":[]},{"id":44866,"url":"https:\/\/larevistadigital.com.ar\/blog\/chascomus-posta-de-sabores-llega-una-propuesta-innovadora-centrada-en-los-hongos\/","url_meta":{"origin":5275,"position":2},"title":"Chascom\u00fas Posta de sabores: llega una propuesta innovadora centrada en los hongos","author":"Alejandro Sosa Ruda","date":"1 abril, 2026","format":false,"excerpt":"La ciudad se prepara para vivir una nueva edici\u00f3n de Mesa Posta de Sabores, el evento gastron\u00f3mico que celebra la identidad culinaria local y regional como as\u00ed tambi\u00e9n al emprendedorismo. 01 de abril de 2026 CHASCOM\u00daS -\u00a0 \u00a0En el marco de una nueva edici\u00f3n de Mesa Posta de Sabores, el\u2026","rel":"","context":"En \u00abCHASCOM\u00daS\u00bb","block_context":{"text":"CHASCOM\u00daS","link":"https:\/\/larevistadigital.com.ar\/blog\/category\/chascomus\/"},"img":{"alt_text":"","src":"https:\/\/i0.wp.com\/larevistadigital.com.ar\/blog\/wp-content\/uploads\/69cd5407b00e1.png?fit=668%2C445&ssl=1&resize=350%2C200","width":350,"height":200,"srcset":"https:\/\/i0.wp.com\/larevistadigital.com.ar\/blog\/wp-content\/uploads\/69cd5407b00e1.png?fit=668%2C445&ssl=1&resize=350%2C200 1x, https:\/\/i0.wp.com\/larevistadigital.com.ar\/blog\/wp-content\/uploads\/69cd5407b00e1.png?fit=668%2C445&ssl=1&resize=525%2C300 1.5x"},"classes":[]},{"id":27768,"url":"https:\/\/larevistadigital.com.ar\/blog\/proyecto-de-juntos-buscan-crear-la-figura-del-defensor-docente-en-el-territorio-bonaerense\/","url_meta":{"origin":5275,"position":3},"title":"PROYECTO DE JUNTOS: BUSCAN CREAR LA FIGURA DEL DEFENSOR DOCENTE EN EL TERRITORIO BONAERENSE","author":"Alejandro Sosa Ruda","date":"15 septiembre, 2022","format":false,"excerpt":"Ser\u00eda una ayuda para los docentes ante cualquier tipo de acoso, intimidaci\u00f3n o violencia en las aulas, ya sea por situaciones relacionadas con los padres, los alumnos, la administraci\u00f3n educativa o los propios compa\u00f1eros. 15 de septiembre de 2022 BUENOS AIRES -\u00a0 Desde el bloque de diputados bonaerenses de Juntos\u2026","rel":"","context":"En \u00abINTERES GENERAL\u00bb","block_context":{"text":"INTERES GENERAL","link":"https:\/\/larevistadigital.com.ar\/blog\/category\/interes-general\/"},"img":{"alt_text":"","src":"https:\/\/i0.wp.com\/larevistadigital.com.ar\/blog\/wp-content\/uploads\/20220914183818_aula.jpg?fit=880%2C512&ssl=1&resize=350%2C200","width":350,"height":200,"srcset":"https:\/\/i0.wp.com\/larevistadigital.com.ar\/blog\/wp-content\/uploads\/20220914183818_aula.jpg?fit=880%2C512&ssl=1&resize=350%2C200 1x, https:\/\/i0.wp.com\/larevistadigital.com.ar\/blog\/wp-content\/uploads\/20220914183818_aula.jpg?fit=880%2C512&ssl=1&resize=525%2C300 1.5x, https:\/\/i0.wp.com\/larevistadigital.com.ar\/blog\/wp-content\/uploads\/20220914183818_aula.jpg?fit=880%2C512&ssl=1&resize=700%2C400 2x"},"classes":[]},{"id":36597,"url":"https:\/\/larevistadigital.com.ar\/blog\/36597-2\/","url_meta":{"origin":5275,"position":4},"title":"M\u00c1S PROPUESTAS CULTURALES ABIERTAS Y GRATUITAS","author":"Alejandro Sosa Ruda","date":"4 julio, 2024","format":false,"excerpt":"Tres propuestas se suman para pasar el fin de semana en Chascom\u00fas 04 de Julio de 2024 CHASCOM\u00daS -\u00a0 Este s\u00e1bado los chascomunenses y los visitantes ocasionales podr\u00e1n disfrutar de una agenda abierta y gratuita propuesta por el \u00e1rea de cultura municipal. Se trata de tres actividades que se desarrollar\u00e1n\u2026","rel":"","context":"En \u00abREGIONALES\u00bb","block_context":{"text":"REGIONALES","link":"https:\/\/larevistadigital.com.ar\/blog\/category\/regionales\/"},"img":{"alt_text":"","src":"https:\/\/i0.wp.com\/larevistadigital.com.ar\/blog\/wp-content\/uploads\/2024_07_05_01_06_53_183549.jpeg?fit=600%2C452&ssl=1&resize=350%2C200","width":350,"height":200,"srcset":"https:\/\/i0.wp.com\/larevistadigital.com.ar\/blog\/wp-content\/uploads\/2024_07_05_01_06_53_183549.jpeg?fit=600%2C452&ssl=1&resize=350%2C200 1x, https:\/\/i0.wp.com\/larevistadigital.com.ar\/blog\/wp-content\/uploads\/2024_07_05_01_06_53_183549.jpeg?fit=600%2C452&ssl=1&resize=525%2C300 1.5x"},"classes":[]},{"id":24200,"url":"https:\/\/larevistadigital.com.ar\/blog\/docentes-aceptan-la-propuesta-salarial-del-gobierno-de-la-provicia-42-en-tres-tramos\/","url_meta":{"origin":5275,"position":5},"title":"DOCENTES ACEPTAN LA PROPUESTA SALARIAL DEL GOBIERNO DE LA PROVICIA (42% EN TRES TRAMOS)","author":"Alejandro Sosa Ruda","date":"25 febrero, 2022","format":false,"excerpt":"La propuesta consisten en el incremento salarial del 42% en 3 tramos lleva el salario inicial del cargo testigo del MG sin antig\u00fcedad de $55.110,7 a $65.006,3 en marzo,\u00a0$71.070,3 en julio y\u00a0$78.549,3 en septiembre. El pasado 22 de febreroel Gobierno de la provincia de Buenos Aires ofreci\u00f3 a los docentes\u2026","rel":"","context":"En \u00abGREMIALES\u00bb","block_context":{"text":"GREMIALES","link":"https:\/\/larevistadigital.com.ar\/blog\/category\/gremiales\/"},"img":{"alt_text":"","src":"https:\/\/i0.wp.com\/larevistadigital.com.ar\/blog\/wp-content\/uploads\/621936340540c_750x499.jpg?fit=750%2C499&ssl=1&resize=350%2C200","width":350,"height":200,"srcset":"https:\/\/i0.wp.com\/larevistadigital.com.ar\/blog\/wp-content\/uploads\/621936340540c_750x499.jpg?fit=750%2C499&ssl=1&resize=350%2C200 1x, https:\/\/i0.wp.com\/larevistadigital.com.ar\/blog\/wp-content\/uploads\/621936340540c_750x499.jpg?fit=750%2C499&ssl=1&resize=525%2C300 1.5x, https:\/\/i0.wp.com\/larevistadigital.com.ar\/blog\/wp-content\/uploads\/621936340540c_750x499.jpg?fit=750%2C499&ssl=1&resize=700%2C400 2x"},"classes":[]}],"_links":{"self":[{"href":"https:\/\/larevistadigital.com.ar\/blog\/wp-json\/wp\/v2\/posts\/5275","targetHints":{"allow":["GET"]}}],"collection":[{"href":"https:\/\/larevistadigital.com.ar\/blog\/wp-json\/wp\/v2\/posts"}],"about":[{"href":"https:\/\/larevistadigital.com.ar\/blog\/wp-json\/wp\/v2\/types\/post"}],"author":[{"embeddable":true,"href":"https:\/\/larevistadigital.com.ar\/blog\/wp-json\/wp\/v2\/users\/1"}],"replies":[{"embeddable":true,"href":"https:\/\/larevistadigital.com.ar\/blog\/wp-json\/wp\/v2\/comments?post=5275"}],"version-history":[{"count":1,"href":"https:\/\/larevistadigital.com.ar\/blog\/wp-json\/wp\/v2\/posts\/5275\/revisions"}],"predecessor-version":[{"id":5277,"href":"https:\/\/larevistadigital.com.ar\/blog\/wp-json\/wp\/v2\/posts\/5275\/revisions\/5277"}],"wp:featuredmedia":[{"embeddable":true,"href":"https:\/\/larevistadigital.com.ar\/blog\/wp-json\/wp\/v2\/media\/5276"}],"wp:attachment":[{"href":"https:\/\/larevistadigital.com.ar\/blog\/wp-json\/wp\/v2\/media?parent=5275"}],"wp:term":[{"taxonomy":"category","embeddable":true,"href":"https:\/\/larevistadigital.com.ar\/blog\/wp-json\/wp\/v2\/categories?post=5275"},{"taxonomy":"post_tag","embeddable":true,"href":"https:\/\/larevistadigital.com.ar\/blog\/wp-json\/wp\/v2\/tags?post=5275"}],"curies":[{"name":"wp","href":"https:\/\/api.w.org\/{rel}","templated":true}]}}