{"id":5278,"date":"2018-03-29T07:29:08","date_gmt":"2018-03-29T07:29:08","guid":{"rendered":"https:\/\/larevistadigital.com.ar\/blog\/?p=5278"},"modified":"2018-03-29T07:29:08","modified_gmt":"2018-03-29T07:29:08","slug":"secretaria-de-asuntos-docentes-hoy-designacion-de-cargos","status":"publish","type":"post","link":"https:\/\/larevistadigital.com.ar\/blog\/secretaria-de-asuntos-docentes-hoy-designacion-de-cargos\/","title":{"rendered":"Secretar\u00eda de Asuntos Docentes: hoy designaci\u00f3n de cargos"},"content":{"rendered":"<p>Secretar\u00eda de Asuntos Docentes de Pila solicit\u00f3 la difusi\u00f3n de la informaci\u00f3n que se detalla:<br \/>\nHoy lunes 26 de marzo acto p\u00fablico, a las 7,30 horas se designar\u00e1n los cargos de creaci\u00f3n que se detallan:<br \/>\n-Un (1) cargo de Maestro de Infantes (MI) \u2013 Jard\u00edn N\u00b0 901 (urbano) \u2013 provisional \u2013 turno tarde (13 a 17 hs.) \u2013 Secci\u00f3n Multiedad.<br \/>\n\u2013 Un (1) cargo de Preceptor (PR) \u2013 Jard\u00edn N\u00b0 901 (urbano) \u2013 provisional \u2013 turno tarde (13 a 17 hs.) \u2013 Secci\u00f3n Multiedad.<\/p>\n","protected":false},"excerpt":{"rendered":"<div class=\"mh-excerpt\"><p>Secretar\u00eda de Asuntos Docentes de Pila solicit\u00f3 la difusi\u00f3n de la informaci\u00f3n que se detalla: Hoy lunes 26 de marzo acto p\u00fablico, a las 7,30 horas se designar\u00e1n los cargos de creaci\u00f3n que se detallan: <a class=\"mh-excerpt-more\" href=\"https:\/\/larevistadigital.com.ar\/blog\/secretaria-de-asuntos-docentes-hoy-designacion-de-cargos\/\" title=\"Secretar\u00eda de Asuntos Docentes: hoy designaci\u00f3n de cargos\">[Leer M\u00e1s]<\/a><\/p>\n<\/div>","protected":false},"author":1,"featured_media":5276,"comment_status":"open","ping_status":"open","sticky":false,"template":"","format":"standard","meta":{"_jetpack_memberships_contains_paid_content":false,"footnotes":"","jetpack_publicize_message":"Secretar\u00eda de Asuntos Docentes: hoy designaci\u00f3n de cargos","jetpack_publicize_feature_enabled":true,"jetpack_social_post_already_shared":true,"jetpack_social_options":{"image_generator_settings":{"template":"highway","default_image_id":0,"font":"","enabled":false},"version":2}},"categories":[42],"tags":[],"class_list":{"0":"post-5278","1":"post","2":"type-post","3":"status-publish","4":"format-standard","5":"has-post-thumbnail","7":"category-pila"},"jetpack_publicize_connections":[],"jetpack_featured_media_url":"https:\/\/i0.wp.com\/larevistadigital.com.ar\/blog\/wp-content\/uploads\/2018\/03\/sad-pila.jpg?fit=726%2C407&ssl=1","jetpack_sharing_enabled":true,"jetpack_shortlink":"https:\/\/wp.me\/p8qtrQ-1n8","jetpack-related-posts":[{"id":5275,"url":"https:\/\/larevistadigital.com.ar\/blog\/secretaria-de-asuntos-docentes-listado-ad-hoc-para-planes-fines\/","url_meta":{"origin":5278,"position":0},"title":"Secretar\u00eda de Asuntos Docentes: Listado \u201cad hoc\u201d para Planes FinEs","author":"admin","date":"29 marzo, 2018","format":false,"excerpt":"A pedido de Jefatura Distrital y en el marco de la Comunicaci\u00f3n N\u00ba 50\/17, se llam\u00f3 a inscripci\u00f3n para la conformaci\u00f3n de un Listado \u201cAd hoc\u201d, el cual caducar\u00e1 en forma cuatrimestral, para la cobertura de las asignaturas Biolog\u00eda e Ingles, correspondientes al Plan FinEs. Los interesados deber\u00e1n presentar, al\u2026","rel":"","context":"En \u00abPILA\u00bb","block_context":{"text":"PILA","link":"https:\/\/larevistadigital.com.ar\/blog\/category\/pila\/"},"img":{"alt_text":"","src":"https:\/\/i0.wp.com\/larevistadigital.com.ar\/blog\/wp-content\/uploads\/2018\/03\/sad-pila.jpg?fit=726%2C407&ssl=1&resize=350%2C200","width":350,"height":200,"srcset":"https:\/\/i0.wp.com\/larevistadigital.com.ar\/blog\/wp-content\/uploads\/2018\/03\/sad-pila.jpg?fit=726%2C407&ssl=1&resize=350%2C200 1x, https:\/\/i0.wp.com\/larevistadigital.com.ar\/blog\/wp-content\/uploads\/2018\/03\/sad-pila.jpg?fit=726%2C407&ssl=1&resize=525%2C300 1.5x, https:\/\/i0.wp.com\/larevistadigital.com.ar\/blog\/wp-content\/uploads\/2018\/03\/sad-pila.jpg?fit=726%2C407&ssl=1&resize=700%2C400 2x"},"classes":[]},{"id":36468,"url":"https:\/\/larevistadigital.com.ar\/blog\/se-extiende-el-periodo-de-inscripcion-a-los-listados-oficiales-municipales-2025\/","url_meta":{"origin":5278,"position":1},"title":"SE EXTIENDE EL PERIODO DE INSCRIPCI\u00d3N A LOS LISTADOS OFICIALES MUNICIPALES 2025","author":"Alejandro Sosa Ruda","date":"28 junio, 2024","format":false,"excerpt":"El Tribunal Docente Municipal informa que inscripci\u00f3n para el listado oficial 2025 se realizar\u00e1 hasta el viernes 12 de julio de 2024, para aspirantes con t\u00edtulo docente, para desempe\u00f1arse en los establecimientos educativos municipales. 28 de Junio de 2024 CHASCOM\u00daS -\u00a0 El horario de atenci\u00f3n de la oficina de Educaci\u00f3n\u2026","rel":"","context":"En \u00abCHASCOM\u00daS\u00bb","block_context":{"text":"CHASCOM\u00daS","link":"https:\/\/larevistadigital.com.ar\/blog\/category\/chascomus\/"},"img":{"alt_text":"","src":"https:\/\/i0.wp.com\/larevistadigital.com.ar\/blog\/wp-content\/uploads\/2024_06_28_02_08_05_9937011.jpg?fit=600%2C401&ssl=1&resize=350%2C200","width":350,"height":200,"srcset":"https:\/\/i0.wp.com\/larevistadigital.com.ar\/blog\/wp-content\/uploads\/2024_06_28_02_08_05_9937011.jpg?fit=600%2C401&ssl=1&resize=350%2C200 1x, https:\/\/i0.wp.com\/larevistadigital.com.ar\/blog\/wp-content\/uploads\/2024_06_28_02_08_05_9937011.jpg?fit=600%2C401&ssl=1&resize=525%2C300 1.5x"},"classes":[]},{"id":5084,"url":"https:\/\/larevistadigital.com.ar\/blog\/cierre-escuelas-rurales-entrevista-la-inspectora-jefa-distrital-lezama-myriam-mongay\/","url_meta":{"origin":5278,"position":2},"title":"Cierre de Escuelas Rurales &#8211; Entrevista a la Inspectora Jefa Distrital de Lezama Myriam Mongay","author":"admin","date":"28 febrero, 2018","format":false,"excerpt":"\u201cNo son situaciones f\u00e1ciles pero hubo un trabajo responsable para llegar a tomar esta decisi\u00f3n...\u201d La funcionaria local confirm\u00f3 el cierre de la Escuela Primaria N\u00b0 8 donde solo hab\u00eda un alumno del Paraje La Josefina, com\u00fanmente llamado Barrancas y tambi\u00e9n la Escuela Primaria N\u00b0 10 que est\u00e1 en el\u2026","rel":"","context":"En \u00abLEZAMA\u00bb","block_context":{"text":"LEZAMA","link":"https:\/\/larevistadigital.com.ar\/blog\/category\/lezama\/"},"img":{"alt_text":"","src":"https:\/\/i0.wp.com\/larevistadigital.com.ar\/blog\/wp-content\/uploads\/2018\/03\/resize_1519750530.jpg?fit=640%2C480&ssl=1&resize=350%2C200","width":350,"height":200,"srcset":"https:\/\/i0.wp.com\/larevistadigital.com.ar\/blog\/wp-content\/uploads\/2018\/03\/resize_1519750530.jpg?fit=640%2C480&ssl=1&resize=350%2C200 1x, https:\/\/i0.wp.com\/larevistadigital.com.ar\/blog\/wp-content\/uploads\/2018\/03\/resize_1519750530.jpg?fit=640%2C480&ssl=1&resize=525%2C300 1.5x"},"classes":[]},{"id":26066,"url":"https:\/\/larevistadigital.com.ar\/blog\/pila-dos-antilopes-fueron-filmados-corriendo-por-el-centro-de-la-ciudad\/","url_meta":{"origin":5278,"position":3},"title":"PILA: [VIDEO] DOS ANT\u00cdLOPES FUERON FILMADOS CORRIENDO POR EL CENTRO DE LA CIUDAD","author":"Alejandro Sosa Ruda","date":"24 junio, 2022","format":false,"excerpt":"El hecho fue registrado en un video que generosamente nos cedi\u00f3 Gerardo Basualdo, Director de \"Medios Coranto\". \u00a1Gracias! PILA -\u00a0 Los vecinos de la ciudad de Pila se llevaron la sorpresa de que dos ant\u00edlopes se pasearon por el centro, algo que no es com\u00fan de apreciar. En el video\u2026","rel":"","context":"En \u00abPILA\u00bb","block_context":{"text":"PILA","link":"https:\/\/larevistadigital.com.ar\/blog\/category\/pila\/"},"img":{"alt_text":"","src":"https:\/\/i0.wp.com\/larevistadigital.com.ar\/blog\/wp-content\/uploads\/PILA-ANTILOPES.png?fit=800%2C387&ssl=1&resize=350%2C200","width":350,"height":200,"srcset":"https:\/\/i0.wp.com\/larevistadigital.com.ar\/blog\/wp-content\/uploads\/PILA-ANTILOPES.png?fit=800%2C387&ssl=1&resize=350%2C200 1x, https:\/\/i0.wp.com\/larevistadigital.com.ar\/blog\/wp-content\/uploads\/PILA-ANTILOPES.png?fit=800%2C387&ssl=1&resize=525%2C300 1.5x, https:\/\/i0.wp.com\/larevistadigital.com.ar\/blog\/wp-content\/uploads\/PILA-ANTILOPES.png?fit=800%2C387&ssl=1&resize=700%2C400 2x"},"classes":[]},{"id":9633,"url":"https:\/\/larevistadigital.com.ar\/blog\/pila-se-llevo-a-cabo-el-proyecto-fortaleciendo-lazos-comunitarios\/","url_meta":{"origin":5278,"position":4},"title":"PILA: SE LLEV\u00d3 A CABO EL PROYECTO \u00abFORTALECIENDO LAZOS COMUNITARIOS\u00bb","author":"Alejandro Sosa Ruda","date":"9 abril, 2019","format":false,"excerpt":"En la ma\u00f1ana de ayer, se llev\u00f3 a cabo el proyecto \"Fortaleciendo Lazos Comunitarios\", el cual fue organizado por alumnos y docentes del C.E.C. N\u00b0 801. En la primer charla dictada a los peques de jard\u00edn estuvo a cargo del veterinario Manuel iriarte , quien le cont\u00f3 el cuidado de\u2026","rel":"","context":"En \u00abPILA\u00bb","block_context":{"text":"PILA","link":"https:\/\/larevistadigital.com.ar\/blog\/category\/pila\/"},"img":{"alt_text":"","src":"https:\/\/i0.wp.com\/larevistadigital.com.ar\/blog\/wp-content\/uploads\/2019\/04\/56966786_2087990077916450_1304198323015516160_n.jpg?fit=960%2C640&ssl=1&resize=350%2C200","width":350,"height":200,"srcset":"https:\/\/i0.wp.com\/larevistadigital.com.ar\/blog\/wp-content\/uploads\/2019\/04\/56966786_2087990077916450_1304198323015516160_n.jpg?fit=960%2C640&ssl=1&resize=350%2C200 1x, https:\/\/i0.wp.com\/larevistadigital.com.ar\/blog\/wp-content\/uploads\/2019\/04\/56966786_2087990077916450_1304198323015516160_n.jpg?fit=960%2C640&ssl=1&resize=525%2C300 1.5x, https:\/\/i0.wp.com\/larevistadigital.com.ar\/blog\/wp-content\/uploads\/2019\/04\/56966786_2087990077916450_1304198323015516160_n.jpg?fit=960%2C640&ssl=1&resize=700%2C400 2x"},"classes":[]},{"id":5341,"url":"https:\/\/larevistadigital.com.ar\/blog\/entregaron-nuevo-mobiliario-al-jardin-maternal-1-y-jardin-de-infantes-901\/","url_meta":{"origin":5278,"position":5},"title":"Entregaron nuevo mobiliario al Jard\u00edn Maternal 1 y Jard\u00edn de Infantes 901","author":"admin","date":"29 marzo, 2018","format":false,"excerpt":"En la tarde del lunes dos instituciones educativas de la ciudad de Lezama, recibieron de parte del Consejo Escolar de dicho Distrito, mobiliario nuevo para ser utilizado por alumnos del nivel inicial. Se trata del Jard\u00edn de infantes N\u00b0 901 y el Jard\u00edn Maternal n\u00ba 1 que, en esta oportunidad,\u2026","rel":"","context":"En \u00abLEZAMA\u00bb","block_context":{"text":"LEZAMA","link":"https:\/\/larevistadigital.com.ar\/blog\/category\/lezama\/"},"img":{"alt_text":"","src":"https:\/\/i0.wp.com\/larevistadigital.com.ar\/blog\/wp-content\/uploads\/2018\/03\/mobiliario-jardines-lezama.jpg?fit=800%2C535&ssl=1&resize=350%2C200","width":350,"height":200,"srcset":"https:\/\/i0.wp.com\/larevistadigital.com.ar\/blog\/wp-content\/uploads\/2018\/03\/mobiliario-jardines-lezama.jpg?fit=800%2C535&ssl=1&resize=350%2C200 1x, https:\/\/i0.wp.com\/larevistadigital.com.ar\/blog\/wp-content\/uploads\/2018\/03\/mobiliario-jardines-lezama.jpg?fit=800%2C535&ssl=1&resize=525%2C300 1.5x, https:\/\/i0.wp.com\/larevistadigital.com.ar\/blog\/wp-content\/uploads\/2018\/03\/mobiliario-jardines-lezama.jpg?fit=800%2C535&ssl=1&resize=700%2C400 2x"},"classes":[]}],"_links":{"self":[{"href":"https:\/\/larevistadigital.com.ar\/blog\/wp-json\/wp\/v2\/posts\/5278","targetHints":{"allow":["GET"]}}],"collection":[{"href":"https:\/\/larevistadigital.com.ar\/blog\/wp-json\/wp\/v2\/posts"}],"about":[{"href":"https:\/\/larevistadigital.com.ar\/blog\/wp-json\/wp\/v2\/types\/post"}],"author":[{"embeddable":true,"href":"https:\/\/larevistadigital.com.ar\/blog\/wp-json\/wp\/v2\/users\/1"}],"replies":[{"embeddable":true,"href":"https:\/\/larevistadigital.com.ar\/blog\/wp-json\/wp\/v2\/comments?post=5278"}],"version-history":[{"count":1,"href":"https:\/\/larevistadigital.com.ar\/blog\/wp-json\/wp\/v2\/posts\/5278\/revisions"}],"predecessor-version":[{"id":5279,"href":"https:\/\/larevistadigital.com.ar\/blog\/wp-json\/wp\/v2\/posts\/5278\/revisions\/5279"}],"wp:featuredmedia":[{"embeddable":true,"href":"https:\/\/larevistadigital.com.ar\/blog\/wp-json\/wp\/v2\/media\/5276"}],"wp:attachment":[{"href":"https:\/\/larevistadigital.com.ar\/blog\/wp-json\/wp\/v2\/media?parent=5278"}],"wp:term":[{"taxonomy":"category","embeddable":true,"href":"https:\/\/larevistadigital.com.ar\/blog\/wp-json\/wp\/v2\/categories?post=5278"},{"taxonomy":"post_tag","embeddable":true,"href":"https:\/\/larevistadigital.com.ar\/blog\/wp-json\/wp\/v2\/tags?post=5278"}],"curies":[{"name":"wp","href":"https:\/\/api.w.org\/{rel}","templated":true}]}}