{"id":5287,"date":"2018-03-29T07:32:08","date_gmt":"2018-03-29T07:32:08","guid":{"rendered":"https:\/\/larevistadigital.com.ar\/blog\/?p=5287"},"modified":"2018-03-29T07:32:08","modified_gmt":"2018-03-29T07:32:08","slug":"eventos-programados-para-la-semana-santa","status":"publish","type":"post","link":"https:\/\/larevistadigital.com.ar\/blog\/eventos-programados-para-la-semana-santa\/","title":{"rendered":"Eventos programados para la Semana Santa"},"content":{"rendered":"<p>Los siguientes son los eventos programados para esta Semana Santa, que presidir\u00e1 nuestro P\u00e1rroco el Padre Claudio Munilla.<br \/>\nHoy, lunes 26, a las 18 horas habr\u00e1 confesiones en el templo, a las 19 celebraci\u00f3n de la Santa Misa y a las 19,30 meditaci\u00f3n \u201cRito del fuego y de la Luz\u201d.<br \/>\nMa\u00f1ana, a las 19 horas, se celebrar\u00e1 Misa Crismal en la Catedral de Chascom\u00fas y el mi\u00e9rcoles 28 de marzo, a las 18 habr\u00e1 confesiones en el Templo Parroquial; a las 19 se oficiar\u00e1 la Santa Misa y a las 19,30 Meditaci\u00f3n \u201cRito del agua, signo de pan y vino\u201d.<br \/>\nEl jueves Santo, de 10 a 12 horas, confesiones en el templo parroquial; a las 19 misa de la Ultima Cena del Se\u00f1or y de 20 a 24 adoraci\u00f3n ante el Sant\u00edsimo Sacramento (se pidi\u00f3 llevar un alimento no perecedero como acto de caridad).<br \/>\nEl viernes Santo (d\u00eda de ayuno y abstinencia) a las 10 horas confesiones en el Templo Parroquial; a las 15 ser\u00e1 la hora de la Divina Misericordia (meditaci\u00f3n y comienzo de la novena a Jes\u00fas Misericordioso, rezo de la coronilla; de 17 a 18,30 nuevamente confesiones en el templo; a las 19 celebraci\u00f3n de la pasi\u00f3n y muerte y sepultura de Nuestro Se\u00f1or Jesucristo y a las 20 rezo del V\u00eda Crucis desde la puerta del templo, memoria de los Dolores de la Sant\u00edsima Virgen al pi\u00e9 de la Cruz.<br \/>\nEl s\u00e1bado Santo; 31 de marzo, a las 10 horas rezo del Santo Rosario por los seres queridos difuntos y por las almas del purgatorio, en el cementerio local (anotar las intenciones por Secretar\u00eda Parroquial); de 11,30 a 13 confesiones en el templo parroquial y a las 20 \u201cSolemne Vigilia Pascual y anuncio de la Resurrecci\u00f3n del Se\u00f1or\u201d.<br \/>\nEl domingo de Pascua de Resurrecci\u00f3n, 1\u00ba de abril, a las 10,30 horas, se oficiar\u00e1 la Santa Misa, rez\u00e1ndose por la Paz en el Mundo, por la Iglesia y nuestras familias.<br \/>\nEl domingo de la Divina Misericordia, 8 de Abril: a las 10,30 horas Santa Misa en honor a Jes\u00fas Misericordioso.<\/p>\n","protected":false},"excerpt":{"rendered":"<div class=\"mh-excerpt\"><p>Los siguientes son los eventos programados para esta Semana Santa, que presidir\u00e1 nuestro P\u00e1rroco el Padre Claudio Munilla. Hoy, lunes 26, a las 18 horas habr\u00e1 confesiones en el templo, a las 19 celebraci\u00f3n de <a class=\"mh-excerpt-more\" href=\"https:\/\/larevistadigital.com.ar\/blog\/eventos-programados-para-la-semana-santa\/\" title=\"Eventos programados para la Semana Santa\">[Leer M\u00e1s]<\/a><\/p>\n<\/div>","protected":false},"author":1,"featured_media":5288,"comment_status":"open","ping_status":"open","sticky":false,"template":"","format":"standard","meta":{"_jetpack_memberships_contains_paid_content":false,"footnotes":"","jetpack_publicize_message":"Eventos programados para la Semana Santa","jetpack_publicize_feature_enabled":true,"jetpack_social_post_already_shared":true,"jetpack_social_options":{"image_generator_settings":{"template":"highway","default_image_id":0,"font":"","enabled":false},"version":2}},"categories":[42],"tags":[],"class_list":{"0":"post-5287","1":"post","2":"type-post","3":"status-publish","4":"format-standard","5":"has-post-thumbnail","7":"category-pila"},"jetpack_publicize_connections":[],"jetpack_featured_media_url":"https:\/\/i0.wp.com\/larevistadigital.com.ar\/blog\/wp-content\/uploads\/2018\/03\/pila2_26demarzode2108_elfuerte.jpg?fit=737%2C415&ssl=1","jetpack_sharing_enabled":true,"jetpack_shortlink":"https:\/\/wp.me\/p8qtrQ-1nh","jetpack-related-posts":[{"id":29090,"url":"https:\/\/larevistadigital.com.ar\/blog\/chascomus-dolor-fallecio-el-padre-remigio\/","url_meta":{"origin":5287,"position":0},"title":"CHASCOM\u00daS: PROFUNDO DOLOR POR EL FALLECIMIENTO DEL PADRE REMIGIO.","author":"Alejandro Sosa Ruda","date":"26 noviembre, 2022","format":false,"excerpt":"Profundo pesar provoc\u00f3 la noticia del fallecimiento del\u00a0 padre Remigio Chmelar, quien padec\u00eda una dolencia. Compartimos lo publicado por la Di\u00f3sesis y expresamos nuestro p\u00e9same a familiares, amigos, feligres\u00eda y vecinos de Chascom\u00fas. 26 de noviembre de 2022 DI\u00d3CESIS | Con hondo pesar compartimos el fallecimiento de Remigio Chmelar, Sacerdote.\u2026","rel":"","context":"En \u00abDESTACADAS\u00bb","block_context":{"text":"DESTACADAS","link":"https:\/\/larevistadigital.com.ar\/blog\/category\/destacadas\/"},"img":{"alt_text":"","src":"https:\/\/i0.wp.com\/larevistadigital.com.ar\/blog\/wp-content\/uploads\/top-view-of-black-bow-as-mourning-symbol-on-dark-wall.jpg?fit=1200%2C801&ssl=1&resize=350%2C200","width":350,"height":200,"srcset":"https:\/\/i0.wp.com\/larevistadigital.com.ar\/blog\/wp-content\/uploads\/top-view-of-black-bow-as-mourning-symbol-on-dark-wall.jpg?fit=1200%2C801&ssl=1&resize=350%2C200 1x, https:\/\/i0.wp.com\/larevistadigital.com.ar\/blog\/wp-content\/uploads\/top-view-of-black-bow-as-mourning-symbol-on-dark-wall.jpg?fit=1200%2C801&ssl=1&resize=525%2C300 1.5x, https:\/\/i0.wp.com\/larevistadigital.com.ar\/blog\/wp-content\/uploads\/top-view-of-black-bow-as-mourning-symbol-on-dark-wall.jpg?fit=1200%2C801&ssl=1&resize=700%2C400 2x, https:\/\/i0.wp.com\/larevistadigital.com.ar\/blog\/wp-content\/uploads\/top-view-of-black-bow-as-mourning-symbol-on-dark-wall.jpg?fit=1200%2C801&ssl=1&resize=1050%2C600 3x"},"classes":[]},{"id":39547,"url":"https:\/\/larevistadigital.com.ar\/blog\/rito-de-cierre-del-feretro-del-papa-francisco-en-la-basilica-de-san-pedro\/","url_meta":{"origin":5287,"position":1},"title":"Rito de cierre del f\u00e9retro del Papa Francisco en la Bas\u00edlica de San Pedro","author":"Alejandro Sosa Ruda","date":"26 abril, 2025","format":false,"excerpt":"Este jueves por la tarde, a las 20:00 horas, se realiz\u00f3 en el Altar de la Confesi\u00f3n de la Bas\u00edlica de San Pedro la ceremonia de clausura del ata\u00fad del Papa Francisco, en un acto reservado y solemne presidido por el cardenal camarlengo Kevin Joseph Farrell. Asistieron al momento algunos\u2026","rel":"","context":"En \u00abINTERES GENERAL\u00bb","block_context":{"text":"INTERES GENERAL","link":"https:\/\/larevistadigital.com.ar\/blog\/category\/interes-general\/"},"img":{"alt_text":"","src":"https:\/\/i0.wp.com\/larevistadigital.com.ar\/blog\/wp-content\/uploads\/20250425185028_rito-cierre-feretro-papa-francisco.jpg?fit=880%2C512&ssl=1&resize=350%2C200","width":350,"height":200,"srcset":"https:\/\/i0.wp.com\/larevistadigital.com.ar\/blog\/wp-content\/uploads\/20250425185028_rito-cierre-feretro-papa-francisco.jpg?fit=880%2C512&ssl=1&resize=350%2C200 1x, https:\/\/i0.wp.com\/larevistadigital.com.ar\/blog\/wp-content\/uploads\/20250425185028_rito-cierre-feretro-papa-francisco.jpg?fit=880%2C512&ssl=1&resize=525%2C300 1.5x, https:\/\/i0.wp.com\/larevistadigital.com.ar\/blog\/wp-content\/uploads\/20250425185028_rito-cierre-feretro-papa-francisco.jpg?fit=880%2C512&ssl=1&resize=700%2C400 2x"},"classes":[]},{"id":44452,"url":"https:\/\/larevistadigital.com.ar\/blog\/el-radicalismo-local-rendira-homenaje-a-raul-alfonin-en-el-inicio-del-centenario-de-su-nacimiento\/","url_meta":{"origin":5287,"position":2},"title":"El radicalismo local rendir\u00e1 homenaje a Ra\u00fal Alfon\u00edn en el inicio del centenario de su nacimiento","author":"Alejandro Sosa Ruda","date":"10 marzo, 2026","format":false,"excerpt":"Se trata de una conmemoraci\u00f3n por cumplirse 99 a\u00f1os del natalicio del \"Padre de la Democracia\". 10 de marzo de 2026 CHASCOM\u00daS -\u00a0 \u00a0 Este jueves a las 10,30 horas, el Comit\u00e9 de la Uni\u00f3n C\u00edvica Radical recordar\u00e1 la figura de Ra\u00fal Alfons\u00edn, al cumplirse 99 a\u00f1os de su nacimiento.\u2026","rel":"","context":"En \u00abINTERES GENERAL\u00bb","block_context":{"text":"INTERES GENERAL","link":"https:\/\/larevistadigital.com.ar\/blog\/category\/interes-general\/"},"img":{"alt_text":"","src":"https:\/\/i0.wp.com\/larevistadigital.com.ar\/blog\/wp-content\/uploads\/Captura-de-pantalla-2026-03-10-230305.jpg?fit=650%2C498&ssl=1&resize=350%2C200","width":350,"height":200,"srcset":"https:\/\/i0.wp.com\/larevistadigital.com.ar\/blog\/wp-content\/uploads\/Captura-de-pantalla-2026-03-10-230305.jpg?fit=650%2C498&ssl=1&resize=350%2C200 1x, https:\/\/i0.wp.com\/larevistadigital.com.ar\/blog\/wp-content\/uploads\/Captura-de-pantalla-2026-03-10-230305.jpg?fit=650%2C498&ssl=1&resize=525%2C300 1.5x"},"classes":[]},{"id":39412,"url":"https:\/\/larevistadigital.com.ar\/blog\/el-significado-de-la-semana-santa-y-sus-tradiciones-entre-la-fe-la-reflexion-y-la-celebracion\/","url_meta":{"origin":5287,"position":3},"title":"El significado de la Semana Santa y sus tradiciones: entre la fe, la reflexi\u00f3n y la celebraci\u00f3n","author":"Alejandro Sosa Ruda","date":"18 abril, 2025","format":false,"excerpt":"La Semana Santa es una de las conmemoraciones m\u00e1s importantes para el cristianismo, ya que recuerda los \u00faltimos d\u00edas de Jesucristo en la Tierra: su pasi\u00f3n, muerte y resurrecci\u00f3n. Es un tiempo de reflexi\u00f3n espiritual, recogimiento y celebraci\u00f3n que comienza el Domingo de Ramos y culmina en el Domingo de\u2026","rel":"","context":"En \u00abDESTACADAS\u00bb","block_context":{"text":"DESTACADAS","link":"https:\/\/larevistadigital.com.ar\/blog\/category\/destacadas\/"},"img":{"alt_text":"","src":"https:\/\/i0.wp.com\/larevistadigital.com.ar\/blog\/wp-content\/uploads\/ChatGPT-Image-18-abr-2025-12_00_05-p.m.png?fit=1024%2C1024&ssl=1&resize=350%2C200","width":350,"height":200,"srcset":"https:\/\/i0.wp.com\/larevistadigital.com.ar\/blog\/wp-content\/uploads\/ChatGPT-Image-18-abr-2025-12_00_05-p.m.png?fit=1024%2C1024&ssl=1&resize=350%2C200 1x, https:\/\/i0.wp.com\/larevistadigital.com.ar\/blog\/wp-content\/uploads\/ChatGPT-Image-18-abr-2025-12_00_05-p.m.png?fit=1024%2C1024&ssl=1&resize=525%2C300 1.5x, https:\/\/i0.wp.com\/larevistadigital.com.ar\/blog\/wp-content\/uploads\/ChatGPT-Image-18-abr-2025-12_00_05-p.m.png?fit=1024%2C1024&ssl=1&resize=700%2C400 2x"},"classes":[]},{"id":5356,"url":"https:\/\/larevistadigital.com.ar\/blog\/fin-de-semana-largo-sin-dinero-en-los-cajeros-de-chascomus\/","url_meta":{"origin":5287,"position":4},"title":"Fin de semana largo sin dinero en los cajeros de Chascom\u00fas","author":"admin","date":"29 marzo, 2018","format":false,"excerpt":"Francisco Rodr\u00edguez, se\u00f1al\u00f3 ayer que contin\u00faa la preocupaci\u00f3n de los afiliados tras el aumento de la edad jubilatoria y el rechazo del incremento salarial del 15% ofrecido por el gobierno de Vidal. Tambi\u00e9n se\u00f1al\u00f3 que este fin de semana largo no habr\u00e1 guardias para recargar los cajeros autom\u00e1ticos, ocasionando l\u00f3gicos\u2026","rel":"","context":"En \u00abPOLITICA\u00bb","block_context":{"text":"POLITICA","link":"https:\/\/larevistadigital.com.ar\/blog\/category\/politica\/"},"img":{"alt_text":"","src":"https:\/\/i0.wp.com\/larevistadigital.com.ar\/blog\/wp-content\/uploads\/2018\/03\/cajeros.jpg?fit=1200%2C675&ssl=1&resize=350%2C200","width":350,"height":200,"srcset":"https:\/\/i0.wp.com\/larevistadigital.com.ar\/blog\/wp-content\/uploads\/2018\/03\/cajeros.jpg?fit=1200%2C675&ssl=1&resize=350%2C200 1x, https:\/\/i0.wp.com\/larevistadigital.com.ar\/blog\/wp-content\/uploads\/2018\/03\/cajeros.jpg?fit=1200%2C675&ssl=1&resize=525%2C300 1.5x, https:\/\/i0.wp.com\/larevistadigital.com.ar\/blog\/wp-content\/uploads\/2018\/03\/cajeros.jpg?fit=1200%2C675&ssl=1&resize=700%2C400 2x, https:\/\/i0.wp.com\/larevistadigital.com.ar\/blog\/wp-content\/uploads\/2018\/03\/cajeros.jpg?fit=1200%2C675&ssl=1&resize=1050%2C600 3x"},"classes":[]},{"id":26970,"url":"https:\/\/larevistadigital.com.ar\/blog\/mar-del-plata-acusan-a-pastor-evangelico-por-trata-de-personas\/","url_meta":{"origin":5287,"position":5},"title":"MAR DEL PLATA: ACUSAN A PASTOR EVANG\u00c9LICO POR TRATA DE PERSONAS","author":"Alejandro Sosa Ruda","date":"4 agosto, 2022","format":false,"excerpt":"Un pastor evang\u00e9lico fue detenido en Mar del Plata acusado de obligar a trabajar a personas que asist\u00eda en un hogar para hombres de la calle. Seg\u00fan inform\u00f3 el portal entrel\u00edneas.info, se detuvo a un pastor evang\u00e9lico en las \u00faltimas horas en Mar del Plata, acusado de trata de personas\u2026","rel":"","context":"En \u00abPOLICIALES\u00bb","block_context":{"text":"POLICIALES","link":"https:\/\/larevistadigital.com.ar\/blog\/category\/policiales\/"},"img":{"alt_text":"","src":"https:\/\/i0.wp.com\/larevistadigital.com.ar\/blog\/wp-content\/uploads\/636a9b0108f0a25202c40cc6e996f9ec4dc11d0a.jpg?fit=1140%2C616&ssl=1&resize=350%2C200","width":350,"height":200,"srcset":"https:\/\/i0.wp.com\/larevistadigital.com.ar\/blog\/wp-content\/uploads\/636a9b0108f0a25202c40cc6e996f9ec4dc11d0a.jpg?fit=1140%2C616&ssl=1&resize=350%2C200 1x, https:\/\/i0.wp.com\/larevistadigital.com.ar\/blog\/wp-content\/uploads\/636a9b0108f0a25202c40cc6e996f9ec4dc11d0a.jpg?fit=1140%2C616&ssl=1&resize=525%2C300 1.5x, https:\/\/i0.wp.com\/larevistadigital.com.ar\/blog\/wp-content\/uploads\/636a9b0108f0a25202c40cc6e996f9ec4dc11d0a.jpg?fit=1140%2C616&ssl=1&resize=700%2C400 2x, https:\/\/i0.wp.com\/larevistadigital.com.ar\/blog\/wp-content\/uploads\/636a9b0108f0a25202c40cc6e996f9ec4dc11d0a.jpg?fit=1140%2C616&ssl=1&resize=1050%2C600 3x"},"classes":[]}],"_links":{"self":[{"href":"https:\/\/larevistadigital.com.ar\/blog\/wp-json\/wp\/v2\/posts\/5287","targetHints":{"allow":["GET"]}}],"collection":[{"href":"https:\/\/larevistadigital.com.ar\/blog\/wp-json\/wp\/v2\/posts"}],"about":[{"href":"https:\/\/larevistadigital.com.ar\/blog\/wp-json\/wp\/v2\/types\/post"}],"author":[{"embeddable":true,"href":"https:\/\/larevistadigital.com.ar\/blog\/wp-json\/wp\/v2\/users\/1"}],"replies":[{"embeddable":true,"href":"https:\/\/larevistadigital.com.ar\/blog\/wp-json\/wp\/v2\/comments?post=5287"}],"version-history":[{"count":1,"href":"https:\/\/larevistadigital.com.ar\/blog\/wp-json\/wp\/v2\/posts\/5287\/revisions"}],"predecessor-version":[{"id":5289,"href":"https:\/\/larevistadigital.com.ar\/blog\/wp-json\/wp\/v2\/posts\/5287\/revisions\/5289"}],"wp:featuredmedia":[{"embeddable":true,"href":"https:\/\/larevistadigital.com.ar\/blog\/wp-json\/wp\/v2\/media\/5288"}],"wp:attachment":[{"href":"https:\/\/larevistadigital.com.ar\/blog\/wp-json\/wp\/v2\/media?parent=5287"}],"wp:term":[{"taxonomy":"category","embeddable":true,"href":"https:\/\/larevistadigital.com.ar\/blog\/wp-json\/wp\/v2\/categories?post=5287"},{"taxonomy":"post_tag","embeddable":true,"href":"https:\/\/larevistadigital.com.ar\/blog\/wp-json\/wp\/v2\/tags?post=5287"}],"curies":[{"name":"wp","href":"https:\/\/api.w.org\/{rel}","templated":true}]}}