{"id":5290,"date":"2018-03-29T07:37:06","date_gmt":"2018-03-29T07:37:06","guid":{"rendered":"https:\/\/larevistadigital.com.ar\/blog\/?p=5290"},"modified":"2018-03-29T07:37:06","modified_gmt":"2018-03-29T07:37:06","slug":"el-club-de-abuelos-y-mas-de-70-familias-de-general-belgrano-seran-las-protagonistas-de-un-acto-de-escrituracion","status":"publish","type":"post","link":"https:\/\/larevistadigital.com.ar\/blog\/el-club-de-abuelos-y-mas-de-70-familias-de-general-belgrano-seran-las-protagonistas-de-un-acto-de-escrituracion\/","title":{"rendered":"EL CLUB DE ABUELOS Y M\u00c1S DE 70 FAMILIAS DE GENERAL BELGRANO SER\u00c1N LAS PROTAGONISTAS DE UN ACTO DE ESCRITURACI\u00d3N."},"content":{"rendered":"<p>&nbsp;<\/p>\n<p>El Club de Abuelos de General Belgrano dar\u00e1 el\u00a0<span class=\"text_exposed_show\">primer paso para tener su escritura. Es que en un acto de escrituraci\u00f3n social, la Escriban\u00eda General de Gobierno entregar\u00e1 una escritura a favor del municipio con el objetivo de que luego se done a la instituci\u00f3n dedicada a la tercera edad.<\/span><\/p>\n<div class=\"text_exposed_show\">\n<p>En ese mismo marco se firmar\u00e1n un total de 35 escrituras y se entregar\u00e1n 44, todas gestionadas gracias al trabajo conjunto del municipio y de la Escriban\u00eda General de Gobierno de la provincia de Buenos Aires.<\/p>\n<p>El evento se llevar\u00e1 a cabo este mi\u00e9rcoles 28 de marzo, a las 11 hs, en el Cine Teatro Municipal, ubicado en la calle 9 entre 16 y 14. El mismo estar\u00e1 encabezado por intendente municipal, Osvaldo Din\u00e1poli, la escribana adscripta directora, de la Escribania General De Gobierno, Silvina Vargas y la jefa del departamento de Escrituraci\u00f3n Social Del Instituto De La Vivienda, Maria Guicciardini.<\/p>\n<p>Todos los interesados en escriturar de forma gratuita pueden consultar los requisitos en la p\u00e1gina\u00a0<a href=\"http:\/\/www.egg.gba.gob.ar\/\" target=\"_blank\" rel=\"noopener nofollow\" data-ft=\"{&quot;tn&quot;:&quot;-U&quot;}\" data-lynx-mode=\"asynclazy\" data-lynx-uri=\"https:\/\/l.facebook.com\/l.php?u=http%3A%2F%2Fwww.egg.gba.gob.ar%2F&amp;h=ATMCsatJZ7t17vkXKBYyJ6n6lPmetgK-5tM21nCNppTDUhMIjYjaSCfca9gLldI8FM6hjPKvr5nyyHHlkHi7p1iClTKFNUPBbhBOOQa317K21bjnYSmreH5A1txzEUvMbqd2GRJ_\">www.egg.gba.gob.ar<\/a>\u00a0o en la fan page: Escriban\u00eda General de Gobierno &#8211; Oficial<\/p>\n<\/div>\n","protected":false},"excerpt":{"rendered":"<div class=\"mh-excerpt\"><p>&nbsp; El Club de Abuelos de General Belgrano dar\u00e1 el\u00a0primer paso para tener su escritura. Es que en un acto de escrituraci\u00f3n social, la Escriban\u00eda General de Gobierno entregar\u00e1 una escritura a favor del municipio <a class=\"mh-excerpt-more\" href=\"https:\/\/larevistadigital.com.ar\/blog\/el-club-de-abuelos-y-mas-de-70-familias-de-general-belgrano-seran-las-protagonistas-de-un-acto-de-escrituracion\/\" title=\"EL CLUB DE ABUELOS Y M\u00c1S DE 70 FAMILIAS DE GENERAL BELGRANO SER\u00c1N LAS PROTAGONISTAS DE UN ACTO DE ESCRITURACI\u00d3N.\">[Leer M\u00e1s]<\/a><\/p>\n<\/div>","protected":false},"author":1,"featured_media":5291,"comment_status":"open","ping_status":"open","sticky":false,"template":"","format":"standard","meta":{"_jetpack_memberships_contains_paid_content":false,"footnotes":"","jetpack_publicize_message":"EL CLUB DE ABUELOS Y M\u00c1S DE 70 FAMILIAS DE GENERAL BELGRANO SER\u00c1N LAS PROTAGONISTAS DE UN ACTO DE ESCRITURACI\u00d3N.","jetpack_publicize_feature_enabled":true,"jetpack_social_post_already_shared":true,"jetpack_social_options":{"image_generator_settings":{"template":"highway","default_image_id":0,"font":"","enabled":false},"version":2}},"categories":[3],"tags":[],"class_list":{"0":"post-5290","1":"post","2":"type-post","3":"status-publish","4":"format-standard","5":"has-post-thumbnail","7":"category-general-belgrano"},"jetpack_publicize_connections":[],"jetpack_featured_media_url":"https:\/\/i0.wp.com\/larevistadigital.com.ar\/blog\/wp-content\/uploads\/2018\/03\/29572357_1580944818619750_7396436809824185259_n.jpg?fit=960%2C639&ssl=1","jetpack_sharing_enabled":true,"jetpack_shortlink":"https:\/\/wp.me\/p8qtrQ-1nk","jetpack-related-posts":[{"id":1057,"url":"https:\/\/larevistadigital.com.ar\/blog\/el-municipio-entrego-un-subsidio-al-instituto-cristo-rey\/","url_meta":{"origin":5290,"position":0},"title":"El Municipio entreg\u00f3 un subsidio al Instituto Cristo Rey","author":"editor","date":"11 marzo, 2017","format":false,"excerpt":"Directivos de los tres niveles del Instituto Cristo Rey de Lezama, se reunieron con el Intendente Arnaldo Harispe para recibir un subsidio que se hab\u00eda gestionado con el fin de construir un aula escuela en el predio del vivero que la instituci\u00f3n tiene en calle Hern\u00e1ndez, en un terreno oportunamente\u2026","rel":"","context":"En \u00abLEZAMA\u00bb","block_context":{"text":"LEZAMA","link":"https:\/\/larevistadigital.com.ar\/blog\/category\/lezama\/"},"img":{"alt_text":"","src":"https:\/\/i0.wp.com\/larevistadigital.com.ar\/blog\/wp-content\/uploads\/2017\/03\/HARISPE.jpg?fit=640%2C427&ssl=1&resize=350%2C200","width":350,"height":200,"srcset":"https:\/\/i0.wp.com\/larevistadigital.com.ar\/blog\/wp-content\/uploads\/2017\/03\/HARISPE.jpg?fit=640%2C427&ssl=1&resize=350%2C200 1x, https:\/\/i0.wp.com\/larevistadigital.com.ar\/blog\/wp-content\/uploads\/2017\/03\/HARISPE.jpg?fit=640%2C427&ssl=1&resize=525%2C300 1.5x"},"classes":[]},{"id":7138,"url":"https:\/\/larevistadigital.com.ar\/blog\/belgrano-denuncian-persecucion-sindical-a-dirigente-de-cicop-de-general-belgrano\/","url_meta":{"origin":5290,"position":1},"title":"BELGRANO: DENUNCIAN PERSECUCI\u00d3N SINDICAL A DIRIGENTE DE CICOP DE GENERAL BELGRANO","author":"Alejandro Sosa Ruda","date":"10 diciembre, 2018","format":false,"excerpt":"Los trabajadores y las trabajadoras nucleados en la Asociaci\u00f3n Sindical de Profesionales de la Salud de la Provincia de Buenos Aires (CICOP) de General Belgrano denunciaron que\u00a0\u201cviolando todas las normas vigentes, ante una querella penal por una presunta mala praxis profesional, el Gobierno municipal\u00a0inici\u00f3 un sumario administrativo sobre la Secretaria\u2026","rel":"","context":"En \u00abGREMIALES\u00bb","block_context":{"text":"GREMIALES","link":"https:\/\/larevistadigital.com.ar\/blog\/category\/gremiales\/"},"img":{"alt_text":"","src":"https:\/\/i0.wp.com\/larevistadigital.com.ar\/blog\/wp-content\/uploads\/2018\/12\/a108262.jpg?fit=880%2C662&ssl=1&resize=350%2C200","width":350,"height":200,"srcset":"https:\/\/i0.wp.com\/larevistadigital.com.ar\/blog\/wp-content\/uploads\/2018\/12\/a108262.jpg?fit=880%2C662&ssl=1&resize=350%2C200 1x, https:\/\/i0.wp.com\/larevistadigital.com.ar\/blog\/wp-content\/uploads\/2018\/12\/a108262.jpg?fit=880%2C662&ssl=1&resize=525%2C300 1.5x, https:\/\/i0.wp.com\/larevistadigital.com.ar\/blog\/wp-content\/uploads\/2018\/12\/a108262.jpg?fit=880%2C662&ssl=1&resize=700%2C400 2x"},"classes":[]},{"id":42369,"url":"https:\/\/larevistadigital.com.ar\/blog\/chascomus-135-vecinos-firmaron-escrituras-para-acceder-a-su-titulo-de-propiedad-y-cumplir-el-sueno-de-la-casa-propia\/","url_meta":{"origin":5290,"position":2},"title":"Chascom\u00fas: 135 vecinos firmaron escrituras para acceder a su t\u00edtulo de propiedad y cumplir el sue\u00f1o de la \u201ccasa propia\u201d","author":"Alejandro Sosa Ruda","date":"5 noviembre, 2025","format":false,"excerpt":"Quienes deseen realizar este tr\u00e1mite pueden acercarse al \u00e1rea de H\u00e1bitat de la Municipalidad de Chascom\u00fas. 05 de Noviembre de 2025 CHASCOM\u00daS -\u00a0 \u00a0Este martes, en el Teatro Municipal Brazzola, se llev\u00f3 a cabo un acto de firma de escrituras organizado por la Escriban\u00eda General de Gobierno de la Provincia\u2026","rel":"","context":"En \u00abCHASCOM\u00daS\u00bb","block_context":{"text":"CHASCOM\u00daS","link":"https:\/\/larevistadigital.com.ar\/blog\/category\/chascomus\/"},"img":{"alt_text":"","src":"https:\/\/i0.wp.com\/larevistadigital.com.ar\/blog\/wp-content\/uploads\/690a3af07d3a3.png?fit=668%2C445&ssl=1&resize=350%2C200","width":350,"height":200,"srcset":"https:\/\/i0.wp.com\/larevistadigital.com.ar\/blog\/wp-content\/uploads\/690a3af07d3a3.png?fit=668%2C445&ssl=1&resize=350%2C200 1x, https:\/\/i0.wp.com\/larevistadigital.com.ar\/blog\/wp-content\/uploads\/690a3af07d3a3.png?fit=668%2C445&ssl=1&resize=525%2C300 1.5x"},"classes":[]},{"id":36210,"url":"https:\/\/larevistadigital.com.ar\/blog\/nueva-firma-de-escrituras-de-viviendas-para-191-familias\/","url_meta":{"origin":5290,"position":3},"title":"NUEVA FIRMA DE ESCRITURAS DE VIVIENDAS PARA 191 FAMILIAS","author":"Alejandro Sosa Ruda","date":"4 junio, 2024","format":false,"excerpt":"El jueves desde las 11 horas, en el Teatro Municipal Brazzola, se llevar\u00e1 a cabo el acto organizado en conjunto por la Municipalidad de Chascom\u00fas y la Escriban\u00eda General de Gobierno de la provincia de Buenos Aires. 04 de Junio de 2024 CHASCOM\u00daS -\u00a0 En la oportunidad, 191 vecinos de\u2026","rel":"","context":"En \u00abINTERES GENERAL\u00bb","block_context":{"text":"INTERES GENERAL","link":"https:\/\/larevistadigital.com.ar\/blog\/category\/interes-general\/"},"img":{"alt_text":"","src":"https:\/\/i0.wp.com\/larevistadigital.com.ar\/blog\/wp-content\/uploads\/2024_06_05_00_46_30_9574460.jpg?fit=600%2C401&ssl=1&resize=350%2C200","width":350,"height":200,"srcset":"https:\/\/i0.wp.com\/larevistadigital.com.ar\/blog\/wp-content\/uploads\/2024_06_05_00_46_30_9574460.jpg?fit=600%2C401&ssl=1&resize=350%2C200 1x, https:\/\/i0.wp.com\/larevistadigital.com.ar\/blog\/wp-content\/uploads\/2024_06_05_00_46_30_9574460.jpg?fit=600%2C401&ssl=1&resize=525%2C300 1.5x"},"classes":[]},{"id":16058,"url":"https:\/\/larevistadigital.com.ar\/blog\/toma-de-rehenes-en-escribania\/","url_meta":{"origin":5290,"position":4},"title":"TOMA DE REHENES EN ESCRIBAN\u00cdA","author":"Alejandro Sosa Ruda","date":"18 agosto, 2020","format":false,"excerpt":"Un hombre ingres\u00f3 con machete a la Escriban\u00eda ubicada frente a la Comisar\u00eda 1ra. de Ca\u00f1uelas. Un hombre ingres\u00f3 hace minutos a la\u00a0Escriban\u00eda de Elena Lamarca, ubicada en Av. Libertad 749 de Ca\u00f1uelas frente a la Comisar\u00eda 1ra. de Ca\u00f1uelas y a metros del palacio municipal. Seg\u00fan fuentes consultadas por\u2026","rel":"","context":"En \u00abINTERES GENERAL\u00bb","block_context":{"text":"INTERES GENERAL","link":"https:\/\/larevistadigital.com.ar\/blog\/category\/interes-general\/"},"img":{"alt_text":"","src":"https:\/\/i0.wp.com\/larevistadigital.com.ar\/blog\/wp-content\/uploads\/incidente-con-toma-de-rehenes-en-la-escribania-lamarca-21684.jpg?fit=950%2C500&ssl=1&resize=350%2C200","width":350,"height":200,"srcset":"https:\/\/i0.wp.com\/larevistadigital.com.ar\/blog\/wp-content\/uploads\/incidente-con-toma-de-rehenes-en-la-escribania-lamarca-21684.jpg?fit=950%2C500&ssl=1&resize=350%2C200 1x, https:\/\/i0.wp.com\/larevistadigital.com.ar\/blog\/wp-content\/uploads\/incidente-con-toma-de-rehenes-en-la-escribania-lamarca-21684.jpg?fit=950%2C500&ssl=1&resize=525%2C300 1.5x, https:\/\/i0.wp.com\/larevistadigital.com.ar\/blog\/wp-content\/uploads\/incidente-con-toma-de-rehenes-en-la-escribania-lamarca-21684.jpg?fit=950%2C500&ssl=1&resize=700%2C400 2x"},"classes":[]},{"id":9982,"url":"https:\/\/larevistadigital.com.ar\/blog\/lezama-el-municipio-firmo-un-convenio-con-la-comuna-de-general-belgrano-para-derivaciones-al-hospital-juan-e-de-la-fuente\/","url_meta":{"origin":5290,"position":5},"title":"LEZAMA: EL MUNICIPIO FIRM\u00d3 UN CONVENIO CON LA COMUNA DE GENERAL BELGRANO PARA DERIVACIONES AL HOSPITAL JUAN E. DE LA FUENTE","author":"Alejandro Sosa Ruda","date":"4 mayo, 2019","format":false,"excerpt":"\u2022 Salud: los Intendentes Harispe y Dinapoli rubricaron el documento que fortalece los v\u00ednculos regionales. El Intendente Municipal de Lezama Arnaldo Harispe sell\u00f3 un convenio de prestaci\u00f3n asistencial con la Municipalidad de General Belgrano, representada por el Intendente Osvaldo Din\u00e1poli, para realizar \u2013cuando fuera necesario- derivaciones de pacientes desde nuestro\u2026","rel":"","context":"En \u00abLEZAMA\u00bb","block_context":{"text":"LEZAMA","link":"https:\/\/larevistadigital.com.ar\/blog\/category\/lezama\/"},"img":{"alt_text":"","src":"https:\/\/i0.wp.com\/larevistadigital.com.ar\/blog\/wp-content\/uploads\/2019\/05\/59121019_1451223745070322_6490661406436753408_o.jpg?fit=1177%2C746&ssl=1&resize=350%2C200","width":350,"height":200,"srcset":"https:\/\/i0.wp.com\/larevistadigital.com.ar\/blog\/wp-content\/uploads\/2019\/05\/59121019_1451223745070322_6490661406436753408_o.jpg?fit=1177%2C746&ssl=1&resize=350%2C200 1x, https:\/\/i0.wp.com\/larevistadigital.com.ar\/blog\/wp-content\/uploads\/2019\/05\/59121019_1451223745070322_6490661406436753408_o.jpg?fit=1177%2C746&ssl=1&resize=525%2C300 1.5x, https:\/\/i0.wp.com\/larevistadigital.com.ar\/blog\/wp-content\/uploads\/2019\/05\/59121019_1451223745070322_6490661406436753408_o.jpg?fit=1177%2C746&ssl=1&resize=700%2C400 2x, https:\/\/i0.wp.com\/larevistadigital.com.ar\/blog\/wp-content\/uploads\/2019\/05\/59121019_1451223745070322_6490661406436753408_o.jpg?fit=1177%2C746&ssl=1&resize=1050%2C600 3x"},"classes":[]}],"_links":{"self":[{"href":"https:\/\/larevistadigital.com.ar\/blog\/wp-json\/wp\/v2\/posts\/5290","targetHints":{"allow":["GET"]}}],"collection":[{"href":"https:\/\/larevistadigital.com.ar\/blog\/wp-json\/wp\/v2\/posts"}],"about":[{"href":"https:\/\/larevistadigital.com.ar\/blog\/wp-json\/wp\/v2\/types\/post"}],"author":[{"embeddable":true,"href":"https:\/\/larevistadigital.com.ar\/blog\/wp-json\/wp\/v2\/users\/1"}],"replies":[{"embeddable":true,"href":"https:\/\/larevistadigital.com.ar\/blog\/wp-json\/wp\/v2\/comments?post=5290"}],"version-history":[{"count":1,"href":"https:\/\/larevistadigital.com.ar\/blog\/wp-json\/wp\/v2\/posts\/5290\/revisions"}],"predecessor-version":[{"id":5292,"href":"https:\/\/larevistadigital.com.ar\/blog\/wp-json\/wp\/v2\/posts\/5290\/revisions\/5292"}],"wp:featuredmedia":[{"embeddable":true,"href":"https:\/\/larevistadigital.com.ar\/blog\/wp-json\/wp\/v2\/media\/5291"}],"wp:attachment":[{"href":"https:\/\/larevistadigital.com.ar\/blog\/wp-json\/wp\/v2\/media?parent=5290"}],"wp:term":[{"taxonomy":"category","embeddable":true,"href":"https:\/\/larevistadigital.com.ar\/blog\/wp-json\/wp\/v2\/categories?post=5290"},{"taxonomy":"post_tag","embeddable":true,"href":"https:\/\/larevistadigital.com.ar\/blog\/wp-json\/wp\/v2\/tags?post=5290"}],"curies":[{"name":"wp","href":"https:\/\/api.w.org\/{rel}","templated":true}]}}