{"id":5293,"date":"2018-03-29T06:37:25","date_gmt":"2018-03-29T06:37:25","guid":{"rendered":"https:\/\/larevistadigital.com.ar\/blog\/?p=5293"},"modified":"2018-03-29T07:39:17","modified_gmt":"2018-03-29T07:39:17","slug":"mas-trabajos-en-la-ruta","status":"publish","type":"post","link":"https:\/\/larevistadigital.com.ar\/blog\/mas-trabajos-en-la-ruta\/","title":{"rendered":"MAS TRABAJOS EN LA RUTA"},"content":{"rendered":"<p>&nbsp;<\/p>\n<p>Avanzan los trabajos en la zona urbana de la Ruta 41.<br \/>\nUn camino transitado no solo de paso por autom\u00f3viles que van a hacia la Costa o a<span class=\"text_exposed_show\">lguna ciudad vecina. Este sector es utilizado d\u00eda a d\u00eda por cientos de vecinos que se dirigen a empresas locales, a Escuelas o a sus viviendas.<br \/>\nCuando est\u00e9 finalizada va a ser mas segura, mas iluminada y mas lindo uno de los ingresos mas importantes a nuestra ciudad.<\/span><\/p>\n","protected":false},"excerpt":{"rendered":"<div class=\"mh-excerpt\"><p>&nbsp; Avanzan los trabajos en la zona urbana de la Ruta 41. Un camino transitado no solo de paso por autom\u00f3viles que van a hacia la Costa o alguna ciudad vecina. Este sector es utilizado <a class=\"mh-excerpt-more\" href=\"https:\/\/larevistadigital.com.ar\/blog\/mas-trabajos-en-la-ruta\/\" title=\"MAS TRABAJOS EN LA RUTA\">[Leer M\u00e1s]<\/a><\/p>\n<\/div>","protected":false},"author":1,"featured_media":5294,"comment_status":"open","ping_status":"open","sticky":false,"template":"","format":"standard","meta":{"_jetpack_memberships_contains_paid_content":false,"footnotes":"","jetpack_publicize_message":"MAS TRABAJOS EN LA RUTA","jetpack_publicize_feature_enabled":true,"jetpack_social_post_already_shared":true,"jetpack_social_options":{"image_generator_settings":{"template":"highway","default_image_id":0,"font":"","enabled":false},"version":2}},"categories":[3],"tags":[],"class_list":{"0":"post-5293","1":"post","2":"type-post","3":"status-publish","4":"format-standard","5":"has-post-thumbnail","7":"category-general-belgrano"},"jetpack_publicize_connections":[],"jetpack_featured_media_url":"https:\/\/i0.wp.com\/larevistadigital.com.ar\/blog\/wp-content\/uploads\/2018\/03\/29572210_1580412478672984_4087597115913596296_n.jpg?fit=960%2C720&ssl=1","jetpack_sharing_enabled":true,"jetpack_shortlink":"https:\/\/wp.me\/p8qtrQ-1nn","jetpack-related-posts":[{"id":33286,"url":"https:\/\/larevistadigital.com.ar\/blog\/chascomus-y-otros-distritos-favorecidos-por-la-repavimentacion-de-la-ruta-provincial-2\/","url_meta":{"origin":5293,"position":0},"title":"CHASCOM\u00daS Y OTROS DISTRITOS FAVORECIDOS POR LA REPAVIMENTACI\u00d3N DE LA RUTA PROVINCIAL 2","author":"Alejandro Sosa Ruda","date":"5 septiembre, 2023","format":false,"excerpt":"La obra de 146 kil\u00f3metros atraviesa los municipios de La Plata, Brandsen, Chascom\u00fas, Lezama, Castelli y Dolores. 5 de Septiembre de 2023 CHASCOM\u00daS -\u00a0 La Direcci\u00f3n de Vialidad de la provincia de Buenos Aires, dependiente del Ministerio de Infraestructura y Servicios P\u00fablicos, avanza con los trabajos de repavimentaci\u00f3n de la\u2026","rel":"","context":"En \u00abINTERES GENERAL\u00bb","block_context":{"text":"INTERES GENERAL","link":"https:\/\/larevistadigital.com.ar\/blog\/category\/interes-general\/"},"img":{"alt_text":"","src":"https:\/\/i0.wp.com\/larevistadigital.com.ar\/blog\/wp-content\/uploads\/foto-1-1.jpg?fit=800%2C532&ssl=1&resize=350%2C200","width":350,"height":200,"srcset":"https:\/\/i0.wp.com\/larevistadigital.com.ar\/blog\/wp-content\/uploads\/foto-1-1.jpg?fit=800%2C532&ssl=1&resize=350%2C200 1x, https:\/\/i0.wp.com\/larevistadigital.com.ar\/blog\/wp-content\/uploads\/foto-1-1.jpg?fit=800%2C532&ssl=1&resize=525%2C300 1.5x, https:\/\/i0.wp.com\/larevistadigital.com.ar\/blog\/wp-content\/uploads\/foto-1-1.jpg?fit=800%2C532&ssl=1&resize=700%2C400 2x"},"classes":[]},{"id":44160,"url":"https:\/\/larevistadigital.com.ar\/blog\/chascomus-vialidad-provincial-realizara-obras-de-reparacion-y-bacheo-en-accesos-a-la-ciudad\/","url_meta":{"origin":5293,"position":1},"title":"Chascom\u00fas: Vialidad Provincial realizar\u00e1 obras de reparaci\u00f3n y bacheo en accesos a la ciudad","author":"Alejandro Sosa Ruda","date":"24 febrero, 2026","format":false,"excerpt":"Los trabajos se iniciar\u00e1n este mi\u00e9rcoles en la ruta 58 y continuar\u00e1n en la avenida Juan Manuel de Rosas. 23 de febrero de 2026 CHASCOM\u00daS\u00a0 -\u00a0 \u00a0Vialidad Provincial realizar\u00e1 una obra integral de bacheo en la ruta provincial 58 (ex avenida Campa\u00f1as al Desierto) y en la avenida Juan Manuel\u2026","rel":"","context":"En \u00abCHASCOM\u00daS\u00bb","block_context":{"text":"CHASCOM\u00daS","link":"https:\/\/larevistadigital.com.ar\/blog\/category\/chascomus\/"},"img":{"alt_text":"","src":"https:\/\/i0.wp.com\/larevistadigital.com.ar\/blog\/wp-content\/uploads\/699dc912943a7.png?fit=668%2C445&ssl=1&resize=350%2C200","width":350,"height":200,"srcset":"https:\/\/i0.wp.com\/larevistadigital.com.ar\/blog\/wp-content\/uploads\/699dc912943a7.png?fit=668%2C445&ssl=1&resize=350%2C200 1x, https:\/\/i0.wp.com\/larevistadigital.com.ar\/blog\/wp-content\/uploads\/699dc912943a7.png?fit=668%2C445&ssl=1&resize=525%2C300 1.5x"},"classes":[]},{"id":29169,"url":"https:\/\/larevistadigital.com.ar\/blog\/era-hora-empezaron-con-las-tareas-de-repavimentacion-en-la-ruta-2-entre-chascomus-y-dolores\/","url_meta":{"origin":5293,"position":2},"title":"\u00a1ERA HORA!&#8230; EMPEZARON CON LAS TAREAS DE REPAVIMENTACI\u00d3N EN LA RUTA 2 ENTRE CHASCOM\u00daS Y DOLORES","author":"Alejandro Sosa Ruda","date":"29 noviembre, 2022","format":false,"excerpt":"La obra total alcanzar\u00e1 146 kil\u00f3metros, beneficiando 6 distritos bonaerenses. Para la ejecuci\u00f3n de los trabajos, se invirtieron m\u00e1s de 7.400 millones de pesos. 29 de noviembre de 2022 BUENOS AIRES -\u00a0 El Gobierno bonaerense inici\u00f3 las tareas preliminares a la repavimentaci\u00f3n de la Ruta 2. La obra consiste en\u2026","rel":"","context":"En \u00abPOLITICA PROVINCIAL\u00bb","block_context":{"text":"POLITICA PROVINCIAL","link":"https:\/\/larevistadigital.com.ar\/blog\/category\/politica\/politica-provincial\/"},"img":{"alt_text":"","src":"https:\/\/i0.wp.com\/larevistadigital.com.ar\/blog\/wp-content\/uploads\/823f34c08b703de5554c14c07d88d832ec20c5f0.jpg?fit=1140%2C762&ssl=1&resize=350%2C200","width":350,"height":200,"srcset":"https:\/\/i0.wp.com\/larevistadigital.com.ar\/blog\/wp-content\/uploads\/823f34c08b703de5554c14c07d88d832ec20c5f0.jpg?fit=1140%2C762&ssl=1&resize=350%2C200 1x, https:\/\/i0.wp.com\/larevistadigital.com.ar\/blog\/wp-content\/uploads\/823f34c08b703de5554c14c07d88d832ec20c5f0.jpg?fit=1140%2C762&ssl=1&resize=525%2C300 1.5x, https:\/\/i0.wp.com\/larevistadigital.com.ar\/blog\/wp-content\/uploads\/823f34c08b703de5554c14c07d88d832ec20c5f0.jpg?fit=1140%2C762&ssl=1&resize=700%2C400 2x, https:\/\/i0.wp.com\/larevistadigital.com.ar\/blog\/wp-content\/uploads\/823f34c08b703de5554c14c07d88d832ec20c5f0.jpg?fit=1140%2C762&ssl=1&resize=1050%2C600 3x"},"classes":[]},{"id":14362,"url":"https:\/\/larevistadigital.com.ar\/blog\/terrible-choque-en-cadena-en-la-ruta-2-hay-mas-de-diez-heridos\/","url_meta":{"origin":5293,"position":3},"title":"TERRIBLE CHOQUE EN CADENA EN LA RUTA 2: HAY M\u00c1S DE DIEZ HERIDOS","author":"Alejandro Sosa Ruda","date":"25 enero, 2020","format":false,"excerpt":"Pasado el mediod\u00eda se prdujo un fuerte accidente de tr\u00e1nsito en el kil\u00f3metro 205 de la Ruta 2, cerca de la ciudad de Dolores. Seg\u00fan se pudo saber fueron varios los veh\u00edculos que protagonizaron este choque en cadena. A ra\u00edz del accidente, doce personas debieron ser trasladadas al Hospital Municipal\u2026","rel":"","context":"En \u00abDESTACADAS\u00bb","block_context":{"text":"DESTACADAS","link":"https:\/\/larevistadigital.com.ar\/blog\/category\/destacadas\/"},"img":{"alt_text":"","src":"https:\/\/i0.wp.com\/larevistadigital.com.ar\/blog\/wp-content\/uploads\/choque-dolores-ruta-2-1140x570.jpg?fit=1140%2C570&ssl=1&resize=350%2C200","width":350,"height":200,"srcset":"https:\/\/i0.wp.com\/larevistadigital.com.ar\/blog\/wp-content\/uploads\/choque-dolores-ruta-2-1140x570.jpg?fit=1140%2C570&ssl=1&resize=350%2C200 1x, https:\/\/i0.wp.com\/larevistadigital.com.ar\/blog\/wp-content\/uploads\/choque-dolores-ruta-2-1140x570.jpg?fit=1140%2C570&ssl=1&resize=525%2C300 1.5x, https:\/\/i0.wp.com\/larevistadigital.com.ar\/blog\/wp-content\/uploads\/choque-dolores-ruta-2-1140x570.jpg?fit=1140%2C570&ssl=1&resize=700%2C400 2x, https:\/\/i0.wp.com\/larevistadigital.com.ar\/blog\/wp-content\/uploads\/choque-dolores-ruta-2-1140x570.jpg?fit=1140%2C570&ssl=1&resize=1050%2C600 3x"},"classes":[]},{"id":44391,"url":"https:\/\/larevistadigital.com.ar\/blog\/chascomus-reparacion-y-bacheo-de-la-ruta-58-en-el-ingreso-al-barrio-el-porteno\/","url_meta":{"origin":5293,"position":4},"title":"Chascom\u00fas: Reparaci\u00f3n y bacheo de la ruta 58 en el ingreso al barrio El Porte\u00f1o","author":"Alejandro Sosa Ruda","date":"7 marzo, 2026","format":false,"excerpt":"Los trabajos son parte de una obra integral que lleva adelante Vialidad Provincial en nuestra ciudad. 07 de marzo de 2026 Contin\u00faan desarroll\u00e1ndose en distintos puntos de la ciudad bacheo y reparaci\u00f3n de accesos a la ciudad. Los trabajos se llevan adelante en la ruta 58, en el barrio El\u2026","rel":"","context":"En \u00abCHASCOM\u00daS\u00bb","block_context":{"text":"CHASCOM\u00daS","link":"https:\/\/larevistadigital.com.ar\/blog\/category\/chascomus\/"},"img":{"alt_text":"","src":"https:\/\/i0.wp.com\/larevistadigital.com.ar\/blog\/wp-content\/uploads\/69ab11e193e4e.png?fit=668%2C445&ssl=1&resize=350%2C200","width":350,"height":200,"srcset":"https:\/\/i0.wp.com\/larevistadigital.com.ar\/blog\/wp-content\/uploads\/69ab11e193e4e.png?fit=668%2C445&ssl=1&resize=350%2C200 1x, https:\/\/i0.wp.com\/larevistadigital.com.ar\/blog\/wp-content\/uploads\/69ab11e193e4e.png?fit=668%2C445&ssl=1&resize=525%2C300 1.5x"},"classes":[]},{"id":9049,"url":"https:\/\/larevistadigital.com.ar\/blog\/anuncio-el-municipio-que-el-jueves-habra-corte-total-del-agua-durante-todo-el-dia\/","url_meta":{"origin":5293,"position":5},"title":"ANUNCI\u00d3 EL MUNICIPIO QUE EL JUEVES HABR\u00c1 CORTE TOTAL DEL AGUA DURANTE TODO EL D\u00cdA","author":"Alejandro Sosa Ruda","date":"13 marzo, 2019","format":false,"excerpt":"En el marco de los avances de la Nueva Red de Agua que lleva adelante el gobierno municipal, con el objetivo de mejorar la provisi\u00f3n de agua potable en toda la ciudad, este jueves 14 de marzo se producir\u00e1 un corte general en el servicio por los trabajos de empalmes\u2026","rel":"","context":"En \u00abCHASCOM\u00daS\u00bb","block_context":{"text":"CHASCOM\u00daS","link":"https:\/\/larevistadigital.com.ar\/blog\/category\/chascomus\/"},"img":{"alt_text":"","src":"https:\/\/i0.wp.com\/larevistadigital.com.ar\/blog\/wp-content\/uploads\/2019\/03\/53229530_2308962119124660_8981718205911269376_n.jpg?fit=960%2C959&ssl=1&resize=350%2C200","width":350,"height":200,"srcset":"https:\/\/i0.wp.com\/larevistadigital.com.ar\/blog\/wp-content\/uploads\/2019\/03\/53229530_2308962119124660_8981718205911269376_n.jpg?fit=960%2C959&ssl=1&resize=350%2C200 1x, https:\/\/i0.wp.com\/larevistadigital.com.ar\/blog\/wp-content\/uploads\/2019\/03\/53229530_2308962119124660_8981718205911269376_n.jpg?fit=960%2C959&ssl=1&resize=525%2C300 1.5x, https:\/\/i0.wp.com\/larevistadigital.com.ar\/blog\/wp-content\/uploads\/2019\/03\/53229530_2308962119124660_8981718205911269376_n.jpg?fit=960%2C959&ssl=1&resize=700%2C400 2x"},"classes":[]}],"_links":{"self":[{"href":"https:\/\/larevistadigital.com.ar\/blog\/wp-json\/wp\/v2\/posts\/5293","targetHints":{"allow":["GET"]}}],"collection":[{"href":"https:\/\/larevistadigital.com.ar\/blog\/wp-json\/wp\/v2\/posts"}],"about":[{"href":"https:\/\/larevistadigital.com.ar\/blog\/wp-json\/wp\/v2\/types\/post"}],"author":[{"embeddable":true,"href":"https:\/\/larevistadigital.com.ar\/blog\/wp-json\/wp\/v2\/users\/1"}],"replies":[{"embeddable":true,"href":"https:\/\/larevistadigital.com.ar\/blog\/wp-json\/wp\/v2\/comments?post=5293"}],"version-history":[{"count":1,"href":"https:\/\/larevistadigital.com.ar\/blog\/wp-json\/wp\/v2\/posts\/5293\/revisions"}],"predecessor-version":[{"id":5295,"href":"https:\/\/larevistadigital.com.ar\/blog\/wp-json\/wp\/v2\/posts\/5293\/revisions\/5295"}],"wp:featuredmedia":[{"embeddable":true,"href":"https:\/\/larevistadigital.com.ar\/blog\/wp-json\/wp\/v2\/media\/5294"}],"wp:attachment":[{"href":"https:\/\/larevistadigital.com.ar\/blog\/wp-json\/wp\/v2\/media?parent=5293"}],"wp:term":[{"taxonomy":"category","embeddable":true,"href":"https:\/\/larevistadigital.com.ar\/blog\/wp-json\/wp\/v2\/categories?post=5293"},{"taxonomy":"post_tag","embeddable":true,"href":"https:\/\/larevistadigital.com.ar\/blog\/wp-json\/wp\/v2\/tags?post=5293"}],"curies":[{"name":"wp","href":"https:\/\/api.w.org\/{rel}","templated":true}]}}