{"id":5366,"date":"2018-03-29T07:26:24","date_gmt":"2018-03-29T07:26:24","guid":{"rendered":"https:\/\/larevistadigital.com.ar\/blog\/?p=5366"},"modified":"2018-03-29T09:28:23","modified_gmt":"2018-03-29T09:28:23","slug":"semana-santa-operativo-de-seguridad-y-asistencia-vial-en-todas-las-rutas-a-la-costa-atlantica","status":"publish","type":"post","link":"https:\/\/larevistadigital.com.ar\/blog\/semana-santa-operativo-de-seguridad-y-asistencia-vial-en-todas-las-rutas-a-la-costa-atlantica\/","title":{"rendered":"SEMANA SANTA: Operativo de seguridad y asistencia vial en todas las rutas a la Costa Atl\u00e1ntica"},"content":{"rendered":"<p>Este fin de semana largo de Pascuas,\u00a0<strong>AUBASA<\/strong>\u00a0informa que desplegar\u00e1 un operativo de seguridad y asistencia vial en todas las rutas que van a a la Costa.<\/p>\n<p>Asi es que la empresa concesionaria de la autopista Buenos Aires La Plata, la Autov\u00eda2\u00a0 y las rutas 11, 63, 56 y 74 desplegar\u00e1 en el Corredor del Atl\u00e1ntico un operativo que incluye un total de 23 m\u00f3viles de asistencia vial y nueve gr\u00faas que estar\u00e1n a disposici\u00f3n del servicio a los usuarios. Adem\u00e1s se contar\u00e1\u00a0 con un total de\u00a015 ambulancias que se encuentran distribuidas de manera estrat\u00e9gica para acudir r\u00e1pidamente en caso de siniestro vial.<\/p>\n<p>En el marco del operativo semana santa, Gendarmer\u00eda Nacional Argentina (GNA) y Polic\u00eda, prev\u00e9 instalar puestos de seguridad en Prevenci\u00f3n y Seguridad Vial, se brindar\u00e1 apoyo al turismo en los peajes de Dock Sud y Hudson y se\u00a0efectuar\u00e1n recorridas preventivas en todo el Corredor Vial.<\/p>\n<p>En tanto desde la Direcci\u00f3n de Vialidad de la provincia de Buenos Aires, informaron que las obras viales de segunda calzada de la Ruta 11 y 56 no afectar\u00e1n la circulaci\u00f3n de los veh\u00edculos y se respetar\u00e1 la restricci\u00f3n de camiones correspondiente para este fin de semana.<br \/>\nLos usuarios contar\u00e1n con informaci\u00f3n permanente sobre el estado del tr\u00e1nsito a trav\u00e9s de la cuenta de Twitter de AUBASA ( @au_ba_sa ) y la carteler\u00eda variable distribuida en diferentes puntos de la traza.<\/p>\n<p>AUBASA reitera las recomendaciones antes de emprender el viaje<\/p>\n<ul>\n<li>Descansar bien antes de viajar<\/li>\n<li>Respetar las velocidades m\u00e1ximas y la distancia entre veh\u00edculos<\/li>\n<li>Usar el cintur\u00f3n de seguridad<\/li>\n<li>Circular con las luces bajas encendidas<\/li>\n<li>No realizar adelantamientos peligrosos<\/li>\n<li>No usar el celular al volante<\/li>\n<li>No ingerir alcohol si conduce.<\/li>\n<\/ul>\n","protected":false},"excerpt":{"rendered":"<div class=\"mh-excerpt\"><p>Este fin de semana largo de Pascuas,\u00a0AUBASA\u00a0informa que desplegar\u00e1 un operativo de seguridad y asistencia vial en todas las rutas que van a a la Costa. Asi es que la empresa concesionaria de la autopista <a class=\"mh-excerpt-more\" href=\"https:\/\/larevistadigital.com.ar\/blog\/semana-santa-operativo-de-seguridad-y-asistencia-vial-en-todas-las-rutas-a-la-costa-atlantica\/\" title=\"SEMANA SANTA: Operativo de seguridad y asistencia vial en todas las rutas a la Costa Atl\u00e1ntica\">[Leer M\u00e1s]<\/a><\/p>\n<\/div>","protected":false},"author":1,"featured_media":5367,"comment_status":"open","ping_status":"open","sticky":false,"template":"","format":"standard","meta":{"_jetpack_memberships_contains_paid_content":false,"footnotes":"","jetpack_publicize_message":"SEMANA SANTA: Operativo de seguridad y asistencia vial en todas las rutas a la Costa Atl\u00e1ntica","jetpack_publicize_feature_enabled":true,"jetpack_social_post_already_shared":true,"jetpack_social_options":{"image_generator_settings":{"template":"highway","default_image_id":0,"font":"","enabled":false},"version":2}},"categories":[6,12],"tags":[],"class_list":{"0":"post-5366","1":"post","2":"type-post","3":"status-publish","4":"format-standard","5":"has-post-thumbnail","7":"category-chascomus","8":"category-politica"},"jetpack_publicize_connections":[],"jetpack_featured_media_url":"https:\/\/i0.wp.com\/larevistadigital.com.ar\/blog\/wp-content\/uploads\/2018\/03\/DSC_0293a-1.jpg?fit=2525%2C1333&ssl=1","jetpack_sharing_enabled":true,"jetpack_shortlink":"https:\/\/wp.me\/p8qtrQ-1oy","jetpack-related-posts":[{"id":11395,"url":"https:\/\/larevistadigital.com.ar\/blog\/operativo-especial-en-las-rutas-a-la-costa-por-las-vacaciones-de-invierno\/","url_meta":{"origin":5366,"position":0},"title":"OPERATIVO ESPECIAL EN LAS RUTAS A LA COSTA POR LAS VACACIONES DE INVIERNO","author":"Alejandro Sosa Ruda","date":"20 julio, 2019","format":false,"excerpt":"Ante el comienzo de las vacaciones de invierno, AUBASA dispuso un operativo especial que incluye m\u00e1s m\u00f3viles de asistencia, puestos de atenci\u00f3n sanitaria y un cambio en el cronograma de trabajos para facilitar el tr\u00e1nsito a quienes viajen hacia la Costa Atl\u00e1ntica. As\u00ed es que la empresa destin\u00f3 a la\u2026","rel":"","context":"En \u00abINTERES GENERAL\u00bb","block_context":{"text":"INTERES GENERAL","link":"https:\/\/larevistadigital.com.ar\/blog\/category\/interes-general\/"},"img":{"alt_text":"","src":"https:\/\/i0.wp.com\/larevistadigital.com.ar\/blog\/wp-content\/uploads\/MG_2884.jpg?fit=1200%2C800&ssl=1&resize=350%2C200","width":350,"height":200,"srcset":"https:\/\/i0.wp.com\/larevistadigital.com.ar\/blog\/wp-content\/uploads\/MG_2884.jpg?fit=1200%2C800&ssl=1&resize=350%2C200 1x, https:\/\/i0.wp.com\/larevistadigital.com.ar\/blog\/wp-content\/uploads\/MG_2884.jpg?fit=1200%2C800&ssl=1&resize=525%2C300 1.5x, https:\/\/i0.wp.com\/larevistadigital.com.ar\/blog\/wp-content\/uploads\/MG_2884.jpg?fit=1200%2C800&ssl=1&resize=700%2C400 2x, https:\/\/i0.wp.com\/larevistadigital.com.ar\/blog\/wp-content\/uploads\/MG_2884.jpg?fit=1200%2C800&ssl=1&resize=1050%2C600 3x"},"classes":[]},{"id":26013,"url":"https:\/\/larevistadigital.com.ar\/blog\/se-infracciono-durante-el-fin-de-semana-largo-a-40-banquineros-con-multas-de-hasta-123-400\/","url_meta":{"origin":5366,"position":1},"title":"SE INFRACCION\u00d3 DURANTE EL FIN DE SEMANA LARGO A 40 BANQUINEROS CON MULTAS DE HASTA $123.400.-","author":"Alejandro Sosa Ruda","date":"21 junio, 2022","format":false,"excerpt":"El operativo vial se realiz\u00f3 en las rutas rumbo a la Costa Atl\u00e1ntica. Destacaron que hubo una importante merma en el n\u00famero de infractores. La\u00a0Agencia Nacional de Seguridad Vial\u00a0(ANSV) mont\u00f3 un importante operativo de control y detect\u00f3 entre el jueves y el lunes\u00a0un total de 40 conductores\u00a0que transitaban por las\u2026","rel":"","context":"En \u00abDESTACADAS\u00bb","block_context":{"text":"DESTACADAS","link":"https:\/\/larevistadigital.com.ar\/blog\/category\/destacadas\/"},"img":{"alt_text":"","src":"https:\/\/i0.wp.com\/larevistadigital.com.ar\/blog\/wp-content\/uploads\/628dfade0934897d2b6c9b3b2591638eb0fbf31f.jpg?fit=1140%2C599&ssl=1&resize=350%2C200","width":350,"height":200,"srcset":"https:\/\/i0.wp.com\/larevistadigital.com.ar\/blog\/wp-content\/uploads\/628dfade0934897d2b6c9b3b2591638eb0fbf31f.jpg?fit=1140%2C599&ssl=1&resize=350%2C200 1x, https:\/\/i0.wp.com\/larevistadigital.com.ar\/blog\/wp-content\/uploads\/628dfade0934897d2b6c9b3b2591638eb0fbf31f.jpg?fit=1140%2C599&ssl=1&resize=525%2C300 1.5x, https:\/\/i0.wp.com\/larevistadigital.com.ar\/blog\/wp-content\/uploads\/628dfade0934897d2b6c9b3b2591638eb0fbf31f.jpg?fit=1140%2C599&ssl=1&resize=700%2C400 2x, https:\/\/i0.wp.com\/larevistadigital.com.ar\/blog\/wp-content\/uploads\/628dfade0934897d2b6c9b3b2591638eb0fbf31f.jpg?fit=1140%2C599&ssl=1&resize=1050%2C600 3x"},"classes":[]},{"id":39663,"url":"https:\/\/larevistadigital.com.ar\/blog\/se-saco-de-las-rutas-a-235-conductores-alcoholizados-en-un-mega-operativo\/","url_meta":{"origin":5366,"position":2},"title":"Se sac\u00f3 de las rutas a 235 conductores alcoholizados en un mega operativo","author":"Alejandro Sosa Ruda","date":"5 mayo, 2025","format":false,"excerpt":"El Ministro de Transporte, Mart\u00edn Marinucci, estuvo presente en el trabajo que se realiz\u00f3\u00a0durante la madrugada en los ramales Campana y Pilar de la Panamericana, en el marco de un operativo simult\u00e1neo en toda la provincia. 05 de Mayo de 2025 En la madrugada de este domingo, y hasta las\u2026","rel":"","context":"En \u00abREGIONALES\u00bb","block_context":{"text":"REGIONALES","link":"https:\/\/larevistadigital.com.ar\/blog\/category\/regionales\/"},"img":{"alt_text":"","src":"https:\/\/i0.wp.com\/larevistadigital.com.ar\/blog\/wp-content\/uploads\/Marinucci_encabezo_un_mega_operativo_de_alcoholemia_que_saco_de_las_rutas_a_235_conductores_alcoholizados_1_optimized_300.jpeg?fit=700%2C467&ssl=1&resize=350%2C200","width":350,"height":200,"srcset":"https:\/\/i0.wp.com\/larevistadigital.com.ar\/blog\/wp-content\/uploads\/Marinucci_encabezo_un_mega_operativo_de_alcoholemia_que_saco_de_las_rutas_a_235_conductores_alcoholizados_1_optimized_300.jpeg?fit=700%2C467&ssl=1&resize=350%2C200 1x, https:\/\/i0.wp.com\/larevistadigital.com.ar\/blog\/wp-content\/uploads\/Marinucci_encabezo_un_mega_operativo_de_alcoholemia_que_saco_de_las_rutas_a_235_conductores_alcoholizados_1_optimized_300.jpeg?fit=700%2C467&ssl=1&resize=525%2C300 1.5x, https:\/\/i0.wp.com\/larevistadigital.com.ar\/blog\/wp-content\/uploads\/Marinucci_encabezo_un_mega_operativo_de_alcoholemia_que_saco_de_las_rutas_a_235_conductores_alcoholizados_1_optimized_300.jpeg?fit=700%2C467&ssl=1&resize=700%2C400 2x"},"classes":[]},{"id":23752,"url":"https:\/\/larevistadigital.com.ar\/blog\/manana-habra-un-operativo-preventivo-de-seguridad-vial-en-barrio-parque-girado\/","url_meta":{"origin":5366,"position":3},"title":"MA\u00d1ANA HABR\u00c1 UN OPERATIVO PREVENTIVO DE SEGURIDAD VIAL EN BARRIO PARQUE GIRADO","author":"Alejandro Sosa Ruda","date":"1 febrero, 2022","format":false,"excerpt":"El operativo, del que no hay antecedentes en el barrio de Girado, es solo una parte de los lineamientos de trabajo y acciones a implementarse en el marco del Plan Maestro de Seguridad Vial que impulsa la Secretar\u00eda de Seguridad Ciudadana, a cargo de Mariela Moscarella. D\u00edas atr\u00e1s se llev\u00f3\u2026","rel":"","context":"En \u00abCHASCOM\u00daS\u00bb","block_context":{"text":"CHASCOM\u00daS","link":"https:\/\/larevistadigital.com.ar\/blog\/category\/chascomus\/"},"img":{"alt_text":"","src":"https:\/\/i0.wp.com\/larevistadigital.com.ar\/blog\/wp-content\/uploads\/2022_02_01_02_04_28_5655152.jpeg?fit=600%2C450&ssl=1&resize=350%2C200","width":350,"height":200,"srcset":"https:\/\/i0.wp.com\/larevistadigital.com.ar\/blog\/wp-content\/uploads\/2022_02_01_02_04_28_5655152.jpeg?fit=600%2C450&ssl=1&resize=350%2C200 1x, https:\/\/i0.wp.com\/larevistadigital.com.ar\/blog\/wp-content\/uploads\/2022_02_01_02_04_28_5655152.jpeg?fit=600%2C450&ssl=1&resize=525%2C300 1.5x"},"classes":[]},{"id":39446,"url":"https:\/\/larevistadigital.com.ar\/blog\/chascomus-durante-operativos-de-prevencion-la-policia-incauto-marihuana\/","url_meta":{"origin":5366,"position":4},"title":"Chascom\u00fas: durante operativos de prevenci\u00f3n, la polic\u00eda incaut\u00f3 marihuana","author":"Alejandro Sosa Ruda","date":"19 abril, 2025","format":false,"excerpt":"Durante un operativo de prevenci\u00f3n en el marco de Semana Santa, las fuerzas de seguridad lograron incautar sustancias ilegales. 19 de Abril de 2025 CHASCOM\u00daS -\u00a0 En el marco del dispositivo especial de seguridad por el fin de semana largo, personal de la Polic\u00eda Vial y efectivos de la Comisar\u00eda\u2026","rel":"","context":"En \u00abDESTACADAS\u00bb","block_context":{"text":"DESTACADAS","link":"https:\/\/larevistadigital.com.ar\/blog\/category\/destacadas\/"},"img":{"alt_text":"","src":"https:\/\/i0.wp.com\/larevistadigital.com.ar\/blog\/wp-content\/uploads\/Screenshot_1-121.jpg?fit=1007%2C565&ssl=1&resize=350%2C200","width":350,"height":200,"srcset":"https:\/\/i0.wp.com\/larevistadigital.com.ar\/blog\/wp-content\/uploads\/Screenshot_1-121.jpg?fit=1007%2C565&ssl=1&resize=350%2C200 1x, https:\/\/i0.wp.com\/larevistadigital.com.ar\/blog\/wp-content\/uploads\/Screenshot_1-121.jpg?fit=1007%2C565&ssl=1&resize=525%2C300 1.5x, https:\/\/i0.wp.com\/larevistadigital.com.ar\/blog\/wp-content\/uploads\/Screenshot_1-121.jpg?fit=1007%2C565&ssl=1&resize=700%2C400 2x"},"classes":[]},{"id":39478,"url":"https:\/\/larevistadigital.com.ar\/blog\/amplio-operativo-de-seguridad-durante-semana-santa\/","url_meta":{"origin":5366,"position":5},"title":"Amplio operativo de seguridad durante Semana Santa","author":"Alejandro Sosa Ruda","date":"22 abril, 2025","format":false,"excerpt":"Con alta ocupaci\u00f3n tur\u00edstica, se desarrollaron controles y operativos preventivos sin mayores incidentes. 22 de Abril de 2025 CHASCOM\u00daS -\u00a0 Durante los d\u00edas de Semana Santa, Chascom\u00fas registr\u00f3 una ocupaci\u00f3n tur\u00edstica que super\u00f3 el 92%, lo que motiv\u00f3 un importante operativo de seguridad y prevenci\u00f3n en distintos puntos de la\u2026","rel":"","context":"En \u00abCHASCOM\u00daS\u00bb","block_context":{"text":"CHASCOM\u00daS","link":"https:\/\/larevistadigital.com.ar\/blog\/category\/chascomus\/"},"img":{"alt_text":"","src":"https:\/\/i0.wp.com\/larevistadigital.com.ar\/blog\/wp-content\/uploads\/68067a4e03161.png?fit=668%2C445&ssl=1&resize=350%2C200","width":350,"height":200,"srcset":"https:\/\/i0.wp.com\/larevistadigital.com.ar\/blog\/wp-content\/uploads\/68067a4e03161.png?fit=668%2C445&ssl=1&resize=350%2C200 1x, https:\/\/i0.wp.com\/larevistadigital.com.ar\/blog\/wp-content\/uploads\/68067a4e03161.png?fit=668%2C445&ssl=1&resize=525%2C300 1.5x"},"classes":[]}],"_links":{"self":[{"href":"https:\/\/larevistadigital.com.ar\/blog\/wp-json\/wp\/v2\/posts\/5366","targetHints":{"allow":["GET"]}}],"collection":[{"href":"https:\/\/larevistadigital.com.ar\/blog\/wp-json\/wp\/v2\/posts"}],"about":[{"href":"https:\/\/larevistadigital.com.ar\/blog\/wp-json\/wp\/v2\/types\/post"}],"author":[{"embeddable":true,"href":"https:\/\/larevistadigital.com.ar\/blog\/wp-json\/wp\/v2\/users\/1"}],"replies":[{"embeddable":true,"href":"https:\/\/larevistadigital.com.ar\/blog\/wp-json\/wp\/v2\/comments?post=5366"}],"version-history":[{"count":1,"href":"https:\/\/larevistadigital.com.ar\/blog\/wp-json\/wp\/v2\/posts\/5366\/revisions"}],"predecessor-version":[{"id":5368,"href":"https:\/\/larevistadigital.com.ar\/blog\/wp-json\/wp\/v2\/posts\/5366\/revisions\/5368"}],"wp:featuredmedia":[{"embeddable":true,"href":"https:\/\/larevistadigital.com.ar\/blog\/wp-json\/wp\/v2\/media\/5367"}],"wp:attachment":[{"href":"https:\/\/larevistadigital.com.ar\/blog\/wp-json\/wp\/v2\/media?parent=5366"}],"wp:term":[{"taxonomy":"category","embeddable":true,"href":"https:\/\/larevistadigital.com.ar\/blog\/wp-json\/wp\/v2\/categories?post=5366"},{"taxonomy":"post_tag","embeddable":true,"href":"https:\/\/larevistadigital.com.ar\/blog\/wp-json\/wp\/v2\/tags?post=5366"}],"curies":[{"name":"wp","href":"https:\/\/api.w.org\/{rel}","templated":true}]}}