{"id":5369,"date":"2018-03-29T07:28:57","date_gmt":"2018-03-29T07:28:57","guid":{"rendered":"https:\/\/larevistadigital.com.ar\/blog\/?p=5369"},"modified":"2018-03-29T09:31:17","modified_gmt":"2018-03-29T09:31:17","slug":"sala-de-pediatria-se-abrio-el-sobre-1-de-los-tres-oferentes","status":"publish","type":"post","link":"https:\/\/larevistadigital.com.ar\/blog\/sala-de-pediatria-se-abrio-el-sobre-1-de-los-tres-oferentes\/","title":{"rendered":"SALA DE PEDIATR\u00cdA | SE ABRI\u00d3 EL SOBRE 1 DE LOS TRES OFERENTES"},"content":{"rendered":"<p><em><strong>Para la Licitaci\u00f3n de la Sala Pedi\u00e1trica en el Hospital, las empresas que presentaron sus propuestas con los antecedentes, documentaci\u00f3n impositiva y requisitos fueron Playa Construcciones SRL, Ridel SA y PyPSA SA. El pr\u00f3ximo mi\u00e9rcoles continuar\u00e1 el proceso licitatorio con la apertura del Sobre 2, donde estar\u00e1n especificadas las ofertas de cada una de las firmas.<\/strong><\/em><\/p>\n<p><img data-recalc-dims=\"1\" loading=\"lazy\" decoding=\"async\" class=\"alignnone size-full wp-image-134573\" src=\"https:\/\/i0.wp.com\/elcronistadiario.com\/wp-content\/uploads\/2018\/03\/29665555_1824361967584680_6814267058659754963_o.jpg?resize=1686%2C1125\" sizes=\"auto, (max-width: 1686px) 100vw, 1686px\" srcset=\"http:\/\/elcronistadiario.com\/wp-content\/uploads\/2018\/03\/29665555_1824361967584680_6814267058659754963_o.jpg 1686w, http:\/\/elcronistadiario.com\/wp-content\/uploads\/2018\/03\/29665555_1824361967584680_6814267058659754963_o-320x214.jpg 320w, http:\/\/elcronistadiario.com\/wp-content\/uploads\/2018\/03\/29665555_1824361967584680_6814267058659754963_o-450x300.jpg 450w, http:\/\/elcronistadiario.com\/wp-content\/uploads\/2018\/03\/29665555_1824361967584680_6814267058659754963_o-768x512.jpg 768w, http:\/\/elcronistadiario.com\/wp-content\/uploads\/2018\/03\/29665555_1824361967584680_6814267058659754963_o-700x467.jpg 700w\" alt=\"29665555_1824361967584680_6814267058659754963_o\" width=\"1686\" height=\"1125\" \/><\/p>\n<p>\u201cLa construcci\u00f3n de la Sala de Internaci\u00f3n Pedi\u00e1trica y Maternidad ser\u00e1 un gran beneficio para aquellas madres y ni\u00f1os que atraviesen alg\u00fan problema de salud. En Chascom\u00fas hoy es sumamente necesario contar con un sector especial para el control integral que requieren nuestros hijos desde sus primeros a\u00f1os de vida\u201d, destac\u00f3 el Director del Hospital Municipal San Vicente de Paul, Jorge Rodr\u00edguez.<\/p>\n<p>El proceso administrativo para la construcci\u00f3n de la Sala de Internaci\u00f3n Pedi\u00e1trica y Maternidad del Hospital Municipal dio inicio\u00a0ayer al cumplimentarse la apertura del Sobre 1, correspondiente a la Licitaci\u00f3n P\u00fablica 2\/2018.<\/p>\n<p>En este sentido, el Intendente Javier Gast\u00f3n resalt\u00f3: \u201cLa concreci\u00f3n de esta obra nos llena de orgullo porque estamos convirtiendo a nuestro Hospital en el centro de atenci\u00f3n que se merecen todos los chascomunenses\u201d.<\/p>\n<p>&nbsp;<\/p>\n<blockquote><p><em><strong>El nuevo sector que ser\u00e1 construido en la planta alta donde actualmente funcionan los servicios de Internaci\u00f3n y Maternidad, contar\u00e1 con 12 camas y un \u00e1rea de aislamiento y cuidado especial para los casos que as\u00ed lo requieran. Para los neonatos, habr\u00e1 4 cunas incubadoras y un espacio de aislamiento para los beb\u00e9s que est\u00e9n m\u00e1s delicados. Adem\u00e1s, tendr\u00e1 salas de espera, sala de curaciones, circuitos accesibles y las exigencias de las maternidades seguras, como quir\u00f3fano junto a la sala de partos, entre otras; respondiendo, de esta manera, a los nuevos est\u00e1ndares de calidad y seguridad sanitaria.<\/strong><\/em><\/p><\/blockquote>\n<p>\u201cEl Servicio de Pediatr\u00eda necesita ser organizado y ordenado y para eso la estructura de la nueva sala es fundamental. En nuestro hospital nacen a diario ni\u00f1os que necesitan atenci\u00f3n en un lugar especializado\u201d, expres\u00f3 el Dr. Jorge Rodr\u00edguez.<\/p>\n<p>Por su parte, la Secretaria de Salud, Dra. Marcela Arias hizo hincapi\u00e9 en que la concreci\u00f3n de esta obra permitir\u00e1 una mejor prestaci\u00f3n de servicios, especialmente a las madres embarazadas cuando van a tener su beb\u00e9 y poder recibir a esa nueva vida en las mejores condiciones, \u201ccon salas m\u00e1s adecuadas con mejor espacio y nuevo equipamiento que ya se est\u00e1 adquiriendo\u201d.<br \/>\nCon la ampliaci\u00f3n del sistema de salud p\u00fablica municipal y la construcci\u00f3n de la nueva sala de Internaci\u00f3n Pedi\u00e1trica y Maternidad, se dar\u00e1 respuesta a las demandas de gran cantidad de ni\u00f1os y madres que diariamente se atienden en el Hospital Municipal San Vicente de Paul.<\/p>\n<p>De la apertura de los primeros sobres participaron, adem\u00e1s del Intendente, los secretarios de Salud, Obras, Desarrollo Social, Seguridad Ciudadana, y otros miembros del Gabinete Municipal. Tambi\u00e9n estuvo presente el equipo directivo del Hospital Municipal, miembros de la Asociaci\u00f3n Cooperadora y representantes de las empresas interesadas en la licitaci\u00f3n.<\/p>\n","protected":false},"excerpt":{"rendered":"<div class=\"mh-excerpt\"><p>Para la Licitaci\u00f3n de la Sala Pedi\u00e1trica en el Hospital, las empresas que presentaron sus propuestas con los antecedentes, documentaci\u00f3n impositiva y requisitos fueron Playa Construcciones SRL, Ridel SA y PyPSA SA. El pr\u00f3ximo mi\u00e9rcoles <a class=\"mh-excerpt-more\" href=\"https:\/\/larevistadigital.com.ar\/blog\/sala-de-pediatria-se-abrio-el-sobre-1-de-los-tres-oferentes\/\" title=\"SALA DE PEDIATR\u00cdA | SE ABRI\u00d3 EL SOBRE 1 DE LOS TRES OFERENTES\">[Leer M\u00e1s]<\/a><\/p>\n<\/div>","protected":false},"author":1,"featured_media":5370,"comment_status":"open","ping_status":"open","sticky":false,"template":"","format":"standard","meta":{"_jetpack_memberships_contains_paid_content":false,"footnotes":"","jetpack_publicize_message":"SALA DE PEDIATR\u00cdA | SE ABRI\u00d3 EL SOBRE 1 DE LOS TRES OFERENTES","jetpack_publicize_feature_enabled":true,"jetpack_social_post_already_shared":true,"jetpack_social_options":{"image_generator_settings":{"template":"highway","default_image_id":0,"font":"","enabled":false},"version":2}},"categories":[12],"tags":[],"class_list":{"0":"post-5369","1":"post","2":"type-post","3":"status-publish","4":"format-standard","5":"has-post-thumbnail","7":"category-politica"},"jetpack_publicize_connections":[],"jetpack_featured_media_url":"https:\/\/i0.wp.com\/larevistadigital.com.ar\/blog\/wp-content\/uploads\/2018\/03\/29665555_1824361967584680_6814267058659754963_o.jpg?fit=1686%2C1125&ssl=1","jetpack_sharing_enabled":true,"jetpack_shortlink":"https:\/\/wp.me\/p8qtrQ-1oB","jetpack-related-posts":[{"id":22323,"url":"https:\/\/larevistadigital.com.ar\/blog\/la-sala-de-pediatria-y-la-verdad-de-las-cosas\/","url_meta":{"origin":5369,"position":0},"title":"LA SALA DE PEDIATR\u00cdA, Y LA VERDAD DE LAS COSAS","author":"Alejandro Sosa Ruda","date":"11 octubre, 2021","format":false,"excerpt":"La dirigente y ex funcionaria, escribi\u00f3 y envi\u00f3 una reflexi\u00f3n, donde comenta lo que ocurri\u00f3 con la Sala de Pediatr\u00eda, y que a la fecha se cobr\u00f3 con creces, aunque no se ha finalizado, dici\u00e9ndole al gobierno municipal: \"No hace falta mostrar tan abiertamente el nerviosismo de la derrota\" Primero\u2026","rel":"","context":"En \u00abINTERES GENERAL\u00bb","block_context":{"text":"INTERES GENERAL","link":"https:\/\/larevistadigital.com.ar\/blog\/category\/interes-general\/"},"img":{"alt_text":"","src":"https:\/\/i0.wp.com\/larevistadigital.com.ar\/blog\/wp-content\/uploads\/bbx_945643569_1_katop01.jpg?fit=800%2C579&ssl=1&resize=350%2C200","width":350,"height":200,"srcset":"https:\/\/i0.wp.com\/larevistadigital.com.ar\/blog\/wp-content\/uploads\/bbx_945643569_1_katop01.jpg?fit=800%2C579&ssl=1&resize=350%2C200 1x, https:\/\/i0.wp.com\/larevistadigital.com.ar\/blog\/wp-content\/uploads\/bbx_945643569_1_katop01.jpg?fit=800%2C579&ssl=1&resize=525%2C300 1.5x, https:\/\/i0.wp.com\/larevistadigital.com.ar\/blog\/wp-content\/uploads\/bbx_945643569_1_katop01.jpg?fit=800%2C579&ssl=1&resize=700%2C400 2x"},"classes":[]},{"id":30180,"url":"https:\/\/larevistadigital.com.ar\/blog\/sala-de-pediatria-jugando-a-las-escondidas-por-gustavo-lopez\/","url_meta":{"origin":5369,"position":1},"title":"SALA DE PEDIATRIA: \u00abJUGANDO A LAS ESCONDIDAS\u00bb (POR GUSTAVO L\u00d3PEZ","author":"Alejandro Sosa Ruda","date":"16 febrero, 2023","format":false,"excerpt":"El ex-sectario de gobierno hizo llegar esta nota que a continuaci\u00f3n reproducimos. Mediante Decreto N\u00ba 1034\/22 del 03\/11\/2022 el Gobierno Municipal pretende hacernos -forzadamente- jugar a las escondidas, y remontarnos por un instante a esa infancia donde los jugadores escogen un participante que va a ser el que busque a\u2026","rel":"","context":"En \u00abINTERES GENERAL\u00bb","block_context":{"text":"INTERES GENERAL","link":"https:\/\/larevistadigital.com.ar\/blog\/category\/interes-general\/"},"img":{"alt_text":"","src":"https:\/\/i0.wp.com\/larevistadigital.com.ar\/blog\/wp-content\/uploads\/226303984_3088848334728579_5315602216682501337_n-2.jpg?fit=800%2C529&ssl=1&resize=350%2C200","width":350,"height":200,"srcset":"https:\/\/i0.wp.com\/larevistadigital.com.ar\/blog\/wp-content\/uploads\/226303984_3088848334728579_5315602216682501337_n-2.jpg?fit=800%2C529&ssl=1&resize=350%2C200 1x, https:\/\/i0.wp.com\/larevistadigital.com.ar\/blog\/wp-content\/uploads\/226303984_3088848334728579_5315602216682501337_n-2.jpg?fit=800%2C529&ssl=1&resize=525%2C300 1.5x, https:\/\/i0.wp.com\/larevistadigital.com.ar\/blog\/wp-content\/uploads\/226303984_3088848334728579_5315602216682501337_n-2.jpg?fit=800%2C529&ssl=1&resize=700%2C400 2x"},"classes":[]},{"id":16501,"url":"https:\/\/larevistadigital.com.ar\/blog\/castelli-avanzan-las-obras-en-el-quirofano-y-la-sala-de-tomografia-del-hospital-dr-ramon-carrillo\/","url_meta":{"origin":5369,"position":2},"title":"CASTELLI: AVANZAN LAS OBRAS EN EL QUIR\u00d3FANO Y LA SALA DE TOMOGRAF\u00cdA DEL HOSPITAL DR. RAM\u00d3N CARRILLO","author":"Alejandro Sosa Ruda","date":"25 septiembre, 2020","format":false,"excerpt":"Dentro del Hospital Municipal de Castelli se vienen desarrollando en simult\u00e1neo distintas obras y refacciones para adaptar el edificio a los nuevos equipamientos incorporados y mejorar los espacios existentes. Esto apunta a ampliar los servicios de diagn\u00f3stico y salud, brindando una atenci\u00f3n regional y de mayor complejidad. En el quir\u00f3fano\u2026","rel":"","context":"En \u00abCASTELLI\u00bb","block_context":{"text":"CASTELLI","link":"https:\/\/larevistadigital.com.ar\/blog\/category\/castelli\/"},"img":{"alt_text":"","src":"https:\/\/i0.wp.com\/larevistadigital.com.ar\/blog\/wp-content\/uploads\/119990267_1584521661717530_3308828341668314563_n.jpg?fit=960%2C624&ssl=1&resize=350%2C200","width":350,"height":200,"srcset":"https:\/\/i0.wp.com\/larevistadigital.com.ar\/blog\/wp-content\/uploads\/119990267_1584521661717530_3308828341668314563_n.jpg?fit=960%2C624&ssl=1&resize=350%2C200 1x, https:\/\/i0.wp.com\/larevistadigital.com.ar\/blog\/wp-content\/uploads\/119990267_1584521661717530_3308828341668314563_n.jpg?fit=960%2C624&ssl=1&resize=525%2C300 1.5x, https:\/\/i0.wp.com\/larevistadigital.com.ar\/blog\/wp-content\/uploads\/119990267_1584521661717530_3308828341668314563_n.jpg?fit=960%2C624&ssl=1&resize=700%2C400 2x"},"classes":[]},{"id":32004,"url":"https:\/\/larevistadigital.com.ar\/blog\/fantasmas-en-los-pasillos-y-una-estatua-maldita-los-secretos-del-hospital-mas-antiguo-de-buenos-aires\/","url_meta":{"origin":5369,"position":3},"title":"FANTASMAS EN LOS PASILLOS Y UNA ESTATUA MALDITA: LOS SECRETOS DEL HOSPITAL M\u00c1S ANTIGUO DE BUENOS AIRES","author":"Alejandro Sosa Ruda","date":"14 junio, 2023","format":false,"excerpt":"La Llorona y el \u00c1ngel de la Muerte son algunos de los secretos que oculta el Hospital Rivadavia, que tiene hasta una sala velatoria dentro. Est\u00e1 ubicado en pleno coraz\u00f3n del barrio porte\u00f1o de Recoleta. Una nota de Alexis Acu\u00f1a para TN que aqu\u00ed reproducimos. 14 de junio de 2023\u2026","rel":"","context":"En \u00abCULTURA\u00bb","block_context":{"text":"CULTURA","link":"https:\/\/larevistadigital.com.ar\/blog\/category\/cultura\/"},"img":{"alt_text":"","src":"https:\/\/i0.wp.com\/larevistadigital.com.ar\/blog\/wp-content\/uploads\/8fae910656969ef4980d2191619d9152cffe8ea7.jpg?fit=747%2C427&ssl=1&resize=350%2C200","width":350,"height":200,"srcset":"https:\/\/i0.wp.com\/larevistadigital.com.ar\/blog\/wp-content\/uploads\/8fae910656969ef4980d2191619d9152cffe8ea7.jpg?fit=747%2C427&ssl=1&resize=350%2C200 1x, https:\/\/i0.wp.com\/larevistadigital.com.ar\/blog\/wp-content\/uploads\/8fae910656969ef4980d2191619d9152cffe8ea7.jpg?fit=747%2C427&ssl=1&resize=525%2C300 1.5x, https:\/\/i0.wp.com\/larevistadigital.com.ar\/blog\/wp-content\/uploads\/8fae910656969ef4980d2191619d9152cffe8ea7.jpg?fit=747%2C427&ssl=1&resize=700%2C400 2x"},"classes":[]},{"id":29326,"url":"https:\/\/larevistadigital.com.ar\/blog\/sala-de-pediatria-muchos-interrogantes-ninguna-respuesta-por-gustavo-lopez\/","url_meta":{"origin":5369,"position":4},"title":"SALA DE PEDIATRIA: MUCHOS INTERROGANTES, NINGUNA RESPUESTA (Por Gustavo L\u00f3pez)","author":"Alejandro Sosa Ruda","date":"8 diciembre, 2022","format":false,"excerpt":"El dirigente radical chascomunense hizo una nota de opini\u00f3n en sus redes, que nos pareci\u00f3 importante compartir, por lo que a continuaci\u00f3n se publica... 8 de diciembre de 2022 En junio del corriente a\u00f1o, se aprueba en el Honorable Concejo Deliberante (HCD) una solicitud de informes sobre la construcci\u00f3n de\u2026","rel":"","context":"En \u00abDESTACADAS\u00bb","block_context":{"text":"DESTACADAS","link":"https:\/\/larevistadigital.com.ar\/blog\/category\/destacadas\/"},"img":{"alt_text":"","src":"https:\/\/i0.wp.com\/larevistadigital.com.ar\/blog\/wp-content\/uploads\/sala-pediatria.jpg?fit=843%2C843&ssl=1&resize=350%2C200","width":350,"height":200,"srcset":"https:\/\/i0.wp.com\/larevistadigital.com.ar\/blog\/wp-content\/uploads\/sala-pediatria.jpg?fit=843%2C843&ssl=1&resize=350%2C200 1x, https:\/\/i0.wp.com\/larevistadigital.com.ar\/blog\/wp-content\/uploads\/sala-pediatria.jpg?fit=843%2C843&ssl=1&resize=525%2C300 1.5x, https:\/\/i0.wp.com\/larevistadigital.com.ar\/blog\/wp-content\/uploads\/sala-pediatria.jpg?fit=843%2C843&ssl=1&resize=700%2C400 2x"},"classes":[]},{"id":9909,"url":"https:\/\/larevistadigital.com.ar\/blog\/chascomus-manana-se-inaugura-la-nueva-sala-de-capacitacion-y-las-modernizadas-instalaciones-de-la-direccion-de-produccion\/","url_meta":{"origin":5369,"position":5},"title":"CHASCOM\u00daS: MA\u00d1ANA SE INAUGURA LA NUEVA SALA DE CAPACITACI\u00d3N Y LAS MODERNIZADAS INSTALACIONES DE LA DIRECCI\u00d3N DE PRODUCCI\u00d3N.","author":"Alejandro Sosa Ruda","date":"30 abril, 2019","format":false,"excerpt":"Con el objetivo de contar con un mejor espacio de trabajo, donde se pueda brindar m\u00e1s y mejores servicios a la comunidad, esta dependencia municipal dispondr\u00e1 de boxes de atenci\u00f3n personalizada, oficinas para equipos de trabajo, recepci\u00f3n y sala de capacitaci\u00f3n. La decisi\u00f3n de contar con un espacio municipal de\u2026","rel":"","context":"En \u00abPOLITICA\u00bb","block_context":{"text":"POLITICA","link":"https:\/\/larevistadigital.com.ar\/blog\/category\/politica\/"},"img":{"alt_text":"","src":"https:\/\/i0.wp.com\/larevistadigital.com.ar\/blog\/wp-content\/uploads\/2019\/04\/58831548_2407730969247774_8570760389111840768_o.jpg?fit=1200%2C675&ssl=1&resize=350%2C200","width":350,"height":200,"srcset":"https:\/\/i0.wp.com\/larevistadigital.com.ar\/blog\/wp-content\/uploads\/2019\/04\/58831548_2407730969247774_8570760389111840768_o.jpg?fit=1200%2C675&ssl=1&resize=350%2C200 1x, https:\/\/i0.wp.com\/larevistadigital.com.ar\/blog\/wp-content\/uploads\/2019\/04\/58831548_2407730969247774_8570760389111840768_o.jpg?fit=1200%2C675&ssl=1&resize=525%2C300 1.5x, https:\/\/i0.wp.com\/larevistadigital.com.ar\/blog\/wp-content\/uploads\/2019\/04\/58831548_2407730969247774_8570760389111840768_o.jpg?fit=1200%2C675&ssl=1&resize=700%2C400 2x, https:\/\/i0.wp.com\/larevistadigital.com.ar\/blog\/wp-content\/uploads\/2019\/04\/58831548_2407730969247774_8570760389111840768_o.jpg?fit=1200%2C675&ssl=1&resize=1050%2C600 3x"},"classes":[]}],"_links":{"self":[{"href":"https:\/\/larevistadigital.com.ar\/blog\/wp-json\/wp\/v2\/posts\/5369","targetHints":{"allow":["GET"]}}],"collection":[{"href":"https:\/\/larevistadigital.com.ar\/blog\/wp-json\/wp\/v2\/posts"}],"about":[{"href":"https:\/\/larevistadigital.com.ar\/blog\/wp-json\/wp\/v2\/types\/post"}],"author":[{"embeddable":true,"href":"https:\/\/larevistadigital.com.ar\/blog\/wp-json\/wp\/v2\/users\/1"}],"replies":[{"embeddable":true,"href":"https:\/\/larevistadigital.com.ar\/blog\/wp-json\/wp\/v2\/comments?post=5369"}],"version-history":[{"count":1,"href":"https:\/\/larevistadigital.com.ar\/blog\/wp-json\/wp\/v2\/posts\/5369\/revisions"}],"predecessor-version":[{"id":5371,"href":"https:\/\/larevistadigital.com.ar\/blog\/wp-json\/wp\/v2\/posts\/5369\/revisions\/5371"}],"wp:featuredmedia":[{"embeddable":true,"href":"https:\/\/larevistadigital.com.ar\/blog\/wp-json\/wp\/v2\/media\/5370"}],"wp:attachment":[{"href":"https:\/\/larevistadigital.com.ar\/blog\/wp-json\/wp\/v2\/media?parent=5369"}],"wp:term":[{"taxonomy":"category","embeddable":true,"href":"https:\/\/larevistadigital.com.ar\/blog\/wp-json\/wp\/v2\/categories?post=5369"},{"taxonomy":"post_tag","embeddable":true,"href":"https:\/\/larevistadigital.com.ar\/blog\/wp-json\/wp\/v2\/tags?post=5369"}],"curies":[{"name":"wp","href":"https:\/\/api.w.org\/{rel}","templated":true}]}}