{"id":5375,"date":"2018-03-25T09:35:11","date_gmt":"2018-03-25T09:35:11","guid":{"rendered":"https:\/\/larevistadigital.com.ar\/blog\/?p=5375"},"modified":"2018-03-29T09:47:15","modified_gmt":"2018-03-29T09:47:15","slug":"siguio-a-un-menor-durante-varias-cuadras-denuncia-por-actitud-sospechosa-de-un-desconocido-que-desperto-logica-inquietud-en-chascomus","status":"publish","type":"post","link":"https:\/\/larevistadigital.com.ar\/blog\/siguio-a-un-menor-durante-varias-cuadras-denuncia-por-actitud-sospechosa-de-un-desconocido-que-desperto-logica-inquietud-en-chascomus\/","title":{"rendered":"SIGUI\u00d3 A UN MENOR DURANTE VARIAS CUADRAS: Denuncia por actitud sospechosa de un desconocido, que despert\u00f3 l\u00f3gica inquietud en Chascom\u00fas"},"content":{"rendered":"<p>Adriana Bianchi, vecina de nuestra ciudad, fue entrevistada en la ma\u00f1ana de FM Por Siempre, oportunidad en la que se refiri\u00f3 a una situaci\u00f3n que le toc\u00f3 vivir a su hijo de 12 a\u00f1os, d\u00edas pasados cuando se dirig\u00eda por calle Escribano hacia el club Deportivo siendo las 18:30.<\/p>\n<p>Como el joven no contaba con saldo en su tel\u00e9fono, su madre se manten\u00eda en contacto llam\u00e1ndolo a su tel\u00e9fono y en tal instancia el joven avisa a su madre que un desconocido en una bicicleta de color rojo, persona adulta, lo estaba siguiendo y le realizaba gestos obscenos\u2026<\/p>\n<p>Una se\u00f1ora de un local al notar este accionar puso al joven a su cuidado y al comunicarse con la madre la tranquiliz\u00f3 porque los cuidar\u00eda hasta que ella se acercara al lugar. Esa horrible experiencia fue vivida por el menor hasta Escribano y Alvear, y en total fueron dos cuadras y media siguiendo al chico.<\/p>\n<p>En un primer momento el joven crey\u00f3 conocer a quien lo segu\u00eda pero al notar que se trataba de alguien a quien nunca hab\u00eda visto ni tratado decide \u201cescaparse\u201d; el joven cont\u00f3 que el adulto portaba un tel\u00e9fono, aunque no pudo precisar si con el lo estaba grabando, o si estaba en comunicaci\u00f3n con otra persona.<\/p>\n<p>La familia hizo la correspondiente denuncia en la Estaci\u00f3n de Polic\u00eda Comunal ad\u00f3nde se comprometieron a solicitar im\u00e1genes al centro de monitoreo municipal a fin de obtener datos para determinar de quien se podr\u00eda tratar.<\/p>\n<p>http:\/\/www.elcronistadiario.com\/2018\/03\/siguio-a-un-menor-durante-varias-cuadras-denuncia-por-actitud-sospechosa-de-un-desconocido-que-desperto-logica-inquietud-en-chascomus\/<\/p>\n<p>&nbsp;<\/p>\n","protected":false},"excerpt":{"rendered":"<div class=\"mh-excerpt\"><p>Adriana Bianchi, vecina de nuestra ciudad, fue entrevistada en la ma\u00f1ana de FM Por Siempre, oportunidad en la que se refiri\u00f3 a una situaci\u00f3n que le toc\u00f3 vivir a su hijo de 12 a\u00f1os, d\u00edas <a class=\"mh-excerpt-more\" href=\"https:\/\/larevistadigital.com.ar\/blog\/siguio-a-un-menor-durante-varias-cuadras-denuncia-por-actitud-sospechosa-de-un-desconocido-que-desperto-logica-inquietud-en-chascomus\/\" title=\"SIGUI\u00d3 A UN MENOR DURANTE VARIAS CUADRAS: Denuncia por actitud sospechosa de un desconocido, que despert\u00f3 l\u00f3gica inquietud en Chascom\u00fas\">[Leer M\u00e1s]<\/a><\/p>\n<\/div>","protected":false},"author":1,"featured_media":5376,"comment_status":"open","ping_status":"open","sticky":false,"template":"","format":"standard","meta":{"_jetpack_memberships_contains_paid_content":false,"footnotes":"","jetpack_publicize_message":"SIGUI\u00d3 A UN MENOR DURANTE VARIAS CUADRAS: Denuncia por actitud sospechosa de un desconocido, que despert\u00f3 l\u00f3gica inquietud en Chascom\u00fas","jetpack_publicize_feature_enabled":true,"jetpack_social_post_already_shared":true,"jetpack_social_options":{"image_generator_settings":{"template":"highway","default_image_id":0,"font":"","enabled":false},"version":2}},"categories":[41],"tags":[],"class_list":{"0":"post-5375","1":"post","2":"type-post","3":"status-publish","4":"format-standard","5":"has-post-thumbnail","7":"category-destacadas"},"jetpack_publicize_connections":[],"jetpack_featured_media_url":"https:\/\/i0.wp.com\/larevistadigital.com.ar\/blog\/wp-content\/uploads\/2018\/03\/DSCN2446-1-700x467.jpg?fit=700%2C467&ssl=1","jetpack_sharing_enabled":true,"jetpack_shortlink":"https:\/\/wp.me\/p8qtrQ-1oH","jetpack-related-posts":[{"id":13550,"url":"https:\/\/larevistadigital.com.ar\/blog\/mar-del-plata-buscan-a-una-joven-con-retraso-madurativo\/","url_meta":{"origin":5375,"position":0},"title":"MAR DEL PLATA: BUSCAN A UNA J\u00d3VEN CON RETRASO MADURATIVO","author":"Alejandro Sosa Ruda","date":"7 diciembre, 2019","format":false,"excerpt":"Julieta Antonella Guardia desapareci\u00f3 de su domicilio en el barrio Don Emilio este mediod\u00eda. Seg\u00fan informaron sus familiares s\u00f3lo se llev\u00f3 su tel\u00e9fono celular. Julieta Antonella Guardia es una joven de 22 a\u00f1os que se encuentra desaparecida desde este mediod\u00eda. Fue vista por \u00faltima vez en horas del mediod\u00eda en\u2026","rel":"","context":"En \u00abREGIONALES\u00bb","block_context":{"text":"REGIONALES","link":"https:\/\/larevistadigital.com.ar\/blog\/category\/regionales\/"},"img":{"alt_text":"","src":"https:\/\/i0.wp.com\/larevistadigital.com.ar\/blog\/wp-content\/uploads\/1575760772773.jpeg?fit=648%2C364&ssl=1&resize=350%2C200","width":350,"height":200,"srcset":"https:\/\/i0.wp.com\/larevistadigital.com.ar\/blog\/wp-content\/uploads\/1575760772773.jpeg?fit=648%2C364&ssl=1&resize=350%2C200 1x, https:\/\/i0.wp.com\/larevistadigital.com.ar\/blog\/wp-content\/uploads\/1575760772773.jpeg?fit=648%2C364&ssl=1&resize=525%2C300 1.5x"},"classes":[]},{"id":39725,"url":"https:\/\/larevistadigital.com.ar\/blog\/violencia-en-el-hogar-una-madre-intervino-para-proteger-a-su-hija-y-logro-la-detencion-del-agresor\/","url_meta":{"origin":5375,"position":1},"title":"Violencia en el hogar: una madre intervino para proteger a su hija y logr\u00f3 la detenci\u00f3n del agresor","author":"Alejandro Sosa Ruda","date":"10 mayo, 2025","format":false,"excerpt":"La r\u00e1pida reacci\u00f3n de una madre ante un llamado de alerta evit\u00f3 que una situaci\u00f3n de violencia escalara. El agresor fue aprehendido tras amenazar nuevamente a su pareja en presencia de la polic\u00eda. 09 de Mayo de 2025 CHASCOM\u00daS -\u00a0 Un preocupante episodio de violencia dom\u00e9stica tuvo lugar en las\u2026","rel":"","context":"En \u00abINTERES GENERAL\u00bb","block_context":{"text":"INTERES GENERAL","link":"https:\/\/larevistadigital.com.ar\/blog\/category\/interes-general\/"},"img":{"alt_text":"","src":"https:\/\/i0.wp.com\/larevistadigital.com.ar\/blog\/wp-content\/uploads\/2019\/01\/bbx_755050019_comisaria_chasco_01.jpg?fit=800%2C579&ssl=1&resize=350%2C200","width":350,"height":200,"srcset":"https:\/\/i0.wp.com\/larevistadigital.com.ar\/blog\/wp-content\/uploads\/2019\/01\/bbx_755050019_comisaria_chasco_01.jpg?fit=800%2C579&ssl=1&resize=350%2C200 1x, https:\/\/i0.wp.com\/larevistadigital.com.ar\/blog\/wp-content\/uploads\/2019\/01\/bbx_755050019_comisaria_chasco_01.jpg?fit=800%2C579&ssl=1&resize=525%2C300 1.5x, https:\/\/i0.wp.com\/larevistadigital.com.ar\/blog\/wp-content\/uploads\/2019\/01\/bbx_755050019_comisaria_chasco_01.jpg?fit=800%2C579&ssl=1&resize=700%2C400 2x"},"classes":[]},{"id":36953,"url":"https:\/\/larevistadigital.com.ar\/blog\/mar-del-plata-busqueda-desesperada-de-una-joven-de-24-anos\/","url_meta":{"origin":5375,"position":2},"title":"MAR DEL PLATA: BUSQUEDA DESESPERADA DE UNA JOVEN DE 24 A\u00d1OS","author":"Alejandro Sosa Ruda","date":"11 agosto, 2024","format":false,"excerpt":"Florencia Milagros Villarino se fue de su casa del barrio Faro. Tiene problemas de adicciones y est\u00e1 bajo tratamiento psiqui\u00e1trico, pero su madre dijo que hace tiempo abandon\u00f3 la medicaci\u00f3n. 11 de Agosto de 2024 MAR DEL PLATA -\u00a0 La b\u00fasqueda de Florencia Milagros Villarino, una joven de 24 a\u00f1os\u2026","rel":"","context":"En \u00abPOLICIALES\u00bb","block_context":{"text":"POLICIALES","link":"https:\/\/larevistadigital.com.ar\/blog\/category\/policiales\/"},"img":{"alt_text":"","src":"https:\/\/i0.wp.com\/larevistadigital.com.ar\/blog\/wp-content\/uploads\/Captura-de-pantalla-2024-08-11-202041.png?fit=723%2C500&ssl=1&resize=350%2C200","width":350,"height":200,"srcset":"https:\/\/i0.wp.com\/larevistadigital.com.ar\/blog\/wp-content\/uploads\/Captura-de-pantalla-2024-08-11-202041.png?fit=723%2C500&ssl=1&resize=350%2C200 1x, https:\/\/i0.wp.com\/larevistadigital.com.ar\/blog\/wp-content\/uploads\/Captura-de-pantalla-2024-08-11-202041.png?fit=723%2C500&ssl=1&resize=525%2C300 1.5x, https:\/\/i0.wp.com\/larevistadigital.com.ar\/blog\/wp-content\/uploads\/Captura-de-pantalla-2024-08-11-202041.png?fit=723%2C500&ssl=1&resize=700%2C400 2x"},"classes":[]},{"id":33853,"url":"https:\/\/larevistadigital.com.ar\/blog\/ensenada-un-chico-de-15-anos-mato-a-la-pareja-de-su-madre\/","url_meta":{"origin":5375,"position":3},"title":"ENSENADA: UN CHICO DE 15 A\u00d1OS MAT\u00d3 A LA PAREJA DE SU MADRE","author":"Alejandro Sosa Ruda","date":"5 octubre, 2023","format":false,"excerpt":"El episodio se dio este jueves en una vivienda de 127 y 39, Ensenada. El joven habr\u00eda salido en defensa de su hermana. 05 de octubre de 2023 ENSENADA -\u00a0 Un joven de 19 a\u00f1os es buscado desde este jueves por la tarde, acusado de\u00a0matar a pu\u00f1aladas al novio de\u2026","rel":"","context":"En \u00abINTERES GENERAL\u00bb","block_context":{"text":"INTERES GENERAL","link":"https:\/\/larevistadigital.com.ar\/blog\/category\/interes-general\/"},"img":{"alt_text":"","src":"https:\/\/i0.wp.com\/larevistadigital.com.ar\/blog\/wp-content\/uploads\/Captura-de-pantalla-2023-10-05-182304.png?fit=880%2C488&ssl=1&resize=350%2C200","width":350,"height":200,"srcset":"https:\/\/i0.wp.com\/larevistadigital.com.ar\/blog\/wp-content\/uploads\/Captura-de-pantalla-2023-10-05-182304.png?fit=880%2C488&ssl=1&resize=350%2C200 1x, https:\/\/i0.wp.com\/larevistadigital.com.ar\/blog\/wp-content\/uploads\/Captura-de-pantalla-2023-10-05-182304.png?fit=880%2C488&ssl=1&resize=525%2C300 1.5x, https:\/\/i0.wp.com\/larevistadigital.com.ar\/blog\/wp-content\/uploads\/Captura-de-pantalla-2023-10-05-182304.png?fit=880%2C488&ssl=1&resize=700%2C400 2x"},"classes":[]},{"id":10471,"url":"https:\/\/larevistadigital.com.ar\/blog\/nina-de-10-anos-fue-violada-y-acusan-al-primo-de-su-madre-que-convivia-con-ellas\/","url_meta":{"origin":5375,"position":4},"title":"NI\u00d1A DE 10 A\u00d1OS FUE VIOLADA, Y ACUSAN AL PRIMO DE SU MADRE QUE CONVIV\u00cdA CON ELLAS","author":"Alejandro Sosa Ruda","date":"5 junio, 2019","format":false,"excerpt":"El hombre de 23 a\u00f1os fue detenido esta tarde en un edificio de Rawson al 2000. La menor ten\u00eda lesiones similares a la de un abuso sexual por la v\u00eda vaginal. Un nuevo y grave hecho de abuso sexual se conoci\u00f3 esta tarde en Mar del Plata al ser detenido\u2026","rel":"","context":"En \u00abPOLICIALES\u00bb","block_context":{"text":"POLICIALES","link":"https:\/\/larevistadigital.com.ar\/blog\/category\/policiales\/"},"img":{"alt_text":"","src":"https:\/\/i0.wp.com\/larevistadigital.com.ar\/blog\/wp-content\/uploads\/Screenshot_1-1.jpg?fit=1010%2C671&ssl=1&resize=350%2C200","width":350,"height":200,"srcset":"https:\/\/i0.wp.com\/larevistadigital.com.ar\/blog\/wp-content\/uploads\/Screenshot_1-1.jpg?fit=1010%2C671&ssl=1&resize=350%2C200 1x, https:\/\/i0.wp.com\/larevistadigital.com.ar\/blog\/wp-content\/uploads\/Screenshot_1-1.jpg?fit=1010%2C671&ssl=1&resize=525%2C300 1.5x, https:\/\/i0.wp.com\/larevistadigital.com.ar\/blog\/wp-content\/uploads\/Screenshot_1-1.jpg?fit=1010%2C671&ssl=1&resize=700%2C400 2x"},"classes":[]},{"id":11135,"url":"https:\/\/larevistadigital.com.ar\/blog\/mujer-denuncio-a-hombre-que-la-acosaba-por-facebook-y-desaparecio\/","url_meta":{"origin":5375,"position":5},"title":"MUJER DENUNCI\u00d3 A HOMBRE QUE LA ACOSABA POR FACEBOOK Y DESAPARECI\u00d3","author":"Alejandro Sosa Ruda","date":"8 julio, 2019","format":false,"excerpt":"La joven de 25 a\u00f1os, que fue vista por \u00faltima vez hace m\u00e1s de 48 horas\u00a0cuando llev\u00f3 a su hijo al jard\u00edn de infantes en la ciudad cordobesa de Unquillo, es intensamente buscada por la polic\u00eda y su familia est\u00e1 desesperada. Dalma Ianini\u00a0desparaci\u00f3 el viernes al mediod\u00eda cuando fue a\u2026","rel":"","context":"En \u00abINTERES GENERAL\u00bb","block_context":{"text":"INTERES GENERAL","link":"https:\/\/larevistadigital.com.ar\/blog\/category\/interes-general\/"},"img":{"alt_text":"","src":"https:\/\/i0.wp.com\/larevistadigital.com.ar\/blog\/wp-content\/uploads\/Screenshot_1-21.jpg?fit=1200%2C674&ssl=1&resize=350%2C200","width":350,"height":200,"srcset":"https:\/\/i0.wp.com\/larevistadigital.com.ar\/blog\/wp-content\/uploads\/Screenshot_1-21.jpg?fit=1200%2C674&ssl=1&resize=350%2C200 1x, https:\/\/i0.wp.com\/larevistadigital.com.ar\/blog\/wp-content\/uploads\/Screenshot_1-21.jpg?fit=1200%2C674&ssl=1&resize=525%2C300 1.5x, https:\/\/i0.wp.com\/larevistadigital.com.ar\/blog\/wp-content\/uploads\/Screenshot_1-21.jpg?fit=1200%2C674&ssl=1&resize=700%2C400 2x, https:\/\/i0.wp.com\/larevistadigital.com.ar\/blog\/wp-content\/uploads\/Screenshot_1-21.jpg?fit=1200%2C674&ssl=1&resize=1050%2C600 3x"},"classes":[]}],"_links":{"self":[{"href":"https:\/\/larevistadigital.com.ar\/blog\/wp-json\/wp\/v2\/posts\/5375","targetHints":{"allow":["GET"]}}],"collection":[{"href":"https:\/\/larevistadigital.com.ar\/blog\/wp-json\/wp\/v2\/posts"}],"about":[{"href":"https:\/\/larevistadigital.com.ar\/blog\/wp-json\/wp\/v2\/types\/post"}],"author":[{"embeddable":true,"href":"https:\/\/larevistadigital.com.ar\/blog\/wp-json\/wp\/v2\/users\/1"}],"replies":[{"embeddable":true,"href":"https:\/\/larevistadigital.com.ar\/blog\/wp-json\/wp\/v2\/comments?post=5375"}],"version-history":[{"count":1,"href":"https:\/\/larevistadigital.com.ar\/blog\/wp-json\/wp\/v2\/posts\/5375\/revisions"}],"predecessor-version":[{"id":5377,"href":"https:\/\/larevistadigital.com.ar\/blog\/wp-json\/wp\/v2\/posts\/5375\/revisions\/5377"}],"wp:featuredmedia":[{"embeddable":true,"href":"https:\/\/larevistadigital.com.ar\/blog\/wp-json\/wp\/v2\/media\/5376"}],"wp:attachment":[{"href":"https:\/\/larevistadigital.com.ar\/blog\/wp-json\/wp\/v2\/media?parent=5375"}],"wp:term":[{"taxonomy":"category","embeddable":true,"href":"https:\/\/larevistadigital.com.ar\/blog\/wp-json\/wp\/v2\/categories?post=5375"},{"taxonomy":"post_tag","embeddable":true,"href":"https:\/\/larevistadigital.com.ar\/blog\/wp-json\/wp\/v2\/tags?post=5375"}],"curies":[{"name":"wp","href":"https:\/\/api.w.org\/{rel}","templated":true}]}}