{"id":5380,"date":"2018-02-03T13:30:37","date_gmt":"2018-02-03T13:30:37","guid":{"rendered":"https:\/\/larevistadigital.com.ar\/blog\/?p=5380"},"modified":"2018-04-03T13:39:05","modified_gmt":"2018-04-03T13:39:05","slug":"ya-esta-en-marcha-el-torneo-nacional-de-boxeo-de-ambapa-rumbo-a-mexico-2018","status":"publish","type":"post","link":"https:\/\/larevistadigital.com.ar\/blog\/ya-esta-en-marcha-el-torneo-nacional-de-boxeo-de-ambapa-rumbo-a-mexico-2018\/","title":{"rendered":"Ya est\u00e1 en marcha el Torneo Nacional de Boxeo de AMBAPA \u201cRumbo a M\u00e9xico 2018\u201d"},"content":{"rendered":"<p class=\"entry-title\">Por\u00a0<a style=\"font-size: 16px;\" href=\"http:\/\/playradios.com.ar\/author\/laurita\/\">Laura Risso<\/a><span style=\"font-size: 16px;\">\u00a0&#8211;<\/span><\/p>\n<div class=\"td-module-meta-info\">\n<div class=\"td-post-date\">\n<p>Esta ma\u00f1ana en el Centro Recreativo Municipal \u201cN\u00e9stor C. Kirchner\u201d de nuestra ciudad se dio inicio al Torneo Nacional de Boxeo \u201cRumbo a M\u00e9xico 2018\u201d que es organizado por AMBAPA, la Asociaci\u00f3n de Managers y Boxeadores Argentinos Profesionales y Amateurs y coordinado por la gente del gimnasio florense Golden Gym de Walter Javier Crucce y Mario Laborde.<\/p>\n<p>Crucce, Vicepresidente de dicha Asociaci\u00f3n, en conferencia de prensa, fue el encargado de darle la bienvenida a todos los equipos que llegaron desde distintos puntos del pa\u00eds para competir en las diferentes categor\u00edas con las que contar\u00e1 la competencia.<\/p>\n<p>Agradeci\u00f3 a todos por haber hecho lo imposible para llegar hasta Las Flores y por reconocer el esfuerzo para llevar adelante semejante evento. \u201cMuy agradecido por todo. Les damos la bienvenida, esperemos que disfruten este Torneo, hemos hecho un esfuerzo enorme y ustedes nos han recompensado con la presencia\u201d, resalt\u00f3.<\/p>\n<p>A continuaci\u00f3n explic\u00f3 c\u00f3mo ser\u00e1 el mecanismo del Torneo que al finalizar tendr\u00e1 un Campe\u00f3n por cada Categor\u00eda. Habr\u00e1 8 peleas por cuatro categor\u00edas: hasta 56 kilos, hasta 60, hasta 69 y hasta 75 kilos; en tanto por la categor\u00eda hasta 64 kilos se han inscripto 12 participantes.<\/p>\n<p>La metodolog\u00eda de clasificaci\u00f3n durante los cuatro d\u00edas de peleas \u2013 hoy lunes 2 cuartos de final, el mi\u00e9rcoles 4 y el jueves 5 las semifinales y el s\u00e1bado 7 de abril las finales \u2013 ser\u00e1 por eliminaci\u00f3n directa, es decir que a medida que vayan perdieron, van quedando afuera.<\/p>\n<p>Adem\u00e1s se\u00f1al\u00f3 que cada ganador de este Torneo pelear\u00e1 antes de fin de a\u00f1o con otros finalistas, para as\u00ed conseguir el gran pase al Torneo que tendr\u00e1 lugar en tierras mexicanas y que contar\u00e1 con 5 representantes argentinos.<\/p>\n<p>Remarc\u00f3 que \u201cahora estamos recolectando campeones para que despu\u00e9s solamente sean eliminatorias entre campeones. Van a poder pelear uno que tenga el cintur\u00f3n que se van a llevar en este torneo contra otro que tenga este mismo cintur\u00f3n que haya hecho en otro lugar del pa\u00eds\u201d.<\/p>\n<p>Por otra parte Crucce coment\u00f3 que la idea es que todo se haga muy transparente, sin \u201cfavoritismos\u201d, ni siquiera para los mismos competidores de Las Flores, por eso es que en el caso que de una misma ciudad o equipo haya m\u00e1s de un pugilista, en el sorteo de las llaves, se los separ\u00f3 para que no se tengan que enfrentar en las primeras instancias, solo en las finales si es que asi se da.<\/p>\n<p>Los encuentros se llevar\u00e1n adelante en la Sede Social del Club Atl\u00e9tico Las Flores, ubicada en Av. Rivadavia entre Av. San Martin y 25 de mayo; desde las 19 horas. La entrada para cada jornada ser\u00e1 de $50, la capacidad es limitada.<\/p>\n<p><strong>Bien federal<\/strong><\/p>\n<p>El acontecimiento es realmente federal porque desde ayer y hasta hoy, nuestra ciudad recibi\u00f3 a boxeadores y t\u00e9cnicos de todas partes de la Argentina.<\/p>\n<p>Play Radios pudo conversar con los entrenadores de distintos puntos.<\/p>\n<p>El entrenador de la Provincia de Catamarca, tras un viaje de 18 horas, destac\u00f3 la importancia de este deporte y la posibilidad de que los chicos interact\u00faen con sus pares de todo el pa\u00eds: \u201cesto es amor al deporte, para nosotros es una pasi\u00f3n y estamos totalmente convencidos que es un deporte de inclusi\u00f3n por eso hay que apoyarlo\u201d, se\u00f1al\u00f3.<\/p>\n<p>Tambien se pudo dialogar con el entrenador y ex boxeador de la provincia de C\u00f3rdoba, m\u00e1s precisamente de Villanueva que lleg\u00f3 con un joven de la categor\u00eda Welter; con el se\u00f1or Pablo Lavallen de Tandil quien trajo al boxeador Mat\u00edas Lavallen, Campe\u00f3n Interprovincial y de la categor\u00eda 64 kilos.<\/p>\n<p>En otro tramo tuvo la palabra el entrenador Enrique Maro de los eventos \u201cSue\u00f1os Dorados\u201d de Bah\u00eda Blanca, hizo 500 kil\u00f3metros para mostrar el nivel y el trabajo de su ciudad; Nicol\u00e1s Acu\u00f1a de Neuqu\u00e9n que lleg\u00f3 junto a otro t\u00e9cnico, Diego Ojeda, y quienes trajeron a dos pugilistas de la categor\u00eda 75 kilos (son de distintos gimnasios). \u201cUno arriba del ring pretende ganar, llegar hasta la victoria cueste lo que cueste pero suena la campana y se fraterniza todo en un abrazo porque los dos terminaron de pie. Esa es la magia del boxeo, lo que hace la familia del boxeo\u201d, remarc\u00f3 Ojeda.<\/p>\n<p>Desde Roldan, Santa Fe lleg\u00f3 Roberto Castro junto a su hijo Lautaro para competir en la categor\u00eda 75 kilos; desde Jun\u00edn llegaron con un pugilista de la categor\u00eda 60 kilos para hacer experiencia; desde Chivilcoy lleg\u00f3 el entrenador con el boxeador Leonardo \u201cPatito\u201d Gardella de hasta 56 kilos tambien para sumar experiencia en los \u00faltimos pasos como amateur.<\/p>\n<p>14 horas de viaje desde Puerto Madryn, Chubut, tard\u00f3 el equipo para llegar justo para el pesaje. Con muchas expectativas, los entrenadores y boxeadores de esta ciudad de la Patagonia para ser parte de este importante evento.<\/p>\n<p>La totalidad de los managers destacaron la atenci\u00f3n recibida en nuestra ciudad, la calidez del lugar donde fueron alejados y la importancia de ser parte de estos encuentros, m\u00e1s aun en una \u201ccuna de campeones\u201d como lo es Las Flores. Se mostraron muy conformes con la organizaci\u00f3n y agradecieron la oportunidad.<\/p>\n<p><strong>Apoyo<\/strong><\/p>\n<p>El Torneo cuenta con el apoyo del Municipio de Las Flores; adem\u00e1s con el aval de la Federaci\u00f3n Argentina de Boxeo y con la colaboraci\u00f3n de la Liga Bonaerense, representada en la conferencia de prensa por el reconocido entrenador Marcelo Crucce.<\/p>\n<p>nota a MARCELO CRUCCE.<\/p>\n<!--[if lt IE 9]><script>document.createElement('audio');<\/script><![endif]-->\n<audio class=\"wp-audio-shortcode\" id=\"audio-5380-1\" preload=\"none\" style=\"width: 100%;\" controls=\"controls\"><source type=\"audio\/mpeg\" src=\"https:\/\/larevistadigital.com.ar\/blog\/wp-content\/uploads\/2018\/04\/marcelo-crucce.mp3?_=1\" \/><a href=\"https:\/\/larevistadigital.com.ar\/blog\/wp-content\/uploads\/2018\/04\/marcelo-crucce.mp3\">https:\/\/larevistadigital.com.ar\/blog\/wp-content\/uploads\/2018\/04\/marcelo-crucce.mp3<\/a><\/audio>\n<p><a href=\"https:\/\/i0.wp.com\/larevistadigital.com.ar\/blog\/wp-content\/uploads\/2018\/04\/29994671_10216127520087164_182947646_o.jpg?ssl=1\"><img data-recalc-dims=\"1\" loading=\"lazy\" decoding=\"async\" class=\"alignnone size-full wp-image-5386\" src=\"https:\/\/i0.wp.com\/larevistadigital.com.ar\/blog\/wp-content\/uploads\/2018\/04\/29994671_10216127520087164_182947646_o.jpg?resize=1334%2C1001&#038;ssl=1\" alt=\"\" width=\"1334\" height=\"1001\" srcset=\"https:\/\/i0.wp.com\/larevistadigital.com.ar\/blog\/wp-content\/uploads\/2018\/04\/29994671_10216127520087164_182947646_o.jpg?w=1334&amp;ssl=1 1334w, https:\/\/i0.wp.com\/larevistadigital.com.ar\/blog\/wp-content\/uploads\/2018\/04\/29994671_10216127520087164_182947646_o.jpg?resize=300%2C225&amp;ssl=1 300w, https:\/\/i0.wp.com\/larevistadigital.com.ar\/blog\/wp-content\/uploads\/2018\/04\/29994671_10216127520087164_182947646_o.jpg?resize=768%2C576&amp;ssl=1 768w, https:\/\/i0.wp.com\/larevistadigital.com.ar\/blog\/wp-content\/uploads\/2018\/04\/29994671_10216127520087164_182947646_o.jpg?resize=1024%2C768&amp;ssl=1 1024w, https:\/\/i0.wp.com\/larevistadigital.com.ar\/blog\/wp-content\/uploads\/2018\/04\/29994671_10216127520087164_182947646_o.jpg?resize=678%2C509&amp;ssl=1 678w, https:\/\/i0.wp.com\/larevistadigital.com.ar\/blog\/wp-content\/uploads\/2018\/04\/29994671_10216127520087164_182947646_o.jpg?resize=326%2C245&amp;ssl=1 326w, https:\/\/i0.wp.com\/larevistadigital.com.ar\/blog\/wp-content\/uploads\/2018\/04\/29994671_10216127520087164_182947646_o.jpg?resize=80%2C60&amp;ssl=1 80w\" sizes=\"auto, (max-width: 1000px) 100vw, 1000px\" \/><\/a> <a href=\"https:\/\/i0.wp.com\/larevistadigital.com.ar\/blog\/wp-content\/uploads\/2018\/04\/30069804_10216127519767156_1373349716_o.jpg?ssl=1\"><img data-recalc-dims=\"1\" loading=\"lazy\" decoding=\"async\" class=\"alignnone size-full wp-image-5387\" src=\"https:\/\/i0.wp.com\/larevistadigital.com.ar\/blog\/wp-content\/uploads\/2018\/04\/30069804_10216127519767156_1373349716_o.jpg?resize=1334%2C1001&#038;ssl=1\" alt=\"\" width=\"1334\" height=\"1001\" srcset=\"https:\/\/i0.wp.com\/larevistadigital.com.ar\/blog\/wp-content\/uploads\/2018\/04\/30069804_10216127519767156_1373349716_o.jpg?w=1334&amp;ssl=1 1334w, https:\/\/i0.wp.com\/larevistadigital.com.ar\/blog\/wp-content\/uploads\/2018\/04\/30069804_10216127519767156_1373349716_o.jpg?resize=300%2C225&amp;ssl=1 300w, https:\/\/i0.wp.com\/larevistadigital.com.ar\/blog\/wp-content\/uploads\/2018\/04\/30069804_10216127519767156_1373349716_o.jpg?resize=768%2C576&amp;ssl=1 768w, https:\/\/i0.wp.com\/larevistadigital.com.ar\/blog\/wp-content\/uploads\/2018\/04\/30069804_10216127519767156_1373349716_o.jpg?resize=1024%2C768&amp;ssl=1 1024w, https:\/\/i0.wp.com\/larevistadigital.com.ar\/blog\/wp-content\/uploads\/2018\/04\/30069804_10216127519767156_1373349716_o.jpg?resize=678%2C509&amp;ssl=1 678w, https:\/\/i0.wp.com\/larevistadigital.com.ar\/blog\/wp-content\/uploads\/2018\/04\/30069804_10216127519767156_1373349716_o.jpg?resize=326%2C245&amp;ssl=1 326w, https:\/\/i0.wp.com\/larevistadigital.com.ar\/blog\/wp-content\/uploads\/2018\/04\/30069804_10216127519767156_1373349716_o.jpg?resize=80%2C60&amp;ssl=1 80w\" sizes=\"auto, (max-width: 1000px) 100vw, 1000px\" \/><\/a> <a href=\"https:\/\/i0.wp.com\/larevistadigital.com.ar\/blog\/wp-content\/uploads\/2018\/04\/29993685_10216127520127165_1543428049_o.jpg?ssl=1\"><img data-recalc-dims=\"1\" loading=\"lazy\" decoding=\"async\" class=\"alignnone size-full wp-image-5388\" src=\"https:\/\/i0.wp.com\/larevistadigital.com.ar\/blog\/wp-content\/uploads\/2018\/04\/29993685_10216127520127165_1543428049_o.jpg?resize=1334%2C1001&#038;ssl=1\" alt=\"\" width=\"1334\" height=\"1001\" srcset=\"https:\/\/i0.wp.com\/larevistadigital.com.ar\/blog\/wp-content\/uploads\/2018\/04\/29993685_10216127520127165_1543428049_o.jpg?w=1334&amp;ssl=1 1334w, https:\/\/i0.wp.com\/larevistadigital.com.ar\/blog\/wp-content\/uploads\/2018\/04\/29993685_10216127520127165_1543428049_o.jpg?resize=300%2C225&amp;ssl=1 300w, https:\/\/i0.wp.com\/larevistadigital.com.ar\/blog\/wp-content\/uploads\/2018\/04\/29993685_10216127520127165_1543428049_o.jpg?resize=768%2C576&amp;ssl=1 768w, https:\/\/i0.wp.com\/larevistadigital.com.ar\/blog\/wp-content\/uploads\/2018\/04\/29993685_10216127520127165_1543428049_o.jpg?resize=1024%2C768&amp;ssl=1 1024w, https:\/\/i0.wp.com\/larevistadigital.com.ar\/blog\/wp-content\/uploads\/2018\/04\/29993685_10216127520127165_1543428049_o.jpg?resize=678%2C509&amp;ssl=1 678w, https:\/\/i0.wp.com\/larevistadigital.com.ar\/blog\/wp-content\/uploads\/2018\/04\/29993685_10216127520127165_1543428049_o.jpg?resize=326%2C245&amp;ssl=1 326w, https:\/\/i0.wp.com\/larevistadigital.com.ar\/blog\/wp-content\/uploads\/2018\/04\/29993685_10216127520127165_1543428049_o.jpg?resize=80%2C60&amp;ssl=1 80w\" sizes=\"auto, (max-width: 1000px) 100vw, 1000px\" \/><\/a><a href=\"https:\/\/i0.wp.com\/larevistadigital.com.ar\/blog\/wp-content\/uploads\/2018\/04\/29994059_10216127520167166_1180724676_o.jpg?ssl=1\"><img data-recalc-dims=\"1\" loading=\"lazy\" decoding=\"async\" class=\"alignnone size-full wp-image-5385\" src=\"https:\/\/i0.wp.com\/larevistadigital.com.ar\/blog\/wp-content\/uploads\/2018\/04\/29994059_10216127520167166_1180724676_o.jpg?resize=1334%2C1001&#038;ssl=1\" alt=\"\" width=\"1334\" height=\"1001\" srcset=\"https:\/\/i0.wp.com\/larevistadigital.com.ar\/blog\/wp-content\/uploads\/2018\/04\/29994059_10216127520167166_1180724676_o.jpg?w=1334&amp;ssl=1 1334w, https:\/\/i0.wp.com\/larevistadigital.com.ar\/blog\/wp-content\/uploads\/2018\/04\/29994059_10216127520167166_1180724676_o.jpg?resize=300%2C225&amp;ssl=1 300w, https:\/\/i0.wp.com\/larevistadigital.com.ar\/blog\/wp-content\/uploads\/2018\/04\/29994059_10216127520167166_1180724676_o.jpg?resize=768%2C576&amp;ssl=1 768w, https:\/\/i0.wp.com\/larevistadigital.com.ar\/blog\/wp-content\/uploads\/2018\/04\/29994059_10216127520167166_1180724676_o.jpg?resize=1024%2C768&amp;ssl=1 1024w, https:\/\/i0.wp.com\/larevistadigital.com.ar\/blog\/wp-content\/uploads\/2018\/04\/29994059_10216127520167166_1180724676_o.jpg?resize=678%2C509&amp;ssl=1 678w, https:\/\/i0.wp.com\/larevistadigital.com.ar\/blog\/wp-content\/uploads\/2018\/04\/29994059_10216127520167166_1180724676_o.jpg?resize=326%2C245&amp;ssl=1 326w, https:\/\/i0.wp.com\/larevistadigital.com.ar\/blog\/wp-content\/uploads\/2018\/04\/29994059_10216127520167166_1180724676_o.jpg?resize=80%2C60&amp;ssl=1 80w\" sizes=\"auto, (max-width: 1000px) 100vw, 1000px\" \/><\/a><\/p>\n<\/div>\n<\/div>\n<p>&nbsp;<\/p>\n<blockquote class=\"wp-embedded-content\" data-secret=\"qsGHY2ZXLc\"><p><a href=\"https:\/\/playradios.com.ar\/2018\/04\/02\/ya-esta-en-marcha-el-torneo-nacional-de-boxeo-de-ambapa-rumbo-a-mexico-2018\/\">Ya est\u00e1 en marcha el Torneo Nacional de Boxeo de AMBAPA &quot;Rumbo a M\u00e9xico 2018&quot;<\/a><\/p><\/blockquote>\n<p><iframe loading=\"lazy\" class=\"wp-embedded-content\" sandbox=\"allow-scripts\" security=\"restricted\" style=\"position: absolute; clip: rect(1px, 1px, 1px, 1px);\" title=\"\u00abYa est\u00e1 en marcha el Torneo Nacional de Boxeo de AMBAPA &quot;Rumbo a M\u00e9xico 2018&quot;\u00bb \u2014 Noticias de las Flores\" src=\"https:\/\/playradios.com.ar\/2018\/04\/02\/ya-esta-en-marcha-el-torneo-nacional-de-boxeo-de-ambapa-rumbo-a-mexico-2018\/embed\/#?secret=xwNLsTN88J#?secret=qsGHY2ZXLc\" data-secret=\"qsGHY2ZXLc\" width=\"500\" height=\"282\" frameborder=\"0\" marginwidth=\"0\" marginheight=\"0\" scrolling=\"no\"><\/iframe><\/p>\n","protected":false},"excerpt":{"rendered":"<div class=\"mh-excerpt\"><p>Por\u00a0Laura Risso\u00a0&#8211; Esta ma\u00f1ana en el Centro Recreativo Municipal \u201cN\u00e9stor C. Kirchner\u201d de nuestra ciudad se dio inicio al Torneo Nacional de Boxeo \u201cRumbo a M\u00e9xico 2018\u201d que es organizado por AMBAPA, la Asociaci\u00f3n de <a class=\"mh-excerpt-more\" href=\"https:\/\/larevistadigital.com.ar\/blog\/ya-esta-en-marcha-el-torneo-nacional-de-boxeo-de-ambapa-rumbo-a-mexico-2018\/\" title=\"Ya est\u00e1 en marcha el Torneo Nacional de Boxeo de AMBAPA \u201cRumbo a M\u00e9xico 2018\u201d\">[Leer M\u00e1s]<\/a><\/p>\n<\/div>","protected":false},"author":1,"featured_media":5383,"comment_status":"open","ping_status":"open","sticky":false,"template":"","format":"standard","meta":{"_jetpack_memberships_contains_paid_content":false,"footnotes":"","jetpack_publicize_message":"Ya est\u00e1 en marcha el Torneo Nacional de Boxeo de AMBAPA \u201cRumbo a M\u00e9xico 2018\u201d","jetpack_publicize_feature_enabled":true,"jetpack_social_post_already_shared":true,"jetpack_social_options":{"image_generator_settings":{"template":"highway","default_image_id":0,"font":"","enabled":false},"version":2}},"categories":[8],"tags":[],"class_list":{"0":"post-5380","1":"post","2":"type-post","3":"status-publish","4":"format-standard","5":"has-post-thumbnail","7":"category-deportes"},"jetpack_publicize_connections":[],"jetpack_featured_media_url":"https:\/\/i0.wp.com\/larevistadigital.com.ar\/blog\/wp-content\/uploads\/2018\/04\/29993786_10216127519807157_1079042006_o-696x522.jpg?fit=696%2C522&ssl=1","jetpack_sharing_enabled":true,"jetpack_shortlink":"https:\/\/wp.me\/p8qtrQ-1oM","jetpack-related-posts":[{"id":16211,"url":"https:\/\/larevistadigital.com.ar\/blog\/video-el-joven-boxeador-y-promesa-diego-larraula-gano-un-torneo-virtual\/","url_meta":{"origin":5380,"position":0},"title":"[VIDEO] EL JOVEN BOXEADOR Y PROMESA DIEGO LARRAULA GAN\u00d3 UN TORNEO VIRTUAL","author":"Alejandro Sosa Ruda","date":"3 septiembre, 2020","format":false,"excerpt":"El gran boxeador Diego Larraula, inform\u00f3 a trav\u00e9s de su perfil de facebook, que gan\u00f3 un torneo virtual en el que pudo demostrar algunas de sus muchas virtudes, que lo han convertido en una gran promesa para el boxeo argentino. Nos pareci\u00f3 oportuno, compartir la alegr\u00eda con Diego, y publicar\u2026","rel":"","context":"En \u00abDEPORTES\u00bb","block_context":{"text":"DEPORTES","link":"https:\/\/larevistadigital.com.ar\/blog\/category\/deportes\/"},"img":{"alt_text":"","src":"https:\/\/i0.wp.com\/larevistadigital.com.ar\/blog\/wp-content\/uploads\/118570821_117706413390562_3303394247063220376_n.jpg?fit=720%2C876&ssl=1&resize=350%2C200","width":350,"height":200,"srcset":"https:\/\/i0.wp.com\/larevistadigital.com.ar\/blog\/wp-content\/uploads\/118570821_117706413390562_3303394247063220376_n.jpg?fit=720%2C876&ssl=1&resize=350%2C200 1x, https:\/\/i0.wp.com\/larevistadigital.com.ar\/blog\/wp-content\/uploads\/118570821_117706413390562_3303394247063220376_n.jpg?fit=720%2C876&ssl=1&resize=525%2C300 1.5x, https:\/\/i0.wp.com\/larevistadigital.com.ar\/blog\/wp-content\/uploads\/118570821_117706413390562_3303394247063220376_n.jpg?fit=720%2C876&ssl=1&resize=700%2C400 2x"},"classes":[]},{"id":7469,"url":"https:\/\/larevistadigital.com.ar\/blog\/conmocion-en-el-boxeo-por-la-muerte-de-la-joven-promesa-yasmin-marzo-de-23-anos\/","url_meta":{"origin":5380,"position":1},"title":"CONMOCI\u00d3N EN EL BOXEO POR LA MUERTE DE LA J\u00d3VEN PROMESA YASM\u00cdN MARZO, DE 23 A\u00d1OS","author":"Alejandro Sosa Ruda","date":"30 diciembre, 2018","format":false,"excerpt":"La joven promesa del boxeo argentino\u00a0Yazm\u00edn Marzo\u00a0muri\u00f3 el pasado viernes en la provincia de C\u00f3rdoba. La peleadora ten\u00eda 23 a\u00f1os y hace solo dos meses hab\u00eda participado del Mundial de India. Seg\u00fan revelaron fuentes judiciales, el fallecimiento de la deportista se produjo por\u00a0una sobredosis de una sustancia psicoactiva.\u00a0La autopsia terminar\u00e1\u2026","rel":"","context":"En \u00abDEPORTES\u00bb","block_context":{"text":"DEPORTES","link":"https:\/\/larevistadigital.com.ar\/blog\/category\/deportes\/"},"img":{"alt_text":"","src":"https:\/\/i0.wp.com\/larevistadigital.com.ar\/blog\/wp-content\/uploads\/2018\/12\/U7lUJmQDY_1200x630__1.jpg?fit=1200%2C630&ssl=1&resize=350%2C200","width":350,"height":200,"srcset":"https:\/\/i0.wp.com\/larevistadigital.com.ar\/blog\/wp-content\/uploads\/2018\/12\/U7lUJmQDY_1200x630__1.jpg?fit=1200%2C630&ssl=1&resize=350%2C200 1x, https:\/\/i0.wp.com\/larevistadigital.com.ar\/blog\/wp-content\/uploads\/2018\/12\/U7lUJmQDY_1200x630__1.jpg?fit=1200%2C630&ssl=1&resize=525%2C300 1.5x, https:\/\/i0.wp.com\/larevistadigital.com.ar\/blog\/wp-content\/uploads\/2018\/12\/U7lUJmQDY_1200x630__1.jpg?fit=1200%2C630&ssl=1&resize=700%2C400 2x, https:\/\/i0.wp.com\/larevistadigital.com.ar\/blog\/wp-content\/uploads\/2018\/12\/U7lUJmQDY_1200x630__1.jpg?fit=1200%2C630&ssl=1&resize=1050%2C600 3x"},"classes":[]},{"id":40649,"url":"https:\/\/larevistadigital.com.ar\/blog\/murio-alejandra-locomotora-oliveras-leyenda-del-boxeo-argentino-y-simbolo-de-superacion\/","url_meta":{"origin":5380,"position":2},"title":"Muri\u00f3 Alejandra \u201cLocomotora\u201d Oliveras, leyenda del boxeo argentino y s\u00edmbolo de superaci\u00f3n","author":"Alejandro Sosa Ruda","date":"28 julio, 2025","format":false,"excerpt":"Alejandra Marina \u201cLocomotora\u201d Oliveras falleci\u00f3 este lunes a los 47 a\u00f1os en el Hospital Jos\u00e9 Mar\u00eda Cullen de Santa Fe, donde permanec\u00eda internada en estado delicado tras sufrir un ACV isqu\u00e9mico el pasado 14 de julio. 28 de Julio de 2025 La ex campeona mundial, considerada una de las mejores\u2026","rel":"","context":"En \u00abDESTACADAS\u00bb","block_context":{"text":"DESTACADAS","link":"https:\/\/larevistadigital.com.ar\/blog\/category\/destacadas\/"},"img":{"alt_text":"","src":"https:\/\/i0.wp.com\/larevistadigital.com.ar\/blog\/wp-content\/uploads\/957129-la-20locomotora.jpeg?fit=700%2C467&ssl=1&resize=350%2C200","width":350,"height":200,"srcset":"https:\/\/i0.wp.com\/larevistadigital.com.ar\/blog\/wp-content\/uploads\/957129-la-20locomotora.jpeg?fit=700%2C467&ssl=1&resize=350%2C200 1x, https:\/\/i0.wp.com\/larevistadigital.com.ar\/blog\/wp-content\/uploads\/957129-la-20locomotora.jpeg?fit=700%2C467&ssl=1&resize=525%2C300 1.5x, https:\/\/i0.wp.com\/larevistadigital.com.ar\/blog\/wp-content\/uploads\/957129-la-20locomotora.jpeg?fit=700%2C467&ssl=1&resize=700%2C400 2x"},"classes":[]},{"id":20917,"url":"https:\/\/larevistadigital.com.ar\/blog\/leyenda-del-boxeo-argentino-murio-en-mar-del-plata-el-ex-campeon-mundial-sergio-victor-palma\/","url_meta":{"origin":5380,"position":3},"title":"LEYENDA DEL BOXEO ARGENTINO: MURI\u00d3 EN MAR DEL PLATA EL EX CAMPE\u00d3N MUNDIAL SERGIO V\u00cdCTOR PALMA","author":"Alejandro Sosa Ruda","date":"28 junio, 2021","format":false,"excerpt":"Ten\u00eda 65 a\u00f1os y hab\u00eda sido internado con coronavirus varios d\u00edas atr\u00e1s. Viv\u00eda en esta ciudad desde 2013. Fue el primer boxeador argentino en consagrarse campe\u00f3n mundial en Estados Unidos. MAR DEL PLATA - El ex campe\u00f3n del mundo de boxeo, Sergio V\u00edctor Palma, falleci\u00f3 este lunes a los 65\u2026","rel":"","context":"En \u00abINTERES GENERAL\u00bb","block_context":{"text":"INTERES GENERAL","link":"https:\/\/larevistadigital.com.ar\/blog\/category\/interes-general\/"},"img":{"alt_text":"","src":"https:\/\/i0.wp.com\/larevistadigital.com.ar\/blog\/wp-content\/uploads\/sergio-victor-palma-1.jpg?fit=1200%2C900&ssl=1&resize=350%2C200","width":350,"height":200,"srcset":"https:\/\/i0.wp.com\/larevistadigital.com.ar\/blog\/wp-content\/uploads\/sergio-victor-palma-1.jpg?fit=1200%2C900&ssl=1&resize=350%2C200 1x, https:\/\/i0.wp.com\/larevistadigital.com.ar\/blog\/wp-content\/uploads\/sergio-victor-palma-1.jpg?fit=1200%2C900&ssl=1&resize=525%2C300 1.5x, https:\/\/i0.wp.com\/larevistadigital.com.ar\/blog\/wp-content\/uploads\/sergio-victor-palma-1.jpg?fit=1200%2C900&ssl=1&resize=700%2C400 2x, https:\/\/i0.wp.com\/larevistadigital.com.ar\/blog\/wp-content\/uploads\/sergio-victor-palma-1.jpg?fit=1200%2C900&ssl=1&resize=1050%2C600 3x"},"classes":[]},{"id":13747,"url":"https:\/\/larevistadigital.com.ar\/blog\/video-promesa-de-los-pesados-paliza-y-espectacular-knock-out-de-dubois-a-fujimoto\/","url_meta":{"origin":5380,"position":4},"title":"[VIDEO] \u00a1PROMESA DE LOS PESADOS! PALIZA Y ESPECTACULAR KNOCK OUT DE DUBOIS A FUJIMOTO","author":"Alejandro Sosa Ruda","date":"22 diciembre, 2019","format":false,"excerpt":"El brit\u00e1nico tiene apenas 22 a\u00f1os y es una de las grandes promesas entres los\u00a0pesos pesados. Ante el japon\u00e9s volvi\u00f3 a demostrarlo y pidi\u00f3 por Joshua.\u00a0 Con apenas 22 a\u00f1os, y toda una carrera por delante,\u00a0Daniel Dubois\u00a0aparece como una de las grandes promesas del boxeo a nivel mundial entre los\u00a0pesos\u2026","rel":"","context":"En \u00abDEPORTES\u00bb","block_context":{"text":"DEPORTES","link":"https:\/\/larevistadigital.com.ar\/blog\/category\/deportes\/"},"img":{"alt_text":"","src":"https:\/\/i0.wp.com\/larevistadigital.com.ar\/blog\/wp-content\/uploads\/1222_dubois_fujimoto_g.jpg?fit=650%2C446&ssl=1&resize=350%2C200","width":350,"height":200,"srcset":"https:\/\/i0.wp.com\/larevistadigital.com.ar\/blog\/wp-content\/uploads\/1222_dubois_fujimoto_g.jpg?fit=650%2C446&ssl=1&resize=350%2C200 1x, https:\/\/i0.wp.com\/larevistadigital.com.ar\/blog\/wp-content\/uploads\/1222_dubois_fujimoto_g.jpg?fit=650%2C446&ssl=1&resize=525%2C300 1.5x"},"classes":[]},{"id":22933,"url":"https:\/\/larevistadigital.com.ar\/blog\/la-asociacion-bancaria-renovo-autoridades-en-una-ejemplar-eleccion-nacional\/","url_meta":{"origin":5380,"position":5},"title":"LA ASOCIACI\u00d3N BANCARIA RENOV\u00d3 AUTORIDADES EN UNA EJEMPLAR ELECCI\u00d3N NACIONAL","author":"Alejandro Sosa Ruda","date":"14 diciembre, 2021","format":false,"excerpt":"As\u00ed ocurri\u00f3 en Chascom\u00fas como en todo el pa\u00eds. La seccional cuyo referente es el dirigente nacional Juan Emilio Pallo, y que tiene como secretario general a Franc\u00edsco Rodriguez dio un ejemplo de democracia, transparencia y unidad. CHASCOM\u00daS -\u00a0 En el d\u00eda de hoy, 14 de diciembre, se llevaron a\u2026","rel":"","context":"En \u00abDESTACADAS\u00bb","block_context":{"text":"DESTACADAS","link":"https:\/\/larevistadigital.com.ar\/blog\/category\/destacadas\/"},"img":{"alt_text":"","src":"https:\/\/i0.wp.com\/larevistadigital.com.ar\/blog\/wp-content\/uploads\/2017\/04\/tema_Asociacion_Bancaria030816930711.jpg?fit=960%2C460&ssl=1&resize=350%2C200","width":350,"height":200,"srcset":"https:\/\/i0.wp.com\/larevistadigital.com.ar\/blog\/wp-content\/uploads\/2017\/04\/tema_Asociacion_Bancaria030816930711.jpg?fit=960%2C460&ssl=1&resize=350%2C200 1x, https:\/\/i0.wp.com\/larevistadigital.com.ar\/blog\/wp-content\/uploads\/2017\/04\/tema_Asociacion_Bancaria030816930711.jpg?fit=960%2C460&ssl=1&resize=525%2C300 1.5x, https:\/\/i0.wp.com\/larevistadigital.com.ar\/blog\/wp-content\/uploads\/2017\/04\/tema_Asociacion_Bancaria030816930711.jpg?fit=960%2C460&ssl=1&resize=700%2C400 2x"},"classes":[]}],"_links":{"self":[{"href":"https:\/\/larevistadigital.com.ar\/blog\/wp-json\/wp\/v2\/posts\/5380","targetHints":{"allow":["GET"]}}],"collection":[{"href":"https:\/\/larevistadigital.com.ar\/blog\/wp-json\/wp\/v2\/posts"}],"about":[{"href":"https:\/\/larevistadigital.com.ar\/blog\/wp-json\/wp\/v2\/types\/post"}],"author":[{"embeddable":true,"href":"https:\/\/larevistadigital.com.ar\/blog\/wp-json\/wp\/v2\/users\/1"}],"replies":[{"embeddable":true,"href":"https:\/\/larevistadigital.com.ar\/blog\/wp-json\/wp\/v2\/comments?post=5380"}],"version-history":[{"count":1,"href":"https:\/\/larevistadigital.com.ar\/blog\/wp-json\/wp\/v2\/posts\/5380\/revisions"}],"predecessor-version":[{"id":5389,"href":"https:\/\/larevistadigital.com.ar\/blog\/wp-json\/wp\/v2\/posts\/5380\/revisions\/5389"}],"wp:featuredmedia":[{"embeddable":true,"href":"https:\/\/larevistadigital.com.ar\/blog\/wp-json\/wp\/v2\/media\/5383"}],"wp:attachment":[{"href":"https:\/\/larevistadigital.com.ar\/blog\/wp-json\/wp\/v2\/media?parent=5380"}],"wp:term":[{"taxonomy":"category","embeddable":true,"href":"https:\/\/larevistadigital.com.ar\/blog\/wp-json\/wp\/v2\/categories?post=5380"},{"taxonomy":"post_tag","embeddable":true,"href":"https:\/\/larevistadigital.com.ar\/blog\/wp-json\/wp\/v2\/tags?post=5380"}],"curies":[{"name":"wp","href":"https:\/\/api.w.org\/{rel}","templated":true}]}}