{"id":539,"date":"2017-03-04T18:31:23","date_gmt":"2017-03-04T18:31:23","guid":{"rendered":"https:\/\/larevistadigital.com.ar\/blog\/?p=539"},"modified":"2017-03-04T18:31:23","modified_gmt":"2017-03-04T18:31:23","slug":"adivina-cuantos-alumnos-cumplen-la-doble-jornada-escolar-obligatoria","status":"publish","type":"post","link":"https:\/\/larevistadigital.com.ar\/blog\/adivina-cuantos-alumnos-cumplen-la-doble-jornada-escolar-obligatoria\/","title":{"rendered":"Adivin\u00e1: \u00bfcu\u00e1ntos alumnos cumplen con la doble jornada escolar obligatoria?"},"content":{"rendered":"<h2><strong><em>Un estudio de la Universidad de Belgrano revel\u00f3 los \u00edndices de cumplimiento, en un momento en que la educaci\u00f3n se encuentra en jaque, por los conflictos gremiales, y por la larga deuda que mantiene el sistema con la formaci\u00f3n de nuestros chicos<\/em><\/strong><\/h2>\n<p>Lamentablemente los datos no son para nada alentadores. Luego de un informe del <strong>Centro de Estudios de la Educaci\u00f3n Argentina de\u00a0 la Universidad de Belgrano<\/strong>,\u00a0 dirigido por <strong>Alieto Guadagni<\/strong> (economista que se ocupa del tema educaci\u00f3n), se conoci\u00f3 que de cada 8 ni\u00f1os que concurren a la escuela primaria, solo uno cumple con el doble turno.<\/p>\n<blockquote><p>Las leyes de Financiamiento Educativo y de Educaci\u00f3n Nacional son quienes establecen que la jornada extendida \u2013el doble turno- es obligatoria en las escuelas primarias estatales del pa\u00eds.<\/p><\/blockquote>\n<p>En definitiva,\u00a0sobre un total de m\u00e1s de tres millones y medio\u00a0(exactamente 3.521.109) alumnos de escuelas primarias de gesti\u00f3n estatal,\u00a0<strong>apenas menos de medio mill\u00f3n<\/strong>\u00a0(471.697), o sea, tan s\u00f3lo el 13,4 por ciento del total, accede a la\u00a0<strong>Jornada Escolar Extendida (JEE)<\/strong>, concluye el CEA, en base a los datos del\u00a0<strong>Anuario Estad\u00edstico Educativo 2015<\/strong>\u00a0elaborado por el Ministerio de Educaci\u00f3n.<\/p>\n<p><strong><em>\u00abDe esta manera, dice el informe, el sistema educativo de la Argentina no s\u00f3lo no logra dar el paso necesario hacia la meta de calidad educativa con inclusi\u00f3n social, sino que\u00a0incumple la Ley 26.075 de Financiamiento Educativo, sancionada en diciembre de 2005, cuyo art\u00edculo 2\u00ba exige: &#8216;Lograr que, como m\u00ednimo, el 30% de los alumnos de educaci\u00f3n b\u00e1sica tenga acceso a escuelas de jornada extendida o completa, priorizando los sectores sociales y las zonas geogr\u00e1ficas m\u00e1s desfavorecidas\u00bb.<\/em><\/strong><\/p>\n<blockquote><p>Tampoco se cumple la\u00a0<strong>Ley de Educaci\u00f3n Nacional, de diciembre de 2006,<\/strong>\u00a0que en su art\u00edculo 26\u00ba dispone<strong><em>: \u00abLas escuelas primarias ser\u00e1n de jornada extendida o completa con la finalidad de asegurar el logro de los objetivos fijados para este nivel por la presente ley\u00bb.<\/em><\/strong><\/p><\/blockquote>\n<p>Como sucede con muchos otros aspectos de la realidad socioecon\u00f3mica del pa\u00eds, la situaci\u00f3n no es la misma en todas las provincias, como puede verse en el cuadro a continuaci\u00f3n. \u00abMientras en Tierra del Fuego -dice el informe del CEA- el 61,1% de los alumnos de primarias estatales accede a jornada extendida y en la ciudad de Buenos Aires y en la provincia de C\u00f3rdoba lo hacen el 45,8 y el 45%, respectivamente,\u00a0<strong>en Neuqu\u00e9n y en Santa Cruz apenas el 2,1 y el 2,4%,<\/strong>\u00a0respectivamente, concurre al colegio bajo esta modalidad.\u00a0<strong>En la provincia de Buenos Aires, el distrito m\u00e1s multitudinario, lo hace s\u00f3lo el 5,9%\u00bb.<a href=\"https:\/\/i0.wp.com\/larevistadigital.com.ar\/blog\/wp-content\/uploads\/2017\/03\/cuadro-alumnos-.jpg?ssl=1\"><img data-recalc-dims=\"1\" loading=\"lazy\" decoding=\"async\" class=\"wp-image-540 aligncenter\" src=\"https:\/\/i0.wp.com\/larevistadigital.com.ar\/blog\/wp-content\/uploads\/2017\/03\/cuadro-alumnos-.jpg?resize=382%2C582&#038;ssl=1\" alt=\"\" width=\"382\" height=\"582\" srcset=\"https:\/\/i0.wp.com\/larevistadigital.com.ar\/blog\/wp-content\/uploads\/2017\/03\/cuadro-alumnos-.jpg?resize=197%2C300&amp;ssl=1 197w, https:\/\/i0.wp.com\/larevistadigital.com.ar\/blog\/wp-content\/uploads\/2017\/03\/cuadro-alumnos-.jpg?w=600&amp;ssl=1 600w\" sizes=\"auto, (max-width: 382px) 100vw, 382px\" \/><\/a><\/strong><\/p>\n","protected":false},"excerpt":{"rendered":"<div class=\"mh-excerpt\"><p>Un estudio de la Universidad de Belgrano revel\u00f3 los \u00edndices de cumplimiento, en un momento en que la educaci\u00f3n se encuentra en jaque, por los conflictos gremiales, y por la larga deuda que mantiene el <a class=\"mh-excerpt-more\" href=\"https:\/\/larevistadigital.com.ar\/blog\/adivina-cuantos-alumnos-cumplen-la-doble-jornada-escolar-obligatoria\/\" title=\"Adivin\u00e1: \u00bfcu\u00e1ntos alumnos cumplen con la doble jornada escolar obligatoria?\">[Leer M\u00e1s]<\/a><\/p>\n<\/div>","protected":false},"author":3,"featured_media":543,"comment_status":"open","ping_status":"open","sticky":false,"template":"","format":"standard","meta":{"_jetpack_memberships_contains_paid_content":false,"footnotes":"","jetpack_publicize_message":"","jetpack_publicize_feature_enabled":true,"jetpack_social_post_already_shared":false,"jetpack_social_options":{"image_generator_settings":{"template":"highway","default_image_id":0,"font":"","enabled":false},"version":2}},"categories":[29],"tags":[],"class_list":{"0":"post-539","1":"post","2":"type-post","3":"status-publish","4":"format-standard","5":"has-post-thumbnail","7":"category-sociedad"},"jetpack_publicize_connections":[],"jetpack_featured_media_url":"https:\/\/i0.wp.com\/larevistadigital.com.ar\/blog\/wp-content\/uploads\/2017\/03\/Universidad-de-Belgrano-Herb-1024x1024.jpg?fit=1024%2C1024&ssl=1","jetpack_sharing_enabled":true,"jetpack_shortlink":"https:\/\/wp.me\/p8qtrQ-8H","jetpack-related-posts":[{"id":44442,"url":"https:\/\/larevistadigital.com.ar\/blog\/jornada-record-en-ezeiza-kicillof-inauguro-seis-edificios-educativos-en-un-mismo-dia\/","url_meta":{"origin":539,"position":0},"title":"Jornada r\u00e9cord: En Ezeiza, Kicillof inaugur\u00f3 seis edificios educativos en un mismo d\u00eda","author":"Alejandro Sosa Ruda","date":"10 marzo, 2026","format":false,"excerpt":"El gobernador bonaerense present\u00f3 diferentes edificios p\u00fablicos que tienen como objetivo beneficiar a m\u00e1s de 3.800 alumnos y alumnas de nivel secundario del distrito. 10 de marzo de 2026 El gobernador de la\u00a0provincia de Buenos Aires,\u00a0Axel Kicillof, encabez\u00f3 este martes una jornada r\u00e9cord de inauguraciones en\u00a0Ezeiza, donde puso en funcionamiento\u2026","rel":"","context":"En \u00abPOLITICA PROVINCIAL\u00bb","block_context":{"text":"POLITICA PROVINCIAL","link":"https:\/\/larevistadigital.com.ar\/blog\/category\/politica\/politica-provincial\/"},"img":{"alt_text":"","src":"https:\/\/i0.wp.com\/larevistadigital.com.ar\/blog\/wp-content\/uploads\/Captura-de-pantalla-2026-03-10-201934.jpg?fit=795%2C456&ssl=1&resize=350%2C200","width":350,"height":200,"srcset":"https:\/\/i0.wp.com\/larevistadigital.com.ar\/blog\/wp-content\/uploads\/Captura-de-pantalla-2026-03-10-201934.jpg?fit=795%2C456&ssl=1&resize=350%2C200 1x, https:\/\/i0.wp.com\/larevistadigital.com.ar\/blog\/wp-content\/uploads\/Captura-de-pantalla-2026-03-10-201934.jpg?fit=795%2C456&ssl=1&resize=525%2C300 1.5x, https:\/\/i0.wp.com\/larevistadigital.com.ar\/blog\/wp-content\/uploads\/Captura-de-pantalla-2026-03-10-201934.jpg?fit=795%2C456&ssl=1&resize=700%2C400 2x"},"classes":[]},{"id":4483,"url":"https:\/\/larevistadigital.com.ar\/blog\/4483-2\/","url_meta":{"origin":539,"position":1},"title":"CHASCOM\u00daS: LUCIO ALFONS\u00cdN HABL\u00d3 DE LAS ESCUELAS ABIERTAS DE VERANO","author":"Alejandro Sosa Ruda","date":"11 enero, 2018","format":false,"excerpt":"El Presidente del Concejo Escolar Lucio Alfons\u00edn, dialog\u00f3 con la FM \u201cLa Radio\u201d 101.5 durante el programa AM Show acerca del comienzo de las \u201cescuelas abiertas de verano\u201d y los alcances de las mismas. Coment\u00f3 que est\u00e1n funcionando desde el d\u00eda 2 de enero, mientras que se inauguraron el 9\u2026","rel":"","context":"En \u00abCHASCOM\u00daS\u00bb","block_context":{"text":"CHASCOM\u00daS","link":"https:\/\/larevistadigital.com.ar\/blog\/category\/chascomus\/"},"img":{"alt_text":"","src":"https:\/\/i0.wp.com\/larevistadigital.com.ar\/blog\/wp-content\/uploads\/2018\/01\/DTGnIp9XcAEofAc.jpg?fit=1200%2C900&ssl=1&resize=350%2C200","width":350,"height":200,"srcset":"https:\/\/i0.wp.com\/larevistadigital.com.ar\/blog\/wp-content\/uploads\/2018\/01\/DTGnIp9XcAEofAc.jpg?fit=1200%2C900&ssl=1&resize=350%2C200 1x, https:\/\/i0.wp.com\/larevistadigital.com.ar\/blog\/wp-content\/uploads\/2018\/01\/DTGnIp9XcAEofAc.jpg?fit=1200%2C900&ssl=1&resize=525%2C300 1.5x, https:\/\/i0.wp.com\/larevistadigital.com.ar\/blog\/wp-content\/uploads\/2018\/01\/DTGnIp9XcAEofAc.jpg?fit=1200%2C900&ssl=1&resize=700%2C400 2x, https:\/\/i0.wp.com\/larevistadigital.com.ar\/blog\/wp-content\/uploads\/2018\/01\/DTGnIp9XcAEofAc.jpg?fit=1200%2C900&ssl=1&resize=1050%2C600 3x"},"classes":[]},{"id":36947,"url":"https:\/\/larevistadigital.com.ar\/blog\/kicillof-y-sileoni-encabezaron-la-apertura-del-encuentro-provincial-de-educacion\/","url_meta":{"origin":539,"position":2},"title":"KICILLOF Y SILEONI ENCABEZARON LA APERTURA DEL ENCUENTRO PROVINCIAL DE EDUCACI\u00d3N","author":"Alejandro Sosa Ruda","date":"11 agosto, 2024","format":false,"excerpt":"Fue en el Teatro Argentino con la participaci\u00f3n de m\u00e1s de 800 representantes del \u00e1mbito educativo y de gremios docentes. 11 de Agosto de 2024 BUENOS AIRES -\u00a0 \u00a0El gobernador Axel Kicillof encabez\u00f3 este jueves la apertura del Encuentro Provincial de Educaci\u00f3n celebrado en el marco de los 140 a\u00f1os\u2026","rel":"","context":"En \u00abPOLITICA PROVINCIAL\u00bb","block_context":{"text":"POLITICA PROVINCIAL","link":"https:\/\/larevistadigital.com.ar\/blog\/category\/politica\/politica-provincial\/"},"img":{"alt_text":"","src":"https:\/\/i0.wp.com\/larevistadigital.com.ar\/blog\/wp-content\/uploads\/20240808120441__77A55602.jpg?fit=743%2C530&ssl=1&resize=350%2C200","width":350,"height":200,"srcset":"https:\/\/i0.wp.com\/larevistadigital.com.ar\/blog\/wp-content\/uploads\/20240808120441__77A55602.jpg?fit=743%2C530&ssl=1&resize=350%2C200 1x, https:\/\/i0.wp.com\/larevistadigital.com.ar\/blog\/wp-content\/uploads\/20240808120441__77A55602.jpg?fit=743%2C530&ssl=1&resize=525%2C300 1.5x, https:\/\/i0.wp.com\/larevistadigital.com.ar\/blog\/wp-content\/uploads\/20240808120441__77A55602.jpg?fit=743%2C530&ssl=1&resize=700%2C400 2x"},"classes":[]},{"id":208,"url":"https:\/\/larevistadigital.com.ar\/blog\/municipalidad-gral-paz-intendente-alvarez-solicito-la-conciliacion-obligatoria-conflicto-rapido-argentino\/","url_meta":{"origin":539,"position":3},"title":"Municipalidad de Gral. Paz: EL INTENDENTE ALVAREZ SOLICITO LA CONCILIACI\u00d3N OBLIGATORIA EN EL CONFLICTO DE \u00c9L R\u00c1PIDO ARGENTINO.","author":"editor","date":"12 febrero, 2017","format":false,"excerpt":"La Municipalidad de General Paz informa, que a ra\u00edz del conflicto que mantienen los trabajadores agremiados en UTA (Uni\u00f3n de Tranviarios Automotor) y la empresa El R\u00e1pido Argentino y que consecuentemente ha originado el cese por tiempo indeterminado del servicio de transporte de pasajeros del ramal La Plata \u2013 General\u2026","rel":"","context":"En \u00abRANCHOS\u00bb","block_context":{"text":"RANCHOS","link":"https:\/\/larevistadigital.com.ar\/blog\/category\/ranchos\/"},"img":{"alt_text":"","src":"https:\/\/i0.wp.com\/larevistadigital.com.ar\/blog\/wp-content\/uploads\/2017\/02\/micro.jpg?fit=388%2C235&ssl=1&resize=350%2C200","width":350,"height":200},"classes":[]},{"id":37036,"url":"https:\/\/larevistadigital.com.ar\/blog\/kicillof-encabezo-la-apertura-del-primer-congreso-de-educacion-san-martin\/","url_meta":{"origin":539,"position":4},"title":"KICILLOF ENCABEZ\u00d3 LA APERTURA DEL PRIMER CONGRESO DE EDUCACI\u00d3N SAN MART\u00cdN","author":"Alejandro Sosa Ruda","date":"23 agosto, 2024","format":false,"excerpt":"Con motivo de los\u00a0140 a\u00f1os de la promulgaci\u00f3n de la Ley N\u00b01420, que estableci\u00f3 los principios de educaci\u00f3n com\u00fan, gratuita y obligatoria. 23 de Agosto de 2024 BUENOS AIRES\u00a0 -\u00a0 El gobernador Axel Kicillof encabez\u00f3 este jueves la apertura del 1\u00b0 Congreso de Educaci\u00f3n organizado por el municipio de San\u2026","rel":"","context":"En \u00abDESTACADAS\u00bb","block_context":{"text":"DESTACADAS","link":"https:\/\/larevistadigital.com.ar\/blog\/category\/destacadas\/"},"img":{"alt_text":"","src":"https:\/\/i0.wp.com\/larevistadigital.com.ar\/blog\/wp-content\/uploads\/77A03382.jpg?fit=743%2C530&ssl=1&resize=350%2C200","width":350,"height":200,"srcset":"https:\/\/i0.wp.com\/larevistadigital.com.ar\/blog\/wp-content\/uploads\/77A03382.jpg?fit=743%2C530&ssl=1&resize=350%2C200 1x, https:\/\/i0.wp.com\/larevistadigital.com.ar\/blog\/wp-content\/uploads\/77A03382.jpg?fit=743%2C530&ssl=1&resize=525%2C300 1.5x, https:\/\/i0.wp.com\/larevistadigital.com.ar\/blog\/wp-content\/uploads\/77A03382.jpg?fit=743%2C530&ssl=1&resize=700%2C400 2x"},"classes":[]},{"id":9691,"url":"https:\/\/larevistadigital.com.ar\/blog\/encuentro-educativo-en-dolores-con-participacion-de-consejeros-escolares-de-cambiemos\/","url_meta":{"origin":539,"position":5},"title":"ENCUENTRO EDUCATIVO EN DOLORES, CON PARTICIPACI\u00d3N DE CONSEJEROS ESCOLARES DE CAMBIEMOS","author":"Alejandro Sosa Ruda","date":"15 abril, 2019","format":false,"excerpt":"Alrededor de mil docentes concurrieron a las instalaciones del Club Ever Ready de Dolores, donde se llev\u00f3 a cabo el Encuentro de Educaci\u00f3n de la Quinta Secci\u00f3n, durante el fin de semana. Consejeros escolares chascomunenses de Cambiemos participaron de este encuentro. Del mismo tomaron parte el Ministro de la Producci\u00f3n\u2026","rel":"","context":"En \u00abPOLITICA\u00bb","block_context":{"text":"POLITICA","link":"https:\/\/larevistadigital.com.ar\/blog\/category\/politica\/"},"img":{"alt_text":"","src":"https:\/\/i0.wp.com\/larevistadigital.com.ar\/blog\/wp-content\/uploads\/2019\/04\/56990156_419957752174685_3386169069618069504_n.jpg?fit=930%2C691&ssl=1&resize=350%2C200","width":350,"height":200,"srcset":"https:\/\/i0.wp.com\/larevistadigital.com.ar\/blog\/wp-content\/uploads\/2019\/04\/56990156_419957752174685_3386169069618069504_n.jpg?fit=930%2C691&ssl=1&resize=350%2C200 1x, https:\/\/i0.wp.com\/larevistadigital.com.ar\/blog\/wp-content\/uploads\/2019\/04\/56990156_419957752174685_3386169069618069504_n.jpg?fit=930%2C691&ssl=1&resize=525%2C300 1.5x, https:\/\/i0.wp.com\/larevistadigital.com.ar\/blog\/wp-content\/uploads\/2019\/04\/56990156_419957752174685_3386169069618069504_n.jpg?fit=930%2C691&ssl=1&resize=700%2C400 2x"},"classes":[]}],"_links":{"self":[{"href":"https:\/\/larevistadigital.com.ar\/blog\/wp-json\/wp\/v2\/posts\/539","targetHints":{"allow":["GET"]}}],"collection":[{"href":"https:\/\/larevistadigital.com.ar\/blog\/wp-json\/wp\/v2\/posts"}],"about":[{"href":"https:\/\/larevistadigital.com.ar\/blog\/wp-json\/wp\/v2\/types\/post"}],"author":[{"embeddable":true,"href":"https:\/\/larevistadigital.com.ar\/blog\/wp-json\/wp\/v2\/users\/3"}],"replies":[{"embeddable":true,"href":"https:\/\/larevistadigital.com.ar\/blog\/wp-json\/wp\/v2\/comments?post=539"}],"version-history":[{"count":1,"href":"https:\/\/larevistadigital.com.ar\/blog\/wp-json\/wp\/v2\/posts\/539\/revisions"}],"predecessor-version":[{"id":542,"href":"https:\/\/larevistadigital.com.ar\/blog\/wp-json\/wp\/v2\/posts\/539\/revisions\/542"}],"wp:featuredmedia":[{"embeddable":true,"href":"https:\/\/larevistadigital.com.ar\/blog\/wp-json\/wp\/v2\/media\/543"}],"wp:attachment":[{"href":"https:\/\/larevistadigital.com.ar\/blog\/wp-json\/wp\/v2\/media?parent=539"}],"wp:term":[{"taxonomy":"category","embeddable":true,"href":"https:\/\/larevistadigital.com.ar\/blog\/wp-json\/wp\/v2\/categories?post=539"},{"taxonomy":"post_tag","embeddable":true,"href":"https:\/\/larevistadigital.com.ar\/blog\/wp-json\/wp\/v2\/tags?post=539"}],"curies":[{"name":"wp","href":"https:\/\/api.w.org\/{rel}","templated":true}]}}