{"id":5391,"date":"2018-04-11T11:32:23","date_gmt":"2018-04-11T11:32:23","guid":{"rendered":"https:\/\/larevistadigital.com.ar\/blog\/?p=5391"},"modified":"2018-04-11T11:56:43","modified_gmt":"2018-04-11T11:56:43","slug":"isis-apunta-al-mundial-de-rusia-con-una-nueva-amenaza","status":"publish","type":"post","link":"https:\/\/larevistadigital.com.ar\/blog\/isis-apunta-al-mundial-de-rusia-con-una-nueva-amenaza\/","title":{"rendered":"ISIS APUNTA AL MUNDIAL DE RUSIA CON UNA NUEVA AMENAZA"},"content":{"rendered":"<h2>Desde el grupo fundamentalista amenazaron a Putin, diciendo que \u00abpagar\u00e1 el precio por matar musulmanes\u00bb en el evento deportivo.<\/h2>\n<p>El ISIS, amenaz\u00f3 nuevamente. Prometi\u00f3<strong>\u00a0perpetrar atentados durante el evento deportivo m\u00e1s importante del mundo<\/strong>\u00a0que se llevar\u00e1 a cabo en Rusia, uno de los pa\u00edses que est\u00e1 en constante alerta ante posibles ataques de yihadistas.<\/p>\n<div class=\"row\">\n<div class=\"col-xs-12 col-print-12\">\n<blockquote>\n<h3 class=\"element element-paragraph\">El grupo terrorista tambi\u00e9n envi\u00f3 un mensaje directo al presidente\u00a0<strong>Vladimir Putin<\/strong>, a quien advirti\u00f3 que\u00a0<strong>\u00abpagar\u00e1 un alto precio por matar a musulmanes\u00bb.<\/strong><\/h3>\n<\/blockquote>\n<\/div>\n<\/div>\n<div class=\"row\">\n<div class=\"col-xs-12 col-print-12\">\n<p class=\"element element-paragraph\">Como ya es habitual en su metodolog\u00eda, ISIS acompa\u00f1\u00f3 su mensaje de amenaza con una imagen en la que se puede observar a un yihadista con un rifle AK47 en su mano derecha y de fondo un estadio de f\u00fatbol.<\/p>\n<div class=\"row\">\n<div class=\"col-xs-12 col-print-12\">\n<p class=\"element element-paragraph\"><a href=\"https:\/\/i0.wp.com\/larevistadigital.com.ar\/blog\/wp-content\/uploads\/2018\/04\/isis-mundial-rusia-1.jpg?ssl=1\"><img data-recalc-dims=\"1\" loading=\"lazy\" decoding=\"async\" class=\"size-full wp-image-5392 aligncenter\" src=\"https:\/\/i0.wp.com\/larevistadigital.com.ar\/blog\/wp-content\/uploads\/2018\/04\/isis-mundial-rusia-1.jpg?resize=600%2C338&#038;ssl=1\" alt=\"\" width=\"600\" height=\"338\" srcset=\"https:\/\/i0.wp.com\/larevistadigital.com.ar\/blog\/wp-content\/uploads\/2018\/04\/isis-mundial-rusia-1.jpg?w=600&amp;ssl=1 600w, https:\/\/i0.wp.com\/larevistadigital.com.ar\/blog\/wp-content\/uploads\/2018\/04\/isis-mundial-rusia-1.jpg?resize=300%2C169&amp;ssl=1 300w\" sizes=\"auto, (max-width: 600px) 100vw, 600px\" \/><\/a><\/p>\n<p class=\"element element-paragraph\">En la parte izquierda tambi\u00e9n\u00a0<strong>aparece Putin, con un objetivo negro y naranja apuntando hacia \u00e9l.<\/strong><\/p>\n<\/div>\n<\/div>\n<div class=\"row\">\n<div class=\"col-xs-12 col-print-12\">\n<p class=\"element element-paragraph\"><strong>\u00abRusia 2018. Putin eres incr\u00e9dulo. Pagar\u00e1s el precio por matar musulmanes\u00bb<\/strong>, se\u00f1ala el texto.<\/p>\n<\/div>\n<\/div>\n<div class=\"row\">\n<div class=\"col-xs-12 col-print-12\">\n<p class=\"element element-paragraph\">Estas constantes amenazas a Rusia est\u00e1n relacionadas al apoyo que brinda Mosc\u00fa a la dictadura de <strong>Al Assad<\/strong> en la guerra siria. Adem\u00e1s de atacar a los rebeldes y gran parte de la poblaci\u00f3n civil,\u00a0<strong>las fuerzas a\u00e9reas sirias y rusas tambi\u00e9n bombardean posiciones de ISIS.<\/strong><\/p>\n<div class=\"row\">\n<div class=\"col-xs-12 col-print-12\">\n<p class=\"element element-paragraph\">Sin embargo, esta no es la primera amenaza del Estado Isl\u00e1mico contra la Copa del Mundo.<\/p>\n<\/div>\n<\/div>\n<div class=\"row\">\n<div class=\"col-xs-12 col-print-12\">\n<blockquote>\n<h3 class=\"element element-paragraph\">Los yihadista ya han publicado im\u00e1genes montadas en las que aparecen terroristas\u00a0<strong>sometiendo a las m\u00e1ximas figuras del f\u00fatbol internacional como Lionel Messi, Cristiano Ronaldo y Neymar.<\/strong><\/h3>\n<\/blockquote>\n<\/div>\n<\/div>\n<div class=\"row\">\n<div class=\"col-xs-12 col-print-12\">\n<p class=\"element element-paragraph\">Incluso, la semana pasada circularon informes sobre los nuevos m\u00e9todos de ataques que planean los extremistas, que pretenden utilizar drones y suicidas para atentar en suelo ruso.<\/p>\n<p>FUENTE:INFOBAE<\/p>\n<\/div>\n<\/div>\n<\/div>\n<\/div>\n<\/div>\n<\/div>\n","protected":false},"excerpt":{"rendered":"<div class=\"mh-excerpt\"><p>Desde el grupo fundamentalista amenazaron a Putin, diciendo que \u00abpagar\u00e1 el precio por matar musulmanes\u00bb en el evento deportivo. El ISIS, amenaz\u00f3 nuevamente. Prometi\u00f3\u00a0perpetrar atentados durante el evento deportivo m\u00e1s importante del mundo\u00a0que se llevar\u00e1 <a class=\"mh-excerpt-more\" href=\"https:\/\/larevistadigital.com.ar\/blog\/isis-apunta-al-mundial-de-rusia-con-una-nueva-amenaza\/\" title=\"ISIS APUNTA AL MUNDIAL DE RUSIA CON UNA NUEVA AMENAZA\">[Leer M\u00e1s]<\/a><\/p>\n<\/div>","protected":false},"author":3,"featured_media":5393,"comment_status":"open","ping_status":"open","sticky":false,"template":"","format":"standard","meta":{"_jetpack_memberships_contains_paid_content":false,"footnotes":"","jetpack_publicize_message":"","jetpack_publicize_feature_enabled":true,"jetpack_social_post_already_shared":true,"jetpack_social_options":{"image_generator_settings":{"template":"highway","default_image_id":0,"font":"","enabled":false},"version":2}},"categories":[41],"tags":[],"class_list":{"0":"post-5391","1":"post","2":"type-post","3":"status-publish","4":"format-standard","5":"has-post-thumbnail","7":"category-destacadas"},"jetpack_publicize_connections":[],"jetpack_featured_media_url":"https:\/\/i0.wp.com\/larevistadigital.com.ar\/blog\/wp-content\/uploads\/2018\/04\/1509259916_488479_1509259947_noticia_normal.jpg?fit=1200%2C675&ssl=1","jetpack_sharing_enabled":true,"jetpack_shortlink":"https:\/\/wp.me\/p8qtrQ-1oX","jetpack-related-posts":[{"id":8604,"url":"https:\/\/larevistadigital.com.ar\/blog\/peligro-de-guerra-mundial-putin-amenazo-a-eeuu-de-apuntar-sus-misiles-hacia-ellos-si-washington-despliega-sus-misiles-en-europa\/","url_meta":{"origin":5391,"position":0},"title":"PELIGRO DE GUERRA MUNDIAL: PUT\u00cdN AMENAZ\u00d3 A EEUU DE APUNTAR SUS MISILES HACIA ELLOS, SI WASHINGTON DESPLIEGA SUS MISILES EN EUROPA","author":"Alejandro Sosa Ruda","date":"20 febrero, 2019","format":false,"excerpt":"El mandatario lanz\u00f3 un desaf\u00edo militar durante su discurso anual ante el Parlamento y anunci\u00f3 un nuevo misil hipers\u00f3nico. \"\u00bfLos estadounidenses saben contar? Deber\u00edan calcular las armas que tiene Rusia\", exclam\u00f3 El presidente ruso, Vlad\u00edmir Putin, advirti\u00f3 este mi\u00e9rcoles a Estados Unidos de que, en caso de que despliegue en\u2026","rel":"","context":"En \u00abPOLITICA\u00bb","block_context":{"text":"POLITICA","link":"https:\/\/larevistadigital.com.ar\/blog\/category\/politica\/"},"img":{"alt_text":"","src":"https:\/\/i0.wp.com\/larevistadigital.com.ar\/blog\/wp-content\/uploads\/2019\/02\/descarga-1.jpg?fit=1200%2C675&ssl=1&resize=350%2C200","width":350,"height":200,"srcset":"https:\/\/i0.wp.com\/larevistadigital.com.ar\/blog\/wp-content\/uploads\/2019\/02\/descarga-1.jpg?fit=1200%2C675&ssl=1&resize=350%2C200 1x, https:\/\/i0.wp.com\/larevistadigital.com.ar\/blog\/wp-content\/uploads\/2019\/02\/descarga-1.jpg?fit=1200%2C675&ssl=1&resize=525%2C300 1.5x, https:\/\/i0.wp.com\/larevistadigital.com.ar\/blog\/wp-content\/uploads\/2019\/02\/descarga-1.jpg?fit=1200%2C675&ssl=1&resize=700%2C400 2x, https:\/\/i0.wp.com\/larevistadigital.com.ar\/blog\/wp-content\/uploads\/2019\/02\/descarga-1.jpg?fit=1200%2C675&ssl=1&resize=1050%2C600 3x"},"classes":[]},{"id":24236,"url":"https:\/\/larevistadigital.com.ar\/blog\/una-luz-de-esperanza-ucrania-acepto-dialogar-con-rusia-en-la-frontera-de-bielorrusia\/","url_meta":{"origin":5391,"position":1},"title":"\u00bfUNA LUZ DE ESPERANZA? UCRANIA ACEPT\u00d3 DIALOGAR CON RUSIA EN LA FRONTERA DE BIELORRUSIA","author":"Alejandro Sosa Ruda","date":"27 febrero, 2022","format":false,"excerpt":"Luego de varias idas y vueltas, finalmente el presidente Zelenski acept\u00f3 entablar conversaciones con la delegaci\u00f3n rusa en la ciudad de Gomel, cerca de Chernobil. Hasta el momento se contabilizan cerca de 200 civiles muertos. Ucrania acept\u00f3 tener conversaciones con Rusia en la frontera entre su pa\u00eds y Bielorrusia, seg\u00fan\u2026","rel":"","context":"En \u00abINTERES GENERAL\u00bb","block_context":{"text":"INTERES GENERAL","link":"https:\/\/larevistadigital.com.ar\/blog\/category\/interes-general\/"},"img":{"alt_text":"","src":"https:\/\/i0.wp.com\/larevistadigital.com.ar\/blog\/wp-content\/uploads\/Captura-de-pantalla-2022-02-27-123254.jpg?fit=906%2C500&ssl=1&resize=350%2C200","width":350,"height":200,"srcset":"https:\/\/i0.wp.com\/larevistadigital.com.ar\/blog\/wp-content\/uploads\/Captura-de-pantalla-2022-02-27-123254.jpg?fit=906%2C500&ssl=1&resize=350%2C200 1x, https:\/\/i0.wp.com\/larevistadigital.com.ar\/blog\/wp-content\/uploads\/Captura-de-pantalla-2022-02-27-123254.jpg?fit=906%2C500&ssl=1&resize=525%2C300 1.5x, https:\/\/i0.wp.com\/larevistadigital.com.ar\/blog\/wp-content\/uploads\/Captura-de-pantalla-2022-02-27-123254.jpg?fit=906%2C500&ssl=1&resize=700%2C400 2x"},"classes":[]},{"id":21248,"url":"https:\/\/larevistadigital.com.ar\/blog\/sputnik-v-rusia-dijo-que-primero-cumplira-con-la-vacunacion-de-su-pais-pero-que-cumplira-con-los-contratos\/","url_meta":{"origin":5391,"position":2},"title":"SPUTNIK V: RUSIA DIJO QUE PRIMERO CUMPLIR\u00c1 CON LA VACUNACI\u00d3N DE SU PA\u00cdS, PERO QUE CUMPLIR\u00c1 CON LOS CONTRATOS","author":"Alejandro Sosa Ruda","date":"23 julio, 2021","format":false,"excerpt":"El portavoz del Kremlin reconoci\u00f3 que \u201cse produjo un retraso\u201d en el env\u00edo de vacunas a la Argentina y aclar\u00f3 que se encuentra en contacto con funcionarios argentinos Fern\u00e1ndez \u201cpara solucionar los problemas que inevitablemente surgen\u201d. Dmitri Peskov, portavoz del Kremlin, prometi\u00f3 este viernes que cumplir\u00e1n con los env\u00edos pendientes\u2026","rel":"","context":"En \u00abINTERES GENERAL\u00bb","block_context":{"text":"INTERES GENERAL","link":"https:\/\/larevistadigital.com.ar\/blog\/category\/interes-general\/"},"img":{"alt_text":"","src":"https:\/\/i0.wp.com\/larevistadigital.com.ar\/blog\/wp-content\/uploads\/61fa7408d9c787beb3f302a4b47f9769abfb9423.jpg?fit=1140%2C642&ssl=1&resize=350%2C200","width":350,"height":200,"srcset":"https:\/\/i0.wp.com\/larevistadigital.com.ar\/blog\/wp-content\/uploads\/61fa7408d9c787beb3f302a4b47f9769abfb9423.jpg?fit=1140%2C642&ssl=1&resize=350%2C200 1x, https:\/\/i0.wp.com\/larevistadigital.com.ar\/blog\/wp-content\/uploads\/61fa7408d9c787beb3f302a4b47f9769abfb9423.jpg?fit=1140%2C642&ssl=1&resize=525%2C300 1.5x, https:\/\/i0.wp.com\/larevistadigital.com.ar\/blog\/wp-content\/uploads\/61fa7408d9c787beb3f302a4b47f9769abfb9423.jpg?fit=1140%2C642&ssl=1&resize=700%2C400 2x, https:\/\/i0.wp.com\/larevistadigital.com.ar\/blog\/wp-content\/uploads\/61fa7408d9c787beb3f302a4b47f9769abfb9423.jpg?fit=1140%2C642&ssl=1&resize=1050%2C600 3x"},"classes":[]},{"id":15191,"url":"https:\/\/larevistadigital.com.ar\/blog\/el-vocero-de-putin-esta-internado-con-coronavirus-covid-19\/","url_meta":{"origin":5391,"position":3},"title":"EL VOCERO DE PUTIN EST\u00c1 INTERNADO CON CORONAVIRUS COVID-19","author":"Alejandro Sosa Ruda","date":"12 mayo, 2020","format":false,"excerpt":"Dmitri Peskov inform\u00f3 que est\u00e1 recibiendo tratamiento en un hospital. Rusia se convirti\u00f3 en el segundo pa\u00eds con m\u00e1s infectados por el Covid-19. El vocero del presidente ruso, Dmitri Peskov, inform\u00f3 hoy que dio positivo al test de coronavirus y que est\u00e1 recibiendo tratamiento en un hospital, mientras que Rusia\u2026","rel":"","context":"En \u00abINTERES GENERAL\u00bb","block_context":{"text":"INTERES GENERAL","link":"https:\/\/larevistadigital.com.ar\/blog\/category\/interes-general\/"},"img":{"alt_text":"","src":"https:\/\/i0.wp.com\/larevistadigital.com.ar\/blog\/wp-content\/uploads\/597607981d2e9_1004x565.jpg?fit=1004%2C565&ssl=1&resize=350%2C200","width":350,"height":200,"srcset":"https:\/\/i0.wp.com\/larevistadigital.com.ar\/blog\/wp-content\/uploads\/597607981d2e9_1004x565.jpg?fit=1004%2C565&ssl=1&resize=350%2C200 1x, https:\/\/i0.wp.com\/larevistadigital.com.ar\/blog\/wp-content\/uploads\/597607981d2e9_1004x565.jpg?fit=1004%2C565&ssl=1&resize=525%2C300 1.5x, https:\/\/i0.wp.com\/larevistadigital.com.ar\/blog\/wp-content\/uploads\/597607981d2e9_1004x565.jpg?fit=1004%2C565&ssl=1&resize=700%2C400 2x"},"classes":[]},{"id":13547,"url":"https:\/\/larevistadigital.com.ar\/blog\/excelente-gestion-deportivo-obtuvo-un-subsidio-para-renovar-la-iluminacion-de-la-cancha-de-futbol\/","url_meta":{"origin":5391,"position":4},"title":"EXCELENTE GESTI\u00d3N: DEPORTIVO OBTUVO UN SUBSIDIO PARA RENOVAR LA ILUMINACI\u00d3N DE LA CANCHA DE F\u00daTBOL","author":"Alejandro Sosa Ruda","date":"7 diciembre, 2019","format":false,"excerpt":"Nuevamente el Club Deportivo Chascom\u00fas, demostrando capacidad de gesti\u00f3n y transparencia en su econom\u00eda, sumados a proyectos concretos y viables, ha conseguido un subsidio que en esta oportunidad asciende a $500.000.- que ser\u00e1 utilizado para renovar la iluminaci\u00f3n de su cancha de f\u00fatbol. El Club Deportivo confirm\u00f3 la acreditaci\u00f3n en\u2026","rel":"","context":"En \u00abCHASCOM\u00daS\u00bb","block_context":{"text":"CHASCOM\u00daS","link":"https:\/\/larevistadigital.com.ar\/blog\/category\/chascomus\/"},"img":{"alt_text":"","src":"https:\/\/i0.wp.com\/larevistadigital.com.ar\/blog\/wp-content\/uploads\/deportivo_07dediciembrede2019_elfuerte.jpg?fit=737%2C415&ssl=1&resize=350%2C200","width":350,"height":200,"srcset":"https:\/\/i0.wp.com\/larevistadigital.com.ar\/blog\/wp-content\/uploads\/deportivo_07dediciembrede2019_elfuerte.jpg?fit=737%2C415&ssl=1&resize=350%2C200 1x, https:\/\/i0.wp.com\/larevistadigital.com.ar\/blog\/wp-content\/uploads\/deportivo_07dediciembrede2019_elfuerte.jpg?fit=737%2C415&ssl=1&resize=525%2C300 1.5x, https:\/\/i0.wp.com\/larevistadigital.com.ar\/blog\/wp-content\/uploads\/deportivo_07dediciembrede2019_elfuerte.jpg?fit=737%2C415&ssl=1&resize=700%2C400 2x"},"classes":[]},{"id":15951,"url":"https:\/\/larevistadigital.com.ar\/blog\/rusia-registro-la-primera-vacuna-contra-el-covid-19\/","url_meta":{"origin":5391,"position":5},"title":"RUSIA REGISTR\u00d3 LA PRIMERA VACUNA CONTRA EL COVID-19","author":"Alejandro Sosa Ruda","date":"11 agosto, 2020","format":false,"excerpt":"Otorga una \"inmunidad duradera\", declar\u00f3 este martes el presidente ruso durante una videoconferencia con miembros del gobierno retransmitida por la televisi\u00f3n Rusia se convirti\u00f3 en el primer pa\u00eds en aprobar una vacuna contra el coronavirus y declararla lista para su uso, luego que el presidente, Vladimir Putin, informara anoche que\u2026","rel":"","context":"En \u00abDESTACADAS\u00bb","block_context":{"text":"DESTACADAS","link":"https:\/\/larevistadigital.com.ar\/blog\/category\/destacadas\/"},"img":{"alt_text":"","src":"https:\/\/i0.wp.com\/larevistadigital.com.ar\/blog\/wp-content\/uploads\/20200811094417_5e70a53569d41_1004x566.jpg?fit=880%2C586&ssl=1&resize=350%2C200","width":350,"height":200,"srcset":"https:\/\/i0.wp.com\/larevistadigital.com.ar\/blog\/wp-content\/uploads\/20200811094417_5e70a53569d41_1004x566.jpg?fit=880%2C586&ssl=1&resize=350%2C200 1x, https:\/\/i0.wp.com\/larevistadigital.com.ar\/blog\/wp-content\/uploads\/20200811094417_5e70a53569d41_1004x566.jpg?fit=880%2C586&ssl=1&resize=525%2C300 1.5x, https:\/\/i0.wp.com\/larevistadigital.com.ar\/blog\/wp-content\/uploads\/20200811094417_5e70a53569d41_1004x566.jpg?fit=880%2C586&ssl=1&resize=700%2C400 2x"},"classes":[]}],"_links":{"self":[{"href":"https:\/\/larevistadigital.com.ar\/blog\/wp-json\/wp\/v2\/posts\/5391","targetHints":{"allow":["GET"]}}],"collection":[{"href":"https:\/\/larevistadigital.com.ar\/blog\/wp-json\/wp\/v2\/posts"}],"about":[{"href":"https:\/\/larevistadigital.com.ar\/blog\/wp-json\/wp\/v2\/types\/post"}],"author":[{"embeddable":true,"href":"https:\/\/larevistadigital.com.ar\/blog\/wp-json\/wp\/v2\/users\/3"}],"replies":[{"embeddable":true,"href":"https:\/\/larevistadigital.com.ar\/blog\/wp-json\/wp\/v2\/comments?post=5391"}],"version-history":[{"count":2,"href":"https:\/\/larevistadigital.com.ar\/blog\/wp-json\/wp\/v2\/posts\/5391\/revisions"}],"predecessor-version":[{"id":5400,"href":"https:\/\/larevistadigital.com.ar\/blog\/wp-json\/wp\/v2\/posts\/5391\/revisions\/5400"}],"wp:featuredmedia":[{"embeddable":true,"href":"https:\/\/larevistadigital.com.ar\/blog\/wp-json\/wp\/v2\/media\/5393"}],"wp:attachment":[{"href":"https:\/\/larevistadigital.com.ar\/blog\/wp-json\/wp\/v2\/media?parent=5391"}],"wp:term":[{"taxonomy":"category","embeddable":true,"href":"https:\/\/larevistadigital.com.ar\/blog\/wp-json\/wp\/v2\/categories?post=5391"},{"taxonomy":"post_tag","embeddable":true,"href":"https:\/\/larevistadigital.com.ar\/blog\/wp-json\/wp\/v2\/tags?post=5391"}],"curies":[{"name":"wp","href":"https:\/\/api.w.org\/{rel}","templated":true}]}}