{"id":5395,"date":"2018-04-11T11:50:59","date_gmt":"2018-04-11T11:50:59","guid":{"rendered":"https:\/\/larevistadigital.com.ar\/blog\/?p=5395"},"modified":"2018-04-11T11:56:05","modified_gmt":"2018-04-11T11:56:05","slug":"mark-zuckerbeg-ante-el-senado-de-eeuu-por-las-filtraciones-de-datos-en-facebook-fue-mi-error","status":"publish","type":"post","link":"https:\/\/larevistadigital.com.ar\/blog\/mark-zuckerbeg-ante-el-senado-de-eeuu-por-las-filtraciones-de-datos-en-facebook-fue-mi-error\/","title":{"rendered":"MARK ZUCKERBEG ANTE EL SENADO DE EEUU POR LAS FILTRACIONES DE DATOS EN FACEBOOK: \u00abFUE MI ERROR\u00bb"},"content":{"rendered":"<div class=\"row\">\n<div class=\"col-xs-12 col-print-12\">\n<h2 class=\"element element-paragraph\">El fundador y director ejecutivo de Facebook enfrent\u00f3 este martes una\u00a0sesi\u00f3n conjunta de dos comisiones del Congreso estadounidense en medio del espectacular esc\u00e1ndalo por las fallas de seguridad de la gigante red social sobre la privacidad de sus usuarios.<\/h2>\n<\/div>\n<\/div>\n<div class=\"row\">\n<div class=\"col-xs-12 col-print-12\">\n<p class=\"element element-paragraph\"><span class=\"body-text-highlight\"><strong>Zuckerberg<\/strong>\u00a0fue sometido a un hostil interrogatorio.<b>\u00a0\u00ab\u00bfPodr\u00eda decirnos en que hotel se hosped\u00f3 anoche?, \u00bfse sentir\u00eda c\u00f3modo d\u00e1ndonos esa informaci\u00f3n? \u00bfNos dar\u00eda ese dato?\u00bb, lo presion\u00f3 el senador Roy Blunt. Zuckerberg se mantuvo en silencio, bebi\u00f3 agua y esper\u00f3 a la siguiente pregunta. \u00abDe esto se trata se\u00f1or Zuckerberg, de la privacidad\u00bb, insisti\u00f3 el republicano.<\/b><\/span><\/p>\n<\/div>\n<\/div>\n<div class=\"row\">\n<div class=\"col-xs-12 col-print-12\">\n<blockquote>\n<h3 class=\"element element-paragraph\"><em><strong>\u00abYo uso Facebook, mi familia usa Facebook, claro que pienso que es seguro\u00bb<\/strong><\/em>, repiti\u00f3 varias veces durante el interrogatorio.<\/h3>\n<\/blockquote>\n<\/div>\n<\/div>\n<div class=\"row\">\n<div class=\"col-xs-12 col-print-12\">\n<p class=\"element element-paragraph\">En este clima tenso, <strong>Zuckerberg\u00a0<\/strong>respondi\u00f3 todas las preguntas de los\u00a0legisladores furiosos con las fallas en el modelo de negocios de Facebook que permiti\u00f3 el uso no autorizado de datos personales de millones de estadounidenses.<\/p>\n<div class=\"row\">\n<div class=\"col-xs-12 col-print-12\">\n<p class=\"element element-paragraph\">La gota que colm\u00f3 el vaso fue la revelaci\u00f3n de que<strong>\u00a0esos datos fueron utilizados de forma no autorizada por la consultora Cambridge Analytica para definir la ret\u00f3rica de Donald Trump en su victoriosa campa\u00f1a electoral de 2016.<\/strong><\/p>\n<\/div>\n<\/div>\n<div class=\"row\">\n<div class=\"col-xs-12 col-print-12\">\n<blockquote>\n<h3 class=\"element element-paragraph\">\u00ab<strong>Mi prioridad siempre ha sido la misi\u00f3n social de comunicar a la gente, crear comunidades y reunir al mundo<\/strong>\u00ab, asegur\u00f3 <strong>Zuckerberg<\/strong> . El fundador de la red sociales, repiti\u00f3 que su compa\u00f1\u00eda est\u00e1 bajo una gran investigaci\u00f3n: \u00ab<strong>Estamos haciendo una auditor\u00eda completa de todas las aplicaciones \u00a0para que la filtraci\u00f3n no vuelva a sucede<\/strong>r\u00bb.<\/h3>\n<\/blockquote>\n<\/div>\n<\/div>\n<div class=\"row\">\n<div class=\"col-xs-12 col-print-12\">\n<p class=\"element element-paragraph\"><strong><em>\u00abNo adoptamos una visi\u00f3n suficientemente amplia de nuestra responsabilidad, y fue un error enorme.\u00a0Fue mi error, y lo siento. Yo comenc\u00e9 Facebook, yo la administro, y soy responsable por lo ocurrido\u00bb<\/em><\/strong>, dijo <strong>Zuckerberg<\/strong> ante senadores estadounidenses.<\/p>\n<div class=\"row\">\n<div class=\"col-xs-12 col-print-12\">\n<p class=\"element element-paragraph\">El CEO de Facebook se comprometi\u00f3 a hacer reformas dentro de su empresa para poder aumentar esas protecciones, y consider\u00f3 que proteger la informaci\u00f3n de la gente se trata de \u00abuna responsabilidad b\u00e1sica\u00bb que no cumplieron con el abuso de Cambridge Analytica.<\/p>\n<\/div>\n<\/div>\n<div class=\"row\">\n<div class=\"col-xs-12 col-print-12\">\n<blockquote>\n<h3 class=\"element element-paragraph\"><strong>El director de la compa\u00f1\u00eda adem\u00e1s\u00a0enumer\u00f3 una serie de medidas que est\u00e1n llevando a cabo, como<em> \u00abinvestigar decenas de miles de aplicaciones\u00bb<\/em> que se interconectan con su plataforma.\u00a0<em>\u00abY si encontramos alguna actividad sospechosa, vamos a realizar una auditor\u00eda completa de esas aplicaciones para comprender c\u00f3mo est\u00e1n utilizando sus datos y si est\u00e1n haciendo algo inapropiado\u00bb<\/em>, indic\u00f3.<\/strong><\/h3>\n<\/blockquote>\n<\/div>\n<\/div>\n<div class=\"row\">\n<div class=\"col-xs-12 col-print-12\">\n<p class=\"element element-paragraph\">El ejecutivo dijo que\u00a0Facebook ha desarrollado herramientas basadas en inteligencia artificial y la empresa ampli\u00f3 el n\u00famero de personal para combatir esos problemas.<\/p>\n<\/div>\n<\/div>\n<div class=\"row\">\n<div class=\"col-xs-12 col-print-12\">\n<p class=\"element element-paragraph\"><em><strong>\u00abHay gente en Rusia cuyo trabajo es tratar de explotar nuestros sistemas, y otros sistemas cibern\u00e9ticos\u00bb<\/strong><\/em>, dijo. <strong><em>\u00abEntonces,\u00a0es como una carrera armamentista. Ellos se tornan mejores y nosotros tenemos que tornarnos mejores tambi\u00e9n\u00bb<\/em><\/strong>.<\/p>\n<\/div>\n<\/div>\n<div class=\"row\">\n<div class=\"col-xs-12 col-print-12\">\n<blockquote>\n<h3 class=\"element element-paragraph\"><b>El creador y CEO de Facebook\u00a0 fue citado para explicar c\u00f3mo los datos de al menos 87 millones de usuarios de su red social fueron a parar a la firma brit\u00e1nica Cambridge Analytica (CA), que trabaj\u00f3 para la campa\u00f1a de Trump en 2016.<\/b><\/h3>\n<\/blockquote>\n<\/div>\n<\/div>\n<div class=\"row\">\n<div class=\"col-xs-12 col-print-12\">\n<p class=\"element element-paragraph\">Sobre ese tema,<strong>\u00a0Zuckerberg <\/strong>revel\u00f3 que su equipo \u00abtrabaja\u00bb con el equipo del fiscal especial estadounidense que investiga la injerencia de Rusia en las elecciones presidenciales de 2016. <em><strong>\u00abNuestro trabajo con el fiscal especial es confidencial\u00bb, dijo ante el Senado y agreg\u00f3: \u00abQuiero ser cuidadoso porque quiero estar seguro que podemos discutir esto en una audiencia p\u00fablica y revelar algo que es confidencial\u00bb.<\/strong><\/em><\/p>\n<\/div>\n<\/div>\n<\/div>\n<\/div>\n<p>FUENTE INFOBAE<\/p>\n<\/div>\n<\/div>\n","protected":false},"excerpt":{"rendered":"<div class=\"mh-excerpt\"><p>El fundador y director ejecutivo de Facebook enfrent\u00f3 este martes una\u00a0sesi\u00f3n conjunta de dos comisiones del Congreso estadounidense en medio del espectacular esc\u00e1ndalo por las fallas de seguridad de la gigante red social sobre la <a class=\"mh-excerpt-more\" href=\"https:\/\/larevistadigital.com.ar\/blog\/mark-zuckerbeg-ante-el-senado-de-eeuu-por-las-filtraciones-de-datos-en-facebook-fue-mi-error\/\" title=\"MARK ZUCKERBEG ANTE EL SENADO DE EEUU POR LAS FILTRACIONES DE DATOS EN FACEBOOK: \u00abFUE MI ERROR\u00bb\">[Leer M\u00e1s]<\/a><\/p>\n<\/div>","protected":false},"author":3,"featured_media":5396,"comment_status":"open","ping_status":"open","sticky":false,"template":"","format":"standard","meta":{"_jetpack_memberships_contains_paid_content":false,"footnotes":"","jetpack_publicize_message":"","jetpack_publicize_feature_enabled":true,"jetpack_social_post_already_shared":true,"jetpack_social_options":{"image_generator_settings":{"template":"highway","default_image_id":0,"font":"","enabled":false},"version":2}},"categories":[12,29],"tags":[],"class_list":{"0":"post-5395","1":"post","2":"type-post","3":"status-publish","4":"format-standard","5":"has-post-thumbnail","7":"category-politica","8":"category-sociedad"},"jetpack_publicize_connections":[],"jetpack_featured_media_url":"https:\/\/i0.wp.com\/larevistadigital.com.ar\/blog\/wp-content\/uploads\/2018\/04\/facebook-mark-zuckerberg-responde-ante-el-senado-p-812703.jpg?fit=1000%2C562&ssl=1","jetpack_sharing_enabled":true,"jetpack_shortlink":"https:\/\/wp.me\/p8qtrQ-1p1","jetpack-related-posts":[{"id":8498,"url":"https:\/\/larevistadigital.com.ar\/blog\/facebook-te-buscara-pareja-si-estas-solo-a\/","url_meta":{"origin":5395,"position":0},"title":"FACEBOOK TE BUSCARA PAREJA, SI ESTAS SOLO\/A","author":"Alejandro Sosa Ruda","date":"16 febrero, 2019","format":false,"excerpt":"La red social ha implementado una herramienta en la que los usuarios podr\u00e1n crear por separado un \u201cperfil de citas\u201d distinto del perfil de su p\u00e1gina. Como ya se hab\u00eda anunciado hace varios meses, por fin la plataforma social Facebook lanz\u00f3 en Canad\u00e1 su nuevo servicio para buscar pareja, llamado\u2026","rel":"","context":"En \u00abPOLITICA\u00bb","block_context":{"text":"POLITICA","link":"https:\/\/larevistadigital.com.ar\/blog\/category\/politica\/"},"img":{"alt_text":"","src":"https:\/\/i0.wp.com\/larevistadigital.com.ar\/blog\/wp-content\/uploads\/2019\/02\/1525296461_397185_1525296718_noticia_normal.jpg?fit=1200%2C675&ssl=1&resize=350%2C200","width":350,"height":200,"srcset":"https:\/\/i0.wp.com\/larevistadigital.com.ar\/blog\/wp-content\/uploads\/2019\/02\/1525296461_397185_1525296718_noticia_normal.jpg?fit=1200%2C675&ssl=1&resize=350%2C200 1x, https:\/\/i0.wp.com\/larevistadigital.com.ar\/blog\/wp-content\/uploads\/2019\/02\/1525296461_397185_1525296718_noticia_normal.jpg?fit=1200%2C675&ssl=1&resize=525%2C300 1.5x, https:\/\/i0.wp.com\/larevistadigital.com.ar\/blog\/wp-content\/uploads\/2019\/02\/1525296461_397185_1525296718_noticia_normal.jpg?fit=1200%2C675&ssl=1&resize=700%2C400 2x, https:\/\/i0.wp.com\/larevistadigital.com.ar\/blog\/wp-content\/uploads\/2019\/02\/1525296461_397185_1525296718_noticia_normal.jpg?fit=1200%2C675&ssl=1&resize=1050%2C600 3x"},"classes":[]},{"id":22241,"url":"https:\/\/larevistadigital.com.ar\/blog\/caida-a-nivel-mundial-de-whatsapp-instagram-y-facebook-la-explicacion-de-facebook\/","url_meta":{"origin":5395,"position":1},"title":"CAIDA A NIVEL MUNDIAL DE WHATSAPP, INSTAGRAM Y FACEBOOK. LA EXPLICACI\u00d3N DE FACEBOOK","author":"Alejandro Sosa Ruda","date":"5 octubre, 2021","format":false,"excerpt":"Ayer al mediod\u00eda se cayeron WhatsApp, Instagram y Facebook, todas plataformas pertenecientes a la compa\u00f1\u00eda fundada por Mark Zuckerberg. Por el momento, se desconoce el motivo de la falla, pero la situaci\u00f3n gener\u00f3 desesperaci\u00f3n entre los usuarios y tambi\u00e9n desencaden\u00f3 una catarata de memes en Twitter, que es una de\u2026","rel":"","context":"En \u00abDESTACADAS\u00bb","block_context":{"text":"DESTACADAS","link":"https:\/\/larevistadigital.com.ar\/blog\/category\/destacadas\/"},"img":{"alt_text":"","src":"https:\/\/i0.wp.com\/larevistadigital.com.ar\/blog\/wp-content\/uploads\/16333723504051.jpg?fit=1200%2C675&ssl=1&resize=350%2C200","width":350,"height":200,"srcset":"https:\/\/i0.wp.com\/larevistadigital.com.ar\/blog\/wp-content\/uploads\/16333723504051.jpg?fit=1200%2C675&ssl=1&resize=350%2C200 1x, https:\/\/i0.wp.com\/larevistadigital.com.ar\/blog\/wp-content\/uploads\/16333723504051.jpg?fit=1200%2C675&ssl=1&resize=525%2C300 1.5x, https:\/\/i0.wp.com\/larevistadigital.com.ar\/blog\/wp-content\/uploads\/16333723504051.jpg?fit=1200%2C675&ssl=1&resize=700%2C400 2x, https:\/\/i0.wp.com\/larevistadigital.com.ar\/blog\/wp-content\/uploads\/16333723504051.jpg?fit=1200%2C675&ssl=1&resize=1050%2C600 3x"},"classes":[]},{"id":702,"url":"https:\/\/larevistadigital.com.ar\/blog\/facebook-prueba-boton-no-me-gusta-messenger\/","url_meta":{"origin":5395,"position":2},"title":"Facebook prueba un bot\u00f3n \u2018No me gusta\u2019 en Messenger","author":"editor","date":"8 marzo, 2017","format":false,"excerpt":"MARIA RUBAL THOMSEN, Barcelona Facebook por fin ha escuchado la petici\u00f3n m\u00e1s antigua de los usuarios de esta red social y est\u00e1 considerando a\u00f1adir un bot\u00f3n \u2018No me gusta\u2019. Pero no es como te lo imaginas: solo se podr\u00e1 utilizar en Messenger y servir\u00e1 para dar respuestas r\u00e1pidas a mensajes\u2026","rel":"","context":"En \u00abTECNOLOGIA\u00bb","block_context":{"text":"TECNOLOGIA","link":"https:\/\/larevistadigital.com.ar\/blog\/category\/suplementos\/tecnologia-suplementos\/"},"img":{"alt_text":"","src":"https:\/\/i0.wp.com\/larevistadigital.com.ar\/blog\/wp-content\/uploads\/2017\/03\/3401302_n_vir3.jpg?fit=770%2C450&ssl=1&resize=350%2C200","width":350,"height":200,"srcset":"https:\/\/i0.wp.com\/larevistadigital.com.ar\/blog\/wp-content\/uploads\/2017\/03\/3401302_n_vir3.jpg?fit=770%2C450&ssl=1&resize=350%2C200 1x, https:\/\/i0.wp.com\/larevistadigital.com.ar\/blog\/wp-content\/uploads\/2017\/03\/3401302_n_vir3.jpg?fit=770%2C450&ssl=1&resize=525%2C300 1.5x, https:\/\/i0.wp.com\/larevistadigital.com.ar\/blog\/wp-content\/uploads\/2017\/03\/3401302_n_vir3.jpg?fit=770%2C450&ssl=1&resize=700%2C400 2x"},"classes":[]},{"id":142,"url":"https:\/\/larevistadigital.com.ar\/blog\/crear-fotos-videos-360\/","url_meta":{"origin":5395,"position":3},"title":"C\u00f3mo crear fotos y videos en 360","author":"editor","date":"12 febrero, 2017","format":false,"excerpt":"Las c\u00e1maras especiales que ya se consiguen en el mercado local y las aplicaciones para capturar la realidad con un smartphone y lograr impresionantes escenas inmersivas. \"Cuando era un bebe y di mis primeros pasos, mi mam\u00e1 escribi\u00f3 la fecha en un libro de bebes. Cuando los hijos de mi\u2026","rel":"","context":"En \u00abTECNOLOGIA\u00bb","block_context":{"text":"TECNOLOGIA","link":"https:\/\/larevistadigital.com.ar\/blog\/category\/suplementos\/tecnologia-suplementos\/"},"img":{"alt_text":"","src":"https:\/\/i0.wp.com\/larevistadigital.com.ar\/blog\/wp-content\/uploads\/2017\/02\/tecnologia-2359465w280.jpg?fit=280%2C400&ssl=1&resize=350%2C200","width":350,"height":200},"classes":[]},{"id":11579,"url":"https:\/\/larevistadigital.com.ar\/blog\/whatsapp-lanza-el-servicio-del-pago-electronico\/","url_meta":{"origin":5395,"position":4},"title":"WHATSAPP LANZA EL SERVICIO DEL PAGO ELECTR\u00d3NICO","author":"Alejandro Sosa Ruda","date":"28 julio, 2019","format":false,"excerpt":"Las autoridades de la plataforma de mensajes instantaneos destacan que\u00a0\"permite pagar a alguien tan f\u00e1cil como enviar mensajes\".\u00a0Pronto se conocer\u00e1 la fecha para su desembarco en Latinoam\u00e9rica. Whatsapp, el servicio n\u00famero uno de mensajer\u00eda instant\u00e1nea a nivel mundial, lanzar\u00e1 en breve el primer servicio de pago electr\u00f3nico a trav\u00e9s de\u2026","rel":"","context":"En \u00abINTERES GENERAL\u00bb","block_context":{"text":"INTERES GENERAL","link":"https:\/\/larevistadigital.com.ar\/blog\/category\/interes-general\/"},"img":{"alt_text":"","src":"https:\/\/i0.wp.com\/larevistadigital.com.ar\/blog\/wp-content\/uploads\/2018\/11\/logo-Whatsapp2.jpg?fit=650%2C650&ssl=1&resize=350%2C200","width":350,"height":200,"srcset":"https:\/\/i0.wp.com\/larevistadigital.com.ar\/blog\/wp-content\/uploads\/2018\/11\/logo-Whatsapp2.jpg?fit=650%2C650&ssl=1&resize=350%2C200 1x, https:\/\/i0.wp.com\/larevistadigital.com.ar\/blog\/wp-content\/uploads\/2018\/11\/logo-Whatsapp2.jpg?fit=650%2C650&ssl=1&resize=525%2C300 1.5x"},"classes":[]},{"id":11135,"url":"https:\/\/larevistadigital.com.ar\/blog\/mujer-denuncio-a-hombre-que-la-acosaba-por-facebook-y-desaparecio\/","url_meta":{"origin":5395,"position":5},"title":"MUJER DENUNCI\u00d3 A HOMBRE QUE LA ACOSABA POR FACEBOOK Y DESAPARECI\u00d3","author":"Alejandro Sosa Ruda","date":"8 julio, 2019","format":false,"excerpt":"La joven de 25 a\u00f1os, que fue vista por \u00faltima vez hace m\u00e1s de 48 horas\u00a0cuando llev\u00f3 a su hijo al jard\u00edn de infantes en la ciudad cordobesa de Unquillo, es intensamente buscada por la polic\u00eda y su familia est\u00e1 desesperada. Dalma Ianini\u00a0desparaci\u00f3 el viernes al mediod\u00eda cuando fue a\u2026","rel":"","context":"En \u00abINTERES GENERAL\u00bb","block_context":{"text":"INTERES GENERAL","link":"https:\/\/larevistadigital.com.ar\/blog\/category\/interes-general\/"},"img":{"alt_text":"","src":"https:\/\/i0.wp.com\/larevistadigital.com.ar\/blog\/wp-content\/uploads\/Screenshot_1-21.jpg?fit=1200%2C674&ssl=1&resize=350%2C200","width":350,"height":200,"srcset":"https:\/\/i0.wp.com\/larevistadigital.com.ar\/blog\/wp-content\/uploads\/Screenshot_1-21.jpg?fit=1200%2C674&ssl=1&resize=350%2C200 1x, https:\/\/i0.wp.com\/larevistadigital.com.ar\/blog\/wp-content\/uploads\/Screenshot_1-21.jpg?fit=1200%2C674&ssl=1&resize=525%2C300 1.5x, https:\/\/i0.wp.com\/larevistadigital.com.ar\/blog\/wp-content\/uploads\/Screenshot_1-21.jpg?fit=1200%2C674&ssl=1&resize=700%2C400 2x, https:\/\/i0.wp.com\/larevistadigital.com.ar\/blog\/wp-content\/uploads\/Screenshot_1-21.jpg?fit=1200%2C674&ssl=1&resize=1050%2C600 3x"},"classes":[]}],"_links":{"self":[{"href":"https:\/\/larevistadigital.com.ar\/blog\/wp-json\/wp\/v2\/posts\/5395","targetHints":{"allow":["GET"]}}],"collection":[{"href":"https:\/\/larevistadigital.com.ar\/blog\/wp-json\/wp\/v2\/posts"}],"about":[{"href":"https:\/\/larevistadigital.com.ar\/blog\/wp-json\/wp\/v2\/types\/post"}],"author":[{"embeddable":true,"href":"https:\/\/larevistadigital.com.ar\/blog\/wp-json\/wp\/v2\/users\/3"}],"replies":[{"embeddable":true,"href":"https:\/\/larevistadigital.com.ar\/blog\/wp-json\/wp\/v2\/comments?post=5395"}],"version-history":[{"count":2,"href":"https:\/\/larevistadigital.com.ar\/blog\/wp-json\/wp\/v2\/posts\/5395\/revisions"}],"predecessor-version":[{"id":5399,"href":"https:\/\/larevistadigital.com.ar\/blog\/wp-json\/wp\/v2\/posts\/5395\/revisions\/5399"}],"wp:featuredmedia":[{"embeddable":true,"href":"https:\/\/larevistadigital.com.ar\/blog\/wp-json\/wp\/v2\/media\/5396"}],"wp:attachment":[{"href":"https:\/\/larevistadigital.com.ar\/blog\/wp-json\/wp\/v2\/media?parent=5395"}],"wp:term":[{"taxonomy":"category","embeddable":true,"href":"https:\/\/larevistadigital.com.ar\/blog\/wp-json\/wp\/v2\/categories?post=5395"},{"taxonomy":"post_tag","embeddable":true,"href":"https:\/\/larevistadigital.com.ar\/blog\/wp-json\/wp\/v2\/tags?post=5395"}],"curies":[{"name":"wp","href":"https:\/\/api.w.org\/{rel}","templated":true}]}}