{"id":54,"date":"2017-01-30T14:32:19","date_gmt":"2017-01-30T14:32:19","guid":{"rendered":"https:\/\/larevistadigital.com.ar\/blog\/?p=54"},"modified":"2017-01-30T14:32:19","modified_gmt":"2017-01-30T14:32:19","slug":"idolo-historico-de-boca-critico-duramente-a-fernando-gago","status":"publish","type":"post","link":"https:\/\/larevistadigital.com.ar\/blog\/idolo-historico-de-boca-critico-duramente-a-fernando-gago\/","title":{"rendered":"\u00cddolo hist\u00f3rico de Boca critic\u00f3 duramente a Fernando Gago"},"content":{"rendered":"<p><strong><em>En una nota concedida a Radio La Red, Vicente Pern\u00eda fue lapidario con algunas actitudes del mediocampista xeneise que molestan a propios y extra\u00f1os.<\/em><\/strong><\/p>\n<p>Luego de la derrota frente a <strong>River Plate<\/strong> en el partido veraniego jugado en la ciudad de Mar del Plata, el \u00eddolo boquense <strong>Vicente Pern\u00eda<\/strong> critic\u00f3 con dureza el funcionamiento del equipo, y en particular la actitud de <strong>Fernando Gago<\/strong>, recrimin\u00e1ndole su actitud protestona y quejosa contra los \u00e1rbitros.<\/p>\n<p><a href=\"https:\/\/i0.wp.com\/larevistadigital.com.ar\/blog\/wp-content\/uploads\/2017\/01\/incidentes_290117.jpg?ssl=1\"><img data-recalc-dims=\"1\" loading=\"lazy\" decoding=\"async\" class=\"alignnone size-medium wp-image-55\" src=\"https:\/\/i0.wp.com\/larevistadigital.com.ar\/blog\/wp-content\/uploads\/2017\/01\/incidentes_290117.jpg?resize=300%2C225&#038;ssl=1\" alt=\"\" width=\"300\" height=\"225\" srcset=\"https:\/\/i0.wp.com\/larevistadigital.com.ar\/blog\/wp-content\/uploads\/2017\/01\/incidentes_290117.jpg?resize=300%2C225&amp;ssl=1 300w, https:\/\/i0.wp.com\/larevistadigital.com.ar\/blog\/wp-content\/uploads\/2017\/01\/incidentes_290117.jpg?w=462&amp;ssl=1 462w\" sizes=\"auto, (max-width: 300px) 100vw, 300px\" \/><\/a><\/p>\n","protected":false},"excerpt":{"rendered":"<div class=\"mh-excerpt\"><p>En una nota concedida a Radio La Red, Vicente Pern\u00eda fue lapidario con algunas actitudes del mediocampista xeneise que molestan a propios y extra\u00f1os. Luego de la derrota frente a River Plate en el partido <a class=\"mh-excerpt-more\" href=\"https:\/\/larevistadigital.com.ar\/blog\/idolo-historico-de-boca-critico-duramente-a-fernando-gago\/\" title=\"\u00cddolo hist\u00f3rico de Boca critic\u00f3 duramente a Fernando Gago\">[Leer M\u00e1s]<\/a><\/p>\n<\/div>","protected":false},"author":2,"featured_media":55,"comment_status":"open","ping_status":"open","sticky":false,"template":"","format":"standard","meta":{"_jetpack_memberships_contains_paid_content":false,"footnotes":"","jetpack_publicize_message":"","jetpack_publicize_feature_enabled":true,"jetpack_social_post_already_shared":false,"jetpack_social_options":{"image_generator_settings":{"template":"highway","default_image_id":0,"font":"","enabled":false},"version":2}},"categories":[8],"tags":[],"class_list":{"0":"post-54","1":"post","2":"type-post","3":"status-publish","4":"format-standard","5":"has-post-thumbnail","7":"category-deportes"},"jetpack_publicize_connections":[],"jetpack_featured_media_url":"https:\/\/i0.wp.com\/larevistadigital.com.ar\/blog\/wp-content\/uploads\/2017\/01\/incidentes_290117.jpg?fit=462%2C347&ssl=1","jetpack_sharing_enabled":true,"jetpack_shortlink":"https:\/\/wp.me\/p8qtrQ-S","jetpack-related-posts":[{"id":37634,"url":"https:\/\/larevistadigital.com.ar\/blog\/deportes-el-debut-de-gago-en-boca-en-la-bombonera-fue-un-fiasco\/","url_meta":{"origin":54,"position":0},"title":"Deportes: El debut de Gago en Boca en la bombonera fue un fiasco","author":"Alejandro Sosa Ruda","date":"27 octubre, 2024","format":false,"excerpt":"Tras ir perdiendo, empat\u00f3 de local 1 a 1 con Riestra y di\u00f3 otro mal trago a sus hinchas. 27 de Octubre de 2024 Si bien, un ping pong lo dejar\u00eda favorable al xeneize, la realidad, es que eso pas\u00f3 por peso espec\u00edfico y no porque fue un destello de\u2026","rel":"","context":"En \u00abDEPORTES\u00bb","block_context":{"text":"DEPORTES","link":"https:\/\/larevistadigital.com.ar\/blog\/category\/deportes\/"},"img":{"alt_text":"","src":"https:\/\/i0.wp.com\/larevistadigital.com.ar\/blog\/wp-content\/uploads\/Captura-de-pantalla-2024-10-27-233109.png?fit=809%2C433&ssl=1&resize=350%2C200","width":350,"height":200,"srcset":"https:\/\/i0.wp.com\/larevistadigital.com.ar\/blog\/wp-content\/uploads\/Captura-de-pantalla-2024-10-27-233109.png?fit=809%2C433&ssl=1&resize=350%2C200 1x, https:\/\/i0.wp.com\/larevistadigital.com.ar\/blog\/wp-content\/uploads\/Captura-de-pantalla-2024-10-27-233109.png?fit=809%2C433&ssl=1&resize=525%2C300 1.5x, https:\/\/i0.wp.com\/larevistadigital.com.ar\/blog\/wp-content\/uploads\/Captura-de-pantalla-2024-10-27-233109.png?fit=809%2C433&ssl=1&resize=700%2C400 2x"},"classes":[]},{"id":12664,"url":"https:\/\/larevistadigital.com.ar\/blog\/si-aimar-es-el-idolo-de-messi-tambien-tiene-que-ser-el-mio\/","url_meta":{"origin":54,"position":1},"title":"\u00abSI AIMAR ES EL \u00cdDOLO DE MESSI, TAMBI\u00c9N TIENE QUE SER EL M\u00cdO\u00bb","author":"Alejandro Sosa Ruda","date":"16 octubre, 2019","format":false,"excerpt":"Cuando\u00a0David Luiz\u00a0pas\u00f3 de Vittoria de Brasil a Benfica en el a\u00f1o 2007, su llegada pudo ser m\u00e1s placentera gracias a la c\u00e1lida bienvenida que le dio\u00a0Pablo Aimar. El ex mediocampista fue muy importante para que el brasile\u00f1o logre adaptarse al nuevo grupo de compa\u00f1eros, adem\u00e1s de ense\u00f1arle todo lo que\u2026","rel":"","context":"En \u00abDEPORTES\u00bb","block_context":{"text":"DEPORTES","link":"https:\/\/larevistadigital.com.ar\/blog\/category\/deportes\/"},"img":{"alt_text":"","src":"https:\/\/i0.wp.com\/larevistadigital.com.ar\/blog\/wp-content\/uploads\/aimar_0.jpg?fit=1008%2C566&ssl=1&resize=350%2C200","width":350,"height":200,"srcset":"https:\/\/i0.wp.com\/larevistadigital.com.ar\/blog\/wp-content\/uploads\/aimar_0.jpg?fit=1008%2C566&ssl=1&resize=350%2C200 1x, https:\/\/i0.wp.com\/larevistadigital.com.ar\/blog\/wp-content\/uploads\/aimar_0.jpg?fit=1008%2C566&ssl=1&resize=525%2C300 1.5x, https:\/\/i0.wp.com\/larevistadigital.com.ar\/blog\/wp-content\/uploads\/aimar_0.jpg?fit=1008%2C566&ssl=1&resize=700%2C400 2x"},"classes":[]},{"id":39810,"url":"https:\/\/larevistadigital.com.ar\/blog\/chascomus-en-junio-se-reviviran-los-exitos-de-sandro-en-el-brazzola\/","url_meta":{"origin":54,"position":2},"title":"Chascom\u00fas: En junio se revivir\u00e1n los \u00e9xitos de Sandro en el Brazzola","author":"Alejandro Sosa Ruda","date":"20 mayo, 2025","format":false,"excerpt":"Llega el espect\u00e1culo \u201cCulto Gitano\u201d, el homenaje a SANDRO, por Fernando Samart\u00edn. 20 de Mayo de 2025 CHASCOM\u00daS\u00a0 -\u00a0 \u00a0La cita es el s\u00e1bado 21 de junio, desde las 21 hs., cuando Fernando Samart\u00edn, en la piel del GITANO, suba al escenario del Teatro Municipal Brazzola, ofreciendo un recorrido por\u2026","rel":"","context":"En \u00abREGIONALES\u00bb","block_context":{"text":"REGIONALES","link":"https:\/\/larevistadigital.com.ar\/blog\/category\/regionales\/"},"img":{"alt_text":"","src":"https:\/\/i0.wp.com\/larevistadigital.com.ar\/blog\/wp-content\/uploads\/682cabb460118.png?fit=668%2C445&ssl=1&resize=350%2C200","width":350,"height":200,"srcset":"https:\/\/i0.wp.com\/larevistadigital.com.ar\/blog\/wp-content\/uploads\/682cabb460118.png?fit=668%2C445&ssl=1&resize=350%2C200 1x, https:\/\/i0.wp.com\/larevistadigital.com.ar\/blog\/wp-content\/uploads\/682cabb460118.png?fit=668%2C445&ssl=1&resize=525%2C300 1.5x"},"classes":[]},{"id":17658,"url":"https:\/\/larevistadigital.com.ar\/blog\/chascomus-un-muchacho-se-atrinchero-con-intenciones-de-prenderse-fuego-y-se-vivio-una-terrible-situacion-durante-tres-horas\/","url_meta":{"origin":54,"position":3},"title":"CHASCOM\u00daS: UN MUCHACHO SE ATRINCHER\u00d3 CON INTENCIONES DE PRENDERSE FUEGO Y SE VIVI\u00d3 UNA TERRIBLE SITUACI\u00d3N DURANTE TRES HORAS","author":"Alejandro Sosa Ruda","date":"12 noviembre, 2020","format":false,"excerpt":"Sucedi\u00f3 a media tarde, aproximadamente a las 15 hs. y puso en alerta a la polic\u00eda, bomberos y el grupo GAD, que se hicieron presentes en el lugar. La situaci\u00f3n: un joven, de aproximadamente 25 a\u00f1os, se atrincher\u00f3 en una casa ubicada en el barrio El Hueco. M\u00e1s precisamente en\u2026","rel":"","context":"En \u00abDESTACADAS\u00bb","block_context":{"text":"DESTACADAS","link":"https:\/\/larevistadigital.com.ar\/blog\/category\/destacadas\/"},"img":{"alt_text":"","src":"https:\/\/i0.wp.com\/larevistadigital.com.ar\/blog\/wp-content\/uploads\/Polic%C3%ADa-Bonaerense-Patrulleros-3.jpg?fit=772%2C434&ssl=1&resize=350%2C200","width":350,"height":200,"srcset":"https:\/\/i0.wp.com\/larevistadigital.com.ar\/blog\/wp-content\/uploads\/Polic%C3%ADa-Bonaerense-Patrulleros-3.jpg?fit=772%2C434&ssl=1&resize=350%2C200 1x, https:\/\/i0.wp.com\/larevistadigital.com.ar\/blog\/wp-content\/uploads\/Polic%C3%ADa-Bonaerense-Patrulleros-3.jpg?fit=772%2C434&ssl=1&resize=525%2C300 1.5x, https:\/\/i0.wp.com\/larevistadigital.com.ar\/blog\/wp-content\/uploads\/Polic%C3%ADa-Bonaerense-Patrulleros-3.jpg?fit=772%2C434&ssl=1&resize=700%2C400 2x"},"classes":[]},{"id":5050,"url":"https:\/\/larevistadigital.com.ar\/blog\/acto-asuncion-del-nuevo-jefe-comunal-del-distrito-general-paz\/","url_meta":{"origin":54,"position":4},"title":"Acto asunci\u00f3n del nuevo Jefe Comunal del Distrito de General Paz","author":"admin","date":"1 marzo, 2018","format":false,"excerpt":"Acto asunci\u00f3n del nuevo Jefe Comunal del Distrito de General Paz; Comisario Leonardo Sanchez. El mismo se llevo a cabo en el d\u00eda de hoy, lunes 26, a la hora 18:30; en la sede de la seccional local, sita en la Avenida Campomar de la ciudad de Ranchos. Con la\u2026","rel":"","context":"En \u00abSin categor\u00eda\u00bb","block_context":{"text":"Sin categor\u00eda","link":"https:\/\/larevistadigital.com.ar\/blog\/category\/sin-categoria\/"},"img":{"alt_text":"","src":"https:\/\/i0.wp.com\/larevistadigital.com.ar\/blog\/wp-content\/uploads\/2018\/03\/28279351_1902091853363761_158125242059438118_n.jpg?fit=960%2C540&ssl=1&resize=350%2C200","width":350,"height":200,"srcset":"https:\/\/i0.wp.com\/larevistadigital.com.ar\/blog\/wp-content\/uploads\/2018\/03\/28279351_1902091853363761_158125242059438118_n.jpg?fit=960%2C540&ssl=1&resize=350%2C200 1x, https:\/\/i0.wp.com\/larevistadigital.com.ar\/blog\/wp-content\/uploads\/2018\/03\/28279351_1902091853363761_158125242059438118_n.jpg?fit=960%2C540&ssl=1&resize=525%2C300 1.5x, https:\/\/i0.wp.com\/larevistadigital.com.ar\/blog\/wp-content\/uploads\/2018\/03\/28279351_1902091853363761_158125242059438118_n.jpg?fit=960%2C540&ssl=1&resize=700%2C400 2x"},"classes":[]},{"id":548,"url":"https:\/\/larevistadigital.com.ar\/blog\/dijo-presidente-del-paro-comienzo-del-ciclo-lectivo\/","url_meta":{"origin":54,"position":5},"title":"\u00bfQu\u00e9 dijo el presidente del paro en el comienzo del ciclo lectivo?","author":"Alejandro Sosa Ruda","date":"6 marzo, 2017","format":false,"excerpt":"Macri encabez\u00f3 un acto en la provincia de Jujuy, en donde critic\u00f3 la actitud de los sindicatos docentes. El presidente Mauricio Macri, dijo que:\u201dLamento mucho que muchos hayan elegido el oportunismo a trav\u00e9s de un paro\u201d. Estas declaraciones fueron efectuadas durante un acto llevado a cabo en un acto que\u2026","rel":"","context":"En \u00abDESTACADAS\u00bb","block_context":{"text":"DESTACADAS","link":"https:\/\/larevistadigital.com.ar\/blog\/category\/destacadas\/"},"img":{"alt_text":"","src":"https:\/\/i0.wp.com\/larevistadigital.com.ar\/blog\/wp-content\/uploads\/2017\/03\/MACRIDOCINCLA6-3-17.jpg?fit=1200%2C780&ssl=1&resize=350%2C200","width":350,"height":200,"srcset":"https:\/\/i0.wp.com\/larevistadigital.com.ar\/blog\/wp-content\/uploads\/2017\/03\/MACRIDOCINCLA6-3-17.jpg?fit=1200%2C780&ssl=1&resize=350%2C200 1x, https:\/\/i0.wp.com\/larevistadigital.com.ar\/blog\/wp-content\/uploads\/2017\/03\/MACRIDOCINCLA6-3-17.jpg?fit=1200%2C780&ssl=1&resize=525%2C300 1.5x, https:\/\/i0.wp.com\/larevistadigital.com.ar\/blog\/wp-content\/uploads\/2017\/03\/MACRIDOCINCLA6-3-17.jpg?fit=1200%2C780&ssl=1&resize=700%2C400 2x, https:\/\/i0.wp.com\/larevistadigital.com.ar\/blog\/wp-content\/uploads\/2017\/03\/MACRIDOCINCLA6-3-17.jpg?fit=1200%2C780&ssl=1&resize=1050%2C600 3x"},"classes":[]}],"_links":{"self":[{"href":"https:\/\/larevistadigital.com.ar\/blog\/wp-json\/wp\/v2\/posts\/54","targetHints":{"allow":["GET"]}}],"collection":[{"href":"https:\/\/larevistadigital.com.ar\/blog\/wp-json\/wp\/v2\/posts"}],"about":[{"href":"https:\/\/larevistadigital.com.ar\/blog\/wp-json\/wp\/v2\/types\/post"}],"author":[{"embeddable":true,"href":"https:\/\/larevistadigital.com.ar\/blog\/wp-json\/wp\/v2\/users\/2"}],"replies":[{"embeddable":true,"href":"https:\/\/larevistadigital.com.ar\/blog\/wp-json\/wp\/v2\/comments?post=54"}],"version-history":[{"count":1,"href":"https:\/\/larevistadigital.com.ar\/blog\/wp-json\/wp\/v2\/posts\/54\/revisions"}],"predecessor-version":[{"id":56,"href":"https:\/\/larevistadigital.com.ar\/blog\/wp-json\/wp\/v2\/posts\/54\/revisions\/56"}],"wp:featuredmedia":[{"embeddable":true,"href":"https:\/\/larevistadigital.com.ar\/blog\/wp-json\/wp\/v2\/media\/55"}],"wp:attachment":[{"href":"https:\/\/larevistadigital.com.ar\/blog\/wp-json\/wp\/v2\/media?parent=54"}],"wp:term":[{"taxonomy":"category","embeddable":true,"href":"https:\/\/larevistadigital.com.ar\/blog\/wp-json\/wp\/v2\/categories?post=54"},{"taxonomy":"post_tag","embeddable":true,"href":"https:\/\/larevistadigital.com.ar\/blog\/wp-json\/wp\/v2\/tags?post=54"}],"curies":[{"name":"wp","href":"https:\/\/api.w.org\/{rel}","templated":true}]}}