{"id":5401,"date":"2018-04-11T12:36:29","date_gmt":"2018-04-11T12:36:29","guid":{"rendered":"https:\/\/larevistadigital.com.ar\/blog\/?p=5401"},"modified":"2018-04-11T12:36:29","modified_gmt":"2018-04-11T12:36:29","slug":"siria-fueron-atendidas-500-personas-con-sintomas-de-un-ataque-quimico","status":"publish","type":"post","link":"https:\/\/larevistadigital.com.ar\/blog\/siria-fueron-atendidas-500-personas-con-sintomas-de-un-ataque-quimico\/","title":{"rendered":"SIRIA: FUERON ATENDIDAS 500 PERSONAS CON S\u00cdNTOMAS DE UN ATAQUE QU\u00cdMICO"},"content":{"rendered":"<h2>Un informe de la Organizaci\u00f3n Mundial de la Salud dice que los pacientes en los centros de salud mostraron \u00abSignos de irritaci\u00f3n severa de las membranas mucosas, insuficiencia respiratoria e interrupci\u00f3n del sistema nervioso central de los expuestos\u00bb.<\/h2>\n<p>La Organizaci\u00f3n Mundial de la salud (OMS) inform\u00f3 hoy que unas 500 personas fueron atendidas en los centros m\u00e9dicos en Duma, principal ciudad del basti\u00f3n opositor asediado por tropas sirias, con s\u00edntomas de exposici\u00f3n a agentes qu\u00edmicos y que otras 70 que estaban en s\u00f3tanos murieron, versi\u00f3n que contrasta con la de Siria, Rusia e Ir\u00e1n.<\/p>\n<p>Un d\u00eda despu\u00e9s que Damasco propusiera que expertos de la organizaci\u00f3n para la prohibici\u00f3n de armas qu\u00edmicas (OPAQ) ingresen para corroborar la versi\u00f3n oficial Siria sobre la inexistencia del presunto ataque qu\u00edmico del s\u00e1bado pasado, la agencia de la ONU constat\u00f3 afectados y muertos <em><strong>\u00abcon s\u00edntomas consistentes con la exposici\u00f3n a qu\u00edmicos altamente t\u00f3xicos\u00bb<\/strong><\/em>.<\/p>\n<p>La OMS anunci\u00f3 que los informes de sus socios indican que unos 500 pacientes atendidos en los Centros M\u00e9dicos en Duma mostraron signos de exposici\u00f3n a sustancias qu\u00edmicas t\u00f3xicas, luego del supuesto bombardeo a la ciudad sometida a una feroz ofensiva gubernamental.<\/p>\n","protected":false},"excerpt":{"rendered":"<div class=\"mh-excerpt\"><p>Un informe de la Organizaci\u00f3n Mundial de la Salud dice que los pacientes en los centros de salud mostraron \u00abSignos de irritaci\u00f3n severa de las membranas mucosas, insuficiencia respiratoria e interrupci\u00f3n del sistema nervioso central <a class=\"mh-excerpt-more\" href=\"https:\/\/larevistadigital.com.ar\/blog\/siria-fueron-atendidas-500-personas-con-sintomas-de-un-ataque-quimico\/\" title=\"SIRIA: FUERON ATENDIDAS 500 PERSONAS CON S\u00cdNTOMAS DE UN ATAQUE QU\u00cdMICO\">[Leer M\u00e1s]<\/a><\/p>\n<\/div>","protected":false},"author":3,"featured_media":5402,"comment_status":"open","ping_status":"open","sticky":false,"template":"","format":"standard","meta":{"_jetpack_memberships_contains_paid_content":false,"footnotes":"","jetpack_publicize_message":"","jetpack_publicize_feature_enabled":true,"jetpack_social_post_already_shared":true,"jetpack_social_options":{"image_generator_settings":{"template":"highway","default_image_id":0,"font":"","enabled":false},"version":2}},"categories":[12,29],"tags":[],"class_list":{"0":"post-5401","1":"post","2":"type-post","3":"status-publish","4":"format-standard","5":"has-post-thumbnail","7":"category-politica","8":"category-sociedad"},"jetpack_publicize_connections":[],"jetpack_featured_media_url":"https:\/\/i0.wp.com\/larevistadigital.com.ar\/blog\/wp-content\/uploads\/2018\/04\/Siria-Home.jpg?fit=900%2C600&ssl=1","jetpack_sharing_enabled":true,"jetpack_shortlink":"https:\/\/wp.me\/p8qtrQ-1p7","jetpack-related-posts":[{"id":5532,"url":"https:\/\/larevistadigital.com.ar\/blog\/tension-internacional-siria-intercepto-dos-misiles-israelies-cerca-de-damasco\/","url_meta":{"origin":5401,"position":0},"title":"TENSI\u00d3N INTERNACIONAL: Siria intercept\u00f3 dos misiles israel\u00edes cerca de Damasco","author":"Alejandro Sosa Ruda","date":"9 mayo, 2018","format":false,"excerpt":"Los \u201cdep\u00f3sitos de armas apuntados pertenec\u00edan a los Guardianes de la revoluci\u00f3n iran\u00ed\u201d, agreg\u00f3 el director de OSDH, Rami Abdel Rahman \u00a0 CABLE -\u00a0Al menos\u00a0nueve combatientes\u00a0que luchan del lado del\u00a0r\u00e9gimen sirio murieron\u00a0en la noche del martes por el\u00a0lanzamiento de misiles israel\u00edes\u00a0que ten\u00edan como objetivo un punto cerca de\u00a0Damasco, indic\u00f3 el\u00a0Observatorio\u2026","rel":"","context":"En \u00abDESTACADAS\u00bb","block_context":{"text":"DESTACADAS","link":"https:\/\/larevistadigital.com.ar\/blog\/category\/destacadas\/"},"img":{"alt_text":"","src":"https:\/\/i0.wp.com\/larevistadigital.com.ar\/blog\/wp-content\/uploads\/2018\/05\/f999x666-454865_549930_14.jpg?fit=999%2C665&ssl=1&resize=350%2C200","width":350,"height":200,"srcset":"https:\/\/i0.wp.com\/larevistadigital.com.ar\/blog\/wp-content\/uploads\/2018\/05\/f999x666-454865_549930_14.jpg?fit=999%2C665&ssl=1&resize=350%2C200 1x, https:\/\/i0.wp.com\/larevistadigital.com.ar\/blog\/wp-content\/uploads\/2018\/05\/f999x666-454865_549930_14.jpg?fit=999%2C665&ssl=1&resize=525%2C300 1.5x, https:\/\/i0.wp.com\/larevistadigital.com.ar\/blog\/wp-content\/uploads\/2018\/05\/f999x666-454865_549930_14.jpg?fit=999%2C665&ssl=1&resize=700%2C400 2x"},"classes":[]},{"id":23811,"url":"https:\/\/larevistadigital.com.ar\/blog\/militares-de-estados-unidos-mataron-al-lider-del-estado-islamico\/","url_meta":{"origin":5401,"position":1},"title":"MILITARES DE ESTADOS UNIDOS, MATARON AL L\u00cdDER DEL ESTADO ISL\u00c1MICO","author":"Alejandro Sosa Ruda","date":"3 febrero, 2022","format":false,"excerpt":"El presidente estadounidense Joe Biden anunci\u00f3 que durante una operaci\u00f3n en el noroeste de Siria, tropas de su pa\u00eds abatieron al conductor del grupo integrista, Abu Ibrahim al-Hashimi al-Qurayshi. El presidente de Estados Unidos,\u00a0Joe Biden, anunci\u00f3 este jueves que las tropas de su pa\u00eds mataron al l\u00edder del grupo integrista\u2026","rel":"","context":"En \u00abINTERES GENERAL\u00bb","block_context":{"text":"INTERES GENERAL","link":"https:\/\/larevistadigital.com.ar\/blog\/category\/interes-general\/"},"img":{"alt_text":"","src":"https:\/\/i0.wp.com\/larevistadigital.com.ar\/blog\/wp-content\/uploads\/61fbe0f112cde_900.jpg?fit=900%2C506&ssl=1&resize=350%2C200","width":350,"height":200,"srcset":"https:\/\/i0.wp.com\/larevistadigital.com.ar\/blog\/wp-content\/uploads\/61fbe0f112cde_900.jpg?fit=900%2C506&ssl=1&resize=350%2C200 1x, https:\/\/i0.wp.com\/larevistadigital.com.ar\/blog\/wp-content\/uploads\/61fbe0f112cde_900.jpg?fit=900%2C506&ssl=1&resize=525%2C300 1.5x, https:\/\/i0.wp.com\/larevistadigital.com.ar\/blog\/wp-content\/uploads\/61fbe0f112cde_900.jpg?fit=900%2C506&ssl=1&resize=700%2C400 2x"},"classes":[]},{"id":6682,"url":"https:\/\/larevistadigital.com.ar\/blog\/chascomus-se-puso-en-funcionamiento-el-sistema-de-guardia-por-nivel-de-urgencia-en-el-hospital-municipal\/","url_meta":{"origin":5401,"position":2},"title":"CHASCOM\u00daS: SE PUSO EN FUNCIONAMIENTO EL SISTEMA DE GUARDIA POR NIVEL DE URGENCIA EN EL HOSPITAL MUNICIPAL","author":"Alejandro Sosa Ruda","date":"29 septiembre, 2018","format":false,"excerpt":"El Director del Hospital Municipal \u201cSan Vicente de Paul\u201d y el Intendente Javier Gast\u00f3n, recorrieron el sector de guardia donde se comenz\u00f3 a implementar el nuevo sistema \u201cTriage\u201d, el cual establece orden de prioridad de atenci\u00f3n de acuerdo a la patolog\u00eda presentada por el paciente. \u201cEl Hospital de Chascom\u00fas es\u2026","rel":"","context":"En \u00abCHASCOM\u00daS\u00bb","block_context":{"text":"CHASCOM\u00daS","link":"https:\/\/larevistadigital.com.ar\/blog\/category\/chascomus\/"},"img":{"alt_text":"","src":"https:\/\/i0.wp.com\/larevistadigital.com.ar\/blog\/wp-content\/uploads\/2018\/06\/hospi1-1024x767-111-700x524.jpg?fit=700%2C524&ssl=1&resize=350%2C200","width":350,"height":200,"srcset":"https:\/\/i0.wp.com\/larevistadigital.com.ar\/blog\/wp-content\/uploads\/2018\/06\/hospi1-1024x767-111-700x524.jpg?fit=700%2C524&ssl=1&resize=350%2C200 1x, https:\/\/i0.wp.com\/larevistadigital.com.ar\/blog\/wp-content\/uploads\/2018\/06\/hospi1-1024x767-111-700x524.jpg?fit=700%2C524&ssl=1&resize=525%2C300 1.5x, https:\/\/i0.wp.com\/larevistadigital.com.ar\/blog\/wp-content\/uploads\/2018\/06\/hospi1-1024x767-111-700x524.jpg?fit=700%2C524&ssl=1&resize=700%2C400 2x"},"classes":[]},{"id":11637,"url":"https:\/\/larevistadigital.com.ar\/blog\/monte-preocupacion-por-la-confirmacion-de-arsenico-en-el-agua\/","url_meta":{"origin":5401,"position":3},"title":"MONTE: PREOCUPACI\u00d3N POR LA CONFIRMACI\u00d3N DE ARS\u00c9NICO EN EL AGUA","author":"Alejandro Sosa Ruda","date":"31 julio, 2019","format":false,"excerpt":"En San Miguel del Monte,\u00a0 la empresa ABSA (Aguas Bonaerense Sociedad An\u00f3nima) suministra agua \u201cpotable\u201d con hasta diez veces m\u00e1s contenido de ars\u00e9nico que el permitido, seg\u00fan un informe publicado en el diario P\u00e1gina 12. Un amparo judicial obliga a que la empresa entregue bidones a los amparistas y la\u2026","rel":"","context":"En \u00abREGIONALES\u00bb","block_context":{"text":"REGIONALES","link":"https:\/\/larevistadigital.com.ar\/blog\/category\/regionales\/"},"img":{"alt_text":"","src":"https:\/\/i0.wp.com\/larevistadigital.com.ar\/blog\/wp-content\/uploads\/1564516034553.jpg?fit=1200%2C674&ssl=1&resize=350%2C200","width":350,"height":200,"srcset":"https:\/\/i0.wp.com\/larevistadigital.com.ar\/blog\/wp-content\/uploads\/1564516034553.jpg?fit=1200%2C674&ssl=1&resize=350%2C200 1x, https:\/\/i0.wp.com\/larevistadigital.com.ar\/blog\/wp-content\/uploads\/1564516034553.jpg?fit=1200%2C674&ssl=1&resize=525%2C300 1.5x, https:\/\/i0.wp.com\/larevistadigital.com.ar\/blog\/wp-content\/uploads\/1564516034553.jpg?fit=1200%2C674&ssl=1&resize=700%2C400 2x, https:\/\/i0.wp.com\/larevistadigital.com.ar\/blog\/wp-content\/uploads\/1564516034553.jpg?fit=1200%2C674&ssl=1&resize=1050%2C600 3x"},"classes":[]},{"id":14916,"url":"https:\/\/larevistadigital.com.ar\/blog\/coronavirus-covid-19-que-barbijo-usar-y-cuales-no-para-protegerse\/","url_meta":{"origin":5401,"position":4},"title":"CORONAVIRUS-COVID 19: QU\u00c9 BARBIJO USAR, Y CUALES NO, PARA PROTEGERSE","author":"Alejandro Sosa Ruda","date":"24 marzo, 2020","format":false,"excerpt":"Aunque no es necesario usar el barbijo o mascarilla si no se presentan s\u00edntomas respiratorios, en redes han surgido nuevas tendencias como el\u00a0barbijo personalizado, con impresiones y hasta su propia foto, que afirman ser reutilizables. Especialistas , descartaron esas afirmaciones y desde la OMS solicitan regirse a los lineamientos m\u00e9dicos.\u2026","rel":"","context":"En \u00abINTERES GENERAL\u00bb","block_context":{"text":"INTERES GENERAL","link":"https:\/\/larevistadigital.com.ar\/blog\/category\/interes-general\/"},"img":{"alt_text":"","src":"https:\/\/i0.wp.com\/larevistadigital.com.ar\/blog\/wp-content\/uploads\/Screenshot_1-104.jpg?fit=726%2C508&ssl=1&resize=350%2C200","width":350,"height":200,"srcset":"https:\/\/i0.wp.com\/larevistadigital.com.ar\/blog\/wp-content\/uploads\/Screenshot_1-104.jpg?fit=726%2C508&ssl=1&resize=350%2C200 1x, https:\/\/i0.wp.com\/larevistadigital.com.ar\/blog\/wp-content\/uploads\/Screenshot_1-104.jpg?fit=726%2C508&ssl=1&resize=525%2C300 1.5x, https:\/\/i0.wp.com\/larevistadigital.com.ar\/blog\/wp-content\/uploads\/Screenshot_1-104.jpg?fit=726%2C508&ssl=1&resize=700%2C400 2x"},"classes":[]},{"id":30002,"url":"https:\/\/larevistadigital.com.ar\/blog\/video-terremoto-de-78-grados-en-turquia-colapsaron-edificios-enteros-y-se-vivieron-escenas-de-horror\/","url_meta":{"origin":5401,"position":5},"title":"[VIDEO] TERREMOTO DE 7,8 GRADOS EN TURQUIA. COLAPSARON EDIFICIOS ENTEROS Y SE VIVIERON ESCENAS DE HORROR","author":"Alejandro Sosa Ruda","date":"6 febrero, 2023","format":false,"excerpt":"El sismo tuvo epicentro en el sudeste y se midi\u00f3 alto en la escala de Richter. Tuvo r\u00e9plicas que se sintieron hasta en Israel y Siria. Hay al menos 15 muertos. 6 de febrero de 2023 Un\u00a0potente terremoto\u00a0de\u00a07,8 en la escala de Richter\u00a0sacudi\u00f3 este lunes a la madrugada a\u00a0Turqu\u00eda. El\u2026","rel":"","context":"En \u00abINTERES GENERAL\u00bb","block_context":{"text":"INTERES GENERAL","link":"https:\/\/larevistadigital.com.ar\/blog\/category\/interes-general\/"},"img":{"alt_text":"","src":"https:\/\/i0.wp.com\/larevistadigital.com.ar\/blog\/wp-content\/uploads\/terremoto-turquia.jpeg?fit=1200%2C675&ssl=1&resize=350%2C200","width":350,"height":200,"srcset":"https:\/\/i0.wp.com\/larevistadigital.com.ar\/blog\/wp-content\/uploads\/terremoto-turquia.jpeg?fit=1200%2C675&ssl=1&resize=350%2C200 1x, https:\/\/i0.wp.com\/larevistadigital.com.ar\/blog\/wp-content\/uploads\/terremoto-turquia.jpeg?fit=1200%2C675&ssl=1&resize=525%2C300 1.5x, https:\/\/i0.wp.com\/larevistadigital.com.ar\/blog\/wp-content\/uploads\/terremoto-turquia.jpeg?fit=1200%2C675&ssl=1&resize=700%2C400 2x, https:\/\/i0.wp.com\/larevistadigital.com.ar\/blog\/wp-content\/uploads\/terremoto-turquia.jpeg?fit=1200%2C675&ssl=1&resize=1050%2C600 3x"},"classes":[]}],"_links":{"self":[{"href":"https:\/\/larevistadigital.com.ar\/blog\/wp-json\/wp\/v2\/posts\/5401","targetHints":{"allow":["GET"]}}],"collection":[{"href":"https:\/\/larevistadigital.com.ar\/blog\/wp-json\/wp\/v2\/posts"}],"about":[{"href":"https:\/\/larevistadigital.com.ar\/blog\/wp-json\/wp\/v2\/types\/post"}],"author":[{"embeddable":true,"href":"https:\/\/larevistadigital.com.ar\/blog\/wp-json\/wp\/v2\/users\/3"}],"replies":[{"embeddable":true,"href":"https:\/\/larevistadigital.com.ar\/blog\/wp-json\/wp\/v2\/comments?post=5401"}],"version-history":[{"count":1,"href":"https:\/\/larevistadigital.com.ar\/blog\/wp-json\/wp\/v2\/posts\/5401\/revisions"}],"predecessor-version":[{"id":5403,"href":"https:\/\/larevistadigital.com.ar\/blog\/wp-json\/wp\/v2\/posts\/5401\/revisions\/5403"}],"wp:featuredmedia":[{"embeddable":true,"href":"https:\/\/larevistadigital.com.ar\/blog\/wp-json\/wp\/v2\/media\/5402"}],"wp:attachment":[{"href":"https:\/\/larevistadigital.com.ar\/blog\/wp-json\/wp\/v2\/media?parent=5401"}],"wp:term":[{"taxonomy":"category","embeddable":true,"href":"https:\/\/larevistadigital.com.ar\/blog\/wp-json\/wp\/v2\/categories?post=5401"},{"taxonomy":"post_tag","embeddable":true,"href":"https:\/\/larevistadigital.com.ar\/blog\/wp-json\/wp\/v2\/tags?post=5401"}],"curies":[{"name":"wp","href":"https:\/\/api.w.org\/{rel}","templated":true}]}}