{"id":544,"date":"2017-03-04T18:37:52","date_gmt":"2017-03-04T18:37:52","guid":{"rendered":"https:\/\/larevistadigital.com.ar\/blog\/?p=544"},"modified":"2017-03-06T18:15:58","modified_gmt":"2017-03-06T18:15:58","slug":"comienza-la-fiesta-la-guitarra-dolores","status":"publish","type":"post","link":"https:\/\/larevistadigital.com.ar\/blog\/comienza-la-fiesta-la-guitarra-dolores\/","title":{"rendered":"Comienza la fiesta de la guitarra en Dolores"},"content":{"rendered":"<h2><em>Comienza hoy a partir de las 21:30 horas la 25\u00aa Fiesta de la Guitarra en la ciudad de Dolores.<\/em><\/h2>\n<p><strong><u>EL PROGRAMA COMPLETO<\/u><\/strong><\/p>\n<p><strong><u>S\u00e1bado 4:<\/u><\/strong> Mulato It\u00farrez y sus muchachos; Juan Baleani y sus acordeonistas; Las voces de Gerardo L\u00f3pez; El Chaguanco; Carlos Ram\u00f3n Fern\u00e1ndez y Los Nocheros.<\/p>\n<p><strong><u>Domingo 5:<\/u><\/strong> Hermano Rebuzzatti; Las voces del Este; Los Guayras; \u00c1ngela L\u00e9iva y Las Pastillas del Abuelo<\/p>\n<p><strong><u>Lunes 6:<\/u><\/strong> Artistas locales y regionales; Abel Vel\u00e1zquez y Brisas del Norte.<\/p>\n<p><strong><u>Martes 7:<\/u><\/strong> Artistas locales y regionales; Los Altamirano y Los cuatro de Salta.<\/p>\n<p><strong><u>Mi\u00e9rcoles 8:<\/u><\/strong> Artistas locales y regionales; Los Duendes de Salta y Los Cantores del Alba.<\/p>\n<p><strong><u>Jueves 9:<\/u><\/strong> Noche de payadores, con la presencia de 25 payadores.\u00a0 3 Uruguayos: Mariela Acevedo, Jos\u00e9 Curbelo y Gustavo Capote y 22 Argentinos y locales.<\/p>\n<p><strong><u>Viernes 10:<\/u><\/strong> Elecci\u00f3n de la Reina; Kaila Arias; Dami\u00e1n Galeano; Lali Esp\u00f3sito y Los Aut\u00e9nticos Decadentes.<\/p>\n<p><strong><u>S\u00e1bado 11:<\/u><\/strong> Gonzalo Castillo; Los hermanos Mel\u00edn; Los del Suqu\u00eda, Diego Torres y Pasi\u00f3n Tropical.<\/p>\n<p><strong><u>Domingo 12:<\/u><\/strong> Silvia de Dolores; N\u00e9stor Ortiz; Carlos Cupaiolo; Los del Fuego y Rombai<\/p>\n<blockquote><p>Los d\u00edas 4 y 5 en las instalaciones del Fort\u00edn se realizar\u00e1 la jineteada que estar\u00e1 organizada por Abel Garl\u00e1n y H\u00e9ctor Cabrera.<\/p>\n<p>Partiendo desde el Parque Termal se har\u00e1 el desfile tradicionalista el d\u00eda s\u00e1bado 11<\/p><\/blockquote>\n<p>&nbsp;<\/p>\n","protected":false},"excerpt":{"rendered":"<div class=\"mh-excerpt\"><p>Comienza hoy a partir de las 21:30 horas la 25\u00aa Fiesta de la Guitarra en la ciudad de Dolores. EL PROGRAMA COMPLETO S\u00e1bado 4: Mulato It\u00farrez y sus muchachos; Juan Baleani y sus acordeonistas; Las <a class=\"mh-excerpt-more\" href=\"https:\/\/larevistadigital.com.ar\/blog\/comienza-la-fiesta-la-guitarra-dolores\/\" title=\"Comienza la fiesta de la guitarra en Dolores\">[Leer M\u00e1s]<\/a><\/p>\n<\/div>","protected":false},"author":3,"featured_media":545,"comment_status":"open","ping_status":"open","sticky":false,"template":"","format":"standard","meta":{"_jetpack_memberships_contains_paid_content":false,"footnotes":"","jetpack_publicize_message":"","jetpack_publicize_feature_enabled":true,"jetpack_social_post_already_shared":false,"jetpack_social_options":{"image_generator_settings":{"template":"highway","default_image_id":0,"font":"","enabled":false},"version":2}},"categories":[43],"tags":[],"class_list":{"0":"post-544","1":"post","2":"type-post","3":"status-publish","4":"format-standard","5":"has-post-thumbnail","7":"category-dolores"},"jetpack_publicize_connections":[],"jetpack_featured_media_url":"https:\/\/i0.wp.com\/larevistadigital.com.ar\/blog\/wp-content\/uploads\/2017\/03\/Los-Nocheros.jpg?fit=1280%2C862&ssl=1","jetpack_sharing_enabled":true,"jetpack_shortlink":"https:\/\/wp.me\/p8qtrQ-8M","jetpack-related-posts":[{"id":41337,"url":"https:\/\/larevistadigital.com.ar\/blog\/dolores-hizo-historia-triunfo-record-del-oficialismo-en-las-elecciones-locales\/","url_meta":{"origin":544,"position":0},"title":"Dolores hizo historia: triunfo r\u00e9cord del oficialismo en las elecciones locales","author":"Alejandro Sosa Ruda","date":"8 septiembre, 2025","format":false,"excerpt":"La lista impulsada por el Intendente Municipal se impuso por casi el 60% de los votos. 08 de septiembre de 2025 DOLORES -\u00a0 El domingo 7 de septiembre quedar\u00e1 marcado en la historia pol\u00edtica de Dolores, la primera ciudad fundada tras la independencia. Con una participaci\u00f3n ciudadana del 73%, se\u2026","rel":"","context":"En \u00abDOLORES\u00bb","block_context":{"text":"DOLORES","link":"https:\/\/larevistadigital.com.ar\/blog\/category\/dolores\/"},"img":{"alt_text":"","src":"https:\/\/i0.wp.com\/larevistadigital.com.ar\/blog\/wp-content\/uploads\/b17d098c479c7b4662e1ea08fead7c2b3e326a9e.jpg?fit=1140%2C761&ssl=1&resize=350%2C200","width":350,"height":200,"srcset":"https:\/\/i0.wp.com\/larevistadigital.com.ar\/blog\/wp-content\/uploads\/b17d098c479c7b4662e1ea08fead7c2b3e326a9e.jpg?fit=1140%2C761&ssl=1&resize=350%2C200 1x, https:\/\/i0.wp.com\/larevistadigital.com.ar\/blog\/wp-content\/uploads\/b17d098c479c7b4662e1ea08fead7c2b3e326a9e.jpg?fit=1140%2C761&ssl=1&resize=525%2C300 1.5x, https:\/\/i0.wp.com\/larevistadigital.com.ar\/blog\/wp-content\/uploads\/b17d098c479c7b4662e1ea08fead7c2b3e326a9e.jpg?fit=1140%2C761&ssl=1&resize=700%2C400 2x, https:\/\/i0.wp.com\/larevistadigital.com.ar\/blog\/wp-content\/uploads\/b17d098c479c7b4662e1ea08fead7c2b3e326a9e.jpg?fit=1140%2C761&ssl=1&resize=1050%2C600 3x"},"classes":[]},{"id":39385,"url":"https:\/\/larevistadigital.com.ar\/blog\/chascomus-se-viene-la-primera-fiesta-de-la-empanada-campera\/","url_meta":{"origin":544,"position":1},"title":"Chascom\u00fas: Se viene la primera fiesta de la empanada campera","author":"Alejandro Sosa Ruda","date":"15 abril, 2025","format":false,"excerpt":"Escuelas rurales de la regi\u00f3n preparan una jornada a pura tradici\u00f3n en el centro de la ciudad 15 de Abril de 2025 CHASCOM\u00daS -\u00a0 El pr\u00f3ximo s\u00e1bado 19 a partir de las 12 hs en el predio de la Vieja Estaci\u00f3n, se celebrar\u00e1 la primera fiesta de la empanada campera.\u2026","rel":"","context":"En \u00abCULTURA\u00bb","block_context":{"text":"CULTURA","link":"https:\/\/larevistadigital.com.ar\/blog\/category\/cultura\/"},"img":{"alt_text":"","src":"https:\/\/i0.wp.com\/larevistadigital.com.ar\/blog\/wp-content\/uploads\/67fe907e51e01.png?fit=668%2C445&ssl=1&resize=350%2C200","width":350,"height":200,"srcset":"https:\/\/i0.wp.com\/larevistadigital.com.ar\/blog\/wp-content\/uploads\/67fe907e51e01.png?fit=668%2C445&ssl=1&resize=350%2C200 1x, https:\/\/i0.wp.com\/larevistadigital.com.ar\/blog\/wp-content\/uploads\/67fe907e51e01.png?fit=668%2C445&ssl=1&resize=525%2C300 1.5x"},"classes":[]},{"id":24087,"url":"https:\/\/larevistadigital.com.ar\/blog\/llega-la-vigesima-edicion-de-la-fiesta-de-la-cerveza-artesanal-en-santa-clara-del-mar\/","url_meta":{"origin":544,"position":2},"title":"LLEGA LA VIG\u00c9SIMA EDICI\u00d3N DE LA FIESTA DE LA CERVEZA ARTESANAL EN SANTA CLARA DEL MAR","author":"Alejandro Sosa Ruda","date":"18 febrero, 2022","format":false,"excerpt":"La 20\u00aa Fiesta Nacional de la Cerveza Artesanal se realizar\u00e1 del 19 al 28 de este mes en la ciudad costera de Santa Clara del Mar, en el partido bonaerense de Mar Chiquita, con espect\u00e1culos art\u00edsticos y otras actividades destinadas a turistas y vecinos, anunciaron hoy los organizadores. Con altas\u2026","rel":"","context":"En \u00abREGIONALES\u00bb","block_context":{"text":"REGIONALES","link":"https:\/\/larevistadigital.com.ar\/blog\/category\/regionales\/"},"img":{"alt_text":"","src":"https:\/\/i0.wp.com\/larevistadigital.com.ar\/blog\/wp-content\/uploads\/20220217163242_santa-clara-del-mar-fiesta-nacional-cerveza-artesanal.jpg?fit=880%2C512&ssl=1&resize=350%2C200","width":350,"height":200,"srcset":"https:\/\/i0.wp.com\/larevistadigital.com.ar\/blog\/wp-content\/uploads\/20220217163242_santa-clara-del-mar-fiesta-nacional-cerveza-artesanal.jpg?fit=880%2C512&ssl=1&resize=350%2C200 1x, https:\/\/i0.wp.com\/larevistadigital.com.ar\/blog\/wp-content\/uploads\/20220217163242_santa-clara-del-mar-fiesta-nacional-cerveza-artesanal.jpg?fit=880%2C512&ssl=1&resize=525%2C300 1.5x, https:\/\/i0.wp.com\/larevistadigital.com.ar\/blog\/wp-content\/uploads\/20220217163242_santa-clara-del-mar-fiesta-nacional-cerveza-artesanal.jpg?fit=880%2C512&ssl=1&resize=700%2C400 2x"},"classes":[]},{"id":38219,"url":"https:\/\/larevistadigital.com.ar\/blog\/los-artistas-locales-que-participan-en-el-brazzola-produce-estaran-en-la-apertura-de-la-temporada\/","url_meta":{"origin":544,"position":3},"title":"Los artistas locales que participan en \u201cEL BRAZZOLA PRODUCE\u201d estar\u00e1n en la apertura de la temporada","author":"Alejandro Sosa Ruda","date":"11 diciembre, 2024","format":false,"excerpt":"Con la intenci\u00f3n de difundir a nuestros m\u00fasicos locales, adem\u00e1s de los videos, se promueve su participaci\u00f3n en distintos escenarios. 11 de Diciembre de 2024 CHASCOM\u00daS\u00a0 -\u00a0 \u00a0Cuenta regresiva para la apertura de la temporada de verano 2024\/25. En este contexto, la Municipalidad de Chascom\u00fas quiere anunciar que en esta\u2026","rel":"","context":"En \u00abCHASCOM\u00daS\u00bb","block_context":{"text":"CHASCOM\u00daS","link":"https:\/\/larevistadigital.com.ar\/blog\/category\/chascomus\/"},"img":{"alt_text":"","src":"https:\/\/i0.wp.com\/larevistadigital.com.ar\/blog\/wp-content\/uploads\/6759d25213e1b.png?fit=668%2C445&ssl=1&resize=350%2C200","width":350,"height":200,"srcset":"https:\/\/i0.wp.com\/larevistadigital.com.ar\/blog\/wp-content\/uploads\/6759d25213e1b.png?fit=668%2C445&ssl=1&resize=350%2C200 1x, https:\/\/i0.wp.com\/larevistadigital.com.ar\/blog\/wp-content\/uploads\/6759d25213e1b.png?fit=668%2C445&ssl=1&resize=525%2C300 1.5x"},"classes":[]},{"id":18943,"url":"https:\/\/larevistadigital.com.ar\/blog\/dolores-desarticulan-fiesta-clandestina-con-mas-de-70-personas\/","url_meta":{"origin":544,"position":4},"title":"DOLORES: DESARTICULAN FIESTA CLANDESTINA CON M\u00c1S DE 70 PERSONAS","author":"Alejandro Sosa Ruda","date":"22 febrero, 2021","format":false,"excerpt":"Pese a estar en falta, los participantes increparon al personal policial DOLORES - Esta madrugada, m\u00e1s precisamente cerca de las 3 de la madrugada, un llamado an\u00f3nimo dio aviso de la realizaci\u00f3n de una fiesta clandestina en inmediaciones de las calles Yrigoyen y Callao. Hasta el lugar lleg\u00f3 persona policial,\u2026","rel":"","context":"En \u00abDOLORES\u00bb","block_context":{"text":"DOLORES","link":"https:\/\/larevistadigital.com.ar\/blog\/category\/dolores\/"},"img":{"alt_text":"","src":"https:\/\/i0.wp.com\/larevistadigital.com.ar\/blog\/wp-content\/uploads\/Captura-14.png?fit=935%2C562&ssl=1&resize=350%2C200","width":350,"height":200,"srcset":"https:\/\/i0.wp.com\/larevistadigital.com.ar\/blog\/wp-content\/uploads\/Captura-14.png?fit=935%2C562&ssl=1&resize=350%2C200 1x, https:\/\/i0.wp.com\/larevistadigital.com.ar\/blog\/wp-content\/uploads\/Captura-14.png?fit=935%2C562&ssl=1&resize=525%2C300 1.5x, https:\/\/i0.wp.com\/larevistadigital.com.ar\/blog\/wp-content\/uploads\/Captura-14.png?fit=935%2C562&ssl=1&resize=700%2C400 2x"},"classes":[]},{"id":20568,"url":"https:\/\/larevistadigital.com.ar\/blog\/comienza-la-rebelion-de-los-gastronomicos-en-mar-del-plata\/","url_meta":{"origin":544,"position":5},"title":"COMIENZA LA REBELI\u00d3N DE LOS GASTRON\u00d3MICOS EN MAR DEL PLATA","author":"Alejandro Sosa Ruda","date":"31 mayo, 2021","format":false,"excerpt":"Los gastron\u00f3micos de Mar del Plata anunciaron que abrir\u00e1n hasta las 23 y trabajar\u00e1n con un 30% de aforo en el interior. \u201cNecesitamos trabajar\u201d, se\u00f1alaron. MAR DEL PLATA -\u00a0 \u201cEl lunes 31 abrimos s\u00ed o s\u00ed\u201d, anunciaron los comerciantes gastron\u00f3micos cuando se conoci\u00f3 que el gobierno nacional establec\u00eda 9 d\u00edas\u2026","rel":"","context":"En \u00abREGIONALES\u00bb","block_context":{"text":"REGIONALES","link":"https:\/\/larevistadigital.com.ar\/blog\/category\/regionales\/"},"img":{"alt_text":"","src":"https:\/\/i0.wp.com\/larevistadigital.com.ar\/blog\/wp-content\/uploads\/Captura-de-pantalla-2021-05-31-114928.png?fit=1006%2C567&ssl=1&resize=350%2C200","width":350,"height":200,"srcset":"https:\/\/i0.wp.com\/larevistadigital.com.ar\/blog\/wp-content\/uploads\/Captura-de-pantalla-2021-05-31-114928.png?fit=1006%2C567&ssl=1&resize=350%2C200 1x, https:\/\/i0.wp.com\/larevistadigital.com.ar\/blog\/wp-content\/uploads\/Captura-de-pantalla-2021-05-31-114928.png?fit=1006%2C567&ssl=1&resize=525%2C300 1.5x, https:\/\/i0.wp.com\/larevistadigital.com.ar\/blog\/wp-content\/uploads\/Captura-de-pantalla-2021-05-31-114928.png?fit=1006%2C567&ssl=1&resize=700%2C400 2x"},"classes":[]}],"_links":{"self":[{"href":"https:\/\/larevistadigital.com.ar\/blog\/wp-json\/wp\/v2\/posts\/544","targetHints":{"allow":["GET"]}}],"collection":[{"href":"https:\/\/larevistadigital.com.ar\/blog\/wp-json\/wp\/v2\/posts"}],"about":[{"href":"https:\/\/larevistadigital.com.ar\/blog\/wp-json\/wp\/v2\/types\/post"}],"author":[{"embeddable":true,"href":"https:\/\/larevistadigital.com.ar\/blog\/wp-json\/wp\/v2\/users\/3"}],"replies":[{"embeddable":true,"href":"https:\/\/larevistadigital.com.ar\/blog\/wp-json\/wp\/v2\/comments?post=544"}],"version-history":[{"count":1,"href":"https:\/\/larevistadigital.com.ar\/blog\/wp-json\/wp\/v2\/posts\/544\/revisions"}],"predecessor-version":[{"id":546,"href":"https:\/\/larevistadigital.com.ar\/blog\/wp-json\/wp\/v2\/posts\/544\/revisions\/546"}],"wp:featuredmedia":[{"embeddable":true,"href":"https:\/\/larevistadigital.com.ar\/blog\/wp-json\/wp\/v2\/media\/545"}],"wp:attachment":[{"href":"https:\/\/larevistadigital.com.ar\/blog\/wp-json\/wp\/v2\/media?parent=544"}],"wp:term":[{"taxonomy":"category","embeddable":true,"href":"https:\/\/larevistadigital.com.ar\/blog\/wp-json\/wp\/v2\/categories?post=544"},{"taxonomy":"post_tag","embeddable":true,"href":"https:\/\/larevistadigital.com.ar\/blog\/wp-json\/wp\/v2\/tags?post=544"}],"curies":[{"name":"wp","href":"https:\/\/api.w.org\/{rel}","templated":true}]}}