{"id":5450,"date":"2018-04-11T14:23:47","date_gmt":"2018-04-11T14:23:47","guid":{"rendered":"https:\/\/larevistadigital.com.ar\/blog\/?p=5450"},"modified":"2018-04-11T14:23:47","modified_gmt":"2018-04-11T14:23:47","slug":"el-pj-nacional-apelo-la-intervencion-gioja-admitio-que-si-un-tribunal-de-alzada-ratifica-la-intervencion-partidaria-del-sindicalista-gastronomico-luis-barrionuevo-vamos-a-acatar-lo-que-dig","status":"publish","type":"post","link":"https:\/\/larevistadigital.com.ar\/blog\/el-pj-nacional-apelo-la-intervencion-gioja-admitio-que-si-un-tribunal-de-alzada-ratifica-la-intervencion-partidaria-del-sindicalista-gastronomico-luis-barrionuevo-vamos-a-acatar-lo-que-dig\/","title":{"rendered":"El PJ Nacional apel\u00f3 la intervenci\u00f3n Gioja admiti\u00f3 que si un tribunal de alzada ratifica la intervenci\u00f3n partidaria del sindicalista gastron\u00f3mico\u00a0Luis Barrionuevo\u00a0\u00abvamos a acatar lo que diga la Justicia\u00bb"},"content":{"rendered":"<div class=\"detail-body \">\n<div class=\"preview\">\n<p>As\u00ed lo hizo el titular del partido, Jos\u00e9 Luis Gioja junto al abogado Eduardo L\u00f3pez.\u00a0<b>\u00abSi tenemos que ir hasta la Corte Interamericana de Derechos Humanos, lo vamos a hacer\u00bb,\u00a0<\/b>sentenci\u00f3 el letrado.<\/p>\n<\/div>\n<\/div>\n<div class=\"detail-body\">\n<article id=\"note-body\" class=\"note-body first\" data-twitter-link=\"https:\/\/twitter.com\/intent\/tweet?url=https:\/\/www.minutouno.com\/c3068716&amp;v\u00eda=minutounocom&amp;related=MinutoUno&amp;text=\">\n<div class=\"row\">\n<div class=\"inside-note col-xs-12\">\n<p>El titular del\u00a0<a href=\"http:\/\/www.minutouno.com\/partido-justicialista-a775\" rel=\"775\">Partido Justicialista<\/a>, intervenido por la Justicia, Jos\u00e9 Luis Gioja, apel\u00f3 junto con el abogado del del partido,<strong>\u00a0Eduardo L\u00f3pez la decisi\u00f3n de la jueza Mar\u00eda Servini de Cubr\u00eda.<\/strong><\/p>\n<\/div>\n<\/div>\n<\/article>\n<\/div>\n<div class=\"detail-body \">\n<article id=\"note-body\" class=\"note-body\" data-twitter-link=\"https:\/\/twitter.com\/intent\/tweet?url=https:\/\/www.minutouno.com\/c3068716&amp;v\u00eda=minutounocom&amp;related=MinutoUno&amp;text=\">\n<div class=\"row\">\n<div class=\"inside-note col-xs-12\">\n<div id=\"2713717-1832318632_wrap\" class=\"embed_cont type_video no-epigrafe no-copyright\">\n<div id=\"2713717-1832318632_content\" class=\"embed_content\">\n<div id=\"2713717-1832318632_embed\">\n<div id=\"mediaPlayer_2713717-1832318632\"><iframe loading=\"lazy\" src=\"https:\/\/www.minutouno.com\/services\/embed.php?idAdjunto=2713717&amp;idAdjuntoTamano=&amp;width=622&amp;height=351&amp;tipo=video\" width=\"622\" height=\"351\" frameborder=\"0\" scrolling=\"no\" allowfullscreen=\"allowfullscreen\" data-mce-fragment=\"1\"><\/iframe><\/div>\n<\/div>\n<\/div>\n<\/div>\n<p>\u00abAcabamos de realizar la apelaci\u00f3n. Si es necesario,<strong>\u00a0iremos hasta la Corte Interamericana de Derechos Humanos<\/strong>\u00ab, expres\u00f3 el letrado L\u00f3pez quien adem\u00e1s sostuvo que \u00aben ese caso, ser\u00e1 la primera vez que un partido tenga que ir hasta un organismo internacional en defensa de sus derechos\u00bb.<\/p>\n<p>Por su parte la apoderada del PJ,<strong>\u00a0Patricia Garc\u00eda Blanco<\/strong>\u00a0explic\u00f3 en la puerta de la instituci\u00f3n que \u00abno hay ninguna cuesti\u00f3n administrativa para intervenir. No hay motivo jur\u00eddico para este fallo. Es puramente pol\u00edtico. El partido tiene sus autoridades elegidas hasta 2020 no est\u00e1 ac\u00e9falo como dijeron\u00bb, sostuvo.<\/p>\n<p>Gioja admiti\u00f3 que si un tribunal de alzada ratifica la intervenci\u00f3n partidaria del sindicalista gastron\u00f3mico\u00a0<strong><a href=\"http:\/\/www.minutouno.com\/luis-barrionuevo-a71\" rel=\"71\">Luis Barrionuevo<\/a><\/strong>\u00a0\u00abvamos a acatar lo que diga la Justicia\u00bb.<\/p>\n<div id=\"2713692-1812676432_wrap\" class=\"embed_cont type_video no-epigrafe no-copyright\">\n<div id=\"2713692-1812676432_content\" class=\"embed_content\">\n<div id=\"2713692-1812676432_embed\">\n<div id=\"mediaPlayer_2713692-1812676432\"><iframe loading=\"lazy\" src=\"https:\/\/www.minutouno.com\/services\/embed.php?idAdjunto=2713692&amp;idAdjuntoTamano=&amp;width=622&amp;height=351&amp;tipo=video\" width=\"622\" height=\"351\" frameborder=\"0\" scrolling=\"no\" allowfullscreen=\"allowfullscreen\" data-mce-fragment=\"1\"><\/iframe><\/div>\n<\/div>\n<\/div>\n<\/div>\n<p>Agreg\u00f3 que recibi\u00f3\u00a0<span id=\"saysCMSEmphasislq7yd1n7euc\" class=\"saysCMSEmphasis\">\u00abla solidaridad de todos los justicialistas del pa\u00eds\u00bb<\/span>, como tambi\u00e9n de \u00abpartidos pol\u00edticos de Latinoam\u00e9rica y del Partido Socialista argentino\u00bb, asegur\u00f3.<\/p>\n<p>En declaraciones que realiz\u00f3 minutos antes de retirarse de la sede del PJ, entre los forcejeos de efectivos de la Polic\u00eda de la Ciudad con periodistas, Gioja sostuvo que el hecho de hablar frente a un cord\u00f3n policial\u00a0<strong>\u00abes una afrenta a la democracia\u00bb<\/strong>\u00a0y \u00abuna bofetada a la libertad de prensa, que debe ser pilar de la democracia argentina\u00bb.<\/p>\n<p>El ex gobernador de San Juan rechaz\u00f3 que el PJ est\u00e9 ac\u00e9falo: \u00ab<strong>Ac\u00e1 hay un consejo nacional que se reuni\u00f3 hace 15 d\u00edas y vinieron 55 de sus 70 miembros. Hemos normalizado distritos complicados: Jujuy, Mendoza,\u00a0<a class=\"agrupador\" href=\"http:\/\/www.minutouno.com\/misiones-a608\" rel=\"608\">Misiones<\/a>, Santa Fe<\/strong>\u00ab.<\/p>\n<p>Por otro lado, el dirigente sanjuanino record\u00f3 que todo proceso judicial tiene \u00abla instancia de apelaci\u00f3n\u00bb, y anunci\u00f3 que\u00a0<strong>\u00ablo importante es que tenemos las condiciones firmes de seguir trabajando\u00bb.<\/strong><\/p>\n<p>https:\/\/www.minutouno.com\/notas\/3068716-el-pj-nacional-apelo-la-intervencion<\/p>\n<\/div>\n<\/div>\n<\/article>\n<\/div>\n","protected":false},"excerpt":{"rendered":"<div class=\"mh-excerpt\"><p>As\u00ed lo hizo el titular del partido, Jos\u00e9 Luis Gioja junto al abogado Eduardo L\u00f3pez.\u00a0\u00abSi tenemos que ir hasta la Corte Interamericana de Derechos Humanos, lo vamos a hacer\u00bb,\u00a0sentenci\u00f3 el letrado. El titular del\u00a0Partido Justicialista, <a class=\"mh-excerpt-more\" href=\"https:\/\/larevistadigital.com.ar\/blog\/el-pj-nacional-apelo-la-intervencion-gioja-admitio-que-si-un-tribunal-de-alzada-ratifica-la-intervencion-partidaria-del-sindicalista-gastronomico-luis-barrionuevo-vamos-a-acatar-lo-que-dig\/\" title=\"El PJ Nacional apel\u00f3 la intervenci\u00f3n Gioja admiti\u00f3 que si un tribunal de alzada ratifica la intervenci\u00f3n partidaria del sindicalista gastron\u00f3mico\u00a0Luis Barrionuevo\u00a0\u00abvamos a acatar lo que diga la Justicia\u00bb\">[Leer M\u00e1s]<\/a><\/p>\n<\/div>","protected":false},"author":1,"featured_media":5452,"comment_status":"open","ping_status":"open","sticky":false,"template":"","format":"standard","meta":{"_jetpack_memberships_contains_paid_content":false,"footnotes":"","jetpack_publicize_message":"","jetpack_publicize_feature_enabled":true,"jetpack_social_post_already_shared":true,"jetpack_social_options":{"image_generator_settings":{"template":"highway","default_image_id":0,"font":"","enabled":false},"version":2}},"categories":[41],"tags":[],"class_list":{"0":"post-5450","1":"post","2":"type-post","3":"status-publish","4":"format-standard","5":"has-post-thumbnail","7":"category-destacadas"},"jetpack_publicize_connections":[],"jetpack_featured_media_url":"https:\/\/i0.wp.com\/larevistadigital.com.ar\/blog\/wp-content\/uploads\/2018\/04\/0005140274.jpg?fit=1140%2C640&ssl=1","jetpack_sharing_enabled":true,"jetpack_shortlink":"https:\/\/wp.me\/p8qtrQ-1pU","jetpack-related-posts":[{"id":5410,"url":"https:\/\/larevistadigital.com.ar\/blog\/quienes-son-los-tres-dirigentes-gremiales-que-pidieron-la-intervencion-del-pj\/","url_meta":{"origin":5450,"position":0},"title":"\u00bfQuienes son los tres dirigentes gremiales que pidieron la intervenci\u00f3n del PJ?","author":"admin","date":"11 abril, 2018","format":false,"excerpt":"Dos alfiles de Luis Barrionuevo y un hombre que en el \u00faltimo tiempo recal\u00f3 en el moyanismo est\u00e1n detr\u00e1s del pedido de intervenci\u00f3n a la estructura partidaria. La intervenci\u00f3n del Partido Justicialista decidida de manera sorpresiva ayer por la jueza federal con\u00a0competencia electoral Mar\u00eda Romilda Servini se produjo a partir\u2026","rel":"","context":"En \u00abGREMIALES\u00bb","block_context":{"text":"GREMIALES","link":"https:\/\/larevistadigital.com.ar\/blog\/category\/gremiales\/"},"img":{"alt_text":"","src":"https:\/\/i0.wp.com\/larevistadigital.com.ar\/blog\/wp-content\/uploads\/2018\/04\/10-04-2018_buenos_aires_el_designado_interventor-2-644x340.jpg?fit=644%2C340&ssl=1&resize=350%2C200","width":350,"height":200,"srcset":"https:\/\/i0.wp.com\/larevistadigital.com.ar\/blog\/wp-content\/uploads\/2018\/04\/10-04-2018_buenos_aires_el_designado_interventor-2-644x340.jpg?fit=644%2C340&ssl=1&resize=350%2C200 1x, https:\/\/i0.wp.com\/larevistadigital.com.ar\/blog\/wp-content\/uploads\/2018\/04\/10-04-2018_buenos_aires_el_designado_interventor-2-644x340.jpg?fit=644%2C340&ssl=1&resize=525%2C300 1.5x"},"classes":[]},{"id":14415,"url":"https:\/\/larevistadigital.com.ar\/blog\/arranca-la-batalla-para-controlar-el-pj\/","url_meta":{"origin":5450,"position":1},"title":"ARRANCA LA BATALLA PARA CONTROLAR EL PJ","author":"Alejandro Sosa Ruda","date":"29 enero, 2020","format":false,"excerpt":"En el mes de mayo, el PJ nacional deber\u00e1 elegir sus nuevas autoridades. Y aunque Jos\u00e9 Luis Gioja aspire a renovar su cargo, trascendi\u00f3 que Cristina Fern\u00e1ndez de Kirchner estar\u00eda dispuesta a darle batalla, y ya tendr\u00eda elegido a su candidato: el gobernador del Chaco, Jorge \u201cCoqui\u201d Capitanich. La contienda\u2026","rel":"","context":"En \u00abINTERES GENERAL\u00bb","block_context":{"text":"INTERES GENERAL","link":"https:\/\/larevistadigital.com.ar\/blog\/category\/interes-general\/"},"img":{"alt_text":"","src":"https:\/\/i0.wp.com\/larevistadigital.com.ar\/blog\/wp-content\/uploads\/20200129002755_captura-de-pantalla-2020-01-29-a-la-s-00-17-41-2.png?fit=880%2C495&ssl=1&resize=350%2C200","width":350,"height":200,"srcset":"https:\/\/i0.wp.com\/larevistadigital.com.ar\/blog\/wp-content\/uploads\/20200129002755_captura-de-pantalla-2020-01-29-a-la-s-00-17-41-2.png?fit=880%2C495&ssl=1&resize=350%2C200 1x, https:\/\/i0.wp.com\/larevistadigital.com.ar\/blog\/wp-content\/uploads\/20200129002755_captura-de-pantalla-2020-01-29-a-la-s-00-17-41-2.png?fit=880%2C495&ssl=1&resize=525%2C300 1.5x, https:\/\/i0.wp.com\/larevistadigital.com.ar\/blog\/wp-content\/uploads\/20200129002755_captura-de-pantalla-2020-01-29-a-la-s-00-17-41-2.png?fit=880%2C495&ssl=1&resize=700%2C400 2x"},"classes":[]},{"id":19848,"url":"https:\/\/larevistadigital.com.ar\/blog\/se-mato-en-un-accidente-el-ministro-de-transportes-mario-meoni\/","url_meta":{"origin":5450,"position":2},"title":"SE MAT\u00d3 EN UN ACCIDENTE EL MINISTRO DE TRANSPORTES, MARIO MEONI","author":"Alejandro Sosa Ruda","date":"24 abril, 2021","format":false,"excerpt":"El funcionario viajaba solo rumbo a Jun\u00edn para visitar a su hijo, cuando perdi\u00f3 el control del veh\u00edculo El ministro de Transporte de la Naci\u00f3n,\u00a0Mario Meoni, muri\u00f3 este viernes por la noche a los 56 a\u00f1os tras protagonizar un accidente de tr\u00e1nsito sobre la Ruta 7 cuando estaba viajando al\u2026","rel":"","context":"En \u00abINTERES GENERAL\u00bb","block_context":{"text":"INTERES GENERAL","link":"https:\/\/larevistadigital.com.ar\/blog\/category\/interes-general\/"},"img":{"alt_text":"","src":"https:\/\/i0.wp.com\/larevistadigital.com.ar\/blog\/wp-content\/uploads\/mario-meoni-se-desempenaba-como-ministro-transporte-la-nacion.jpg?fit=1056%2C675&ssl=1&resize=350%2C200","width":350,"height":200,"srcset":"https:\/\/i0.wp.com\/larevistadigital.com.ar\/blog\/wp-content\/uploads\/mario-meoni-se-desempenaba-como-ministro-transporte-la-nacion.jpg?fit=1056%2C675&ssl=1&resize=350%2C200 1x, https:\/\/i0.wp.com\/larevistadigital.com.ar\/blog\/wp-content\/uploads\/mario-meoni-se-desempenaba-como-ministro-transporte-la-nacion.jpg?fit=1056%2C675&ssl=1&resize=525%2C300 1.5x, https:\/\/i0.wp.com\/larevistadigital.com.ar\/blog\/wp-content\/uploads\/mario-meoni-se-desempenaba-como-ministro-transporte-la-nacion.jpg?fit=1056%2C675&ssl=1&resize=700%2C400 2x, https:\/\/i0.wp.com\/larevistadigital.com.ar\/blog\/wp-content\/uploads\/mario-meoni-se-desempenaba-como-ministro-transporte-la-nacion.jpg?fit=1056%2C675&ssl=1&resize=1050%2C600 3x"},"classes":[]},{"id":4170,"url":"https:\/\/larevistadigital.com.ar\/blog\/cristina-fernandez-kirchner-afirmo-una-causa-inventada\/","url_meta":{"origin":5450,"position":3},"title":"CRISTINA FERN\u00c1NDEZ DE KIRCHNER AFIRM\u00d3 QUE ES TODO UNA CAUSA INVENTADA","author":"Alejandro Sosa Ruda","date":"7 diciembre, 2017","format":false,"excerpt":"Luego de haber sido acusada del delito de \u201ctraici\u00f3n a la patria\u201d por el Juez Claudio Bonad\u00edo, con pedido de desafuero incluido, la ex presidente Cristina Fern\u00e1ndez de Kirchner convoc\u00f3 a una conferencia de prensa, junto a los diputados del FPV a las 16:30 horas. En di\u00e1logo con los periodistas,\u2026","rel":"","context":"En \u00abDESTACADAS\u00bb","block_context":{"text":"DESTACADAS","link":"https:\/\/larevistadigital.com.ar\/blog\/category\/destacadas\/"},"img":{"alt_text":"","src":"https:\/\/i0.wp.com\/larevistadigital.com.ar\/blog\/wp-content\/uploads\/2017\/12\/CONFERENCIA-DE-PRENSA-CRISTINA-KIRCHNER-01.jpg?fit=999%2C561&ssl=1&resize=350%2C200","width":350,"height":200,"srcset":"https:\/\/i0.wp.com\/larevistadigital.com.ar\/blog\/wp-content\/uploads\/2017\/12\/CONFERENCIA-DE-PRENSA-CRISTINA-KIRCHNER-01.jpg?fit=999%2C561&ssl=1&resize=350%2C200 1x, https:\/\/i0.wp.com\/larevistadigital.com.ar\/blog\/wp-content\/uploads\/2017\/12\/CONFERENCIA-DE-PRENSA-CRISTINA-KIRCHNER-01.jpg?fit=999%2C561&ssl=1&resize=525%2C300 1.5x, https:\/\/i0.wp.com\/larevistadigital.com.ar\/blog\/wp-content\/uploads\/2017\/12\/CONFERENCIA-DE-PRENSA-CRISTINA-KIRCHNER-01.jpg?fit=999%2C561&ssl=1&resize=700%2C400 2x"},"classes":[]},{"id":2233,"url":"https:\/\/larevistadigital.com.ar\/blog\/cambiemos-da-pelea-de-visitante\/","url_meta":{"origin":5450,"position":4},"title":"CAMBIEMOS DA PELEA DE VISITANTE","author":"Alejandro Sosa Ruda","date":"6 mayo, 2017","format":false,"excerpt":"Los funcionarios del gabinete bonaerense llegaron a los distritos gobernados por massistas y peronistas, mientras que los legisladores acompa\u00f1an a los intendentes. Cambiemos volvi\u00f3 a salir a la calle este s\u00e1bado, pero en esta oportunidad lo han hecho solo funcionarios de la provincia. Seg\u00fan informa el portal LaTecla.Info \u00e9ste es\u2026","rel":"","context":"En \u00abDESTACADAS\u00bb","block_context":{"text":"DESTACADAS","link":"https:\/\/larevistadigital.com.ar\/blog\/category\/destacadas\/"},"img":{"alt_text":"","src":"https:\/\/i0.wp.com\/larevistadigital.com.ar\/blog\/wp-content\/uploads\/2017\/05\/69556_3.jpg?fit=862%2C574&ssl=1&resize=350%2C200","width":350,"height":200,"srcset":"https:\/\/i0.wp.com\/larevistadigital.com.ar\/blog\/wp-content\/uploads\/2017\/05\/69556_3.jpg?fit=862%2C574&ssl=1&resize=350%2C200 1x, https:\/\/i0.wp.com\/larevistadigital.com.ar\/blog\/wp-content\/uploads\/2017\/05\/69556_3.jpg?fit=862%2C574&ssl=1&resize=525%2C300 1.5x, https:\/\/i0.wp.com\/larevistadigital.com.ar\/blog\/wp-content\/uploads\/2017\/05\/69556_3.jpg?fit=862%2C574&ssl=1&resize=700%2C400 2x"},"classes":[]},{"id":2436,"url":"https:\/\/larevistadigital.com.ar\/blog\/hay-trece-alianzas-por-senadores-y-diputados-nacionales-y-once-por-provinciales\/","url_meta":{"origin":5450,"position":5},"title":"HAY TRECE ALIANZAS POR SENADORES Y DIPUTADOS NACIONALES Y ONCE POR PROVINCIALES","author":"Alejandro Sosa Ruda","date":"15 junio, 2017","format":false,"excerpt":"Finalmente fueron trece las alianzas inscriptas para las PASO que competir\u00e1n por senadores y diputados nacionales. Un total de 13 alianzas fueron presentadas ante la Justicia electoral para competir en las primarias, abiertas, simult\u00e1neas y obligatorias (PASO) de la provincia de Buenos Aires para las categor\u00edas de senadores y diputados\u2026","rel":"","context":"En \u00abDESTACADAS\u00bb","block_context":{"text":"DESTACADAS","link":"https:\/\/larevistadigital.com.ar\/blog\/category\/destacadas\/"},"img":{"alt_text":"","src":"https:\/\/i0.wp.com\/larevistadigital.com.ar\/blog\/wp-content\/uploads\/2017\/06\/elecciones.jpg?fit=800%2C520&ssl=1&resize=350%2C200","width":350,"height":200,"srcset":"https:\/\/i0.wp.com\/larevistadigital.com.ar\/blog\/wp-content\/uploads\/2017\/06\/elecciones.jpg?fit=800%2C520&ssl=1&resize=350%2C200 1x, https:\/\/i0.wp.com\/larevistadigital.com.ar\/blog\/wp-content\/uploads\/2017\/06\/elecciones.jpg?fit=800%2C520&ssl=1&resize=525%2C300 1.5x, https:\/\/i0.wp.com\/larevistadigital.com.ar\/blog\/wp-content\/uploads\/2017\/06\/elecciones.jpg?fit=800%2C520&ssl=1&resize=700%2C400 2x"},"classes":[]}],"_links":{"self":[{"href":"https:\/\/larevistadigital.com.ar\/blog\/wp-json\/wp\/v2\/posts\/5450","targetHints":{"allow":["GET"]}}],"collection":[{"href":"https:\/\/larevistadigital.com.ar\/blog\/wp-json\/wp\/v2\/posts"}],"about":[{"href":"https:\/\/larevistadigital.com.ar\/blog\/wp-json\/wp\/v2\/types\/post"}],"author":[{"embeddable":true,"href":"https:\/\/larevistadigital.com.ar\/blog\/wp-json\/wp\/v2\/users\/1"}],"replies":[{"embeddable":true,"href":"https:\/\/larevistadigital.com.ar\/blog\/wp-json\/wp\/v2\/comments?post=5450"}],"version-history":[{"count":1,"href":"https:\/\/larevistadigital.com.ar\/blog\/wp-json\/wp\/v2\/posts\/5450\/revisions"}],"predecessor-version":[{"id":5453,"href":"https:\/\/larevistadigital.com.ar\/blog\/wp-json\/wp\/v2\/posts\/5450\/revisions\/5453"}],"wp:featuredmedia":[{"embeddable":true,"href":"https:\/\/larevistadigital.com.ar\/blog\/wp-json\/wp\/v2\/media\/5452"}],"wp:attachment":[{"href":"https:\/\/larevistadigital.com.ar\/blog\/wp-json\/wp\/v2\/media?parent=5450"}],"wp:term":[{"taxonomy":"category","embeddable":true,"href":"https:\/\/larevistadigital.com.ar\/blog\/wp-json\/wp\/v2\/categories?post=5450"},{"taxonomy":"post_tag","embeddable":true,"href":"https:\/\/larevistadigital.com.ar\/blog\/wp-json\/wp\/v2\/tags?post=5450"}],"curies":[{"name":"wp","href":"https:\/\/api.w.org\/{rel}","templated":true}]}}