{"id":5502,"date":"2018-04-19T11:20:43","date_gmt":"2018-04-19T11:20:43","guid":{"rendered":"https:\/\/larevistadigital.com.ar\/blog\/?p=5502"},"modified":"2018-04-19T11:20:43","modified_gmt":"2018-04-19T11:20:43","slug":"chascomus-el-mal-tiempo-obligo-a-suspender-la-expoganadera","status":"publish","type":"post","link":"https:\/\/larevistadigital.com.ar\/blog\/chascomus-el-mal-tiempo-obligo-a-suspender-la-expoganadera\/","title":{"rendered":"CHASCOM\u00daS: EL MAL TIEMPO OBLIG\u00d3 A SUSPENDER LA EXPOGANADERA"},"content":{"rendered":"<p>As\u00ed lo hicieron saber los organizadores, que en los pr\u00f3ximos d\u00edas anunciar\u00e1n la nueva fecha.<\/p>\n<p><a href=\"https:\/\/i0.wp.com\/larevistadigital.com.ar\/blog\/wp-content\/uploads\/2018\/04\/WhatsApp-Image-2018-04-18-at-21.29.02.jpeg?ssl=1\"><img data-recalc-dims=\"1\" loading=\"lazy\" decoding=\"async\" class=\"alignnone size-full wp-image-5504\" src=\"https:\/\/i0.wp.com\/larevistadigital.com.ar\/blog\/wp-content\/uploads\/2018\/04\/WhatsApp-Image-2018-04-18-at-21.29.02.jpeg?resize=1280%2C908&#038;ssl=1\" alt=\"\" width=\"1280\" height=\"908\" srcset=\"https:\/\/i0.wp.com\/larevistadigital.com.ar\/blog\/wp-content\/uploads\/2018\/04\/WhatsApp-Image-2018-04-18-at-21.29.02.jpeg?w=1280&amp;ssl=1 1280w, https:\/\/i0.wp.com\/larevistadigital.com.ar\/blog\/wp-content\/uploads\/2018\/04\/WhatsApp-Image-2018-04-18-at-21.29.02.jpeg?resize=300%2C213&amp;ssl=1 300w, https:\/\/i0.wp.com\/larevistadigital.com.ar\/blog\/wp-content\/uploads\/2018\/04\/WhatsApp-Image-2018-04-18-at-21.29.02.jpeg?resize=768%2C545&amp;ssl=1 768w, https:\/\/i0.wp.com\/larevistadigital.com.ar\/blog\/wp-content\/uploads\/2018\/04\/WhatsApp-Image-2018-04-18-at-21.29.02.jpeg?resize=1024%2C726&amp;ssl=1 1024w\" sizes=\"auto, (max-width: 1000px) 100vw, 1000px\" \/><\/a><\/p>\n<p>&nbsp;<\/p>\n","protected":false},"excerpt":{"rendered":"<div class=\"mh-excerpt\"><p>As\u00ed lo hicieron saber los organizadores, que en los pr\u00f3ximos d\u00edas anunciar\u00e1n la nueva fecha. &nbsp;<\/p>\n<\/div>","protected":false},"author":3,"featured_media":5506,"comment_status":"open","ping_status":"open","sticky":false,"template":"","format":"standard","meta":{"_jetpack_memberships_contains_paid_content":false,"footnotes":"","jetpack_publicize_message":"","jetpack_publicize_feature_enabled":true,"jetpack_social_post_already_shared":true,"jetpack_social_options":{"image_generator_settings":{"template":"highway","default_image_id":0,"font":"","enabled":false},"version":2}},"categories":[26,12,1],"tags":[],"class_list":{"0":"post-5502","1":"post","2":"type-post","3":"status-publish","4":"format-standard","5":"has-post-thumbnail","7":"category-local-y-de-la-zona","8":"category-politica","9":"category-sin-categoria"},"jetpack_publicize_connections":[],"jetpack_featured_media_url":"https:\/\/i0.wp.com\/larevistadigital.com.ar\/blog\/wp-content\/uploads\/2018\/04\/expo-chasc784-Copy.jpg?fit=1024%2C702&ssl=1","jetpack_sharing_enabled":true,"jetpack_shortlink":"https:\/\/wp.me\/p8qtrQ-1qK","jetpack-related-posts":[{"id":35932,"url":"https:\/\/larevistadigital.com.ar\/blog\/mayo-llega-con-aumentos-de-luz-gas-combustibles-peajes-y-transportes\/","url_meta":{"origin":5502,"position":0},"title":"MAYO LLEGA CON AUMENTOS DE LUZ, GAS, COMBUSTIBLES, PEAJES Y TRANSPORTES","author":"Alejandro Sosa Ruda","date":"27 abril, 2024","format":false,"excerpt":"A partir de mayo, los precios de la electricidad, el gas, los peajes y los combustibles experimenten aumentos, lo que tendr\u00e1 un impacto significativo en los gastos de los ciudadanos. 27 de abril de 2024 En el caso de la luz y el gas, el gobierno planea implementar una nueva\u2026","rel":"","context":"En \u00abINTERES GENERAL\u00bb","block_context":{"text":"INTERES GENERAL","link":"https:\/\/larevistadigital.com.ar\/blog\/category\/interes-general\/"},"img":{"alt_text":"","src":"https:\/\/i0.wp.com\/larevistadigital.com.ar\/blog\/wp-content\/uploads\/20240426173108_motosierra-liguadora-milei.jpg?fit=880%2C512&ssl=1&resize=350%2C200","width":350,"height":200,"srcset":"https:\/\/i0.wp.com\/larevistadigital.com.ar\/blog\/wp-content\/uploads\/20240426173108_motosierra-liguadora-milei.jpg?fit=880%2C512&ssl=1&resize=350%2C200 1x, https:\/\/i0.wp.com\/larevistadigital.com.ar\/blog\/wp-content\/uploads\/20240426173108_motosierra-liguadora-milei.jpg?fit=880%2C512&ssl=1&resize=525%2C300 1.5x, https:\/\/i0.wp.com\/larevistadigital.com.ar\/blog\/wp-content\/uploads\/20240426173108_motosierra-liguadora-milei.jpg?fit=880%2C512&ssl=1&resize=700%2C400 2x"},"classes":[]},{"id":5356,"url":"https:\/\/larevistadigital.com.ar\/blog\/fin-de-semana-largo-sin-dinero-en-los-cajeros-de-chascomus\/","url_meta":{"origin":5502,"position":1},"title":"Fin de semana largo sin dinero en los cajeros de Chascom\u00fas","author":"admin","date":"29 marzo, 2018","format":false,"excerpt":"Francisco Rodr\u00edguez, se\u00f1al\u00f3 ayer que contin\u00faa la preocupaci\u00f3n de los afiliados tras el aumento de la edad jubilatoria y el rechazo del incremento salarial del 15% ofrecido por el gobierno de Vidal. Tambi\u00e9n se\u00f1al\u00f3 que este fin de semana largo no habr\u00e1 guardias para recargar los cajeros autom\u00e1ticos, ocasionando l\u00f3gicos\u2026","rel":"","context":"En \u00abPOLITICA\u00bb","block_context":{"text":"POLITICA","link":"https:\/\/larevistadigital.com.ar\/blog\/category\/politica\/"},"img":{"alt_text":"","src":"https:\/\/i0.wp.com\/larevistadigital.com.ar\/blog\/wp-content\/uploads\/2018\/03\/cajeros.jpg?fit=1200%2C675&ssl=1&resize=350%2C200","width":350,"height":200,"srcset":"https:\/\/i0.wp.com\/larevistadigital.com.ar\/blog\/wp-content\/uploads\/2018\/03\/cajeros.jpg?fit=1200%2C675&ssl=1&resize=350%2C200 1x, https:\/\/i0.wp.com\/larevistadigital.com.ar\/blog\/wp-content\/uploads\/2018\/03\/cajeros.jpg?fit=1200%2C675&ssl=1&resize=525%2C300 1.5x, https:\/\/i0.wp.com\/larevistadigital.com.ar\/blog\/wp-content\/uploads\/2018\/03\/cajeros.jpg?fit=1200%2C675&ssl=1&resize=700%2C400 2x, https:\/\/i0.wp.com\/larevistadigital.com.ar\/blog\/wp-content\/uploads\/2018\/03\/cajeros.jpg?fit=1200%2C675&ssl=1&resize=1050%2C600 3x"},"classes":[]},{"id":15360,"url":"https:\/\/larevistadigital.com.ar\/blog\/concejales-del-frente-de-todos-denuncian-que-etchevarren-reduce-el-regimen-horario-de-los-empleados-municipales\/","url_meta":{"origin":5502,"position":2},"title":"CONCEJALES DEL FRENTE DE TODOS DENUNCIAN QUE ETCHEVARREN REDUCE EL R\u00c9GIMEN HORARIO DE LOS EMPLEADOS MUNICIPALES","author":"Alejandro Sosa Ruda","date":"26 mayo, 2020","format":false,"excerpt":"El bloque de Concejales del Frente de Todos advierte por maniobras del gobierno local que violan el derecho laboral y constitucional. Los ediles afirmaron que \u201cel intendente Camilo Etchevarren se encuentra reduciendo por Decreto el r\u00e9gimen horario de los empleados municipales, pasando de 48 a 36 horas semanales\u201d. En estas\u2026","rel":"","context":"En \u00abDOLORES\u00bb","block_context":{"text":"DOLORES","link":"https:\/\/larevistadigital.com.ar\/blog\/category\/dolores\/"},"img":{"alt_text":"","src":"https:\/\/i0.wp.com\/larevistadigital.com.ar\/blog\/wp-content\/uploads\/Concejales-FdT.jpg?fit=693%2C346&ssl=1&resize=350%2C200","width":350,"height":200,"srcset":"https:\/\/i0.wp.com\/larevistadigital.com.ar\/blog\/wp-content\/uploads\/Concejales-FdT.jpg?fit=693%2C346&ssl=1&resize=350%2C200 1x, https:\/\/i0.wp.com\/larevistadigital.com.ar\/blog\/wp-content\/uploads\/Concejales-FdT.jpg?fit=693%2C346&ssl=1&resize=525%2C300 1.5x"},"classes":[]},{"id":14324,"url":"https:\/\/larevistadigital.com.ar\/blog\/ioma-siguen-los-atrasos-en-los-pagos-y-se-pone-en-duda-la-continuidad-de-las-prestaciones\/","url_meta":{"origin":5502,"position":3},"title":"IOMA: SIGUEN LOS ATRASOS EN LOS PAGOS Y SE PONE EN DUDA LA CONTINUIDAD DE LAS PRESTACIONES","author":"Alejandro Sosa Ruda","date":"23 enero, 2020","format":false,"excerpt":"La obra social bonaerense podr\u00eda perjudicar gravemente a los afiliados si, de perpetuarse la situaci\u00f3n vigente, se comienzan a cortar las prestaciones y servicios que se ofrecen habitualmente. Seg\u00fan consigna el medio Realpolitik, en algunos casos la mora alcanza los seis meses. El Instituto de Obra M\u00e9dico Asistencial (IOMA) perpet\u00faa\u2026","rel":"","context":"En \u00abINTERES GENERAL\u00bb","block_context":{"text":"INTERES GENERAL","link":"https:\/\/larevistadigital.com.ar\/blog\/category\/interes-general\/"},"img":{"alt_text":"","src":"https:\/\/i0.wp.com\/larevistadigital.com.ar\/blog\/wp-content\/uploads\/20200123133340_ioma-1.jpg?fit=880%2C495&ssl=1&resize=350%2C200","width":350,"height":200,"srcset":"https:\/\/i0.wp.com\/larevistadigital.com.ar\/blog\/wp-content\/uploads\/20200123133340_ioma-1.jpg?fit=880%2C495&ssl=1&resize=350%2C200 1x, https:\/\/i0.wp.com\/larevistadigital.com.ar\/blog\/wp-content\/uploads\/20200123133340_ioma-1.jpg?fit=880%2C495&ssl=1&resize=525%2C300 1.5x, https:\/\/i0.wp.com\/larevistadigital.com.ar\/blog\/wp-content\/uploads\/20200123133340_ioma-1.jpg?fit=880%2C495&ssl=1&resize=700%2C400 2x"},"classes":[]},{"id":28485,"url":"https:\/\/larevistadigital.com.ar\/blog\/kicillof-anuncio-aumentos-salariales-para-los-trabajadores-del-estado\/","url_meta":{"origin":5502,"position":4},"title":"KICILLOF ANUNCI\u00d3 AUMENTOS SALARIALES PARA LOS TRABAJADORES DEL ESTADO","author":"Alejandro Sosa Ruda","date":"18 octubre, 2022","format":false,"excerpt":"Fue durante una reuni\u00f3n que mantuvo esta ma\u00f1ana con autoridades de los gremios que representan a los agentes de la administraci\u00f3n p\u00fablica. 18 de octubre de 2022 En el marco de la paritaria 2022, el gobernador de la provincia de Buenos Aires, Axel Kicillof, se reuni\u00f3 esta ma\u00f1ana con autoridades\u2026","rel":"","context":"En \u00abPOLITICA PROVINCIAL\u00bb","block_context":{"text":"POLITICA PROVINCIAL","link":"https:\/\/larevistadigital.com.ar\/blog\/category\/politica\/politica-provincial\/"},"img":{"alt_text":"","src":"https:\/\/i0.wp.com\/larevistadigital.com.ar\/blog\/wp-content\/uploads\/20221017170852_axel-kicillof-gremios-jpg.jpg?fit=880%2C512&ssl=1&resize=350%2C200","width":350,"height":200,"srcset":"https:\/\/i0.wp.com\/larevistadigital.com.ar\/blog\/wp-content\/uploads\/20221017170852_axel-kicillof-gremios-jpg.jpg?fit=880%2C512&ssl=1&resize=350%2C200 1x, https:\/\/i0.wp.com\/larevistadigital.com.ar\/blog\/wp-content\/uploads\/20221017170852_axel-kicillof-gremios-jpg.jpg?fit=880%2C512&ssl=1&resize=525%2C300 1.5x, https:\/\/i0.wp.com\/larevistadigital.com.ar\/blog\/wp-content\/uploads\/20221017170852_axel-kicillof-gremios-jpg.jpg?fit=880%2C512&ssl=1&resize=700%2C400 2x"},"classes":[]},{"id":29773,"url":"https:\/\/larevistadigital.com.ar\/blog\/caso-baez-sosa-ni-los-propios-amigos-pueden-hablar-bien-de-los-acusados-dijo-burlando\/","url_meta":{"origin":5502,"position":5},"title":"CASO BAEZ SOSA: \u00abNI LOS PROPIOS AMIGOS PUEDEN HABLAR BIEN DE LOS ACUSADOS\u00bb DIJO BURLANDO","author":"Alejandro Sosa Ruda","date":"16 enero, 2023","format":false,"excerpt":"Declararon Tomas Colazo y Juan Pedro Guarino. Alejo Milanessi no lo hizo. Si bien el abogado dijo que\u00a0\"hubo muchas contradicciones\", aclar\u00f3 que tratan\u00a0\"de darle agilidad en las diligencias\". 16 de enero de 2023 DOLORES -\u00a0 Fernando Burlando, abogado de los padres de Fernando B\u00e1ez Sosa en la puerta de los\u2026","rel":"","context":"En \u00abINTERES GENERAL\u00bb","block_context":{"text":"INTERES GENERAL","link":"https:\/\/larevistadigital.com.ar\/blog\/category\/interes-general\/"},"img":{"alt_text":"","src":"https:\/\/i0.wp.com\/larevistadigital.com.ar\/blog\/wp-content\/uploads\/686822-16-01-2023-juan-pedro-guarino-uno-de.jpg?fit=1200%2C1050&ssl=1&resize=350%2C200","width":350,"height":200,"srcset":"https:\/\/i0.wp.com\/larevistadigital.com.ar\/blog\/wp-content\/uploads\/686822-16-01-2023-juan-pedro-guarino-uno-de.jpg?fit=1200%2C1050&ssl=1&resize=350%2C200 1x, https:\/\/i0.wp.com\/larevistadigital.com.ar\/blog\/wp-content\/uploads\/686822-16-01-2023-juan-pedro-guarino-uno-de.jpg?fit=1200%2C1050&ssl=1&resize=525%2C300 1.5x, https:\/\/i0.wp.com\/larevistadigital.com.ar\/blog\/wp-content\/uploads\/686822-16-01-2023-juan-pedro-guarino-uno-de.jpg?fit=1200%2C1050&ssl=1&resize=700%2C400 2x, https:\/\/i0.wp.com\/larevistadigital.com.ar\/blog\/wp-content\/uploads\/686822-16-01-2023-juan-pedro-guarino-uno-de.jpg?fit=1200%2C1050&ssl=1&resize=1050%2C600 3x"},"classes":[]}],"_links":{"self":[{"href":"https:\/\/larevistadigital.com.ar\/blog\/wp-json\/wp\/v2\/posts\/5502","targetHints":{"allow":["GET"]}}],"collection":[{"href":"https:\/\/larevistadigital.com.ar\/blog\/wp-json\/wp\/v2\/posts"}],"about":[{"href":"https:\/\/larevistadigital.com.ar\/blog\/wp-json\/wp\/v2\/types\/post"}],"author":[{"embeddable":true,"href":"https:\/\/larevistadigital.com.ar\/blog\/wp-json\/wp\/v2\/users\/3"}],"replies":[{"embeddable":true,"href":"https:\/\/larevistadigital.com.ar\/blog\/wp-json\/wp\/v2\/comments?post=5502"}],"version-history":[{"count":2,"href":"https:\/\/larevistadigital.com.ar\/blog\/wp-json\/wp\/v2\/posts\/5502\/revisions"}],"predecessor-version":[{"id":5505,"href":"https:\/\/larevistadigital.com.ar\/blog\/wp-json\/wp\/v2\/posts\/5502\/revisions\/5505"}],"wp:featuredmedia":[{"embeddable":true,"href":"https:\/\/larevistadigital.com.ar\/blog\/wp-json\/wp\/v2\/media\/5506"}],"wp:attachment":[{"href":"https:\/\/larevistadigital.com.ar\/blog\/wp-json\/wp\/v2\/media?parent=5502"}],"wp:term":[{"taxonomy":"category","embeddable":true,"href":"https:\/\/larevistadigital.com.ar\/blog\/wp-json\/wp\/v2\/categories?post=5502"},{"taxonomy":"post_tag","embeddable":true,"href":"https:\/\/larevistadigital.com.ar\/blog\/wp-json\/wp\/v2\/tags?post=5502"}],"curies":[{"name":"wp","href":"https:\/\/api.w.org\/{rel}","templated":true}]}}