{"id":5614,"date":"2018-05-22T12:13:37","date_gmt":"2018-05-22T12:13:37","guid":{"rendered":"https:\/\/larevistadigital.com.ar\/blog\/?p=5614"},"modified":"2018-05-22T12:33:02","modified_gmt":"2018-05-22T12:33:02","slug":"chascomus-prestadores-de-turismo-complicados-por-la-situacion-economica","status":"publish","type":"post","link":"https:\/\/larevistadigital.com.ar\/blog\/chascomus-prestadores-de-turismo-complicados-por-la-situacion-economica\/","title":{"rendered":"CHASCOM\u00daS: PRESTADORES DE TURISMO COMPLICADOS POR LA SITUACI\u00d3N ECON\u00d3MICA"},"content":{"rendered":"<p>Uno de los prestadores tur\u00edsticos de la ciudad, <strong>Alejandro Agrofoglio<\/strong> del complejo de caba\u00f1as <em><strong>\u201cHoja de la tierra\u201d<\/strong><\/em>, fue entrevistado en el programa \u201cLa Primera Ma\u00f1ana\u201d que conduce <strong>Julio Giribaldi<\/strong> por FM donde confirm\u00f3 que la demanda de los fines de semana ha mermado considerablemente.<br \/>\nIndicando, que <strong><em>\u201c\u2026venimos sufriendo una turbulencia, que se dio a partir de la modificaci\u00f3n del turismo a nivel nacional, con la quita de los feriados puentes\u2026\u201d<\/em><\/strong>. A\u00f1adiendo que ha afectado considerablemente las visitas de los fines de semana comunes, el aumento de las tarifas, como es el caso del incremento del combustible, y ello se ve reflejado en los comercios, tanto de hoteler\u00eda y hospedaje como de restaurantes.<br \/>\nIndicando que a uno de los prestadores, sobre Ruta 20, le vino la boleta de luz de 40 mil pesos, en tanto que a \u00e9l ascendi\u00f3 a los 30 mil.<br \/>\nAgregando que hoy est\u00e1n trabajando en estrategias para poder atraer a los turistas en el mes del mundial, donde plantean promociones como entregar una picada en caso de que gane argentina, entre otras.<br \/>\n<em><strong>\u201c\u2026El turismo es un desarrollador de los pueblos, ya que genera ganancias para los comerciantes, puestos de trabajo, mejoras para la ciudad\u2026pero el Gobierno Nacional no apunta al turismo\u2026\u201d<\/strong><\/em>, expres\u00f3.<br \/>\nDe cara a lo que ser\u00e1 el fin de semana largo del 25 de Mayo, manifest\u00f3 que las reservas vienen muy por debajo de lo esperado, no habiendo demanda, s\u00f3lo consultas y nada m\u00e1s.<br \/>\nA\u00f1adiendo que hoy desde la Comuna les brindan ayuda, pero resta una mayor difusi\u00f3n en medios nacionales para posicionar a Chascom\u00fas.<br \/>\nFinalmente resalt\u00f3 que tambi\u00e9n se ven afectados por el reval\u00fao fiscal, con un aumento del 100% en el impuesto inmobiliario.<\/p>\n<p>FUENTE: DIARIOELFUERTE<\/p>\n","protected":false},"excerpt":{"rendered":"<div class=\"mh-excerpt\"><p>Uno de los prestadores tur\u00edsticos de la ciudad, Alejandro Agrofoglio del complejo de caba\u00f1as \u201cHoja de la tierra\u201d, fue entrevistado en el programa \u201cLa Primera Ma\u00f1ana\u201d que conduce Julio Giribaldi por FM donde confirm\u00f3 que <a class=\"mh-excerpt-more\" href=\"https:\/\/larevistadigital.com.ar\/blog\/chascomus-prestadores-de-turismo-complicados-por-la-situacion-economica\/\" title=\"CHASCOM\u00daS: PRESTADORES DE TURISMO COMPLICADOS POR LA SITUACI\u00d3N ECON\u00d3MICA\">[Leer M\u00e1s]<\/a><\/p>\n<\/div>","protected":false},"author":3,"featured_media":5615,"comment_status":"open","ping_status":"open","sticky":false,"template":"","format":"standard","meta":{"_jetpack_memberships_contains_paid_content":false,"footnotes":"","jetpack_publicize_message":"","jetpack_publicize_feature_enabled":true,"jetpack_social_post_already_shared":true,"jetpack_social_options":{"image_generator_settings":{"template":"highway","default_image_id":0,"font":"","enabled":false},"version":2}},"categories":[12,23],"tags":[],"class_list":{"0":"post-5614","1":"post","2":"type-post","3":"status-publish","4":"format-standard","5":"has-post-thumbnail","7":"category-politica","8":"category-politica-local"},"jetpack_publicize_connections":[],"jetpack_featured_media_url":"https:\/\/i0.wp.com\/larevistadigital.com.ar\/blog\/wp-content\/uploads\/2018\/05\/luz_22demayode2108_elfuerte.jpg?fit=737%2C415&ssl=1","jetpack_sharing_enabled":true,"jetpack_shortlink":"https:\/\/wp.me\/p8qtrQ-1sy","jetpack-related-posts":[{"id":1315,"url":"https:\/\/larevistadigital.com.ar\/blog\/reunion-de-prestadores-turisticos\/","url_meta":{"origin":5614,"position":0},"title":"Reuni\u00f3n de prestadores tur\u00edsticos","author":"editor","date":"18 marzo, 2017","format":false,"excerpt":"La Municipalidad dio cuenta de una reuni\u00f3n del secretario de planificaci\u00f3n y turismo Leandro Otondo, con los prestadores del sector en nuestra ciudad.\u2008El encuentro tuvo lugar en las instalaciones del Museo Pampeano. De la reuni\u00f3n se inform\u00f3 participaron prestadores gastron\u00f3micos, hoteleros y representantes de las instituciones del ACE (Agrupaci\u00f3n de\u2026","rel":"","context":"En \u00abCHASCOM\u00daS\u00bb","block_context":{"text":"CHASCOM\u00daS","link":"https:\/\/larevistadigital.com.ar\/blog\/category\/chascomus\/"},"img":{"alt_text":"","src":"https:\/\/i0.wp.com\/larevistadigital.com.ar\/blog\/wp-content\/uploads\/2017\/03\/presturistico_elfuerte_190317.jpg?fit=875%2C492&ssl=1&resize=350%2C200","width":350,"height":200,"srcset":"https:\/\/i0.wp.com\/larevistadigital.com.ar\/blog\/wp-content\/uploads\/2017\/03\/presturistico_elfuerte_190317.jpg?fit=875%2C492&ssl=1&resize=350%2C200 1x, https:\/\/i0.wp.com\/larevistadigital.com.ar\/blog\/wp-content\/uploads\/2017\/03\/presturistico_elfuerte_190317.jpg?fit=875%2C492&ssl=1&resize=525%2C300 1.5x, https:\/\/i0.wp.com\/larevistadigital.com.ar\/blog\/wp-content\/uploads\/2017\/03\/presturistico_elfuerte_190317.jpg?fit=875%2C492&ssl=1&resize=700%2C400 2x"},"classes":[]},{"id":39775,"url":"https:\/\/larevistadigital.com.ar\/blog\/chascomus-relevamiento-para-regularizar-alojamientos-turisticos\/","url_meta":{"origin":5614,"position":1},"title":"Chascom\u00fas: Relevamiento para regularizar alojamientos tur\u00edsticos","author":"Alejandro Sosa Ruda","date":"16 mayo, 2025","format":false,"excerpt":"La Municipalidad de Chascom\u00fas inici\u00f3 esta semana un relevamiento destinado a regularizar los establecimientos y viviendas que funcionan como alojamientos tur\u00edsticos en la ciudad. 16 de Mayo de 2025 CHASCOM\u00daS -\u00a0 La medida, a cargo del \u00e1rea de Turismo y Producci\u00f3n municipal, se inici\u00f3 en el barrio Lomas Altas y\u2026","rel":"","context":"En \u00abCHASCOM\u00daS\u00bb","block_context":{"text":"CHASCOM\u00daS","link":"https:\/\/larevistadigital.com.ar\/blog\/category\/chascomus\/"},"img":{"alt_text":"","src":"https:\/\/i0.wp.com\/larevistadigital.com.ar\/blog\/wp-content\/uploads\/6826296230687.png?fit=668%2C445&ssl=1&resize=350%2C200","width":350,"height":200,"srcset":"https:\/\/i0.wp.com\/larevistadigital.com.ar\/blog\/wp-content\/uploads\/6826296230687.png?fit=668%2C445&ssl=1&resize=350%2C200 1x, https:\/\/i0.wp.com\/larevistadigital.com.ar\/blog\/wp-content\/uploads\/6826296230687.png?fit=668%2C445&ssl=1&resize=525%2C300 1.5x"},"classes":[]},{"id":36269,"url":"https:\/\/larevistadigital.com.ar\/blog\/funcionaros-se-reunieron-con-prestadores-turisticos-para-analizar-el-aumento-de-las-tarifas-de-servicios\/","url_meta":{"origin":5614,"position":2},"title":"FUNCIONAROS SE REUNIERON CON PRESTADORES TUR\u00cdSTICOS PARA ANALIZAR EL AUMENTO DE LAS TARIFAS DE SERVICIOS","author":"Alejandro Sosa Ruda","date":"8 junio, 2024","format":false,"excerpt":"El secretario de Desarrollo Tur\u00edstico, Productivo y Cultural, Pablo N\u00e1poli, recibi\u00f3 a propietarios de emprendimientos tur\u00edsticos con quienes analiz\u00f3 la actual situaci\u00f3n del sector, afectado por los fuertes aumentos de las tarifas de energ\u00eda. 8 de Junio de 2024 CHASCOM\u00daS -\u00a0 Los prestadores presentes destacaron la preocupaci\u00f3n compartida por la\u2026","rel":"","context":"En \u00abINTERES GENERAL\u00bb","block_context":{"text":"INTERES GENERAL","link":"https:\/\/larevistadigital.com.ar\/blog\/category\/interes-general\/"},"img":{"alt_text":"","src":"https:\/\/i0.wp.com\/larevistadigital.com.ar\/blog\/wp-content\/uploads\/2024_06_08_05_24_44_9910754.jpg?fit=600%2C401&ssl=1&resize=350%2C200","width":350,"height":200,"srcset":"https:\/\/i0.wp.com\/larevistadigital.com.ar\/blog\/wp-content\/uploads\/2024_06_08_05_24_44_9910754.jpg?fit=600%2C401&ssl=1&resize=350%2C200 1x, https:\/\/i0.wp.com\/larevistadigital.com.ar\/blog\/wp-content\/uploads\/2024_06_08_05_24_44_9910754.jpg?fit=600%2C401&ssl=1&resize=525%2C300 1.5x"},"classes":[]},{"id":34493,"url":"https:\/\/larevistadigital.com.ar\/blog\/temporada-2024-difunden-precios-de-referencia-para-alojarse-en-destinos-de-la-costa\/","url_meta":{"origin":5614,"position":3},"title":"TEMPORADA 2024: DIFUNDEN PRECIOS DE REFERENCIA PARA ALOJARSE EN DESTINOS DE LA COSTA","author":"Alejandro Sosa Ruda","date":"10 noviembre, 2023","format":false,"excerpt":"Desde la Secretar\u00eda de Turismo instan a cotejar datos con los establecimientos habilitados para evitar estafas, alentando a aquellos que deseen alojarse en Villa Gesell a acceder a la lista de prestadores oficiales, disponible en la p\u00e1gina web gesell.tur.ar. 10 de Noviembre de 2023 La Secretar\u00eda de Turismo de Villa\u2026","rel":"","context":"En \u00abREGIONALES\u00bb","block_context":{"text":"REGIONALES","link":"https:\/\/larevistadigital.com.ar\/blog\/category\/regionales\/"},"img":{"alt_text":"","src":"https:\/\/i0.wp.com\/larevistadigital.com.ar\/blog\/wp-content\/uploads\/20231109162433_gesel.jpg?fit=880%2C512&ssl=1&resize=350%2C200","width":350,"height":200,"srcset":"https:\/\/i0.wp.com\/larevistadigital.com.ar\/blog\/wp-content\/uploads\/20231109162433_gesel.jpg?fit=880%2C512&ssl=1&resize=350%2C200 1x, https:\/\/i0.wp.com\/larevistadigital.com.ar\/blog\/wp-content\/uploads\/20231109162433_gesel.jpg?fit=880%2C512&ssl=1&resize=525%2C300 1.5x, https:\/\/i0.wp.com\/larevistadigital.com.ar\/blog\/wp-content\/uploads\/20231109162433_gesel.jpg?fit=880%2C512&ssl=1&resize=700%2C400 2x"},"classes":[]},{"id":40435,"url":"https:\/\/larevistadigital.com.ar\/blog\/ante-la-baja-en-el-turismo-la-municipalidad-impulsa-medidas-para-dinamizar-la-actividad-en-chascomus\/","url_meta":{"origin":5614,"position":4},"title":"Ante la baja en el turismo, la Municipalidad impulsa medidas para dinamizar la actividad en Chascom\u00fas","author":"Alejandro Sosa Ruda","date":"11 julio, 2025","format":false,"excerpt":"El fuerte descenso del movimiento tur\u00edstico registrado en todo el pa\u00eds, tambi\u00e9n impacta en lo local, afectando al comercio, los servicios y el empleo. 11 de Julio de 20254 CHASCOM\u00daS -\u00a0 \u00a0La ocupaci\u00f3n hotelera en Chascom\u00fas durante los fines de semana largos de junio disminuy\u00f3 el 11,1% respecto al mismo\u2026","rel":"","context":"En \u00abCHASCOM\u00daS\u00bb","block_context":{"text":"CHASCOM\u00daS","link":"https:\/\/larevistadigital.com.ar\/blog\/category\/chascomus\/"},"img":{"alt_text":"","src":"https:\/\/i0.wp.com\/larevistadigital.com.ar\/blog\/wp-content\/uploads\/6871483cc0aa8.png?fit=668%2C445&ssl=1&resize=350%2C200","width":350,"height":200,"srcset":"https:\/\/i0.wp.com\/larevistadigital.com.ar\/blog\/wp-content\/uploads\/6871483cc0aa8.png?fit=668%2C445&ssl=1&resize=350%2C200 1x, https:\/\/i0.wp.com\/larevistadigital.com.ar\/blog\/wp-content\/uploads\/6871483cc0aa8.png?fit=668%2C445&ssl=1&resize=525%2C300 1.5x"},"classes":[]},{"id":43100,"url":"https:\/\/larevistadigital.com.ar\/blog\/chascomus-brindis-con-prestadores-turisticos-y-presentacion-de-nuevas-autoridades\/","url_meta":{"origin":5614,"position":5},"title":"Chascom\u00fas: Brindis con prestadores tur\u00edsticos y presentaci\u00f3n de nuevas autoridades","author":"Alejandro Sosa Ruda","date":"2 enero, 2026","format":false,"excerpt":"En el encuentro se evalu\u00f3 el panorama de cara al inicio de la temporada de verano y el comienzo del nuevo a\u00f1o. 02 de enero de 2026 CHASCOM\u00daS -\u00a0 \u00a0El intendente Javier Gast\u00f3n recibi\u00f3 a prestadores tur\u00edsticos en su despacho para compartir un brindis de cierre del a\u00f1o 2025. \u201cEs\u2026","rel":"","context":"En \u00abCHASCOM\u00daS\u00bb","block_context":{"text":"CHASCOM\u00daS","link":"https:\/\/larevistadigital.com.ar\/blog\/category\/chascomus\/"},"img":{"alt_text":"","src":"https:\/\/i0.wp.com\/larevistadigital.com.ar\/blog\/wp-content\/uploads\/695801f846290.png?fit=668%2C445&ssl=1&resize=350%2C200","width":350,"height":200,"srcset":"https:\/\/i0.wp.com\/larevistadigital.com.ar\/blog\/wp-content\/uploads\/695801f846290.png?fit=668%2C445&ssl=1&resize=350%2C200 1x, https:\/\/i0.wp.com\/larevistadigital.com.ar\/blog\/wp-content\/uploads\/695801f846290.png?fit=668%2C445&ssl=1&resize=525%2C300 1.5x"},"classes":[]}],"_links":{"self":[{"href":"https:\/\/larevistadigital.com.ar\/blog\/wp-json\/wp\/v2\/posts\/5614","targetHints":{"allow":["GET"]}}],"collection":[{"href":"https:\/\/larevistadigital.com.ar\/blog\/wp-json\/wp\/v2\/posts"}],"about":[{"href":"https:\/\/larevistadigital.com.ar\/blog\/wp-json\/wp\/v2\/types\/post"}],"author":[{"embeddable":true,"href":"https:\/\/larevistadigital.com.ar\/blog\/wp-json\/wp\/v2\/users\/3"}],"replies":[{"embeddable":true,"href":"https:\/\/larevistadigital.com.ar\/blog\/wp-json\/wp\/v2\/comments?post=5614"}],"version-history":[{"count":2,"href":"https:\/\/larevistadigital.com.ar\/blog\/wp-json\/wp\/v2\/posts\/5614\/revisions"}],"predecessor-version":[{"id":5621,"href":"https:\/\/larevistadigital.com.ar\/blog\/wp-json\/wp\/v2\/posts\/5614\/revisions\/5621"}],"wp:featuredmedia":[{"embeddable":true,"href":"https:\/\/larevistadigital.com.ar\/blog\/wp-json\/wp\/v2\/media\/5615"}],"wp:attachment":[{"href":"https:\/\/larevistadigital.com.ar\/blog\/wp-json\/wp\/v2\/media?parent=5614"}],"wp:term":[{"taxonomy":"category","embeddable":true,"href":"https:\/\/larevistadigital.com.ar\/blog\/wp-json\/wp\/v2\/categories?post=5614"},{"taxonomy":"post_tag","embeddable":true,"href":"https:\/\/larevistadigital.com.ar\/blog\/wp-json\/wp\/v2\/tags?post=5614"}],"curies":[{"name":"wp","href":"https:\/\/api.w.org\/{rel}","templated":true}]}}