{"id":5622,"date":"2018-05-22T12:55:38","date_gmt":"2018-05-22T12:55:38","guid":{"rendered":"https:\/\/larevistadigital.com.ar\/blog\/?p=5622"},"modified":"2018-05-22T12:55:38","modified_gmt":"2018-05-22T12:55:38","slug":"chascomus-vecinos-molestos-por-la-falta-de-recoleccion-de-ramas-y-residuos","status":"publish","type":"post","link":"https:\/\/larevistadigital.com.ar\/blog\/chascomus-vecinos-molestos-por-la-falta-de-recoleccion-de-ramas-y-residuos\/","title":{"rendered":"CHASCOM\u00daS: VECINOS MOLESTOS POR LA FALTA DE RECOLECCI\u00d3N DE RAMAS Y RESIDUOS"},"content":{"rendered":"<p>Vecinos de Chascom\u00fas que viven en las proximidades del hotel Howard Jhonson, nos han hecho llegar un reclamo por la falta de recolecci\u00f3n de las ramas y residuos en la zona.<\/p>\n<p>Nos refieren que hace m\u00e1s de un mes que se reclama que se atienda la demanda y se cumpla con el servicio como corresponde, pero sin encontrar respuesta de las autoridades municipales.<\/p>\n<blockquote>\n<h3><a href=\"https:\/\/i0.wp.com\/larevistadigital.com.ar\/blog\/wp-content\/uploads\/2018\/05\/33137377_2079325085667176_9191628629354741760_n.jpg?ssl=1\"><img data-recalc-dims=\"1\" loading=\"lazy\" decoding=\"async\" class=\"size-full wp-image-5624 aligncenter\" src=\"https:\/\/i0.wp.com\/larevistadigital.com.ar\/blog\/wp-content\/uploads\/2018\/05\/33137377_2079325085667176_9191628629354741760_n.jpg?resize=720%2C960&#038;ssl=1\" alt=\"\" width=\"720\" height=\"960\" srcset=\"https:\/\/i0.wp.com\/larevistadigital.com.ar\/blog\/wp-content\/uploads\/2018\/05\/33137377_2079325085667176_9191628629354741760_n.jpg?w=720&amp;ssl=1 720w, https:\/\/i0.wp.com\/larevistadigital.com.ar\/blog\/wp-content\/uploads\/2018\/05\/33137377_2079325085667176_9191628629354741760_n.jpg?resize=225%2C300&amp;ssl=1 225w\" sizes=\"auto, (max-width: 720px) 100vw, 720px\" \/><\/a><\/h3>\n<h3>Uno de ellos, <strong>Daniel Mart\u00ednez<\/strong>, nos envi\u00f3 un mensaje planteando el problema, que vive de manera personal ya que lo sufre en la puerta de su casa ubicada en calles La Plata y General Guido.<\/h3>\n<\/blockquote>\n<p>Es uno m\u00e1s de los tantos reclamos en ese sentido que tantos vecinos vienen haciendo, al igual que los problemas aparentemente interminables que tienen que ver con el estado de las calles en distintos barrios de la ciudad, los que si bien en algunos se pasa la m\u00e1quina de vez en cuando, cuando se producen precipitaciones, las calles se tornan intransitables.<\/p>\n<p><a href=\"https:\/\/i0.wp.com\/larevistadigital.com.ar\/blog\/wp-content\/uploads\/2018\/05\/33128388_2079325712333780_2433295042736029696_n.jpg?ssl=1\"><img data-recalc-dims=\"1\" loading=\"lazy\" decoding=\"async\" class=\"size-full wp-image-5625 aligncenter\" src=\"https:\/\/i0.wp.com\/larevistadigital.com.ar\/blog\/wp-content\/uploads\/2018\/05\/33128388_2079325712333780_2433295042736029696_n.jpg?resize=720%2C960&#038;ssl=1\" alt=\"\" width=\"720\" height=\"960\" srcset=\"https:\/\/i0.wp.com\/larevistadigital.com.ar\/blog\/wp-content\/uploads\/2018\/05\/33128388_2079325712333780_2433295042736029696_n.jpg?w=720&amp;ssl=1 720w, https:\/\/i0.wp.com\/larevistadigital.com.ar\/blog\/wp-content\/uploads\/2018\/05\/33128388_2079325712333780_2433295042736029696_n.jpg?resize=225%2C300&amp;ssl=1 225w\" sizes=\"auto, (max-width: 720px) 100vw, 720px\" \/><\/a><\/p>\n<p>Lo peor, es que muchos vecinos se quejan de que no han sido atendidos, o si los atendieron, nunca acudieron a solucionar los problemas.<\/p>\n","protected":false},"excerpt":{"rendered":"<div class=\"mh-excerpt\"><p>Vecinos de Chascom\u00fas que viven en las proximidades del hotel Howard Jhonson, nos han hecho llegar un reclamo por la falta de recolecci\u00f3n de las ramas y residuos en la zona. Nos refieren que hace <a class=\"mh-excerpt-more\" href=\"https:\/\/larevistadigital.com.ar\/blog\/chascomus-vecinos-molestos-por-la-falta-de-recoleccion-de-ramas-y-residuos\/\" title=\"CHASCOM\u00daS: VECINOS MOLESTOS POR LA FALTA DE RECOLECCI\u00d3N DE RAMAS Y RESIDUOS\">[Leer M\u00e1s]<\/a><\/p>\n<\/div>","protected":false},"author":3,"featured_media":5623,"comment_status":"open","ping_status":"open","sticky":false,"template":"","format":"standard","meta":{"_jetpack_memberships_contains_paid_content":false,"footnotes":"","jetpack_publicize_message":"","jetpack_publicize_feature_enabled":true,"jetpack_social_post_already_shared":true,"jetpack_social_options":{"image_generator_settings":{"template":"highway","default_image_id":0,"font":"","enabled":false},"version":2}},"categories":[41],"tags":[],"class_list":{"0":"post-5622","1":"post","2":"type-post","3":"status-publish","4":"format-standard","5":"has-post-thumbnail","7":"category-destacadas"},"jetpack_publicize_connections":[],"jetpack_featured_media_url":"https:\/\/i0.wp.com\/larevistadigital.com.ar\/blog\/wp-content\/uploads\/2018\/05\/33158310_2079317042334647_2969338477746847744_n.jpg?fit=720%2C960&ssl=1","jetpack_sharing_enabled":true,"jetpack_shortlink":"https:\/\/wp.me\/p8qtrQ-1sG","jetpack-related-posts":[{"id":2966,"url":"https:\/\/larevistadigital.com.ar\/blog\/siguen-los-reclamos-de-vecinos-de-barrio-parque-girado-por-la-no-recoleccion-de-residuos\/","url_meta":{"origin":5622,"position":0},"title":"Siguen los reclamos de Vecinos de barrio Parque Girado por la no recolecci\u00f3n de residuos","author":"admin","date":"4 agosto, 2017","format":false,"excerpt":"Desde el Facebook que poseen los vecinos del barrio Parque Girado, expresaron la disconformidad de varios frentistas que viven desde hace meses sin la recolecci\u00f3n de residuos. Si bien se nota mayor frecuencia en la recolecci\u00f3n, la misma no llega a todos los sectores del barrio. Hay cuadras donde no\u2026","rel":"","context":"En \u00abCHASCOM\u00daS\u00bb","block_context":{"text":"CHASCOM\u00daS","link":"https:\/\/larevistadigital.com.ar\/blog\/category\/chascomus\/"},"img":{"alt_text":"","src":"https:\/\/i0.wp.com\/larevistadigital.com.ar\/blog\/wp-content\/uploads\/2017\/08\/Basural-El-Martillo-240638_600x315.jpg?fit=600%2C315&ssl=1&resize=350%2C200","width":350,"height":200,"srcset":"https:\/\/i0.wp.com\/larevistadigital.com.ar\/blog\/wp-content\/uploads\/2017\/08\/Basural-El-Martillo-240638_600x315.jpg?fit=600%2C315&ssl=1&resize=350%2C200 1x, https:\/\/i0.wp.com\/larevistadigital.com.ar\/blog\/wp-content\/uploads\/2017\/08\/Basural-El-Martillo-240638_600x315.jpg?fit=600%2C315&ssl=1&resize=525%2C300 1.5x"},"classes":[]},{"id":43065,"url":"https:\/\/larevistadigital.com.ar\/blog\/el-correcto-descarte-y-la-separacion-de-residuos-claves-para-una-mejor-convivencia\/","url_meta":{"origin":5622,"position":1},"title":"El correcto descarte y la separaci\u00f3n de residuos, claves para una mejor convivencia","author":"Alejandro Sosa Ruda","date":"30 diciembre, 2025","format":false,"excerpt":"Respetar los horarios de recolecci\u00f3n, separar los residuos y utilizar correctamente los contenedores es fundamental para mantener una ciudad limpia, ordenada y saludable La Municipalidad de Chascom\u00fas recuerda a la comunidad la importancia de realizar un correcto descarte de los residuos domiciliarios, respetando los d\u00edas y horarios establecidos para la\u2026","rel":"","context":"En \u00abCHASCOM\u00daS\u00bb","block_context":{"text":"CHASCOM\u00daS","link":"https:\/\/larevistadigital.com.ar\/blog\/category\/chascomus\/"},"img":{"alt_text":"","src":"https:\/\/i0.wp.com\/larevistadigital.com.ar\/blog\/wp-content\/uploads\/6952ac3f61420.png?fit=668%2C445&ssl=1&resize=350%2C200","width":350,"height":200,"srcset":"https:\/\/i0.wp.com\/larevistadigital.com.ar\/blog\/wp-content\/uploads\/6952ac3f61420.png?fit=668%2C445&ssl=1&resize=350%2C200 1x, https:\/\/i0.wp.com\/larevistadigital.com.ar\/blog\/wp-content\/uploads\/6952ac3f61420.png?fit=668%2C445&ssl=1&resize=525%2C300 1.5x"},"classes":[]},{"id":44878,"url":"https:\/\/larevistadigital.com.ar\/blog\/chascomus-como-sera-la-recoleccion-de-residuos-durante-el-fin-de-semana-largo\/","url_meta":{"origin":5622,"position":2},"title":"Chascom\u00fas: C\u00f3mo ser\u00e1 la recolecci\u00f3n de residuos durante el fin de semana largo","author":"Alejandro Sosa Ruda","date":"1 abril, 2026","format":false,"excerpt":"Para garantizar la limpieza de la ciudad, el personal municipal trabajar\u00e1 durante los feriados. 01 de abril de 2026 CHASCOM\u00daS -\u00a0 La Municipalidad de Chascom\u00fas da a conocer los horarios del servicio de recolecci\u00f3n de residuos durante los pr\u00f3ximos d\u00edas. El jueves y el viernes, s\u00e1bado, se realizar\u00e1 de manera\u2026","rel":"","context":"En \u00abINTERES GENERAL\u00bb","block_context":{"text":"INTERES GENERAL","link":"https:\/\/larevistadigital.com.ar\/blog\/category\/interes-general\/"},"img":{"alt_text":"","src":"https:\/\/i0.wp.com\/larevistadigital.com.ar\/blog\/wp-content\/uploads\/69cd4c5500238.png?fit=668%2C445&ssl=1&resize=350%2C200","width":350,"height":200,"srcset":"https:\/\/i0.wp.com\/larevistadigital.com.ar\/blog\/wp-content\/uploads\/69cd4c5500238.png?fit=668%2C445&ssl=1&resize=350%2C200 1x, https:\/\/i0.wp.com\/larevistadigital.com.ar\/blog\/wp-content\/uploads\/69cd4c5500238.png?fit=668%2C445&ssl=1&resize=525%2C300 1.5x"},"classes":[]},{"id":7439,"url":"https:\/\/larevistadigital.com.ar\/blog\/cronograma-de-recoleccion-de-residuos-para-ano-nuevo\/","url_meta":{"origin":5622,"position":3},"title":"CRONOGRAMA DE RECOLECCI\u00d3N DE RESIDUOS PARA A\u00d1O NUEVO","author":"Alejandro Sosa Ruda","date":"28 diciembre, 2018","format":false,"excerpt":"Con motivo del feriado de A\u00f1o Nuevo, y el asueto administrativo del lunes 31, desde la Secretar\u00eda de Servicios P\u00fablicos hizo saber el cronograma de recolecci\u00f3n previsto para el pr\u00f3ximo fin de semana.El s\u00e1bado 29, el servicio de recolecci\u00f3n de residuos domiciliarios ser\u00e1 normal y el domingo 30 no habr\u00e1\u2026","rel":"","context":"En \u00abCHASCOM\u00daS\u00bb","block_context":{"text":"CHASCOM\u00daS","link":"https:\/\/larevistadigital.com.ar\/blog\/category\/chascomus\/"},"img":{"alt_text":"","src":"https:\/\/i0.wp.com\/larevistadigital.com.ar\/blog\/wp-content\/uploads\/2018\/12\/camiones-chascomus.jpg?fit=960%2C445&ssl=1&resize=350%2C200","width":350,"height":200,"srcset":"https:\/\/i0.wp.com\/larevistadigital.com.ar\/blog\/wp-content\/uploads\/2018\/12\/camiones-chascomus.jpg?fit=960%2C445&ssl=1&resize=350%2C200 1x, https:\/\/i0.wp.com\/larevistadigital.com.ar\/blog\/wp-content\/uploads\/2018\/12\/camiones-chascomus.jpg?fit=960%2C445&ssl=1&resize=525%2C300 1.5x, https:\/\/i0.wp.com\/larevistadigital.com.ar\/blog\/wp-content\/uploads\/2018\/12\/camiones-chascomus.jpg?fit=960%2C445&ssl=1&resize=700%2C400 2x"},"classes":[]},{"id":5344,"url":"https:\/\/larevistadigital.com.ar\/blog\/recoleccion-de-residuos-en-el-fin-de-semana\/","url_meta":{"origin":5622,"position":4},"title":"Recolecci\u00f3n de residuos en el fin de semana","author":"admin","date":"27 marzo, 2018","format":false,"excerpt":"Jueves 29, viernes 30 y s\u00e1bado 31 de marzo, el servicio de recolecci\u00f3n de residuos domiciliarios funcionar\u00e1 normalmente. El domingo 1\u00ba de abril no habr\u00e1 recolecci\u00f3n, mientras que el lunes 2 se reanuda nuevamente el servicio. Se ruega a los vecinos no depositar los residuos domiciliarios durante el domingo y\u2026","rel":"","context":"En \u00abCHASCOM\u00daS\u00bb","block_context":{"text":"CHASCOM\u00daS","link":"https:\/\/larevistadigital.com.ar\/blog\/category\/chascomus\/"},"img":{"alt_text":"","src":"https:\/\/i0.wp.com\/larevistadigital.com.ar\/blog\/wp-content\/uploads\/2018\/03\/18.jpg?fit=737%2C415&ssl=1&resize=350%2C200","width":350,"height":200,"srcset":"https:\/\/i0.wp.com\/larevistadigital.com.ar\/blog\/wp-content\/uploads\/2018\/03\/18.jpg?fit=737%2C415&ssl=1&resize=350%2C200 1x, https:\/\/i0.wp.com\/larevistadigital.com.ar\/blog\/wp-content\/uploads\/2018\/03\/18.jpg?fit=737%2C415&ssl=1&resize=525%2C300 1.5x, https:\/\/i0.wp.com\/larevistadigital.com.ar\/blog\/wp-content\/uploads\/2018\/03\/18.jpg?fit=737%2C415&ssl=1&resize=700%2C400 2x"},"classes":[]},{"id":21069,"url":"https:\/\/larevistadigital.com.ar\/blog\/el-viernes-sin-servicio-de-recoleccion-de-residuos\/","url_meta":{"origin":5622,"position":5},"title":"EL VIERNES SIN SERVICIO DE RECOLECCI\u00d3N DE RESIDUOS","author":"Alejandro Sosa Ruda","date":"8 julio, 2021","format":false,"excerpt":"CHASCOM\u00daS -\u00a0 Se inform\u00f3 desde el municipio, que con motivo del feriado por el d\u00eda de la Independencia, este viernes 9, no se realizar\u00e1 el servicio de recolecci\u00f3n de residuos . Se recomienda a los vecinos no depositar bolsas en la v\u00eda p\u00fablica, procurando la higiene y el orden en\u2026","rel":"","context":"En \u00abINTERES GENERAL\u00bb","block_context":{"text":"INTERES GENERAL","link":"https:\/\/larevistadigital.com.ar\/blog\/category\/interes-general\/"},"img":{"alt_text":"","src":"https:\/\/i0.wp.com\/larevistadigital.com.ar\/blog\/wp-content\/uploads\/2020_07_07_17_37_57_8116455.jpg?fit=600%2C401&ssl=1&resize=350%2C200","width":350,"height":200,"srcset":"https:\/\/i0.wp.com\/larevistadigital.com.ar\/blog\/wp-content\/uploads\/2020_07_07_17_37_57_8116455.jpg?fit=600%2C401&ssl=1&resize=350%2C200 1x, https:\/\/i0.wp.com\/larevistadigital.com.ar\/blog\/wp-content\/uploads\/2020_07_07_17_37_57_8116455.jpg?fit=600%2C401&ssl=1&resize=525%2C300 1.5x"},"classes":[]}],"_links":{"self":[{"href":"https:\/\/larevistadigital.com.ar\/blog\/wp-json\/wp\/v2\/posts\/5622","targetHints":{"allow":["GET"]}}],"collection":[{"href":"https:\/\/larevistadigital.com.ar\/blog\/wp-json\/wp\/v2\/posts"}],"about":[{"href":"https:\/\/larevistadigital.com.ar\/blog\/wp-json\/wp\/v2\/types\/post"}],"author":[{"embeddable":true,"href":"https:\/\/larevistadigital.com.ar\/blog\/wp-json\/wp\/v2\/users\/3"}],"replies":[{"embeddable":true,"href":"https:\/\/larevistadigital.com.ar\/blog\/wp-json\/wp\/v2\/comments?post=5622"}],"version-history":[{"count":1,"href":"https:\/\/larevistadigital.com.ar\/blog\/wp-json\/wp\/v2\/posts\/5622\/revisions"}],"predecessor-version":[{"id":5626,"href":"https:\/\/larevistadigital.com.ar\/blog\/wp-json\/wp\/v2\/posts\/5622\/revisions\/5626"}],"wp:featuredmedia":[{"embeddable":true,"href":"https:\/\/larevistadigital.com.ar\/blog\/wp-json\/wp\/v2\/media\/5623"}],"wp:attachment":[{"href":"https:\/\/larevistadigital.com.ar\/blog\/wp-json\/wp\/v2\/media?parent=5622"}],"wp:term":[{"taxonomy":"category","embeddable":true,"href":"https:\/\/larevistadigital.com.ar\/blog\/wp-json\/wp\/v2\/categories?post=5622"},{"taxonomy":"post_tag","embeddable":true,"href":"https:\/\/larevistadigital.com.ar\/blog\/wp-json\/wp\/v2\/tags?post=5622"}],"curies":[{"name":"wp","href":"https:\/\/api.w.org\/{rel}","templated":true}]}}