{"id":5627,"date":"2018-05-25T00:58:26","date_gmt":"2018-05-25T00:58:26","guid":{"rendered":"https:\/\/larevistadigital.com.ar\/blog\/?p=5627"},"modified":"2018-05-25T00:58:26","modified_gmt":"2018-05-25T00:58:26","slug":"chascomus-el-triste-momento-en-el-que-algunos-trabajadores-de-emepa-se-enteran-que-fueron-despedidos","status":"publish","type":"post","link":"https:\/\/larevistadigital.com.ar\/blog\/chascomus-el-triste-momento-en-el-que-algunos-trabajadores-de-emepa-se-enteran-que-fueron-despedidos\/","title":{"rendered":"CHASCOMUS: EL TRISTE MOMENTO EN EL QUE ALGUNOS TRABAJADORES DE EMEPA SE ENTERAN QUE FUERON DESPEDIDOS"},"content":{"rendered":"<p>Hoy por la ma\u00f1ana, se film\u00f3 un video que subi\u00f3 el sitio \u00abNoticia registrada\u00bb, cuando en la empresa <strong>EMEPA<\/strong> Chascom\u00fas se dio lectura a la nomina de empleados que \u00aben este momento, se van a tener que retirar\u00bb, seg\u00fan se dijo.<\/p>\n<p>Sucedi\u00f3 en el mismo interior de la f\u00e1brica, ante la mirada de los trabajadores. Una de las noticias m\u00e1s tristes que debemos informar. Ampliaremos.<\/p>\n<div style=\"width: 640px;\" class=\"wp-video\"><!--[if lt IE 9]><script>document.createElement('video');<\/script><![endif]-->\n<video class=\"wp-video-shortcode\" id=\"video-5627-1\" width=\"640\" height=\"360\" preload=\"metadata\" controls=\"controls\"><source type=\"video\/mp4\" src=\"https:\/\/larevistadigital.com.ar\/blog\/wp-content\/uploads\/2018\/05\/WhatsApp-Video-2018-05-24-at-13.36.53.mp4?_=1\" \/><a href=\"https:\/\/larevistadigital.com.ar\/blog\/wp-content\/uploads\/2018\/05\/WhatsApp-Video-2018-05-24-at-13.36.53.mp4\">https:\/\/larevistadigital.com.ar\/blog\/wp-content\/uploads\/2018\/05\/WhatsApp-Video-2018-05-24-at-13.36.53.mp4<\/a><\/video><\/div>\n<p>&nbsp;<\/p>\n<p>FUENTE NOTICIAREGISTRADA<\/p>\n<p>&nbsp;<\/p>\n","protected":false},"excerpt":{"rendered":"<div class=\"mh-excerpt\"><p>Hoy por la ma\u00f1ana, se film\u00f3 un video que subi\u00f3 el sitio \u00abNoticia registrada\u00bb, cuando en la empresa EMEPA Chascom\u00fas se dio lectura a la nomina de empleados que \u00aben este momento, se van a <a class=\"mh-excerpt-more\" href=\"https:\/\/larevistadigital.com.ar\/blog\/chascomus-el-triste-momento-en-el-que-algunos-trabajadores-de-emepa-se-enteran-que-fueron-despedidos\/\" title=\"CHASCOMUS: EL TRISTE MOMENTO EN EL QUE ALGUNOS TRABAJADORES DE EMEPA SE ENTERAN QUE FUERON DESPEDIDOS\">[Leer M\u00e1s]<\/a><\/p>\n<\/div>","protected":false},"author":3,"featured_media":5628,"comment_status":"open","ping_status":"open","sticky":false,"template":"","format":"standard","meta":{"_jetpack_memberships_contains_paid_content":false,"footnotes":"","jetpack_publicize_message":"","jetpack_publicize_feature_enabled":true,"jetpack_social_post_already_shared":true,"jetpack_social_options":{"image_generator_settings":{"template":"highway","default_image_id":0,"font":"","enabled":false},"version":2}},"categories":[41],"tags":[],"class_list":{"0":"post-5627","1":"post","2":"type-post","3":"status-publish","4":"format-standard","5":"has-post-thumbnail","7":"category-destacadas"},"jetpack_publicize_connections":[],"jetpack_featured_media_url":"https:\/\/i0.wp.com\/larevistadigital.com.ar\/blog\/wp-content\/uploads\/2018\/05\/emepa_05deOctubrede2017_elfuerte.jpg?fit=737%2C415&ssl=1","jetpack_sharing_enabled":true,"jetpack_shortlink":"https:\/\/wp.me\/p8qtrQ-1sL","jetpack-related-posts":[{"id":5681,"url":"https:\/\/larevistadigital.com.ar\/blog\/chascomus-vecinos-se-manifestaron-en-la-ruta-contra-los-despidos-en-emepa\/","url_meta":{"origin":5627,"position":0},"title":"CHASCOM\u00daS: VECINOS SE MANIFESTARON  EN LA RUTA CONTRA LOS DESPIDOS EN EMEPA","author":"Alejandro Sosa Ruda","date":"27 mayo, 2018","format":false,"excerpt":"Tal y como se ven\u00eda convocando a trav\u00e9s de las redes sociales, numerosos vecinos de la ciudad de Chascom\u00fas se hicieron presentes a la vera de la ruta 2, para manifestarse en contra de los recientes despidos en la f\u00e1brica EMEPA. Luego de una semana complicada, muchos vecinos se acercaron\u2026","rel":"","context":"En \u00abCHASCOM\u00daS\u00bb","block_context":{"text":"CHASCOM\u00daS","link":"https:\/\/larevistadigital.com.ar\/blog\/category\/chascomus\/"},"img":{"alt_text":"","src":"https:\/\/i0.wp.com\/larevistadigital.com.ar\/blog\/wp-content\/uploads\/2018\/05\/33651442_2060614824260785_6045352351009603584_n.jpg?fit=960%2C720&ssl=1&resize=350%2C200","width":350,"height":200,"srcset":"https:\/\/i0.wp.com\/larevistadigital.com.ar\/blog\/wp-content\/uploads\/2018\/05\/33651442_2060614824260785_6045352351009603584_n.jpg?fit=960%2C720&ssl=1&resize=350%2C200 1x, https:\/\/i0.wp.com\/larevistadigital.com.ar\/blog\/wp-content\/uploads\/2018\/05\/33651442_2060614824260785_6045352351009603584_n.jpg?fit=960%2C720&ssl=1&resize=525%2C300 1.5x, https:\/\/i0.wp.com\/larevistadigital.com.ar\/blog\/wp-content\/uploads\/2018\/05\/33651442_2060614824260785_6045352351009603584_n.jpg?fit=960%2C720&ssl=1&resize=700%2C400 2x"},"classes":[]},{"id":36116,"url":"https:\/\/larevistadigital.com.ar\/blog\/robaba-en-los-vagones-de-emepa-y-fue-aprehendido\/","url_meta":{"origin":5627,"position":1},"title":"ROBABA EN LOS VAGONES DE EMEPA Y FUE APREHENDIDO","author":"Alejandro Sosa Ruda","date":"22 mayo, 2024","format":false,"excerpt":"Se encontraba robando instalaciones el\u00e9ctricas cuando fue aprehendido. 22 de Mayo de 2024 CHASCOM\u00daS .\u00a0 En horas de la ma\u00f1ana del dia de la fecha, personal policial procedi\u00f3 a la aprehension de una persona mayor de edad, en momentos en que se encontraba sustrayendo instalaci\u00f3nes electricas de vagones en reparacion\u2026","rel":"","context":"En \u00abINTERES GENERAL\u00bb","block_context":{"text":"INTERES GENERAL","link":"https:\/\/larevistadigital.com.ar\/blog\/category\/interes-general\/"},"img":{"alt_text":"","src":"https:\/\/i0.wp.com\/larevistadigital.com.ar\/blog\/wp-content\/uploads\/2018\/05\/emepa_05deOctubrede2017_elfuerte.jpg?fit=737%2C415&ssl=1&resize=350%2C200","width":350,"height":200,"srcset":"https:\/\/i0.wp.com\/larevistadigital.com.ar\/blog\/wp-content\/uploads\/2018\/05\/emepa_05deOctubrede2017_elfuerte.jpg?fit=737%2C415&ssl=1&resize=350%2C200 1x, https:\/\/i0.wp.com\/larevistadigital.com.ar\/blog\/wp-content\/uploads\/2018\/05\/emepa_05deOctubrede2017_elfuerte.jpg?fit=737%2C415&ssl=1&resize=525%2C300 1.5x, https:\/\/i0.wp.com\/larevistadigital.com.ar\/blog\/wp-content\/uploads\/2018\/05\/emepa_05deOctubrede2017_elfuerte.jpg?fit=737%2C415&ssl=1&resize=700%2C400 2x"},"classes":[]},{"id":4051,"url":"https:\/\/larevistadigital.com.ar\/blog\/emepa-consiguio-contrato-no-adelanto-vacaciones\/","url_meta":{"origin":5627,"position":2},"title":"Emepa consigui\u00f3 un contrato y no adelant\u00f3 vacaciones","author":"admin","date":"27 noviembre, 2017","format":false,"excerpt":"Una buena entre tantas malas La empresa Emepa finalmente pudo evitar el otorgar vacaciones anticipadas a la totalidad de su personal durante los meses de noviembre y diciembre, al haber logrado un contrato que refiere al reacondicionamiento de vagones ferroviarios. La noticia no puede ser considerada menos que auspiciosa, teniendo\u2026","rel":"","context":"En \u00abCHASCOM\u00daS\u00bb","block_context":{"text":"CHASCOM\u00daS","link":"https:\/\/larevistadigital.com.ar\/blog\/category\/chascomus\/"},"img":{"alt_text":"","src":"https:\/\/i0.wp.com\/larevistadigital.com.ar\/blog\/wp-content\/uploads\/2017\/11\/emepa_27denoviembrede2017_elfuerte.jpg?fit=737%2C415&ssl=1&resize=350%2C200","width":350,"height":200,"srcset":"https:\/\/i0.wp.com\/larevistadigital.com.ar\/blog\/wp-content\/uploads\/2017\/11\/emepa_27denoviembrede2017_elfuerte.jpg?fit=737%2C415&ssl=1&resize=350%2C200 1x, https:\/\/i0.wp.com\/larevistadigital.com.ar\/blog\/wp-content\/uploads\/2017\/11\/emepa_27denoviembrede2017_elfuerte.jpg?fit=737%2C415&ssl=1&resize=525%2C300 1.5x, https:\/\/i0.wp.com\/larevistadigital.com.ar\/blog\/wp-content\/uploads\/2017\/11\/emepa_27denoviembrede2017_elfuerte.jpg?fit=737%2C415&ssl=1&resize=700%2C400 2x"},"classes":[]},{"id":5644,"url":"https:\/\/larevistadigital.com.ar\/blog\/chascomus-conciliacion-obligatoria-por-quince-dias-en-emepa-que-brinda-una-luz-de-esperanza\/","url_meta":{"origin":5627,"position":3},"title":"CHASCOM\u00daS: CONCILIACI\u00d3N OBLIGATORIA POR QUINCE D\u00cdAS EN EMEPA QUE BRINDA UNA LUZ DE ESPERANZA","author":"Alejandro Sosa Ruda","date":"27 mayo, 2018","format":false,"excerpt":"El dirigente gremial de la UOM, Mario Batista, habl\u00f3 con el periodista Alfredo Perona durante el programa \u201cTardes El Tr\u00e9bol\u201d que se emite por la FM 101.5 de Chascom\u00fas, en relaci\u00f3n a los despidos producidos en la f\u00e1brica EMEPA de esa localidad. Coment\u00f3 que esta es una de las situaciones\u2026","rel":"","context":"En \u00abGREMIALES\u00bb","block_context":{"text":"GREMIALES","link":"https:\/\/larevistadigital.com.ar\/blog\/category\/gremiales\/"},"img":{"alt_text":"","src":"https:\/\/i0.wp.com\/larevistadigital.com.ar\/blog\/wp-content\/uploads\/2018\/05\/IMG-20180406-WA0006.jpg?fit=1040%2C780&ssl=1&resize=350%2C200","width":350,"height":200,"srcset":"https:\/\/i0.wp.com\/larevistadigital.com.ar\/blog\/wp-content\/uploads\/2018\/05\/IMG-20180406-WA0006.jpg?fit=1040%2C780&ssl=1&resize=350%2C200 1x, https:\/\/i0.wp.com\/larevistadigital.com.ar\/blog\/wp-content\/uploads\/2018\/05\/IMG-20180406-WA0006.jpg?fit=1040%2C780&ssl=1&resize=525%2C300 1.5x, https:\/\/i0.wp.com\/larevistadigital.com.ar\/blog\/wp-content\/uploads\/2018\/05\/IMG-20180406-WA0006.jpg?fit=1040%2C780&ssl=1&resize=700%2C400 2x"},"classes":[]},{"id":1014,"url":"https:\/\/larevistadigital.com.ar\/blog\/material-rodante-de-emepa-circulara-en-el-ramal-guemes-salta-capital\/","url_meta":{"origin":5627,"position":4},"title":"Material rodante de EMEPA circular\u00e1 en el ramal G\u00fcemes- Salta Capital","author":"editor","date":"12 marzo, 2017","format":false,"excerpt":"Se trata de un tren \"Alerce\" fabricado en nuestra ciudad, que tiene capacidad para 120 pasajeros sentados - Se estima que en 45 d\u00edas entrar\u00e1 en funcionamiento. Dio a conocer el portal InformateSalta, que se incorpor\u00f3 en los \u00faltimos d\u00edass una nueva formaci\u00f3n cero kil\u00f3metros que, a priori, trasladar\u00e1 pasajeros\u2026","rel":"","context":"En \u00abCHASCOM\u00daS\u00bb","block_context":{"text":"CHASCOM\u00daS","link":"https:\/\/larevistadigital.com.ar\/blog\/category\/chascomus\/"},"img":{"alt_text":"","src":"https:\/\/i0.wp.com\/larevistadigital.com.ar\/blog\/wp-content\/uploads\/2017\/03\/tren_elfuerte_110317.jpg?fit=918%2C525&ssl=1&resize=350%2C200","width":350,"height":200,"srcset":"https:\/\/i0.wp.com\/larevistadigital.com.ar\/blog\/wp-content\/uploads\/2017\/03\/tren_elfuerte_110317.jpg?fit=918%2C525&ssl=1&resize=350%2C200 1x, https:\/\/i0.wp.com\/larevistadigital.com.ar\/blog\/wp-content\/uploads\/2017\/03\/tren_elfuerte_110317.jpg?fit=918%2C525&ssl=1&resize=525%2C300 1.5x, https:\/\/i0.wp.com\/larevistadigital.com.ar\/blog\/wp-content\/uploads\/2017\/03\/tren_elfuerte_110317.jpg?fit=918%2C525&ssl=1&resize=700%2C400 2x"},"classes":[]},{"id":5685,"url":"https:\/\/larevistadigital.com.ar\/blog\/quien-esta-detras-de-emepa-un-poco-de-historia\/","url_meta":{"origin":5627,"position":5},"title":"QUIEN EST\u00c1 DETR\u00c1S DE EMEPA&#8230; UN POCO DE HISTORIA","author":"Alejandro Sosa Ruda","date":"28 mayo, 2018","format":false,"excerpt":"El \"Grupo EMEPA\", seg\u00fan lo publica \"El liberal\", est\u00e1 conformado de la siguiente manera: \"La empresa Ferrov\u00edas, que realiza el trayecto Retiro-Villa Rosa tiene la concesi\u00f3n de Belgrano Norte desde 1 de abril de 1994. Pertenece al grupo Emepa que mantiene Gabriel Benjam\u00edn Romero. Fue constituida en la d\u00e9cada del\u2026","rel":"","context":"En \u00abCHASCOM\u00daS\u00bb","block_context":{"text":"CHASCOM\u00daS","link":"https:\/\/larevistadigital.com.ar\/blog\/category\/chascomus\/"},"img":{"alt_text":"","src":"https:\/\/i0.wp.com\/larevistadigital.com.ar\/blog\/wp-content\/uploads\/2018\/05\/descarga.jpg?fit=600%2C336&ssl=1&resize=350%2C200","width":350,"height":200,"srcset":"https:\/\/i0.wp.com\/larevistadigital.com.ar\/blog\/wp-content\/uploads\/2018\/05\/descarga.jpg?fit=600%2C336&ssl=1&resize=350%2C200 1x, https:\/\/i0.wp.com\/larevistadigital.com.ar\/blog\/wp-content\/uploads\/2018\/05\/descarga.jpg?fit=600%2C336&ssl=1&resize=525%2C300 1.5x"},"classes":[]}],"_links":{"self":[{"href":"https:\/\/larevistadigital.com.ar\/blog\/wp-json\/wp\/v2\/posts\/5627","targetHints":{"allow":["GET"]}}],"collection":[{"href":"https:\/\/larevistadigital.com.ar\/blog\/wp-json\/wp\/v2\/posts"}],"about":[{"href":"https:\/\/larevistadigital.com.ar\/blog\/wp-json\/wp\/v2\/types\/post"}],"author":[{"embeddable":true,"href":"https:\/\/larevistadigital.com.ar\/blog\/wp-json\/wp\/v2\/users\/3"}],"replies":[{"embeddable":true,"href":"https:\/\/larevistadigital.com.ar\/blog\/wp-json\/wp\/v2\/comments?post=5627"}],"version-history":[{"count":2,"href":"https:\/\/larevistadigital.com.ar\/blog\/wp-json\/wp\/v2\/posts\/5627\/revisions"}],"predecessor-version":[{"id":5632,"href":"https:\/\/larevistadigital.com.ar\/blog\/wp-json\/wp\/v2\/posts\/5627\/revisions\/5632"}],"wp:featuredmedia":[{"embeddable":true,"href":"https:\/\/larevistadigital.com.ar\/blog\/wp-json\/wp\/v2\/media\/5628"}],"wp:attachment":[{"href":"https:\/\/larevistadigital.com.ar\/blog\/wp-json\/wp\/v2\/media?parent=5627"}],"wp:term":[{"taxonomy":"category","embeddable":true,"href":"https:\/\/larevistadigital.com.ar\/blog\/wp-json\/wp\/v2\/categories?post=5627"},{"taxonomy":"post_tag","embeddable":true,"href":"https:\/\/larevistadigital.com.ar\/blog\/wp-json\/wp\/v2\/tags?post=5627"}],"curies":[{"name":"wp","href":"https:\/\/api.w.org\/{rel}","templated":true}]}}