{"id":5633,"date":"2018-05-25T23:50:29","date_gmt":"2018-05-25T23:50:29","guid":{"rendered":"https:\/\/larevistadigital.com.ar\/blog\/?p=5633"},"modified":"2018-05-25T23:50:29","modified_gmt":"2018-05-25T23:50:29","slug":"chascomus-el-intendente-gaston-encabezo-el-acto-por-el-208-aniversario-de-la-revolucion-de-mayo","status":"publish","type":"post","link":"https:\/\/larevistadigital.com.ar\/blog\/chascomus-el-intendente-gaston-encabezo-el-acto-por-el-208-aniversario-de-la-revolucion-de-mayo\/","title":{"rendered":"CHASCOMUS: EL INTENDENTE GAST\u00d3N ENCABEZ\u00d3 EL ACTO POR EL 208\u00b0 ANIVERSARIO DE LA REVOLUCI\u00d3N DE MAYO"},"content":{"rendered":"<p>El Intendente Municipal encabez\u00f3 esta ma\u00f1ana el acto oficial por el 208\u00b0 aniversario de la Revoluci\u00f3n de Mayo.<\/p>\n<blockquote>\n<h3>El evento se desarroll\u00f3 en la Plaza Independencia y cont\u00f3 con la participaci\u00f3n de autoridades municipales, alumnos, representantes de la comunidad educativa, numerosas instituciones locales y p\u00fablico en general.<\/h3>\n<\/blockquote>\n<div class=\"text_exposed_show\">\n<p><em><strong>\u00abSi somos capaces de sostener y alimentar aquel esp\u00edritu de la Revoluci\u00f3n, podremos concretar la Patria de nuestros sue\u00f1os y honrar a nuestros h\u00e9roes.<\/strong><\/em><\/p>\n<p><em><strong>Que podamos encontrarnos en distintos espacios comunes nos hace bien a todos, nos ayuda a reconocernos y valorarnos. Pero tambi\u00e9n nos da energ\u00eda para construir la ciudad que nosotros queramos que sea.<\/strong><\/em><\/p>\n<p><em><strong>So\u00f1emos con una ciudad m\u00e1s humana, con menos desigualdades, con los cambios posibles, de los sue\u00f1os que se concretan, colaborativa, transparente, innovadora, creativa, donde aprendamos del pasado y rescata lo que nos ayude a crecer a todos.<\/strong><\/em><\/p>\n<p><em><strong>Creemos en la construcci\u00f3n de una ciudad amable, donde cada vecino pueda encontrar su felicidad y esto s\u00f3lo ser\u00e1 posible trabajando juntos.<\/strong><\/em><\/p>\n<p><em><strong>Hoy, como ayer nos dijera San Mart\u00edn, seamos libres y lo dem\u00e1s no importa nada\u00bb<\/strong><\/em>, les transmiti\u00f3 a los presentes<strong> Javier Gast\u00f3n<\/strong>.<\/p>\n<p>Previamente el Intendente Municipal particip\u00f3 del tradicional Tedeum correspondiente a la fecha, realizado en la Iglesia Catedral Nuestra Se\u00f1ora de la Merced.<\/p>\n<\/div>\n","protected":false},"excerpt":{"rendered":"<div class=\"mh-excerpt\"><p>El Intendente Municipal encabez\u00f3 esta ma\u00f1ana el acto oficial por el 208\u00b0 aniversario de la Revoluci\u00f3n de Mayo. El evento se desarroll\u00f3 en la Plaza Independencia y cont\u00f3 con la participaci\u00f3n de autoridades municipales, alumnos, <a class=\"mh-excerpt-more\" href=\"https:\/\/larevistadigital.com.ar\/blog\/chascomus-el-intendente-gaston-encabezo-el-acto-por-el-208-aniversario-de-la-revolucion-de-mayo\/\" title=\"CHASCOMUS: EL INTENDENTE GAST\u00d3N ENCABEZ\u00d3 EL ACTO POR EL 208\u00b0 ANIVERSARIO DE LA REVOLUCI\u00d3N DE MAYO\">[Leer M\u00e1s]<\/a><\/p>\n<\/div>","protected":false},"author":3,"featured_media":5634,"comment_status":"open","ping_status":"open","sticky":false,"template":"","format":"standard","meta":{"_jetpack_memberships_contains_paid_content":false,"footnotes":"","jetpack_publicize_message":"","jetpack_publicize_feature_enabled":true,"jetpack_social_post_already_shared":true,"jetpack_social_options":{"image_generator_settings":{"template":"highway","default_image_id":0,"font":"","enabled":false},"version":2}},"categories":[41],"tags":[],"class_list":{"0":"post-5633","1":"post","2":"type-post","3":"status-publish","4":"format-standard","5":"has-post-thumbnail","7":"category-destacadas"},"jetpack_publicize_connections":[],"jetpack_featured_media_url":"https:\/\/i0.wp.com\/larevistadigital.com.ar\/blog\/wp-content\/uploads\/2018\/05\/33222806_1889736601047216_826761305896517632_n.jpg?fit=960%2C640&ssl=1","jetpack_sharing_enabled":true,"jetpack_shortlink":"https:\/\/wp.me\/p8qtrQ-1sR","jetpack-related-posts":[{"id":5690,"url":"https:\/\/larevistadigital.com.ar\/blog\/chascomus-el-intendente-encabezo-los-festejos-por-el-239-aniversario-de-la-ciudad\/","url_meta":{"origin":5633,"position":0},"title":"CHASCOM\u00daS: EL INTENDENTE ENCABEZ\u00d3 LOS FESTEJOS POR EL 239 ANIVERSARIO DE LA CIUDAD","author":"Alejandro Sosa Ruda","date":"31 mayo, 2018","format":false,"excerpt":"Durante la ma\u00f1ana de hoy, el intendente municipal, Javier Gast\u00f3n, junto a familiares directos de Pedro Nicolas Escribano, encabezaron los festejos por el 239\u00b0 aniversario de la Fundaci\u00f3n de la Ciudad de Chascom\u00fas. Al inicio del encuentro, se acercaron a la Plaza Independencia para entregar una ofrenda floral en homenaje\u2026","rel":"","context":"En \u00abDESTACADAS\u00bb","block_context":{"text":"DESTACADAS","link":"https:\/\/larevistadigital.com.ar\/blog\/category\/destacadas\/"},"img":{"alt_text":"","src":"https:\/\/i0.wp.com\/larevistadigital.com.ar\/blog\/wp-content\/uploads\/2018\/05\/34015772_1895135910507285_121383446596550656_n.jpg?fit=960%2C641&ssl=1&resize=350%2C200","width":350,"height":200,"srcset":"https:\/\/i0.wp.com\/larevistadigital.com.ar\/blog\/wp-content\/uploads\/2018\/05\/34015772_1895135910507285_121383446596550656_n.jpg?fit=960%2C641&ssl=1&resize=350%2C200 1x, https:\/\/i0.wp.com\/larevistadigital.com.ar\/blog\/wp-content\/uploads\/2018\/05\/34015772_1895135910507285_121383446596550656_n.jpg?fit=960%2C641&ssl=1&resize=525%2C300 1.5x, https:\/\/i0.wp.com\/larevistadigital.com.ar\/blog\/wp-content\/uploads\/2018\/05\/34015772_1895135910507285_121383446596550656_n.jpg?fit=960%2C641&ssl=1&resize=700%2C400 2x"},"classes":[]},{"id":39813,"url":"https:\/\/larevistadigital.com.ar\/blog\/chascomus-este-domingo-se-realizara-el-acto-oficial-en-conmemoracion-de-la-revolucion-de-mayo\/","url_meta":{"origin":5633,"position":1},"title":"Chascom\u00fas: Este domingo se realizar\u00e1 el acto oficial en conmemoraci\u00f3n de la Revoluci\u00f3n de Mayo","author":"Alejandro Sosa Ruda","date":"20 mayo, 2025","format":false,"excerpt":"Comenzar\u00e1 a las 11,50 horas, en la Plaza Independencia y ser\u00e1 encabezado por el intendente Javier Gast\u00f3n. 20 de Mayo de 2025 CHASCOM\u00daS -\u00a0 \u00a0La Municipalidad de Chascom\u00fas invita a los vecinos a participar de los actos a celebrarse en la jornada de este domingo 25 de mayo, en conmemoraci\u00f3n\u2026","rel":"","context":"En \u00abCHASCOM\u00daS\u00bb","block_context":{"text":"CHASCOM\u00daS","link":"https:\/\/larevistadigital.com.ar\/blog\/category\/chascomus\/"},"img":{"alt_text":"","src":"https:\/\/i0.wp.com\/larevistadigital.com.ar\/blog\/wp-content\/uploads\/682cab20e594a.png?fit=668%2C445&ssl=1&resize=350%2C200","width":350,"height":200,"srcset":"https:\/\/i0.wp.com\/larevistadigital.com.ar\/blog\/wp-content\/uploads\/682cab20e594a.png?fit=668%2C445&ssl=1&resize=350%2C200 1x, https:\/\/i0.wp.com\/larevistadigital.com.ar\/blog\/wp-content\/uploads\/682cab20e594a.png?fit=668%2C445&ssl=1&resize=525%2C300 1.5x"},"classes":[]},{"id":6912,"url":"https:\/\/larevistadigital.com.ar\/blog\/javier-gaston-encabezo-el-acto-de-emplazamiento-del-busto-de-evita\/","url_meta":{"origin":5633,"position":2},"title":"JAVIER GAST\u00d3N ENCABEZ\u00d3 EL ACTO DE EMPLAZAMIENTO DEL BUSTO DE EVITA","author":"Alejandro Sosa Ruda","date":"18 octubre, 2018","format":false,"excerpt":"En el marco de la conmemoraci\u00f3n por el d\u00eda de la Lealtad, el intendente municipal particip\u00f3 de un emotivo acto en el que se restituy\u00f3 a su atril original el busto de Eva Duarte de Per\u00f3n. Acompa\u00f1ado por el ex jefe comunal, Miguel \u00c1ngel Tocci, y en una clara expresi\u00f3n\u2026","rel":"","context":"En \u00abPOLITICA\u00bb","block_context":{"text":"POLITICA","link":"https:\/\/larevistadigital.com.ar\/blog\/category\/politica\/"},"img":{"alt_text":"","src":"https:\/\/i0.wp.com\/larevistadigital.com.ar\/blog\/wp-content\/uploads\/2018\/10\/44283502_2109452362408971_6528249779095339008_o.jpg?fit=1200%2C800&ssl=1&resize=350%2C200","width":350,"height":200,"srcset":"https:\/\/i0.wp.com\/larevistadigital.com.ar\/blog\/wp-content\/uploads\/2018\/10\/44283502_2109452362408971_6528249779095339008_o.jpg?fit=1200%2C800&ssl=1&resize=350%2C200 1x, https:\/\/i0.wp.com\/larevistadigital.com.ar\/blog\/wp-content\/uploads\/2018\/10\/44283502_2109452362408971_6528249779095339008_o.jpg?fit=1200%2C800&ssl=1&resize=525%2C300 1.5x, https:\/\/i0.wp.com\/larevistadigital.com.ar\/blog\/wp-content\/uploads\/2018\/10\/44283502_2109452362408971_6528249779095339008_o.jpg?fit=1200%2C800&ssl=1&resize=700%2C400 2x, https:\/\/i0.wp.com\/larevistadigital.com.ar\/blog\/wp-content\/uploads\/2018\/10\/44283502_2109452362408971_6528249779095339008_o.jpg?fit=1200%2C800&ssl=1&resize=1050%2C600 3x"},"classes":[]},{"id":42679,"url":"https:\/\/larevistadigital.com.ar\/blog\/chascomus-el-intendente-municipal-acompano-el-emotivo-desfile-por-el-aniversario-de-los-bomberos-voluntarios\/","url_meta":{"origin":5633,"position":3},"title":"Chascom\u00fas: El Intendente Municipal acompa\u00f1\u00f3 el emotivo desfile por el aniversario de los Bomberos Voluntarios","author":"Alejandro Sosa Ruda","date":"1 diciembre, 2025","format":false,"excerpt":"La comunidad de Chascom\u00fas junto a los bomberos voluntarios celebr\u00f3 65 a\u00f1os de un gran modelo de entrega y solidaridad. 01 De Diciembre de 2025 CHASCOM\u00daS\u00a0 -\u00a0 \u00a0 Tal como estaba previsto, el \u00faltimo domingo se realiz\u00f3 el gran desfile por los festejos del 65\u00b0 aniversario de la Sociedad de\u2026","rel":"","context":"En \u00abCHASCOM\u00daS\u00bb","block_context":{"text":"CHASCOM\u00daS","link":"https:\/\/larevistadigital.com.ar\/blog\/category\/chascomus\/"},"img":{"alt_text":"","src":"https:\/\/i0.wp.com\/larevistadigital.com.ar\/blog\/wp-content\/uploads\/692dcce002084.png?fit=668%2C445&ssl=1&resize=350%2C200","width":350,"height":200,"srcset":"https:\/\/i0.wp.com\/larevistadigital.com.ar\/blog\/wp-content\/uploads\/692dcce002084.png?fit=668%2C445&ssl=1&resize=350%2C200 1x, https:\/\/i0.wp.com\/larevistadigital.com.ar\/blog\/wp-content\/uploads\/692dcce002084.png?fit=668%2C445&ssl=1&resize=525%2C300 1.5x"},"classes":[]},{"id":36016,"url":"https:\/\/larevistadigital.com.ar\/blog\/los-toldos-kiciloff-encabezo-un-acto-por-el-natalicio-de-eva-peron-e-oinauguro-una-nueva-casa-de-la-provincia\/","url_meta":{"origin":5633,"position":4},"title":"LOS TOLDOS; KICILOFF ENCABEZ\u00d3 UN ACTO POR EL NATALICIO DE EVA PER\u00d3N, E OINAUGUR\u00d3 UNA NUEVA -CASA DE LA PROVINCIA-","author":"Alejandro Sosa Ruda","date":"8 mayo, 2024","format":false,"excerpt":"Se trata del s\u00e9ptimo edificio provincial inaugurado. Tambi\u00e9n se present\u00f3 el concurso literario \"20 a\u00f1os de Creaci\u00f3n del Museo Casa Evita\". Qui\u00e9nes pueden participar y cu\u00e1ndo pueden inscribirse. 8 de Mayo de El Gobernador recorri\u00f3 el municipio de General Viamonte\u00a0junto al intendente local,\u00a0Franco Flexas, la jefa de Asesores,\u00a0Cristina \u00c1lvarez Rodr\u00edguez\u00a0y\u2026","rel":"","context":"En \u00abPOLITICA\u00bb","block_context":{"text":"POLITICA","link":"https:\/\/larevistadigital.com.ar\/blog\/category\/politica\/"},"img":{"alt_text":"","src":"https:\/\/i0.wp.com\/larevistadigital.com.ar\/blog\/wp-content\/uploads\/casa_1.jpeg?fit=1130%2C751&ssl=1&resize=350%2C200","width":350,"height":200,"srcset":"https:\/\/i0.wp.com\/larevistadigital.com.ar\/blog\/wp-content\/uploads\/casa_1.jpeg?fit=1130%2C751&ssl=1&resize=350%2C200 1x, https:\/\/i0.wp.com\/larevistadigital.com.ar\/blog\/wp-content\/uploads\/casa_1.jpeg?fit=1130%2C751&ssl=1&resize=525%2C300 1.5x, https:\/\/i0.wp.com\/larevistadigital.com.ar\/blog\/wp-content\/uploads\/casa_1.jpeg?fit=1130%2C751&ssl=1&resize=700%2C400 2x, https:\/\/i0.wp.com\/larevistadigital.com.ar\/blog\/wp-content\/uploads\/casa_1.jpeg?fit=1130%2C751&ssl=1&resize=1050%2C600 3x"},"classes":[]},{"id":16181,"url":"https:\/\/larevistadigital.com.ar\/blog\/castelli-se-llevo-a-cabo-el-acto-oficial-por-el-155-aniversario-de-su-fundacion\/","url_meta":{"origin":5633,"position":5},"title":"CASTELLI: SE LLEV\u00d3 A CABO EL ACTO OFICIAL POR EL 155\u00b0 ANIVERSARIO DE SU FUNDACI\u00d3N","author":"Alejandro Sosa Ruda","date":"31 agosto, 2020","format":false,"excerpt":"Esta ma\u00f1ana se realiz\u00f3 el acto oficial por el 155\u00b0 aniversario de la fundaci\u00f3n deL pueblo en la Plaza Juan Jos\u00e9 Castelli, encabezado por el Intendente Francisco Echarren. Asistieron autoridades municipales, policiales y judiciales de la ciudad e integrantes del Honorable Concejo Deliberante. Se entonaron las estrofas del Himno Nacional\u2026","rel":"","context":"En \u00abCASTELLI\u00bb","block_context":{"text":"CASTELLI","link":"https:\/\/larevistadigital.com.ar\/blog\/category\/castelli\/"},"img":{"alt_text":"","src":"https:\/\/i0.wp.com\/larevistadigital.com.ar\/blog\/wp-content\/uploads\/118519830_1562744747228555_1130617228880358722_n.jpg?fit=960%2C639&ssl=1&resize=350%2C200","width":350,"height":200,"srcset":"https:\/\/i0.wp.com\/larevistadigital.com.ar\/blog\/wp-content\/uploads\/118519830_1562744747228555_1130617228880358722_n.jpg?fit=960%2C639&ssl=1&resize=350%2C200 1x, https:\/\/i0.wp.com\/larevistadigital.com.ar\/blog\/wp-content\/uploads\/118519830_1562744747228555_1130617228880358722_n.jpg?fit=960%2C639&ssl=1&resize=525%2C300 1.5x, https:\/\/i0.wp.com\/larevistadigital.com.ar\/blog\/wp-content\/uploads\/118519830_1562744747228555_1130617228880358722_n.jpg?fit=960%2C639&ssl=1&resize=700%2C400 2x"},"classes":[]}],"_links":{"self":[{"href":"https:\/\/larevistadigital.com.ar\/blog\/wp-json\/wp\/v2\/posts\/5633","targetHints":{"allow":["GET"]}}],"collection":[{"href":"https:\/\/larevistadigital.com.ar\/blog\/wp-json\/wp\/v2\/posts"}],"about":[{"href":"https:\/\/larevistadigital.com.ar\/blog\/wp-json\/wp\/v2\/types\/post"}],"author":[{"embeddable":true,"href":"https:\/\/larevistadigital.com.ar\/blog\/wp-json\/wp\/v2\/users\/3"}],"replies":[{"embeddable":true,"href":"https:\/\/larevistadigital.com.ar\/blog\/wp-json\/wp\/v2\/comments?post=5633"}],"version-history":[{"count":1,"href":"https:\/\/larevistadigital.com.ar\/blog\/wp-json\/wp\/v2\/posts\/5633\/revisions"}],"predecessor-version":[{"id":5635,"href":"https:\/\/larevistadigital.com.ar\/blog\/wp-json\/wp\/v2\/posts\/5633\/revisions\/5635"}],"wp:featuredmedia":[{"embeddable":true,"href":"https:\/\/larevistadigital.com.ar\/blog\/wp-json\/wp\/v2\/media\/5634"}],"wp:attachment":[{"href":"https:\/\/larevistadigital.com.ar\/blog\/wp-json\/wp\/v2\/media?parent=5633"}],"wp:term":[{"taxonomy":"category","embeddable":true,"href":"https:\/\/larevistadigital.com.ar\/blog\/wp-json\/wp\/v2\/categories?post=5633"},{"taxonomy":"post_tag","embeddable":true,"href":"https:\/\/larevistadigital.com.ar\/blog\/wp-json\/wp\/v2\/tags?post=5633"}],"curies":[{"name":"wp","href":"https:\/\/api.w.org\/{rel}","templated":true}]}}