{"id":57,"date":"2017-01-30T14:39:55","date_gmt":"2017-01-30T14:39:55","guid":{"rendered":"https:\/\/larevistadigital.com.ar\/blog\/?p=57"},"modified":"2017-01-30T14:39:55","modified_gmt":"2017-01-30T14:39:55","slug":"los-precios-de-los-commodities-no-tenderian-a-derrumbarse-nuevamente-ya-que-china-sostendria-la-demanda","status":"publish","type":"post","link":"https:\/\/larevistadigital.com.ar\/blog\/los-precios-de-los-commodities-no-tenderian-a-derrumbarse-nuevamente-ya-que-china-sostendria-la-demanda\/","title":{"rendered":"LOS PRECIOS DE LOS COMMODITIES NO TENDER\u00cdAN A DERRUMBARSE NUEVAMENTE YA QUE CHINA SOSTENDR\u00cdA LA DEMANDA"},"content":{"rendered":"<p>Hablar en el campo de que algo tiene \u201cvuelo de perdiz\u201d significa que va a durar poco tiempo, como precisamente es el vuelo de esta ave tan com\u00fan en la Pampa argentina. Seguramente, la met\u00e1fora rural no es conocida en Wall Street, pero sirve para graficar lo que fue la escalada (breve) de precios que evidenci\u00f3 la mayor\u00eda de los commodities (energ\u00e9ticos, mineros y agr\u00edcolas) durante el segundo semestre de 2016.\u00a0\u00a0Si recientemente la soja alcanz\u00f3 un valor de u$s 395 la tonelada (un m\u00e1ximo de 6 meses), el Gobierno argentino y los productores deber\u00edan moderar sus expectativas, porque los analistas consideran que el cultivo estrella nacional, as\u00ed como gran parte de los productos b\u00e1sicos, va a moderar su alza para estancarse en una meseta que deber\u00eda durar por lo menos durante el presente a\u00f1o. Y esto a pesar de que los precios ven\u00edan subiendo por la preocupaci\u00f3n del mercado ante la posible menor cosecha esperada en la Argentina, debida a las graves inundaciones que afectan a parte del \u00e1rea sembrada.\u00a0\u00a0Por eso, si alguno pens\u00f3 en recuperar el \u201cviento de cola\u201d financiero para este a\u00f1o (situaci\u00f3n que benefici\u00f3 a nuestro pa\u00eds a principios del siglo XXI), la buena noticia es que en la visi\u00f3n de los analistas, los precios no tender\u00edan a derrumbarse nuevamente.\u00a0\u00a0Y justamente, poder minimizar la incertidumbre es un activo muy valorado en los mercados financieros.\u00a0Si la noticia que m\u00e1s impactaba en los mercados a fines de noviembre pasado era el acuerdo que hab\u00edan alcanzado los pa\u00edses exportadores de petr\u00f3leo para recortar su producci\u00f3n (por primera vez desde 2008), hoy el panorama es bastante distinto. En ese momento, el valor del barril de crudo se dispar\u00f3 un 14% en tan solo tres d\u00edas. Muchos contemplaban la posibilidad de que el precio recuperara parte del terreno perdido (en junio de 2015, el barril de WTI se ubicaba en los u$105, para luego caer hasta los u$s 29 en enero de 2016), pero las expectativas tuvieron que moderarse con las semanas.\u00a0\u00a0En primer lugar, porque a la OPEP, el club de pa\u00edses exportadores de crudo, le cuesta mucho cumplir con sus acuerdos (\u201cTendemos a enga\u00f1ar\u201d, fue la lapidaria confesi\u00f3n del ex ministro de Petr\u00f3leo de Arabia Saudita, Ali al-Naimi). Y en segundo t\u00e9rmino, porque la palabra de moda en los mercados de commodities es \u201csobreoferta\u201d.\u00a0\u00a0El exceso de la oferta mundial y el hecho de que los stocks est\u00e9n en sus niveles m\u00e1ximos para muchos de los productos b\u00e1sicos hacen que sea dif\u00edcil anticipar un ciclo alcista de precios que se pueda sostener en el tiempo.\u00a0\u00a0\u201cEl incremento en el precio del petr\u00f3leo va a mantenerse relativamente modesto: estimamos un barril a u$s 56 en tres meses [hoy se ubica en torno a los u$s 53, N.del R.], que se va a mantener estable entre los u$s 50 y u$s 60 en los pr\u00f3ximos tres a\u00f1os\u201d, seg\u00fan Damien Courvalin, analista de Goldman Sachs.\u00a0\u00a0Para el especialista, reci\u00e9n en el segundo semestre se va a empezar a revertir esta tendencia de sobreoferta en el mercado del crudo, \u201cporque se redujo la producci\u00f3n en varios pa\u00edses con costos elevados (China, M\u00e9xico, Venezuela y Colombia), mientras que la demanda crece por el efecto de una aceleraci\u00f3n en la actividad\u201d.\u00a0\u00a0En el terreno energ\u00e9tico, el amesetamiento de la producci\u00f3n de crudo tiene como efecto directo el aumento en la producci\u00f3n de hierro, carb\u00f3n y n\u00edquel, seg\u00fan los expertos. Para la Argentina, esta ser\u00eda una buena noticia, en momentos en que la mina de hierro de Sierra Grande (R\u00edo Negro), anunci\u00f3 la suspensi\u00f3n de la mayor\u00eda de sus empleados por el exceso de oferta mundial y por los costos dom\u00e9sticos, muy superiores al valor actual del commodity.\u00a0\u00a0En el caso del carb\u00f3n, su precio peg\u00f3 un salto del 15% durante el a\u00f1o pasado, por m\u00e1s que en muchos pa\u00edses se desaliente su producci\u00f3n por el impacto medioambiental que genera. La suba de su valor tambi\u00e9n se explica porque China bati\u00f3 en 2016 sus propios r\u00e9cords hist\u00f3ricos en la importaci\u00f3n de varios productos b\u00e1sicos, tales como petr\u00f3leo, hierro, cobre y soja.\u00a0\u00a0En cuanto al carb\u00f3n, el volumen importado por la econom\u00eda china creci\u00f3 un 25% con respecto a 2015, debido al cierre de varias minas locales para frenar la sobreproducci\u00f3n. Este incremento es a\u00fan mayor en el mercado del cobre (+30%), que al igual que sucede con otras materias primas, se explicar\u00eda porque China est\u00e1 aprovechando los precios bajos para recomponer sus stocks.\u00a0\u00a0Si bien la econom\u00eda china se desaceler\u00f3 en los \u00faltimos a\u00f1os, la realidad indica que durante el a\u00f1o pasado, fue el sost\u00e9n de la demanda mundial de los principales commodities mundiales (Bloomberg calcul\u00f3 que en 2016 el pa\u00eds import\u00f3 \u00a132 toneladas de hierro por segundo!). Y que este rol no va a modificarse durante 2017, porque el presidente Xi Jinping enfrenta en el pr\u00f3ximo mes de octubre la renovaci\u00f3n de su mandato de cinco a\u00f1os.\u00a0\u00a0Para la Argentina, adem\u00e1s de que la demanda de soja se va a sostener, surgen interesantes oportunidades en el mercado de productos l\u00e1cteos, seg\u00fan los analistas (tal vez eso explique por qu\u00e9 Arcor, un peso pesado en la exportaci\u00f3n de alimentos a nivel mundial, decidi\u00f3 ampliar su participaci\u00f3n en La Seren\u00edsima). Pero tambi\u00e9n en carnes: las importaciones chinas de carne porcina se duplicaron en 2016 y, seg\u00fan la consultora estadounidense Brock, la demanda de carne vacuna se disparar\u00eda.\u00a0\u00a0Sin embargo, dentro de este panorama, surge para los commodities un principal foco de incertidumbre, como es el caso en todos los dem\u00e1s mercados financieros: Donald Trump. Lo que haga (o no) el nuevo presidente de\u00a0EE.UU. puede impactar fuertemente en los precios de los productos b\u00e1sicos. Pero nadie se anima a predecir con exactitud de qu\u00e9 manera.<\/p>\n<p><strong><em>Fuente: El Cronista\u00a0\u00a0\u00a0\u00a0\u00a0\u00a0\u00a0\u00a0\u00a0\u00a0\u00a0\u00a0\u00a0\u00a0\u00a0\u00a0\u00a0\u00a0\u00a0\u00a0\u00a0\u00a0\u00a0\u00a0\u00a0\u00a0\u00a0\u00a0\u00a0\u00a0\u00a0\u00a0\u00a0\u00a0\u00a0\u00a0\u00a0\u00a0\u00a0\u00a0\u00a0\u00a0\u00a0\u00a0\u00a0\u00a0\u00a0\u00a0\u00a0\u00a0\u00a0\u00a0\u00a0\u00a0\u00a0\u00a0\u00a0\u00a0\u00a0\u00a0\u00a0\u00a0\u00a0\u00a0\u00a0\u00a0\u00a0\u00a0\u00a0\u00a0\u00a0\u00a0\u00a0\u00a0\u00a0\u00a0\u00a0\u00a0\u00a0\u00a0\u00a0\u00a0\u00a0\u00a0\u00a0\u00a0\u00a0\u00a0\u00a0\u00a0\u00a0\u00a0\u00a0\u00a0\u00a0\u00a0\u00a0\u00a0\u00a0\u00a0\u00a0\u00a0\u00a0\u00a0\u00a0 <\/em><\/strong><\/p>\n<p><a href=\"https:\/\/i0.wp.com\/larevistadigital.com.ar\/blog\/wp-content\/uploads\/2017\/01\/1.jpg?ssl=1\"><img data-recalc-dims=\"1\" loading=\"lazy\" decoding=\"async\" class=\"alignnone size-medium wp-image-58\" src=\"https:\/\/i0.wp.com\/larevistadigital.com.ar\/blog\/wp-content\/uploads\/2017\/01\/1.jpg?resize=300%2C168&#038;ssl=1\" alt=\"\" width=\"300\" height=\"168\" srcset=\"https:\/\/i0.wp.com\/larevistadigital.com.ar\/blog\/wp-content\/uploads\/2017\/01\/1.jpg?resize=300%2C168&amp;ssl=1 300w, https:\/\/i0.wp.com\/larevistadigital.com.ar\/blog\/wp-content\/uploads\/2017\/01\/1.jpg?resize=768%2C431&amp;ssl=1 768w, https:\/\/i0.wp.com\/larevistadigital.com.ar\/blog\/wp-content\/uploads\/2017\/01\/1.jpg?resize=1024%2C575&amp;ssl=1 1024w, https:\/\/i0.wp.com\/larevistadigital.com.ar\/blog\/wp-content\/uploads\/2017\/01\/1.jpg?resize=777%2C437&amp;ssl=1 777w, https:\/\/i0.wp.com\/larevistadigital.com.ar\/blog\/wp-content\/uploads\/2017\/01\/1.jpg?resize=260%2C146&amp;ssl=1 260w, https:\/\/i0.wp.com\/larevistadigital.com.ar\/blog\/wp-content\/uploads\/2017\/01\/1.jpg?resize=120%2C67&amp;ssl=1 120w, https:\/\/i0.wp.com\/larevistadigital.com.ar\/blog\/wp-content\/uploads\/2017\/01\/1.jpg?w=1152&amp;ssl=1 1152w\" sizes=\"auto, (max-width: 300px) 100vw, 300px\" \/><\/a><\/p>\n","protected":false},"excerpt":{"rendered":"<div class=\"mh-excerpt\"><p>Hablar en el campo de que algo tiene \u201cvuelo de perdiz\u201d significa que va a durar poco tiempo, como precisamente es el vuelo de esta ave tan com\u00fan en la Pampa argentina. Seguramente, la met\u00e1fora <a class=\"mh-excerpt-more\" href=\"https:\/\/larevistadigital.com.ar\/blog\/los-precios-de-los-commodities-no-tenderian-a-derrumbarse-nuevamente-ya-que-china-sostendria-la-demanda\/\" title=\"LOS PRECIOS DE LOS COMMODITIES NO TENDER\u00cdAN A DERRUMBARSE NUEVAMENTE YA QUE CHINA SOSTENDR\u00cdA LA DEMANDA\">[Leer M\u00e1s]<\/a><\/p>\n<\/div>","protected":false},"author":2,"featured_media":58,"comment_status":"open","ping_status":"open","sticky":false,"template":"","format":"standard","meta":{"_jetpack_memberships_contains_paid_content":false,"footnotes":"","jetpack_publicize_message":"","jetpack_publicize_feature_enabled":true,"jetpack_social_post_already_shared":false,"jetpack_social_options":{"image_generator_settings":{"template":"highway","default_image_id":0,"font":"","enabled":false},"version":2}},"categories":[9],"tags":[],"class_list":{"0":"post-57","1":"post","2":"type-post","3":"status-publish","4":"format-standard","5":"has-post-thumbnail","7":"category-economia"},"jetpack_publicize_connections":[],"jetpack_featured_media_url":"https:\/\/i0.wp.com\/larevistadigital.com.ar\/blog\/wp-content\/uploads\/2017\/01\/1.jpg?fit=1152%2C647&ssl=1","jetpack_sharing_enabled":true,"jetpack_shortlink":"https:\/\/wp.me\/p8qtrQ-V","jetpack-related-posts":[{"id":11659,"url":"https:\/\/larevistadigital.com.ar\/blog\/desde-el-jueves-nuevo-aumento-de-la-nafta-sera-entre-un-2-y-un-25\/","url_meta":{"origin":57,"position":0},"title":"DESDE EL JUEVES, NUEVO AUMENTO DE LA NAFTA: SER\u00c1 ENTRE UN 2 Y UN 2,5%","author":"Alejandro Sosa Ruda","date":"31 julio, 2019","format":false,"excerpt":"En el inicio de agosto, las\u00a0petroleras\u00a0volver\u00e1n a aplicar un aumento en los precios de los\u00a0combustibles, luego del \u00faltimo incremento que se registr\u00f3 a principios de julio.\u00a0La suba est\u00e1 estimada entre el 2% y el 2,5%. El incremento tiene que ver con la aplicaci\u00f3n del\u00a0impuesto a los combustibles, que sube en\u2026","rel":"","context":"En \u00abINTERES GENERAL\u00bb","block_context":{"text":"INTERES GENERAL","link":"https:\/\/larevistadigital.com.ar\/blog\/category\/interes-general\/"},"img":{"alt_text":"","src":"https:\/\/i0.wp.com\/larevistadigital.com.ar\/blog\/wp-content\/uploads\/1564574582133.jpeg?fit=1174%2C716&ssl=1&resize=350%2C200","width":350,"height":200,"srcset":"https:\/\/i0.wp.com\/larevistadigital.com.ar\/blog\/wp-content\/uploads\/1564574582133.jpeg?fit=1174%2C716&ssl=1&resize=350%2C200 1x, https:\/\/i0.wp.com\/larevistadigital.com.ar\/blog\/wp-content\/uploads\/1564574582133.jpeg?fit=1174%2C716&ssl=1&resize=525%2C300 1.5x, https:\/\/i0.wp.com\/larevistadigital.com.ar\/blog\/wp-content\/uploads\/1564574582133.jpeg?fit=1174%2C716&ssl=1&resize=700%2C400 2x, https:\/\/i0.wp.com\/larevistadigital.com.ar\/blog\/wp-content\/uploads\/1564574582133.jpeg?fit=1174%2C716&ssl=1&resize=1050%2C600 3x"},"classes":[]},{"id":25172,"url":"https:\/\/larevistadigital.com.ar\/blog\/cambios-en-whatsapp-los-nuevos-poderes-que-tendran-los-administradores-de-grupos\/","url_meta":{"origin":57,"position":1},"title":"CAMBIOS EN WHATSAPP: LOS NUEVOS PODERES QUE TENDR\u00c1N LOS ADMINISTRADORES DE GRUPOS","author":"Alejandro Sosa Ruda","date":"20 abril, 2022","format":false,"excerpt":"Ahora se podr\u00e1 moderar lo que se habla, con la posibilidad de eliminar comentarios que consideren ofensivos o fuera de lugar. Este mayor control ya se implement\u00f3 y lo est\u00e1n probando usuarios de Whatsapp Beta para Android e iOS. Una vez m\u00e1s, Whatsapp transformar\u00e1 por completo la manera de comunicarnos.\u2026","rel":"","context":"En \u00abINTERES GENERAL\u00bb","block_context":{"text":"INTERES GENERAL","link":"https:\/\/larevistadigital.com.ar\/blog\/category\/interes-general\/"},"img":{"alt_text":"","src":"https:\/\/i0.wp.com\/larevistadigital.com.ar\/blog\/wp-content\/uploads\/20220419200847_app.jpg?fit=880%2C512&ssl=1&resize=350%2C200","width":350,"height":200,"srcset":"https:\/\/i0.wp.com\/larevistadigital.com.ar\/blog\/wp-content\/uploads\/20220419200847_app.jpg?fit=880%2C512&ssl=1&resize=350%2C200 1x, https:\/\/i0.wp.com\/larevistadigital.com.ar\/blog\/wp-content\/uploads\/20220419200847_app.jpg?fit=880%2C512&ssl=1&resize=525%2C300 1.5x, https:\/\/i0.wp.com\/larevistadigital.com.ar\/blog\/wp-content\/uploads\/20220419200847_app.jpg?fit=880%2C512&ssl=1&resize=700%2C400 2x"},"classes":[]},{"id":2304,"url":"https:\/\/larevistadigital.com.ar\/blog\/mientras-en-chascomus-estudian-aumentar-las-tazas-en-general-las-heras-reducen-las-tasas-de-seguridad-e-higiene-para-bajar-los-precios\/","url_meta":{"origin":57,"position":2},"title":"Mientras en Chascom\u00fas estudian aumentar las tazas en  General Las Heras reducen las tasas de seguridad e higiene para bajar los precios","author":"editor","date":"13 mayo, 2017","format":false,"excerpt":"Desde el municipio de Chascom\u00fas cuyo intendente tambi\u00e9n forma parte del FRENTE RENOVADOR, \u00a0que lidera Sergio Massa ahora con la compan\u00eda de Margarita Stolbizer, \u00a0buscan que le aprueben el aumento de las tazas existentes y la creaci\u00f3n de unas nuevas. Esto ir\u00eda en contramano de la ultima presentaci\u00f3n de los\u2026","rel":"","context":"En \u00abCHASCOM\u00daS\u00bb","block_context":{"text":"CHASCOM\u00daS","link":"https:\/\/larevistadigital.com.ar\/blog\/category\/chascomus\/"},"img":{"alt_text":"","src":"https:\/\/i0.wp.com\/larevistadigital.com.ar\/blog\/wp-content\/uploads\/2017\/05\/9eeb518b-3a36-43bd-86bb-183d6c7aaa25.jpg?fit=786%2C1200&ssl=1&resize=350%2C200","width":350,"height":200,"srcset":"https:\/\/i0.wp.com\/larevistadigital.com.ar\/blog\/wp-content\/uploads\/2017\/05\/9eeb518b-3a36-43bd-86bb-183d6c7aaa25.jpg?fit=786%2C1200&ssl=1&resize=350%2C200 1x, https:\/\/i0.wp.com\/larevistadigital.com.ar\/blog\/wp-content\/uploads\/2017\/05\/9eeb518b-3a36-43bd-86bb-183d6c7aaa25.jpg?fit=786%2C1200&ssl=1&resize=525%2C300 1.5x, https:\/\/i0.wp.com\/larevistadigital.com.ar\/blog\/wp-content\/uploads\/2017\/05\/9eeb518b-3a36-43bd-86bb-183d6c7aaa25.jpg?fit=786%2C1200&ssl=1&resize=700%2C400 2x"},"classes":[]},{"id":26753,"url":"https:\/\/larevistadigital.com.ar\/blog\/los-precios-de-alimentos-y-bebidas-se-aumentaron-por-7-en-los-ultimos-5-anos\/","url_meta":{"origin":57,"position":3},"title":"LOS PRECIOS DE ALIMENTOS Y BEBIDAS SE AUMENTARON POR 7 EN LOS \u00daLTIMOS 5 A\u00d1OS","author":"Alejandro Sosa Ruda","date":"20 julio, 2022","format":false,"excerpt":"La fundaci\u00f3n FADA inform\u00f3 que llenar el changuito, con similares productos, hoy cuesta $7.080 cuando en 2017 se necesitaban $1.000. Pero la inflaci\u00f3n no se circunscribe solo a los productos agropecuarios, ya que en el caso de la ropa y el calzado fue superior durante el mismo per\u00edodo. El INDEC\u2026","rel":"","context":"En \u00abINTERES GENERAL\u00bb","block_context":{"text":"INTERES GENERAL","link":"https:\/\/larevistadigital.com.ar\/blog\/category\/interes-general\/"},"img":{"alt_text":"","src":"https:\/\/i0.wp.com\/larevistadigital.com.ar\/blog\/wp-content\/uploads\/GM7HEKU7I5ECFKYO35BJEZLIC4.jpg?fit=1200%2C672&ssl=1&resize=350%2C200","width":350,"height":200,"srcset":"https:\/\/i0.wp.com\/larevistadigital.com.ar\/blog\/wp-content\/uploads\/GM7HEKU7I5ECFKYO35BJEZLIC4.jpg?fit=1200%2C672&ssl=1&resize=350%2C200 1x, https:\/\/i0.wp.com\/larevistadigital.com.ar\/blog\/wp-content\/uploads\/GM7HEKU7I5ECFKYO35BJEZLIC4.jpg?fit=1200%2C672&ssl=1&resize=525%2C300 1.5x, https:\/\/i0.wp.com\/larevistadigital.com.ar\/blog\/wp-content\/uploads\/GM7HEKU7I5ECFKYO35BJEZLIC4.jpg?fit=1200%2C672&ssl=1&resize=700%2C400 2x, https:\/\/i0.wp.com\/larevistadigital.com.ar\/blog\/wp-content\/uploads\/GM7HEKU7I5ECFKYO35BJEZLIC4.jpg?fit=1200%2C672&ssl=1&resize=1050%2C600 3x"},"classes":[]},{"id":14031,"url":"https:\/\/larevistadigital.com.ar\/blog\/panico-de-mas-de-200-pasajeros-argentinos-en-un-vuelo-miami-bs-as\/","url_meta":{"origin":57,"position":4},"title":"P\u00c1NICO DE M\u00c1S DE 200 PASAJEROS ARGENTINOS EN UN VUELO MIAMI-BS.AS.","author":"Alejandro Sosa Ruda","date":"6 enero, 2020","format":false,"excerpt":"Una turbina del Boeing 767-300 de LATAM se incendi\u00f3 al momento del despegue M\u00e1s de 200 argentinos\u00a0que estaban por retornar al pa\u00eds\u00a0en un vuelo desde Miami de la empresa LATAM vivieron el s\u00e1bado por la noche momentos de p\u00e1nico.\u00a0Sucede que\u00a0durante el despegue\u00a0se\u00a0incendi\u00f3 una de las turbinas del avi\u00f3n, un Boeing\u2026","rel":"","context":"En \u00abINTERES GENERAL\u00bb","block_context":{"text":"INTERES GENERAL","link":"https:\/\/larevistadigital.com.ar\/blog\/category\/interes-general\/"},"img":{"alt_text":"","src":"https:\/\/i0.wp.com\/larevistadigital.com.ar\/blog\/wp-content\/uploads\/Screenshot_1-79.jpg?fit=934%2C523&ssl=1&resize=350%2C200","width":350,"height":200,"srcset":"https:\/\/i0.wp.com\/larevistadigital.com.ar\/blog\/wp-content\/uploads\/Screenshot_1-79.jpg?fit=934%2C523&ssl=1&resize=350%2C200 1x, https:\/\/i0.wp.com\/larevistadigital.com.ar\/blog\/wp-content\/uploads\/Screenshot_1-79.jpg?fit=934%2C523&ssl=1&resize=525%2C300 1.5x, https:\/\/i0.wp.com\/larevistadigital.com.ar\/blog\/wp-content\/uploads\/Screenshot_1-79.jpg?fit=934%2C523&ssl=1&resize=700%2C400 2x"},"classes":[]},{"id":15031,"url":"https:\/\/larevistadigital.com.ar\/blog\/la-plata-clausuran-un-vea-del-centro-y-sancionan-locales-por-los-precios-y-modalidades-de-pago\/","url_meta":{"origin":57,"position":5},"title":"LA PLATA: CLAUSURAN UN \u00abVEA\u00bb DEL CENTRO Y SANCIONAN LOCALES POR LOS PRECIOS Y MODALIDADES DE PAGO","author":"Alejandro Sosa Ruda","date":"30 marzo, 2020","format":false,"excerpt":"La Municipalidad de La Plata despleg\u00f3 un operativo de control en supermercados y farmacias de la ciudad para garantizar el correspondiente abastecimiento y el cumplimiento de los precios fijados por el gobierno, en el marco del aislamiento social, preventivo y obligatorio por el Coronavirus. Clausuran un comercio con sobreprecios del\u2026","rel":"","context":"En \u00abREGIONALES\u00bb","block_context":{"text":"REGIONALES","link":"https:\/\/larevistadigital.com.ar\/blog\/category\/regionales\/"},"img":{"alt_text":"","src":"https:\/\/i0.wp.com\/larevistadigital.com.ar\/blog\/wp-content\/uploads\/20200330193728_deb76b01_ed83_4030_91bc_a75b0176790c.jpg?fit=880%2C586&ssl=1&resize=350%2C200","width":350,"height":200,"srcset":"https:\/\/i0.wp.com\/larevistadigital.com.ar\/blog\/wp-content\/uploads\/20200330193728_deb76b01_ed83_4030_91bc_a75b0176790c.jpg?fit=880%2C586&ssl=1&resize=350%2C200 1x, https:\/\/i0.wp.com\/larevistadigital.com.ar\/blog\/wp-content\/uploads\/20200330193728_deb76b01_ed83_4030_91bc_a75b0176790c.jpg?fit=880%2C586&ssl=1&resize=525%2C300 1.5x, https:\/\/i0.wp.com\/larevistadigital.com.ar\/blog\/wp-content\/uploads\/20200330193728_deb76b01_ed83_4030_91bc_a75b0176790c.jpg?fit=880%2C586&ssl=1&resize=700%2C400 2x"},"classes":[]}],"_links":{"self":[{"href":"https:\/\/larevistadigital.com.ar\/blog\/wp-json\/wp\/v2\/posts\/57","targetHints":{"allow":["GET"]}}],"collection":[{"href":"https:\/\/larevistadigital.com.ar\/blog\/wp-json\/wp\/v2\/posts"}],"about":[{"href":"https:\/\/larevistadigital.com.ar\/blog\/wp-json\/wp\/v2\/types\/post"}],"author":[{"embeddable":true,"href":"https:\/\/larevistadigital.com.ar\/blog\/wp-json\/wp\/v2\/users\/2"}],"replies":[{"embeddable":true,"href":"https:\/\/larevistadigital.com.ar\/blog\/wp-json\/wp\/v2\/comments?post=57"}],"version-history":[{"count":1,"href":"https:\/\/larevistadigital.com.ar\/blog\/wp-json\/wp\/v2\/posts\/57\/revisions"}],"predecessor-version":[{"id":59,"href":"https:\/\/larevistadigital.com.ar\/blog\/wp-json\/wp\/v2\/posts\/57\/revisions\/59"}],"wp:featuredmedia":[{"embeddable":true,"href":"https:\/\/larevistadigital.com.ar\/blog\/wp-json\/wp\/v2\/media\/58"}],"wp:attachment":[{"href":"https:\/\/larevistadigital.com.ar\/blog\/wp-json\/wp\/v2\/media?parent=57"}],"wp:term":[{"taxonomy":"category","embeddable":true,"href":"https:\/\/larevistadigital.com.ar\/blog\/wp-json\/wp\/v2\/categories?post=57"},{"taxonomy":"post_tag","embeddable":true,"href":"https:\/\/larevistadigital.com.ar\/blog\/wp-json\/wp\/v2\/tags?post=57"}],"curies":[{"name":"wp","href":"https:\/\/api.w.org\/{rel}","templated":true}]}}