{"id":585,"date":"2017-03-04T19:45:42","date_gmt":"2017-03-04T19:45:42","guid":{"rendered":"https:\/\/larevistadigital.com.ar\/blog\/?p=585"},"modified":"2017-03-06T19:49:01","modified_gmt":"2017-03-06T19:49:01","slug":"cuatro-provincias-ya-autorizaron-uso-medicinal-del-aceite-cannabis","status":"publish","type":"post","link":"https:\/\/larevistadigital.com.ar\/blog\/cuatro-provincias-ya-autorizaron-uso-medicinal-del-aceite-cannabis\/","title":{"rendered":"Cuatro provincias ya autorizaron el uso medicinal del aceite de cannabis"},"content":{"rendered":"<h2>Chubut se convirti\u00f3 en la primera provincia en autorizar el uso medicinal de cannabis. Otras tres, Neuqu\u00e9n, Santa Fe y Salta, aprobaron leyes similares<\/h2>\n<p>A mediados de mes, un plenario de tres comisiones se reunir\u00e1 para debatir el proyecto que los diputados aprobaron el 23 de noviembre y \u00abya hay un principio de acuerdo para aprobarlo cuanto antes\u00bb, dijo a Silvia El\u00edas de P\u00e9rez, del bloque Cambiemos.<\/p>\n<p>De ser sancionada, la ley llegar\u00e1 para darle un marco nacional a una problem\u00e1tica que ya avanza en las provincias.<\/p>\n<p>El 22 de septiembre pasado, Chubut se convirti\u00f3 en la primera provincia en autorizar el uso medicinal de cannabis. Otras tres, Neuqu\u00e9n, Santa Fe y Salta, aprobaron leyes similares, mientras que en Mendoza y Catamarca los proyectos ya tienen media sanci\u00f3n.<\/p>\n<p>Con matices, tanto el texto aprobado por Diputados como los que se sancionaron en el interior, incorporan el aceite de cannabis a la lista de los remedios autorizados, a la vez que impulsan la investigaci\u00f3n y el cultivo por parte del Estado, aunque ninguno plantea uno de los temas m\u00e1s pol\u00e9micos: el autocultivo.<\/p>\n<p>Valeria Salech, de la ONG Mam\u00e1 Cultiva, asegur\u00f3 que en la pr\u00e1ctica, las leyes no trajeron hasta ahora muchas soluciones.<\/p>\n<blockquote><p>\u00abLa realidad es que para acceder al aceite se necesita una receta y no hay neur\u00f3logos que la hagan porque no quieren o porque no saben. Sab\u00edamos que esto iba a pasar. Adem\u00e1s, el ANMAT solo autoriza la importaci\u00f3n para epilepsia refractaria pero existen otros 16 tipos de epilepsias y el aceite que traen no funciona en todas las personas\u00bb, dijo Salech.<\/p><\/blockquote>\n<p>Desde distintas ONG&#8217;s pidieron que se autorice el autocultivo porque, aseguran, es el paciente quien mejor conoce el tipo de cepa que necesita para su enfermedad. \u00abYo no entiendo que problema puede generar que una persona cultive su planta en el fondo, no molesta a nadie\u00bb, sostuvo Adriana Funaro, quien se encuentra con prisi\u00f3n domiciliaria despu\u00e9s de que un vecino la denunci\u00f3 porque fabricaba su propio aceite para calmar el dolor que le produce una artrosis en la rodilla.<\/p>\n<p>De acuerdo con un informe de la ANMAT, \u00abqued\u00f3 demostrada la eficacia y seguridad del uso medicinal de los cannabinoides para el tratamiento del dolor cr\u00f3nico, n\u00e1useas y v\u00f3mitos debido a quimioterapia, estimulaci\u00f3n del apetito en infecci\u00f3n HIV \/ SIDA\u00bb, mientras que en los casos de epilepsia refractaria redujo en un 50 por ciento la frecuendia de las convulsiones.<\/p>\n<p>En La Plata, la Universidad Nacional (UNLP) trabaja en el desarrollo de dos proyectos sobre el uso medicinal del aceite de cannabis: uno de producci\u00f3n en peque\u00f1a escala y otro sobre el control de calidad.<\/p>\n<p>Hasta ahora, esta universidad es la que \u00fanica que desarrolla investigaci\u00f3n de manera oficial, ya que otros investigadores vienen colaborando con los cultivadores pero, ante la falta de legislaci\u00f3n, lo hacen de manera informal.<\/p>\n<p>Desde la UNLP explicaron que sus investigadores est\u00e1n en condiciones de posicionar al laboratorio como centro de producci\u00f3n de sustancias que sirvan para el control de calidad del aceite del cannabis que se consume en el pa\u00eds. (<strong>InfoGEI<\/strong>)<\/p>\n","protected":false},"excerpt":{"rendered":"<div class=\"mh-excerpt\"><p>Chubut se convirti\u00f3 en la primera provincia en autorizar el uso medicinal de cannabis. Otras tres, Neuqu\u00e9n, Santa Fe y Salta, aprobaron leyes similares A mediados de mes, un plenario de tres comisiones se reunir\u00e1 <a class=\"mh-excerpt-more\" href=\"https:\/\/larevistadigital.com.ar\/blog\/cuatro-provincias-ya-autorizaron-uso-medicinal-del-aceite-cannabis\/\" title=\"Cuatro provincias ya autorizaron el uso medicinal del aceite de cannabis\">[Leer M\u00e1s]<\/a><\/p>\n<\/div>","protected":false},"author":2,"featured_media":586,"comment_status":"open","ping_status":"open","sticky":false,"template":"","format":"standard","meta":{"_jetpack_memberships_contains_paid_content":false,"footnotes":"","jetpack_publicize_message":"","jetpack_publicize_feature_enabled":true,"jetpack_social_post_already_shared":true,"jetpack_social_options":{"image_generator_settings":{"template":"highway","default_image_id":0,"font":"","enabled":false},"version":2}},"categories":[12,25],"tags":[],"class_list":{"0":"post-585","1":"post","2":"type-post","3":"status-publish","4":"format-standard","5":"has-post-thumbnail","7":"category-politica","8":"category-politica-nacional"},"jetpack_publicize_connections":[],"jetpack_featured_media_url":"https:\/\/i0.wp.com\/larevistadigital.com.ar\/blog\/wp-content\/uploads\/2017\/03\/20170304164219_senado.jpg?fit=620%2C370&ssl=1","jetpack_sharing_enabled":true,"jetpack_shortlink":"https:\/\/wp.me\/p8qtrQ-9r","jetpack-related-posts":[{"id":1838,"url":"https:\/\/larevistadigital.com.ar\/blog\/analizaron-el-uso-terapeutico-del-cannabis-en-la-provincia\/","url_meta":{"origin":585,"position":0},"title":"ANALIZARON EL USO TERAP\u00c9UTICO DEL CANNABIS EN LA PROVINCIA","author":"Alejandro Sosa Ruda","date":"5 abril, 2017","format":false,"excerpt":"En la C\u00e1mara de Diputados bonaerense se realiz\u00f3 el\u00a0Foro \u201cPerspectivas para el uso terap\u00e9utico del cannabis en la Provincia\u201dorganizado por la titular de la Comisi\u00f3n de Salud, la diputada Alejandra Lord\u00e9n, que cont\u00f3\u00a0 con la presencia de representantes del Poder Ejecutivo, del Legislativo, el intendente de la municipalidad de General\u2026","rel":"","context":"En \u00abDESTACADAS\u00bb","block_context":{"text":"DESTACADAS","link":"https:\/\/larevistadigital.com.ar\/blog\/category\/destacadas\/"},"img":{"alt_text":"","src":"https:\/\/i0.wp.com\/larevistadigital.com.ar\/blog\/wp-content\/uploads\/2017\/04\/83651cf5-718a-468a-b0e2-e9f9de43c431.jpg?fit=1200%2C498&ssl=1&resize=350%2C200","width":350,"height":200,"srcset":"https:\/\/i0.wp.com\/larevistadigital.com.ar\/blog\/wp-content\/uploads\/2017\/04\/83651cf5-718a-468a-b0e2-e9f9de43c431.jpg?fit=1200%2C498&ssl=1&resize=350%2C200 1x, https:\/\/i0.wp.com\/larevistadigital.com.ar\/blog\/wp-content\/uploads\/2017\/04\/83651cf5-718a-468a-b0e2-e9f9de43c431.jpg?fit=1200%2C498&ssl=1&resize=525%2C300 1.5x, https:\/\/i0.wp.com\/larevistadigital.com.ar\/blog\/wp-content\/uploads\/2017\/04\/83651cf5-718a-468a-b0e2-e9f9de43c431.jpg?fit=1200%2C498&ssl=1&resize=700%2C400 2x, https:\/\/i0.wp.com\/larevistadigital.com.ar\/blog\/wp-content\/uploads\/2017\/04\/83651cf5-718a-468a-b0e2-e9f9de43c431.jpg?fit=1200%2C498&ssl=1&resize=1050%2C600 3x"},"classes":[]},{"id":24466,"url":"https:\/\/larevistadigital.com.ar\/blog\/libres-del-sur-consiguio-mas-de-un-millon-de-votantes-en-la-consulta-por-el-acuerdo-con-el-fmi\/","url_meta":{"origin":585,"position":1},"title":"LIBRES DEL SUR CONSIGUI\u00d3 M\u00c1S DE UN MILL\u00d3N DE VOTANTES EN LA CONSULTA POR EL ACUERDO CON EL FMI","author":"Alejandro Sosa Ruda","date":"9 marzo, 2022","format":false,"excerpt":"Chascom\u00fas cumpli\u00f3 con una destacada actuaci\u00f3n de la militancia del partido, de la mano de su referente Beatriz De Le\u00f3n, logrando una importante participaci\u00f3n de la gente. El d\u00eda s\u00e1bado 5 de marzo, sigui\u00f3 desarroll\u00e1ndose a lo largo y ancho del territorio nacional la Consulta Popular promovida por el Movimiento\u2026","rel":"","context":"En \u00abINTERES GENERAL\u00bb","block_context":{"text":"INTERES GENERAL","link":"https:\/\/larevistadigital.com.ar\/blog\/category\/interes-general\/"},"img":{"alt_text":"","src":"https:\/\/i0.wp.com\/larevistadigital.com.ar\/blog\/wp-content\/uploads\/WhatsApp-Image-2022-03-09-at-16.01.08.jpeg?fit=1200%2C675&ssl=1&resize=350%2C200","width":350,"height":200,"srcset":"https:\/\/i0.wp.com\/larevistadigital.com.ar\/blog\/wp-content\/uploads\/WhatsApp-Image-2022-03-09-at-16.01.08.jpeg?fit=1200%2C675&ssl=1&resize=350%2C200 1x, https:\/\/i0.wp.com\/larevistadigital.com.ar\/blog\/wp-content\/uploads\/WhatsApp-Image-2022-03-09-at-16.01.08.jpeg?fit=1200%2C675&ssl=1&resize=525%2C300 1.5x, https:\/\/i0.wp.com\/larevistadigital.com.ar\/blog\/wp-content\/uploads\/WhatsApp-Image-2022-03-09-at-16.01.08.jpeg?fit=1200%2C675&ssl=1&resize=700%2C400 2x, https:\/\/i0.wp.com\/larevistadigital.com.ar\/blog\/wp-content\/uploads\/WhatsApp-Image-2022-03-09-at-16.01.08.jpeg?fit=1200%2C675&ssl=1&resize=1050%2C600 3x"},"classes":[]},{"id":10831,"url":"https:\/\/larevistadigital.com.ar\/blog\/san-juan-adhiere-a-la-ley-de-cannabis-medicinal-y-garantizara-el-reparto-gratuito\/","url_meta":{"origin":585,"position":2},"title":"SAN JUAN ADHIERE A LA LEY DE CANNABIS MEDICINAL Y GARANTIZAR\u00c1 EL REPARTO GRATUITO","author":"Alejandro Sosa Ruda","date":"28 junio, 2019","format":false,"excerpt":"La norma aprobada por unanimidad en la C\u00e1mara de Diputados local permite la instalaci\u00f3n de dos empresas extranjeras que ya iniciaron inversiones para producir el producto y establece que el estado provincial\u00a0podr\u00e1 proveer el aceite a las personas que lo necesiten. San Luis aprob\u00f3 la adhesi\u00f3n a la ley nacional\u2026","rel":"","context":"En \u00abINTERES GENERAL\u00bb","block_context":{"text":"INTERES GENERAL","link":"https:\/\/larevistadigital.com.ar\/blog\/category\/interes-general\/"},"img":{"alt_text":"","src":"https:\/\/i0.wp.com\/larevistadigital.com.ar\/blog\/wp-content\/uploads\/Screenshot_4-2.jpg?fit=1044%2C524&ssl=1&resize=350%2C200","width":350,"height":200,"srcset":"https:\/\/i0.wp.com\/larevistadigital.com.ar\/blog\/wp-content\/uploads\/Screenshot_4-2.jpg?fit=1044%2C524&ssl=1&resize=350%2C200 1x, https:\/\/i0.wp.com\/larevistadigital.com.ar\/blog\/wp-content\/uploads\/Screenshot_4-2.jpg?fit=1044%2C524&ssl=1&resize=525%2C300 1.5x, https:\/\/i0.wp.com\/larevistadigital.com.ar\/blog\/wp-content\/uploads\/Screenshot_4-2.jpg?fit=1044%2C524&ssl=1&resize=700%2C400 2x"},"classes":[]},{"id":18168,"url":"https:\/\/larevistadigital.com.ar\/blog\/la-provincia-presento-el-proyecto-de-ley-que-autoriza-el-autocultivo-de-cannabis-medicinal\/","url_meta":{"origin":585,"position":3},"title":"LA PROVINCIA PRESENT\u00d3 EL PROYECTO DE LEY QUE AUTORIZA EL AUTOCULTIVO DE CANNABIS MEDICINAL","author":"Alejandro Sosa Ruda","date":"16 diciembre, 2020","format":false,"excerpt":"La iniciativa de la provincia de Buenos Aires crea la Agencia y el Registro del Cannabis adem\u00e1s del programa \"Cultivo Solidario\" para particulares. El Gobierno de la provincia de Buenos Aires, \u00a0envi\u00f3 a la legislatura un proyecto de ley que\u00a0autoriza el autocultivo de Cannabis para uso medicinal\u00a0e incorpora el\u00a0aceite como\u2026","rel":"","context":"En \u00abINTERES GENERAL\u00bb","block_context":{"text":"INTERES GENERAL","link":"https:\/\/larevistadigital.com.ar\/blog\/category\/interes-general\/"},"img":{"alt_text":"","src":"https:\/\/i0.wp.com\/larevistadigital.com.ar\/blog\/wp-content\/uploads\/cannabis-medicinal.jpg?fit=1140%2C640&ssl=1&resize=350%2C200","width":350,"height":200,"srcset":"https:\/\/i0.wp.com\/larevistadigital.com.ar\/blog\/wp-content\/uploads\/cannabis-medicinal.jpg?fit=1140%2C640&ssl=1&resize=350%2C200 1x, https:\/\/i0.wp.com\/larevistadigital.com.ar\/blog\/wp-content\/uploads\/cannabis-medicinal.jpg?fit=1140%2C640&ssl=1&resize=525%2C300 1.5x, https:\/\/i0.wp.com\/larevistadigital.com.ar\/blog\/wp-content\/uploads\/cannabis-medicinal.jpg?fit=1140%2C640&ssl=1&resize=700%2C400 2x, https:\/\/i0.wp.com\/larevistadigital.com.ar\/blog\/wp-content\/uploads\/cannabis-medicinal.jpg?fit=1140%2C640&ssl=1&resize=1050%2C600 3x"},"classes":[]},{"id":13271,"url":"https:\/\/larevistadigital.com.ar\/blog\/el-concejo-deliberante-aprobo-el-cultivo-medicinal-de-marihuana\/","url_meta":{"origin":585,"position":4},"title":"EL CONCEJO DELIBERANTE APROB\u00d3 EL CULTIVO MEDICINAL DE MARIHUANA","author":"Alejandro Sosa Ruda","date":"20 noviembre, 2019","format":false,"excerpt":"El Concejo Deliberante de\u00a0Castelli aprob\u00f3 por unanimidad durante la sesi\u00f3n de este martes una ordenanza impulsada por el ejecutivo que regula el cultivo de Cannabis medicinal en la Ciudad. De esta manera Castelli se suma a los distritos de San Vicente, Gral Lamadrid, Hurlinghan, que aprobaron a trav\u00e9s del concejo\u2026","rel":"","context":"En \u00abCASTELLI\u00bb","block_context":{"text":"CASTELLI","link":"https:\/\/larevistadigital.com.ar\/blog\/category\/castelli\/"},"img":{"alt_text":"","src":"https:\/\/i0.wp.com\/larevistadigital.com.ar\/blog\/wp-content\/uploads\/20181017-Marihuana-1200x750.jpg?fit=1200%2C750&ssl=1&resize=350%2C200","width":350,"height":200,"srcset":"https:\/\/i0.wp.com\/larevistadigital.com.ar\/blog\/wp-content\/uploads\/20181017-Marihuana-1200x750.jpg?fit=1200%2C750&ssl=1&resize=350%2C200 1x, https:\/\/i0.wp.com\/larevistadigital.com.ar\/blog\/wp-content\/uploads\/20181017-Marihuana-1200x750.jpg?fit=1200%2C750&ssl=1&resize=525%2C300 1.5x, https:\/\/i0.wp.com\/larevistadigital.com.ar\/blog\/wp-content\/uploads\/20181017-Marihuana-1200x750.jpg?fit=1200%2C750&ssl=1&resize=700%2C400 2x, https:\/\/i0.wp.com\/larevistadigital.com.ar\/blog\/wp-content\/uploads\/20181017-Marihuana-1200x750.jpg?fit=1200%2C750&ssl=1&resize=1050%2C600 3x"},"classes":[]},{"id":22644,"url":"https:\/\/larevistadigital.com.ar\/blog\/ganadores-de-las-elecciones-en-cada-provincia\/","url_meta":{"origin":585,"position":5},"title":"DIPUTADOS\/SENADORES: GANADORES DE LAS ELECCIONES EN CADA PROVINCIA","author":"Alejandro Sosa Ruda","date":"15 noviembre, 2021","format":false,"excerpt":"Ac\u00e1 un informe donde est\u00e1n todos los ganadores de las elecciones en cada una de las provincias CANDIDATOS A DIPUTADOS BUENOS AIRES...............................................................................Juntos (37,99%) CABA..................................................................................................Juntos por el Cambio (48,19%) SANTA FE.........................................................................................Juntos por el Cambio (40,11%) C\u00d3RDOBA.......................................................................................Juntos por el Cambio (47,55%) MENDOZA.......................................................................................Frente Cambia Mendoza (43,02%) ENTRE RIOS.....................................................................................Juntos por Entre R\u00edos (51,78%) CATAMARCA...................................................................................Frente\u2026","rel":"","context":"En \u00abINTERES GENERAL\u00bb","block_context":{"text":"INTERES GENERAL","link":"https:\/\/larevistadigital.com.ar\/blog\/category\/interes-general\/"},"img":{"alt_text":"","src":"https:\/\/i0.wp.com\/larevistadigital.com.ar\/blog\/wp-content\/uploads\/5d814d93f59da4b525cb8165d822c261.jpg?fit=1200%2C898&ssl=1&resize=350%2C200","width":350,"height":200,"srcset":"https:\/\/i0.wp.com\/larevistadigital.com.ar\/blog\/wp-content\/uploads\/5d814d93f59da4b525cb8165d822c261.jpg?fit=1200%2C898&ssl=1&resize=350%2C200 1x, https:\/\/i0.wp.com\/larevistadigital.com.ar\/blog\/wp-content\/uploads\/5d814d93f59da4b525cb8165d822c261.jpg?fit=1200%2C898&ssl=1&resize=525%2C300 1.5x, https:\/\/i0.wp.com\/larevistadigital.com.ar\/blog\/wp-content\/uploads\/5d814d93f59da4b525cb8165d822c261.jpg?fit=1200%2C898&ssl=1&resize=700%2C400 2x, https:\/\/i0.wp.com\/larevistadigital.com.ar\/blog\/wp-content\/uploads\/5d814d93f59da4b525cb8165d822c261.jpg?fit=1200%2C898&ssl=1&resize=1050%2C600 3x"},"classes":[]}],"_links":{"self":[{"href":"https:\/\/larevistadigital.com.ar\/blog\/wp-json\/wp\/v2\/posts\/585","targetHints":{"allow":["GET"]}}],"collection":[{"href":"https:\/\/larevistadigital.com.ar\/blog\/wp-json\/wp\/v2\/posts"}],"about":[{"href":"https:\/\/larevistadigital.com.ar\/blog\/wp-json\/wp\/v2\/types\/post"}],"author":[{"embeddable":true,"href":"https:\/\/larevistadigital.com.ar\/blog\/wp-json\/wp\/v2\/users\/2"}],"replies":[{"embeddable":true,"href":"https:\/\/larevistadigital.com.ar\/blog\/wp-json\/wp\/v2\/comments?post=585"}],"version-history":[{"count":1,"href":"https:\/\/larevistadigital.com.ar\/blog\/wp-json\/wp\/v2\/posts\/585\/revisions"}],"predecessor-version":[{"id":587,"href":"https:\/\/larevistadigital.com.ar\/blog\/wp-json\/wp\/v2\/posts\/585\/revisions\/587"}],"wp:featuredmedia":[{"embeddable":true,"href":"https:\/\/larevistadigital.com.ar\/blog\/wp-json\/wp\/v2\/media\/586"}],"wp:attachment":[{"href":"https:\/\/larevistadigital.com.ar\/blog\/wp-json\/wp\/v2\/media?parent=585"}],"wp:term":[{"taxonomy":"category","embeddable":true,"href":"https:\/\/larevistadigital.com.ar\/blog\/wp-json\/wp\/v2\/categories?post=585"},{"taxonomy":"post_tag","embeddable":true,"href":"https:\/\/larevistadigital.com.ar\/blog\/wp-json\/wp\/v2\/tags?post=585"}],"curies":[{"name":"wp","href":"https:\/\/api.w.org\/{rel}","templated":true}]}}