{"id":588,"date":"2017-03-04T19:50:10","date_gmt":"2017-03-04T19:50:10","guid":{"rendered":"https:\/\/larevistadigital.com.ar\/blog\/?p=588"},"modified":"2017-03-19T17:48:37","modified_gmt":"2017-03-19T17:48:37","slug":"la-tragedia-pergamino-desnuda-graves-falencias-las-comisarias-carceles","status":"publish","type":"post","link":"https:\/\/larevistadigital.com.ar\/blog\/la-tragedia-pergamino-desnuda-graves-falencias-las-comisarias-carceles\/","title":{"rendered":"La tragedia de Pergamino desnuda graves falencias en las comisar\u00edas y c\u00e1rceles"},"content":{"rendered":"<header class=\"cabecera\">\n<h2 class=\"bajada\">Problemas de hacinamiento y superpoblaci\u00f3n, adem\u00e1s de violaciones a los derechos humanos m\u00e1s b\u00e1sicos, son frecuentes y atentan contra la rehabilitaci\u00f3n de los internos en el sistema penitenciario.<\/h2>\n<\/header>\n<div id=\"slideshow_nota\" class=\"showcase galeria galeria_imagen is_selected\"><\/div>\n<div class=\"showcase galeria galeria_imagen is_selected\">\n<p>La tr\u00e1gica muerte de siete detenidos en la comisar\u00eda primera de Pergamino, ocurrida anteayer, volvi\u00f3 a poner en evidencia las graves fallas del sistema para alojar detenidos, tanto en dependencias policiales como en las c\u00e1rceles del sistema penitenciario bonaerense.<\/p>\n<p>El Diario Democracia consult\u00f3 a distintos especialistas para entender lo que ocurri\u00f3 en esta ciudad y la cruda realidad que se experimenta en las prisiones, donde, admitieron, lejos de la reforma anunciada y la obligaci\u00f3n de funcionar como centros de rehabilitaci\u00f3n de personas en conflicto con la ley, en la pr\u00e1ctica son \u201cuna universidad del delito\u201d.<\/p>\n<p><strong>Superpoblaci\u00f3n y hacinamiento<\/strong><\/p>\n<p>Para el abogado, ex titular de Atenci\u00f3n a la V\u00edctima y presidente de la comisi\u00f3n de Seguridad del Concejo Deliberante de Jun\u00edn, Andr\u00e9s Rosa, lo que ocurri\u00f3 en Pergamino es \u201cuna cr\u00f3nica de muertes anunciadas\u201d, y el edil se\u00f1al\u00f3 a Democracia que \u201cac\u00e1 la responsabilidad es del gobierno provincial. Vamos de emergencia en emergencia y nunca revolvemos la cuesti\u00f3n de fondo, que tiene que ver con la superpoblaci\u00f3n y el hacinamiento que sufren todos los lugares de encierro que funcionan en el territorio bonaerense\u201d.<\/p>\n<p>Para Rosa, \u201chay una pol\u00edtica criminal de punitivismo y cada vez hay que encarcelar a m\u00e1s personas, j\u00f3venes que cometen delitos menores y terminan con una masacre de esta caracter\u00edstica. Me hace acordar a lo que fue la masacre de Magdalena. Seguir manteniendo a personas privadas de la libertad en comisar\u00edas es una bomba de tiempo y el \u00fanico responsable es el gobierno provincial, que adem\u00e1s no resuelve ninguno de los problemas en materia de seguridad, en bajar el delito y la violencia\u201d.<\/p>\n<p>\u201cSe tendr\u00e1n que investigar las responsabilidades penales, porque no podemos quedarnos con la versi\u00f3n oficial\u201d, remarc\u00f3 el especialista.<\/p>\n<p>Y a\u00f1adi\u00f3: \u201cEn la Provincia hay actualmente un total de mil camastros y 3 mil detenidos. Est\u00e1n privados de la libertad, pero no dejan de ser personas y tienen que tener un trato digno, ya que duermen en el piso, sin colch\u00f3n. Uno lo ve cuando recorre los penales y lamentablemente no vemos ninguna mejora en este aspecto\u201d.<\/p>\n<p><strong>\u201cNo hay protocolo de emergencia\u201d<\/strong><\/p>\n<p>\u201cEstas cosas no deben ocurrir, as\u00ed se hubiese iniciado la pelea entre los internos, porque te demuestra la precariedad del sistema y de la comisar\u00eda, ya que no hay protocolo de emergencia ni personal capacitado para atender a los detenidos\u201d, subray\u00f3.<\/p>\n<p>\u201cEn Jun\u00edn no hay presos en las comisar\u00edas pero s\u00ed est\u00e1n las comisar\u00edas de la regi\u00f3n con detenidos en Baigorrita, Chacabuco, Arenales, General Pinto, entre otros. A m\u00ed a veces me toca recorrer las c\u00e1rceles como miembro del Instituto de Derecho Penal del Colegio de Abogados y lo que pas\u00f3 en Pergamino puede pasar en cualquier lugar de encierro de la provincia\u201d, admiti\u00f3.<\/p>\n<p>\u201cCreo que el ministro de Justicia provincial, Gustavo Ferrari, tom\u00f3 nota de la gravedad de la cuesti\u00f3n penitenciaria, pero el deterioro es tan grande y sobre todo los n\u00fameros dicen que por a\u00f1o egresan en la provincia 700 personas e ingresan 2 mil. Los lugares est\u00e1n superpoblados y obviamente que el hacinamiento genera violencia\u201d, se\u00f1al\u00f3. Y acot\u00f3: \u201cDesde el Concejo Deliberante el a\u00f1o pasado visitamos los tres penales de Jun\u00edn y uno ve un sistema que primero fracasa, no da respuestas, no reinserta ni resocializa a los presos, agravando la violencia. Y creo que la salida no es crear m\u00e1s c\u00e1rceles\u201d.<\/p>\n<p>Para el asesor en Seguridad del municipio de Jun\u00edn, Luis Chami, \u201cse hizo todo lo posible y no pudieron salvar m\u00e1s vidas, y es normal cuando uno tiene amontonados los presos en donde no tienen las condiciones. Hoy no hay un lugar sectorizado para dividir a los internos\u201d.<br \/>\n\u201cLa alcald\u00eda de Jun\u00edn funciona como una c\u00e1rcel porque fue siempre encubierta y est\u00e1 superada su capacidad\u201d, afirm\u00f3 y dijo que \u201ces un problema latente en todas las departamentales, no solo en Pergamino\u201d.<\/p>\n<p>\u201cEs una falla muy grande que viene de a\u00f1os y a\u00f1os. Hay una gran cantidad de detenidos sin sentencia y es un problema para la polic\u00eda, que prefiere estar patrullando la calle antes que estar en la comisar\u00eda\u201d, afirm\u00f3.<\/p>\n<p><strong>\u201cCambiar el sistema penitenciario\u201d<\/strong><\/p>\n<p>\u201cHay una intenci\u00f3n de la Gobernadora de cambiar el sistema penitenciario, por eso descabez\u00f3 a la c\u00fapula. Lamentablemente, como en muchos lugares policiales, hay corrupci\u00f3n\u201d, dijo.<\/p>\n<p>\u201cTodo el mundo sabe que en las c\u00e1rceles entra droga, les cobran las celdas, por televisor, y se sabe que el preso est\u00e1 preso y tiene que pagar un alquiler para tener condiciones o estar protegido. Eso es lo que vio Vidal y por eso descabez\u00f3 a la c\u00fapula, como ha pasado con la polic\u00eda bonaerense. Hay una idea de que se recupere el preso y tenga una rehabilitaci\u00f3n lo m\u00e1s digna posible, por un ser humano, porque si cometi\u00f3 un error y est\u00e1 pagando, es bueno que tenga la posibilidad de recuperarse para salir rehabilitado a la calle\u201d, dijo. (<strong>InfoGEI<\/strong>)<\/p>\n<\/div>\n","protected":false},"excerpt":{"rendered":"<div class=\"mh-excerpt\"><p>Problemas de hacinamiento y superpoblaci\u00f3n, adem\u00e1s de violaciones a los derechos humanos m\u00e1s b\u00e1sicos, son frecuentes y atentan contra la rehabilitaci\u00f3n de los internos en el sistema penitenciario. La tr\u00e1gica muerte de siete detenidos en <a class=\"mh-excerpt-more\" href=\"https:\/\/larevistadigital.com.ar\/blog\/la-tragedia-pergamino-desnuda-graves-falencias-las-comisarias-carceles\/\" title=\"La tragedia de Pergamino desnuda graves falencias en las comisar\u00edas y c\u00e1rceles\">[Leer M\u00e1s]<\/a><\/p>\n<\/div>","protected":false},"author":2,"featured_media":589,"comment_status":"open","ping_status":"open","sticky":false,"template":"","format":"standard","meta":{"_jetpack_memberships_contains_paid_content":false,"footnotes":"","jetpack_publicize_message":"La tragedia de Pergamino desnuda graves falencias en las comisar\u00edas y c\u00e1rceles","jetpack_publicize_feature_enabled":true,"jetpack_social_post_already_shared":true,"jetpack_social_options":{"image_generator_settings":{"template":"highway","default_image_id":0,"font":"","enabled":false},"version":2}},"categories":[29],"tags":[],"class_list":{"0":"post-588","1":"post","2":"type-post","3":"status-publish","4":"format-standard","5":"has-post-thumbnail","7":"category-sociedad"},"jetpack_publicize_connections":[],"jetpack_featured_media_url":"https:\/\/i0.wp.com\/larevistadigital.com.ar\/blog\/wp-content\/uploads\/2017\/03\/20170304170520_pergamino.jpg?fit=620%2C370&ssl=1","jetpack_sharing_enabled":true,"jetpack_shortlink":"https:\/\/wp.me\/p8qtrQ-9u","jetpack-related-posts":[{"id":44428,"url":"https:\/\/larevistadigital.com.ar\/blog\/impulsan-una-ley-para-prohibir-celulares-en-carceles-bonaerenses-tras-una-extorsion-que-termino-en-suicidio\/","url_meta":{"origin":588,"position":0},"title":"Impulsan una ley para prohibir celulares en c\u00e1rceles bonaerenses tras una extorsi\u00f3n que termin\u00f3 en suicidio","author":"Alejandro Sosa Ruda","date":"10 marzo, 2026","format":false,"excerpt":"El proyecto, denominado \u201cLey Rodrigo\u201d, busca eliminar el uso libre de tel\u00e9fonos en las prisiones de la provincia y limitar las comunicaciones de los internos a dispositivos controlados por el Servicio Penitenciario. 10 de marzo de 2026 Un proyecto de ley presentado en la Provincia de Buenos Aires propone prohibir\u2026","rel":"","context":"En \u00abDESTACADAS\u00bb","block_context":{"text":"DESTACADAS","link":"https:\/\/larevistadigital.com.ar\/blog\/category\/destacadas\/"},"img":{"alt_text":"","src":"https:\/\/i0.wp.com\/larevistadigital.com.ar\/blog\/wp-content\/uploads\/Captura-de-pantalla-2026-03-10-120955.jpg?fit=794%2C499&ssl=1&resize=350%2C200","width":350,"height":200,"srcset":"https:\/\/i0.wp.com\/larevistadigital.com.ar\/blog\/wp-content\/uploads\/Captura-de-pantalla-2026-03-10-120955.jpg?fit=794%2C499&ssl=1&resize=350%2C200 1x, https:\/\/i0.wp.com\/larevistadigital.com.ar\/blog\/wp-content\/uploads\/Captura-de-pantalla-2026-03-10-120955.jpg?fit=794%2C499&ssl=1&resize=525%2C300 1.5x, https:\/\/i0.wp.com\/larevistadigital.com.ar\/blog\/wp-content\/uploads\/Captura-de-pantalla-2026-03-10-120955.jpg?fit=794%2C499&ssl=1&resize=700%2C400 2x"},"classes":[]},{"id":14094,"url":"https:\/\/larevistadigital.com.ar\/blog\/berni-propuso-bajarle-las-penas-a-los-presos-a-cambio-de-trabajar-para-el-estado\/","url_meta":{"origin":588,"position":1},"title":"BERNI PROPUSO BAJARLE LAS PENAS A LOS PRESOS A CAMBIO DE TRABAJAR PARA EL ESTADO","author":"Alejandro Sosa Ruda","date":"9 enero, 2020","format":false,"excerpt":"El ministro de Seguridad de la provincia de Buenos Aires habl\u00f3 sobre la superpoblaci\u00f3n en las c\u00e1rceles y comisar\u00edas bonaerenses. Actualmente en las comisar\u00edas de la provincia de Buenos Aires\u00a0hay alojados m\u00e1s de 4.300 detenidos cuando la capacidad total es de 1.700, algo muy parecido\u00a0sucede en las c\u00e1rceles nacionales donde\u2026","rel":"","context":"En \u00abINTERES GENERAL\u00bb","block_context":{"text":"INTERES GENERAL","link":"https:\/\/larevistadigital.com.ar\/blog\/category\/interes-general\/"},"img":{"alt_text":"","src":"https:\/\/i0.wp.com\/larevistadigital.com.ar\/blog\/wp-content\/uploads\/berni-768x507-1.jpg?fit=768%2C507&ssl=1&resize=350%2C200","width":350,"height":200,"srcset":"https:\/\/i0.wp.com\/larevistadigital.com.ar\/blog\/wp-content\/uploads\/berni-768x507-1.jpg?fit=768%2C507&ssl=1&resize=350%2C200 1x, https:\/\/i0.wp.com\/larevistadigital.com.ar\/blog\/wp-content\/uploads\/berni-768x507-1.jpg?fit=768%2C507&ssl=1&resize=525%2C300 1.5x, https:\/\/i0.wp.com\/larevistadigital.com.ar\/blog\/wp-content\/uploads\/berni-768x507-1.jpg?fit=768%2C507&ssl=1&resize=700%2C400 2x"},"classes":[]},{"id":2769,"url":"https:\/\/larevistadigital.com.ar\/blog\/el-spb-entrego-nuevas-maquinas-de-braille-en-campana-y-dolores\/","url_meta":{"origin":588,"position":2},"title":"El SPB entreg\u00f3 nuevas m\u00e1quinas de braille en Campana y Dolores","author":"admin","date":"26 julio, 2017","format":false,"excerpt":"Ser\u00e1n utilizadas en los talleres tratamentales en las que los privados de la libertad llevan adelante tareas solidarias en beneficio de disminuidos visuales El Servicio Penitenciario Bonaerense entreg\u00f3 dos m\u00e1quinas de traducci\u00f3n al sistema Braille para ser utilizadas en los talleres tratamentales de las Unidades 6 de Dolores y 41\u2026","rel":"","context":"En \u00abDOLORES\u00bb","block_context":{"text":"DOLORES","link":"https:\/\/larevistadigital.com.ar\/blog\/category\/dolores\/"},"img":{"alt_text":"","src":"https:\/\/i0.wp.com\/larevistadigital.com.ar\/blog\/wp-content\/uploads\/2017\/07\/72638_3.jpg?fit=862%2C484&ssl=1&resize=350%2C200","width":350,"height":200,"srcset":"https:\/\/i0.wp.com\/larevistadigital.com.ar\/blog\/wp-content\/uploads\/2017\/07\/72638_3.jpg?fit=862%2C484&ssl=1&resize=350%2C200 1x, https:\/\/i0.wp.com\/larevistadigital.com.ar\/blog\/wp-content\/uploads\/2017\/07\/72638_3.jpg?fit=862%2C484&ssl=1&resize=525%2C300 1.5x, https:\/\/i0.wp.com\/larevistadigital.com.ar\/blog\/wp-content\/uploads\/2017\/07\/72638_3.jpg?fit=862%2C484&ssl=1&resize=700%2C400 2x"},"classes":[]},{"id":26610,"url":"https:\/\/larevistadigital.com.ar\/blog\/segun-el-servicio-penitenciario-bonaerense-con-las-restricciones-del-uso-de-celulares-a-los-presos-bajo-el-dilito-por-esa-via\/","url_meta":{"origin":588,"position":3},"title":"SEG\u00daN EL SERVICIO PENITENCIARIO BONAERENSE CON LAS RESTRICCIONES DEL USO DE CELULARES A LOS PRESOS, BAJ\u00d3 EL DILITO POR ESA VIA","author":"Alejandro Sosa Ruda","date":"15 julio, 2022","format":false,"excerpt":"El Servicio Penitenciario Bonaerense (SPB) asegur\u00f3 que desde la puesta en funcionamiento del protocolo de uso riguroso de telefon\u00eda celular en las unidades penales, se redujo la cantidad de delitos cometidos por esa v\u00eda originados en las c\u00e1rceles de la provincia. Tras los cuestionamientos de la oposici\u00f3n de que se\u2026","rel":"","context":"En \u00abREGIONALES\u00bb","block_context":{"text":"REGIONALES","link":"https:\/\/larevistadigital.com.ar\/blog\/category\/regionales\/"},"img":{"alt_text":"","src":"https:\/\/i0.wp.com\/larevistadigital.com.ar\/blog\/wp-content\/uploads\/20220713172756_informan-que-con-las-restricciones-del-uso-de-celulares-en-la-carcel-bajaron-los-delitos-cometidos-por-esa-via.jpg?fit=880%2C512&ssl=1&resize=350%2C200","width":350,"height":200,"srcset":"https:\/\/i0.wp.com\/larevistadigital.com.ar\/blog\/wp-content\/uploads\/20220713172756_informan-que-con-las-restricciones-del-uso-de-celulares-en-la-carcel-bajaron-los-delitos-cometidos-por-esa-via.jpg?fit=880%2C512&ssl=1&resize=350%2C200 1x, https:\/\/i0.wp.com\/larevistadigital.com.ar\/blog\/wp-content\/uploads\/20220713172756_informan-que-con-las-restricciones-del-uso-de-celulares-en-la-carcel-bajaron-los-delitos-cometidos-por-esa-via.jpg?fit=880%2C512&ssl=1&resize=525%2C300 1.5x, https:\/\/i0.wp.com\/larevistadigital.com.ar\/blog\/wp-content\/uploads\/20220713172756_informan-que-con-las-restricciones-del-uso-de-celulares-en-la-carcel-bajaron-los-delitos-cometidos-por-esa-via.jpg?fit=880%2C512&ssl=1&resize=700%2C400 2x"},"classes":[]},{"id":26556,"url":"https:\/\/larevistadigital.com.ar\/blog\/uso-de-celulares-en-las-carceles-reclamo-de-la-oposicion-y-respuesta-del-spb\/","url_meta":{"origin":588,"position":4},"title":"USO DE CELULARES EN LAS C\u00c1RCELES, RECLAMO DE LA OPOSICI\u00d3N Y RESPUESTA DEL SPB","author":"Alejandro Sosa Ruda","date":"13 julio, 2022","format":false,"excerpt":"Ante un reclamo de la oposici\u00f3n, el SPB dijo que\u00a0las razones de esta resoluci\u00f3n judicial estuvieron ligadas a las restricciones que impuso la pandemia en 2020. LA PLATA -\u00a0 Diputados bonaerenses de Juntos presentaron un proyecto para que el Gobierno de Axel Kicillof derogue el protocolo que permiti\u00f3 que los\u2026","rel":"","context":"En \u00abPOLITICA PROVINCIAL\u00bb","block_context":{"text":"POLITICA PROVINCIAL","link":"https:\/\/larevistadigital.com.ar\/blog\/category\/politica\/politica-provincial\/"},"img":{"alt_text":"","src":"https:\/\/i0.wp.com\/larevistadigital.com.ar\/blog\/wp-content\/uploads\/1657666256294.jpg?fit=982%2C542&ssl=1&resize=350%2C200","width":350,"height":200,"srcset":"https:\/\/i0.wp.com\/larevistadigital.com.ar\/blog\/wp-content\/uploads\/1657666256294.jpg?fit=982%2C542&ssl=1&resize=350%2C200 1x, https:\/\/i0.wp.com\/larevistadigital.com.ar\/blog\/wp-content\/uploads\/1657666256294.jpg?fit=982%2C542&ssl=1&resize=525%2C300 1.5x, https:\/\/i0.wp.com\/larevistadigital.com.ar\/blog\/wp-content\/uploads\/1657666256294.jpg?fit=982%2C542&ssl=1&resize=700%2C400 2x"},"classes":[]},{"id":12816,"url":"https:\/\/larevistadigital.com.ar\/blog\/mas-de-s7-000-presos-bonaerenses-estan-habilitados-a-votar-el-domingo\/","url_meta":{"origin":588,"position":5},"title":"MAS DE 7.000 PRESOS BONAERENSES EST\u00c1N HABILITADOS A VOTAR EL DOMINGO","author":"Alejandro Sosa Ruda","date":"25 octubre, 2019","format":false,"excerpt":"En 2017 estaban habilitados cerca de 16.000, aunque s\u00f3lo vot\u00f3 el 23%. M\u00e1s de 27.000 presos alojados en las unidades carcelarias de la provincia de Buenos Aires est\u00e1n habilitados para votar en las elecciones nacionales que se desarrollar\u00e1n el domingo.\u00a0En total son 27.037 los internos que est\u00e1n procesados y sin\u2026","rel":"","context":"En \u00abINTERES GENERAL\u00bb","block_context":{"text":"INTERES GENERAL","link":"https:\/\/larevistadigital.com.ar\/blog\/category\/interes-general\/"},"img":{"alt_text":"","src":"https:\/\/i0.wp.com\/larevistadigital.com.ar\/blog\/wp-content\/uploads\/b256d1042c80a9d05e82bdfdb2518278b06a0638.jpg?fit=1140%2C758&ssl=1&resize=350%2C200","width":350,"height":200,"srcset":"https:\/\/i0.wp.com\/larevistadigital.com.ar\/blog\/wp-content\/uploads\/b256d1042c80a9d05e82bdfdb2518278b06a0638.jpg?fit=1140%2C758&ssl=1&resize=350%2C200 1x, https:\/\/i0.wp.com\/larevistadigital.com.ar\/blog\/wp-content\/uploads\/b256d1042c80a9d05e82bdfdb2518278b06a0638.jpg?fit=1140%2C758&ssl=1&resize=525%2C300 1.5x, https:\/\/i0.wp.com\/larevistadigital.com.ar\/blog\/wp-content\/uploads\/b256d1042c80a9d05e82bdfdb2518278b06a0638.jpg?fit=1140%2C758&ssl=1&resize=700%2C400 2x, https:\/\/i0.wp.com\/larevistadigital.com.ar\/blog\/wp-content\/uploads\/b256d1042c80a9d05e82bdfdb2518278b06a0638.jpg?fit=1140%2C758&ssl=1&resize=1050%2C600 3x"},"classes":[]}],"_links":{"self":[{"href":"https:\/\/larevistadigital.com.ar\/blog\/wp-json\/wp\/v2\/posts\/588","targetHints":{"allow":["GET"]}}],"collection":[{"href":"https:\/\/larevistadigital.com.ar\/blog\/wp-json\/wp\/v2\/posts"}],"about":[{"href":"https:\/\/larevistadigital.com.ar\/blog\/wp-json\/wp\/v2\/types\/post"}],"author":[{"embeddable":true,"href":"https:\/\/larevistadigital.com.ar\/blog\/wp-json\/wp\/v2\/users\/2"}],"replies":[{"embeddable":true,"href":"https:\/\/larevistadigital.com.ar\/blog\/wp-json\/wp\/v2\/comments?post=588"}],"version-history":[{"count":1,"href":"https:\/\/larevistadigital.com.ar\/blog\/wp-json\/wp\/v2\/posts\/588\/revisions"}],"predecessor-version":[{"id":590,"href":"https:\/\/larevistadigital.com.ar\/blog\/wp-json\/wp\/v2\/posts\/588\/revisions\/590"}],"wp:featuredmedia":[{"embeddable":true,"href":"https:\/\/larevistadigital.com.ar\/blog\/wp-json\/wp\/v2\/media\/589"}],"wp:attachment":[{"href":"https:\/\/larevistadigital.com.ar\/blog\/wp-json\/wp\/v2\/media?parent=588"}],"wp:term":[{"taxonomy":"category","embeddable":true,"href":"https:\/\/larevistadigital.com.ar\/blog\/wp-json\/wp\/v2\/categories?post=588"},{"taxonomy":"post_tag","embeddable":true,"href":"https:\/\/larevistadigital.com.ar\/blog\/wp-json\/wp\/v2\/tags?post=588"}],"curies":[{"name":"wp","href":"https:\/\/api.w.org\/{rel}","templated":true}]}}