{"id":60,"date":"2017-01-30T15:00:05","date_gmt":"2017-01-30T15:00:05","guid":{"rendered":"https:\/\/larevistadigital.com.ar\/blog\/?p=60"},"modified":"2017-02-18T08:44:15","modified_gmt":"2017-02-18T08:44:15","slug":"los-aeronavegantes-fijan-el-piso-de-las-paritarias-2017","status":"publish","type":"post","link":"https:\/\/larevistadigital.com.ar\/blog\/los-aeronavegantes-fijan-el-piso-de-las-paritarias-2017\/","title":{"rendered":"Los Aeronavegantes fijan el piso de las paritarias 2017"},"content":{"rendered":"<p><strong><em>Acordaron con LATAM un incremento del 44% que ser\u00e1 con seguridad el piso para algunas negociaciones que vienen por delante.<\/em><\/strong><\/p>\n<p>La<strong>\u00a0Asociaci\u00f3n Argentina de Aeronavegantes (AAA)<\/strong>, que conduce <strong>Juan Pablo Brey<\/strong>, anunci\u00f3 un acuerdo paritario con la empresa <strong>LATAM <\/strong>Argentina, que prev\u00e9 una rec<a href=\"https:\/\/i0.wp.com\/larevistadigital.com.ar\/blog\/wp-content\/uploads\/2017\/01\/noticias_logo_aaa.jpg?ssl=1\"><img data-recalc-dims=\"1\" loading=\"lazy\" decoding=\"async\" class=\"alignnone size-medium wp-image-61\" src=\"https:\/\/i0.wp.com\/larevistadigital.com.ar\/blog\/wp-content\/uploads\/2017\/01\/noticias_logo_aaa.jpg?resize=300%2C150&#038;ssl=1\" alt=\"\" width=\"300\" height=\"150\" srcset=\"https:\/\/i0.wp.com\/larevistadigital.com.ar\/blog\/wp-content\/uploads\/2017\/01\/noticias_logo_aaa.jpg?resize=300%2C150&amp;ssl=1 300w, https:\/\/i0.wp.com\/larevistadigital.com.ar\/blog\/wp-content\/uploads\/2017\/01\/noticias_logo_aaa.jpg?resize=768%2C384&amp;ssl=1 768w, https:\/\/i0.wp.com\/larevistadigital.com.ar\/blog\/wp-content\/uploads\/2017\/01\/noticias_logo_aaa.jpg?w=800&amp;ssl=1 800w\" sizes=\"auto, (max-width: 300px) 100vw, 300px\" \/><\/a>omposici\u00f3n promedio de bolsillo del 44%, y que rige desde enero de 2017.<\/p>\n<p>Ya se anticipa desde varios gremios que la pelea va a ser dif\u00edcil, y que van a luchar para conseguir un incremento que ronde el 45%, cosa que seguramente ser\u00e1 firmemente discutida por el sector empresario.<\/p>\n<p><strong>El acuerdo<\/strong><\/p>\n<p>la base la puso la <strong>Asociaci\u00f3n Argentina de Aeronavegantes<\/strong>, cuando anunci\u00f3 a pocas semanas de iniciar el a\u00f1o, el acuerdo paritario con la empresa<strong> LATAM<\/strong> Argentina, que prev\u00e9 una recomposici\u00f3n promedio de bolsillo del 44%, y que regir\u00e1 desde enero de 2017, recuperando el 2 % de antig\u00fcedad por a\u00f1o.<\/p>\n<p>Se consigui\u00f3 en febrero un bono de pesos 2.000 para cada tripulante de cabina. La principal novedad radica en el reconocimiento de la Antig\u00fcedad de cada aeronavegante, por el cual la empresa pagar\u00e1 el 2% del salario base bruto por cada a\u00f1o trabajado, lo que implica un aumento del 100% en este \u00edtem, duplic\u00e1ndolo y fij\u00e1ndolo de acuerdo a lo que se reclamaba, por lo que los tripulantes con m\u00e1s a\u00f1os de antig\u00fcedad tendr\u00e1n una recomposici\u00f3n en su salario superior al 50 %.<\/p>\n<p><strong><em>\u201cEsta es una reivindicaci\u00f3n salarial y conceptual hist\u00f3rica que da la vuelta de p\u00e1gina a quienes tomaron la decisi\u00f3n de entregarla a espaldas de los trabajadores\u00bb<\/em><\/strong>, manifest\u00f3 el secretario General de AAA,\u00a0<strong>Juan Pablo Brey<\/strong>, al respecto.<\/p>\n","protected":false},"excerpt":{"rendered":"<div class=\"mh-excerpt\"><p>Acordaron con LATAM un incremento del 44% que ser\u00e1 con seguridad el piso para algunas negociaciones que vienen por delante. La\u00a0Asociaci\u00f3n Argentina de Aeronavegantes (AAA), que conduce Juan Pablo Brey, anunci\u00f3 un acuerdo paritario con <a class=\"mh-excerpt-more\" href=\"https:\/\/larevistadigital.com.ar\/blog\/los-aeronavegantes-fijan-el-piso-de-las-paritarias-2017\/\" title=\"Los Aeronavegantes fijan el piso de las paritarias 2017\">[Leer M\u00e1s]<\/a><\/p>\n<\/div>","protected":false},"author":2,"featured_media":61,"comment_status":"open","ping_status":"open","sticky":false,"template":"","format":"standard","meta":{"_jetpack_memberships_contains_paid_content":false,"footnotes":"","jetpack_publicize_message":"","jetpack_publicize_feature_enabled":true,"jetpack_social_post_already_shared":false,"jetpack_social_options":{"image_generator_settings":{"template":"highway","default_image_id":0,"font":"","enabled":false},"version":2}},"categories":[10,28],"tags":[],"class_list":{"0":"post-60","1":"post","2":"type-post","3":"status-publish","4":"format-standard","5":"has-post-thumbnail","7":"category-gremiales","8":"category-nacionales"},"jetpack_publicize_connections":[],"jetpack_featured_media_url":"https:\/\/i0.wp.com\/larevistadigital.com.ar\/blog\/wp-content\/uploads\/2017\/01\/noticias_logo_aaa.jpg?fit=800%2C400&ssl=1","jetpack_sharing_enabled":true,"jetpack_shortlink":"https:\/\/wp.me\/p8qtrQ-Y","jetpack-related-posts":[{"id":38225,"url":"https:\/\/larevistadigital.com.ar\/blog\/otro-dirigente-aeronautico-respalda-la-propuesta-kicillof-para-gestionar-aerolineas-argentinas\/","url_meta":{"origin":60,"position":0},"title":"Otro dirigente aeron\u00e1utico respalda la propuesta Kicillof para gestionar Aerol\u00edneas Argentinas","author":"Alejandro Sosa Ruda","date":"11 diciembre, 2024","format":false,"excerpt":"Andr\u00e9s Junor, secretario Gremial del sindicato de Aeronavegantes, manifest\u00f3 su apoyo a la iniciativa del gobernador de Buenos Aires, Axel Kicillof, quien plante\u00f3 la posibilidad de que su provincia, junto con otras, asuman el control de Aerol\u00edneas Argentinas. 11 de diciembre de 2024 BUENOS AIRES -\u00a0 \u00a0En declaraciones a Radio\u2026","rel":"","context":"En \u00abGREMIALES\u00bb","block_context":{"text":"GREMIALES","link":"https:\/\/larevistadigital.com.ar\/blog\/category\/gremiales\/"},"img":{"alt_text":"","src":"https:\/\/i0.wp.com\/larevistadigital.com.ar\/blog\/wp-content\/uploads\/20241211191559_andres-junor-aeronavegantes-kicillof-aerolineas.jpg?fit=880%2C512&ssl=1&resize=350%2C200","width":350,"height":200,"srcset":"https:\/\/i0.wp.com\/larevistadigital.com.ar\/blog\/wp-content\/uploads\/20241211191559_andres-junor-aeronavegantes-kicillof-aerolineas.jpg?fit=880%2C512&ssl=1&resize=350%2C200 1x, https:\/\/i0.wp.com\/larevistadigital.com.ar\/blog\/wp-content\/uploads\/20241211191559_andres-junor-aeronavegantes-kicillof-aerolineas.jpg?fit=880%2C512&ssl=1&resize=525%2C300 1.5x, https:\/\/i0.wp.com\/larevistadigital.com.ar\/blog\/wp-content\/uploads\/20241211191559_andres-junor-aeronavegantes-kicillof-aerolineas.jpg?fit=880%2C512&ssl=1&resize=700%2C400 2x"},"classes":[]},{"id":41789,"url":"https:\/\/larevistadigital.com.ar\/blog\/gremios-del-transporte-refuerzan-su-perfil-opositor-a-milei\/","url_meta":{"origin":60,"position":1},"title":"Gremios del transporte refuerzan su perfil opositor a Milei","author":"Alejandro Sosa Ruda","date":"6 octubre, 2025","format":false,"excerpt":"Schmid ser\u00e1 reelecto al frente de la CATT y los gremios del transporte suman nuevos actores para endurecer la ofensiva contra el Gobierno de Milei. 06 de octubre de 2025 BUENOS AIRES\u00a0 -\u00a0 \u00a0 Dentro de un mes se consagrar\u00e1 la nueva CGT, pero este lunes se juega otra elecci\u00f3n\u2026","rel":"","context":"En \u00abINTERES GENERAL\u00bb","block_context":{"text":"INTERES GENERAL","link":"https:\/\/larevistadigital.com.ar\/blog\/category\/interes-general\/"},"img":{"alt_text":"","src":"https:\/\/i0.wp.com\/larevistadigital.com.ar\/blog\/wp-content\/uploads\/Captura-de-pantalla-2025-10-06-195450.jpg?fit=782%2C426&ssl=1&resize=350%2C200","width":350,"height":200,"srcset":"https:\/\/i0.wp.com\/larevistadigital.com.ar\/blog\/wp-content\/uploads\/Captura-de-pantalla-2025-10-06-195450.jpg?fit=782%2C426&ssl=1&resize=350%2C200 1x, https:\/\/i0.wp.com\/larevistadigital.com.ar\/blog\/wp-content\/uploads\/Captura-de-pantalla-2025-10-06-195450.jpg?fit=782%2C426&ssl=1&resize=525%2C300 1.5x, https:\/\/i0.wp.com\/larevistadigital.com.ar\/blog\/wp-content\/uploads\/Captura-de-pantalla-2025-10-06-195450.jpg?fit=782%2C426&ssl=1&resize=700%2C400 2x"},"classes":[]},{"id":42080,"url":"https:\/\/larevistadigital.com.ar\/blog\/los-bancarios-acordaron-una-nueva-actualizacion-salarial-y-el-sueldo-inicial-superara-el-19-millon-de-pesos\/","url_meta":{"origin":60,"position":2},"title":"Los bancarios acordaron una nueva actualizaci\u00f3n salarial y el sueldo inicial superar\u00e1 el 1,9 mill\u00f3n de pesos","author":"Alejandro Sosa Ruda","date":"19 octubre, 2025","format":false,"excerpt":"La Asociaci\u00f3n Bancaria cerr\u00f3 un incremento del 2,1% para septiembre, llevando el aumento acumulado del a\u00f1o al 22%. Adem\u00e1s, confirm\u00f3 un bono especial por el D\u00eda del Bancario que supera el mill\u00f3n y medio de pesos. 19 de Octubre de 2025 La Asociaci\u00f3n Bancaria (AB), el sindicato que agrupa a\u2026","rel":"","context":"En \u00abGREMIALES\u00bb","block_context":{"text":"GREMIALES","link":"https:\/\/larevistadigital.com.ar\/blog\/category\/gremiales\/"},"img":{"alt_text":"","src":"https:\/\/i0.wp.com\/larevistadigital.com.ar\/blog\/wp-content\/uploads\/LA-BANCARIA-FRENTE.jpg?fit=800%2C471&ssl=1&resize=350%2C200","width":350,"height":200,"srcset":"https:\/\/i0.wp.com\/larevistadigital.com.ar\/blog\/wp-content\/uploads\/LA-BANCARIA-FRENTE.jpg?fit=800%2C471&ssl=1&resize=350%2C200 1x, https:\/\/i0.wp.com\/larevistadigital.com.ar\/blog\/wp-content\/uploads\/LA-BANCARIA-FRENTE.jpg?fit=800%2C471&ssl=1&resize=525%2C300 1.5x, https:\/\/i0.wp.com\/larevistadigital.com.ar\/blog\/wp-content\/uploads\/LA-BANCARIA-FRENTE.jpg?fit=800%2C471&ssl=1&resize=700%2C400 2x"},"classes":[]},{"id":29826,"url":"https:\/\/larevistadigital.com.ar\/blog\/comercio-paritarias-2023-cual-fue-el-porcentaje-acordado-y-como-se-abonara\/","url_meta":{"origin":60,"position":3},"title":"COMERCIO &#8211; PARITARIAS 2023: CUAL FUE EL PORCENTAJE ACORDADO Y C\u00d3MO SE ABONAR\u00c1","author":"Alejandro Sosa Ruda","date":"19 enero, 2023","format":false,"excerpt":"Comprende el per\u00edodo abril 2022-marzo 2023 y totaliz\u00f3 una mejora global anual de los ingresos de los trabajadores mercantiles del 101%. 19 de enero de 2023 El titular de la\u00a0Federaci\u00f3n Argentina de Empleados de Comercio y Servicios\u00a0(Faecys), Armando Cavalieri, y las c\u00e1maras empresarias de la actividad clausuraron este mi\u00e9rcoles la\u00a0paritaria\u2026","rel":"","context":"En \u00abGREMIALES\u00bb","block_context":{"text":"GREMIALES","link":"https:\/\/larevistadigital.com.ar\/blog\/category\/gremiales\/"},"img":{"alt_text":"","src":"https:\/\/i0.wp.com\/larevistadigital.com.ar\/blog\/wp-content\/uploads\/419bd98a7fd1d738b6d2ad256c945cca5d3f1312.png?fit=1140%2C649&ssl=1&resize=350%2C200","width":350,"height":200,"srcset":"https:\/\/i0.wp.com\/larevistadigital.com.ar\/blog\/wp-content\/uploads\/419bd98a7fd1d738b6d2ad256c945cca5d3f1312.png?fit=1140%2C649&ssl=1&resize=350%2C200 1x, https:\/\/i0.wp.com\/larevistadigital.com.ar\/blog\/wp-content\/uploads\/419bd98a7fd1d738b6d2ad256c945cca5d3f1312.png?fit=1140%2C649&ssl=1&resize=525%2C300 1.5x, https:\/\/i0.wp.com\/larevistadigital.com.ar\/blog\/wp-content\/uploads\/419bd98a7fd1d738b6d2ad256c945cca5d3f1312.png?fit=1140%2C649&ssl=1&resize=700%2C400 2x, https:\/\/i0.wp.com\/larevistadigital.com.ar\/blog\/wp-content\/uploads\/419bd98a7fd1d738b6d2ad256c945cca5d3f1312.png?fit=1140%2C649&ssl=1&resize=1050%2C600 3x"},"classes":[]},{"id":14031,"url":"https:\/\/larevistadigital.com.ar\/blog\/panico-de-mas-de-200-pasajeros-argentinos-en-un-vuelo-miami-bs-as\/","url_meta":{"origin":60,"position":4},"title":"P\u00c1NICO DE M\u00c1S DE 200 PASAJEROS ARGENTINOS EN UN VUELO MIAMI-BS.AS.","author":"Alejandro Sosa Ruda","date":"6 enero, 2020","format":false,"excerpt":"Una turbina del Boeing 767-300 de LATAM se incendi\u00f3 al momento del despegue M\u00e1s de 200 argentinos\u00a0que estaban por retornar al pa\u00eds\u00a0en un vuelo desde Miami de la empresa LATAM vivieron el s\u00e1bado por la noche momentos de p\u00e1nico.\u00a0Sucede que\u00a0durante el despegue\u00a0se\u00a0incendi\u00f3 una de las turbinas del avi\u00f3n, un Boeing\u2026","rel":"","context":"En \u00abINTERES GENERAL\u00bb","block_context":{"text":"INTERES GENERAL","link":"https:\/\/larevistadigital.com.ar\/blog\/category\/interes-general\/"},"img":{"alt_text":"","src":"https:\/\/i0.wp.com\/larevistadigital.com.ar\/blog\/wp-content\/uploads\/Screenshot_1-79.jpg?fit=934%2C523&ssl=1&resize=350%2C200","width":350,"height":200,"srcset":"https:\/\/i0.wp.com\/larevistadigital.com.ar\/blog\/wp-content\/uploads\/Screenshot_1-79.jpg?fit=934%2C523&ssl=1&resize=350%2C200 1x, https:\/\/i0.wp.com\/larevistadigital.com.ar\/blog\/wp-content\/uploads\/Screenshot_1-79.jpg?fit=934%2C523&ssl=1&resize=525%2C300 1.5x, https:\/\/i0.wp.com\/larevistadigital.com.ar\/blog\/wp-content\/uploads\/Screenshot_1-79.jpg?fit=934%2C523&ssl=1&resize=700%2C400 2x"},"classes":[]},{"id":1560,"url":"https:\/\/larevistadigital.com.ar\/blog\/comercio-cerro-un-20-de-aumento-en-dos-pagos\/","url_meta":{"origin":60,"position":5},"title":"COMERCIO CERR\u00d3 UN 20% DE AUMENTO EN DOS PAGOS.","author":"Alejandro Sosa Ruda","date":"23 marzo, 2017","format":false,"excerpt":"Finalmente EL gremio conducido por armando Cavalieri cerr\u00f3 un aumento del 20% que ser\u00e1 pagado el 10% en abril, y el otro 10% en julio pero con cl\u00e1usula gatillo de acuerdo a los valores de la inflaci\u00f3n. El CEC acord\u00f3 con las c\u00e1maras empresarias un incremento del 20% con la\u2026","rel":"","context":"En \u00abDESTACADAS\u00bb","block_context":{"text":"DESTACADAS","link":"https:\/\/larevistadigital.com.ar\/blog\/category\/destacadas\/"},"img":{"alt_text":"","src":"https:\/\/i0.wp.com\/larevistadigital.com.ar\/blog\/wp-content\/uploads\/2017\/03\/0000021768.jpg?fit=690%2C405&ssl=1&resize=350%2C200","width":350,"height":200,"srcset":"https:\/\/i0.wp.com\/larevistadigital.com.ar\/blog\/wp-content\/uploads\/2017\/03\/0000021768.jpg?fit=690%2C405&ssl=1&resize=350%2C200 1x, https:\/\/i0.wp.com\/larevistadigital.com.ar\/blog\/wp-content\/uploads\/2017\/03\/0000021768.jpg?fit=690%2C405&ssl=1&resize=525%2C300 1.5x"},"classes":[]}],"_links":{"self":[{"href":"https:\/\/larevistadigital.com.ar\/blog\/wp-json\/wp\/v2\/posts\/60","targetHints":{"allow":["GET"]}}],"collection":[{"href":"https:\/\/larevistadigital.com.ar\/blog\/wp-json\/wp\/v2\/posts"}],"about":[{"href":"https:\/\/larevistadigital.com.ar\/blog\/wp-json\/wp\/v2\/types\/post"}],"author":[{"embeddable":true,"href":"https:\/\/larevistadigital.com.ar\/blog\/wp-json\/wp\/v2\/users\/2"}],"replies":[{"embeddable":true,"href":"https:\/\/larevistadigital.com.ar\/blog\/wp-json\/wp\/v2\/comments?post=60"}],"version-history":[{"count":1,"href":"https:\/\/larevistadigital.com.ar\/blog\/wp-json\/wp\/v2\/posts\/60\/revisions"}],"predecessor-version":[{"id":62,"href":"https:\/\/larevistadigital.com.ar\/blog\/wp-json\/wp\/v2\/posts\/60\/revisions\/62"}],"wp:featuredmedia":[{"embeddable":true,"href":"https:\/\/larevistadigital.com.ar\/blog\/wp-json\/wp\/v2\/media\/61"}],"wp:attachment":[{"href":"https:\/\/larevistadigital.com.ar\/blog\/wp-json\/wp\/v2\/media?parent=60"}],"wp:term":[{"taxonomy":"category","embeddable":true,"href":"https:\/\/larevistadigital.com.ar\/blog\/wp-json\/wp\/v2\/categories?post=60"},{"taxonomy":"post_tag","embeddable":true,"href":"https:\/\/larevistadigital.com.ar\/blog\/wp-json\/wp\/v2\/tags?post=60"}],"curies":[{"name":"wp","href":"https:\/\/api.w.org\/{rel}","templated":true}]}}