{"id":6023,"date":"2018-07-13T06:25:03","date_gmt":"2018-07-13T06:25:03","guid":{"rendered":"https:\/\/larevistadigital.com.ar\/blog\/?p=6023"},"modified":"2018-07-16T06:25:51","modified_gmt":"2018-07-16T06:25:51","slug":"recuperaron-herramientas-robadas-de-una-obra-en-construccion","status":"publish","type":"post","link":"https:\/\/larevistadigital.com.ar\/blog\/recuperaron-herramientas-robadas-de-una-obra-en-construccion\/","title":{"rendered":"Recuperaron herramientas robadas de una obra en construcci\u00f3n"},"content":{"rendered":"<p>Personal policial de la Estaci\u00f3n Comunal de Pila, hall\u00f3 varias herramientas que las mismas hab\u00edan sido sustra\u00eddas por autores ignorados de las casas municipales que se encuentran en construcci\u00f3n en dicha ciudad.<\/p>\n<p>La denuncia hab\u00eda sido radicada por un empleado municipal el d\u00eda 26 de mayo del corriente a\u00f1o. Las mismas fueron reconocidas por el denunciante y posteriormente entregadas al mismo.<\/p>\n<p>El hecho hab\u00eda sido caratulado como \u201cROBO\u201d con intervenci\u00f3n de la U.F.I.D. N\u00b0 10 de Chascom\u00fas a cargo de el Dr. Jonatan Robert.<\/p>\n","protected":false},"excerpt":{"rendered":"<div class=\"mh-excerpt\"><p>Personal policial de la Estaci\u00f3n Comunal de Pila, hall\u00f3 varias herramientas que las mismas hab\u00edan sido sustra\u00eddas por autores ignorados de las casas municipales que se encuentran en construcci\u00f3n en dicha ciudad. La denuncia hab\u00eda <a class=\"mh-excerpt-more\" href=\"https:\/\/larevistadigital.com.ar\/blog\/recuperaron-herramientas-robadas-de-una-obra-en-construccion\/\" title=\"Recuperaron herramientas robadas de una obra en construcci\u00f3n\">[Leer M\u00e1s]<\/a><\/p>\n<\/div>","protected":false},"author":1,"featured_media":6024,"comment_status":"open","ping_status":"open","sticky":false,"template":"","format":"standard","meta":{"_jetpack_memberships_contains_paid_content":false,"footnotes":"","jetpack_publicize_message":"Recuperaron herramientas robadas de una obra en construcci\u00f3n","jetpack_publicize_feature_enabled":true,"jetpack_social_post_already_shared":true,"jetpack_social_options":{"image_generator_settings":{"template":"highway","default_image_id":0,"font":"","enabled":false},"version":2}},"categories":[42],"tags":[],"class_list":{"0":"post-6023","1":"post","2":"type-post","3":"status-publish","4":"format-standard","5":"has-post-thumbnail","7":"category-pila"},"jetpack_publicize_connections":[],"jetpack_featured_media_url":"https:\/\/i0.wp.com\/larevistadigital.com.ar\/blog\/wp-content\/uploads\/2018\/07\/herramientas-robadas.jpg?fit=960%2C540&ssl=1","jetpack_sharing_enabled":true,"jetpack_shortlink":"https:\/\/wp.me\/p8qtrQ-1z9","jetpack-related-posts":[{"id":5036,"url":"https:\/\/larevistadigital.com.ar\/blog\/la-municipalidad-pila-pone-venta-directa-las-viviendas-del-plan-habitacional-pila-crece\/","url_meta":{"origin":6023,"position":0},"title":"La Municipalidad de Pila pone en venta directa las viviendas del Plan Habitacional \u201cPila Crece\u201d","author":"admin","date":"1 marzo, 2018","format":false,"excerpt":"La Municipalidad de Pila pone en venta directa las viviendas del Plan Habitacional \u201cPila Crece\u201d; proyecto que reemplaza al \u201cBuenos Aires Hogar 15 viviendas\u201d, luego de haber sido absorbido por la Municipalidad de Pila y quedar a cargo de la terminaci\u00f3n de las mismas. Las viviendas, ubicadas sobre calle 16\u2026","rel":"","context":"En \u00abPILA\u00bb","block_context":{"text":"PILA","link":"https:\/\/larevistadigital.com.ar\/blog\/category\/pila\/"},"img":{"alt_text":"","src":"https:\/\/i0.wp.com\/larevistadigital.com.ar\/blog\/wp-content\/uploads\/2018\/03\/VIVIENDAS-PILA1.jpg?fit=960%2C627&ssl=1&resize=350%2C200","width":350,"height":200,"srcset":"https:\/\/i0.wp.com\/larevistadigital.com.ar\/blog\/wp-content\/uploads\/2018\/03\/VIVIENDAS-PILA1.jpg?fit=960%2C627&ssl=1&resize=350%2C200 1x, https:\/\/i0.wp.com\/larevistadigital.com.ar\/blog\/wp-content\/uploads\/2018\/03\/VIVIENDAS-PILA1.jpg?fit=960%2C627&ssl=1&resize=525%2C300 1.5x, https:\/\/i0.wp.com\/larevistadigital.com.ar\/blog\/wp-content\/uploads\/2018\/03\/VIVIENDAS-PILA1.jpg?fit=960%2C627&ssl=1&resize=700%2C400 2x"},"classes":[]},{"id":9786,"url":"https:\/\/larevistadigital.com.ar\/blog\/pila-el-intendente-modifico-por-decreto-las-cuotas-uva-del-programa-pila-crece\/","url_meta":{"origin":6023,"position":1},"title":"PILA: EL INTENDENTE MODIFIC\u00d3 POR DECRETO LAS CUOTAS UVA DEL PROGRAMA \u00abPILA CRECE\u00bb","author":"Alejandro Sosa Ruda","date":"22 abril, 2019","format":false,"excerpt":"El Intendente Municipal de Pila, Gustavo A. Walker, mediante el Decreto Municipal 113\/19 atento a los incesantes aumentos UVA de las cuotas del Programa Pila Crece, modific\u00f3 las mismas que pasar\u00e1n a ser ajustadas por el salario m\u00ednimo vital y m\u00f3vil ampliando en 12 cuotas m\u00e1s. Motiva la decisi\u00f3n la\u2026","rel":"","context":"En \u00abPILA\u00bb","block_context":{"text":"PILA","link":"https:\/\/larevistadigital.com.ar\/blog\/category\/pila\/"},"img":{"alt_text":"","src":"https:\/\/i0.wp.com\/larevistadigital.com.ar\/blog\/wp-content\/uploads\/2019\/04\/58376375_2107681432613981_3583461583520530432_n.jpg?fit=639%2C514&ssl=1&resize=350%2C200","width":350,"height":200,"srcset":"https:\/\/i0.wp.com\/larevistadigital.com.ar\/blog\/wp-content\/uploads\/2019\/04\/58376375_2107681432613981_3583461583520530432_n.jpg?fit=639%2C514&ssl=1&resize=350%2C200 1x, https:\/\/i0.wp.com\/larevistadigital.com.ar\/blog\/wp-content\/uploads\/2019\/04\/58376375_2107681432613981_3583461583520530432_n.jpg?fit=639%2C514&ssl=1&resize=525%2C300 1.5x"},"classes":[]},{"id":6026,"url":"https:\/\/larevistadigital.com.ar\/blog\/a-buen-ritmo-continuan-las-obras-de-construccion-de-intertrabado\/","url_meta":{"origin":6023,"position":2},"title":"A buen ritmo contin\u00faan las obras de construcci\u00f3n de intertrabado","author":"admin","date":"16 julio, 2018","format":false,"excerpt":"Trabajadores del Programa \u201cArgentina Trabaja\u201d finaliz\u00f3 con el intertrabado de calle 9 de la ciudad de Pila. En esta oportunidad, se realiz\u00f3 previo trabajo de infraestructura con la construcci\u00f3n de badenes en la continuidad de calle 8 y calle 9 por parte de la Empresa Fracchia y luego se pudo\u2026","rel":"","context":"En \u00abPILA\u00bb","block_context":{"text":"PILA","link":"https:\/\/larevistadigital.com.ar\/blog\/category\/pila\/"},"img":{"alt_text":"","src":"https:\/\/i0.wp.com\/larevistadigital.com.ar\/blog\/wp-content\/uploads\/2018\/07\/intertrabado.jpg?fit=960%2C540&ssl=1&resize=350%2C200","width":350,"height":200,"srcset":"https:\/\/i0.wp.com\/larevistadigital.com.ar\/blog\/wp-content\/uploads\/2018\/07\/intertrabado.jpg?fit=960%2C540&ssl=1&resize=350%2C200 1x, https:\/\/i0.wp.com\/larevistadigital.com.ar\/blog\/wp-content\/uploads\/2018\/07\/intertrabado.jpg?fit=960%2C540&ssl=1&resize=525%2C300 1.5x, https:\/\/i0.wp.com\/larevistadigital.com.ar\/blog\/wp-content\/uploads\/2018\/07\/intertrabado.jpg?fit=960%2C540&ssl=1&resize=700%2C400 2x"},"classes":[]},{"id":5030,"url":"https:\/\/larevistadigital.com.ar\/blog\/municipio-vende-viviendas-del-plan-habitacional-pila-crece\/","url_meta":{"origin":6023,"position":3},"title":"El Municipio vende viviendas del plan habitacional \u201cPila Crece\u201d","author":"admin","date":"1 marzo, 2018","format":false,"excerpt":"Desde ayer, lunes 26 de febrero, la Municipalidad de Pila puso en venta directa las viviendas del Plan Habitacional \u201cPila Crece\u201d; proyecto que reemplaza al \u201cBuenos Aires Hogar 15 viviendas\u201d, luego de haber sido absorbido por la Municipalidad de Pila y quedar a cargo de la terminaci\u00f3n de las mismas.\u2026","rel":"","context":"En \u00abPILA\u00bb","block_context":{"text":"PILA","link":"https:\/\/larevistadigital.com.ar\/blog\/category\/pila\/"},"img":{"alt_text":"","src":"https:\/\/i0.wp.com\/larevistadigital.com.ar\/blog\/wp-content\/uploads\/2018\/03\/VIVIENDAS-PILA.jpg?fit=960%2C623&ssl=1&resize=350%2C200","width":350,"height":200,"srcset":"https:\/\/i0.wp.com\/larevistadigital.com.ar\/blog\/wp-content\/uploads\/2018\/03\/VIVIENDAS-PILA.jpg?fit=960%2C623&ssl=1&resize=350%2C200 1x, https:\/\/i0.wp.com\/larevistadigital.com.ar\/blog\/wp-content\/uploads\/2018\/03\/VIVIENDAS-PILA.jpg?fit=960%2C623&ssl=1&resize=525%2C300 1.5x, https:\/\/i0.wp.com\/larevistadigital.com.ar\/blog\/wp-content\/uploads\/2018\/03\/VIVIENDAS-PILA.jpg?fit=960%2C623&ssl=1&resize=700%2C400 2x"},"classes":[]},{"id":14162,"url":"https:\/\/larevistadigital.com.ar\/blog\/pila-detienen-a-sujeto-por-invadir-un-domicilio\/","url_meta":{"origin":6023,"position":4},"title":"PILA: DETIENEN A SUJETO POR INVADIR UN DOMICILIO","author":"Alejandro Sosa Ruda","date":"13 enero, 2020","format":false,"excerpt":"En el d\u00eda de ayer domingo 12 del corriente, siendo las 14:20 hs., mediante un llamado telef\u00f3nico se alerta al personal policial de la Estaci\u00f3n Comunal de Pila, que en una vivienda sitio en calle 12 entre 9 y 11 hab\u00eda una persona usurpando. De inmediato se constituyeron los uniformados\u2026","rel":"","context":"En \u00abPILA\u00bb","block_context":{"text":"PILA","link":"https:\/\/larevistadigital.com.ar\/blog\/category\/pila\/"},"img":{"alt_text":"","src":"https:\/\/i0.wp.com\/larevistadigital.com.ar\/blog\/wp-content\/uploads\/82799890_2436347956627744_6590014973634674688_o.jpg?fit=960%2C720&ssl=1&resize=350%2C200","width":350,"height":200,"srcset":"https:\/\/i0.wp.com\/larevistadigital.com.ar\/blog\/wp-content\/uploads\/82799890_2436347956627744_6590014973634674688_o.jpg?fit=960%2C720&ssl=1&resize=350%2C200 1x, https:\/\/i0.wp.com\/larevistadigital.com.ar\/blog\/wp-content\/uploads\/82799890_2436347956627744_6590014973634674688_o.jpg?fit=960%2C720&ssl=1&resize=525%2C300 1.5x, https:\/\/i0.wp.com\/larevistadigital.com.ar\/blog\/wp-content\/uploads\/82799890_2436347956627744_6590014973634674688_o.jpg?fit=960%2C720&ssl=1&resize=700%2C400 2x"},"classes":[]},{"id":559,"url":"https:\/\/larevistadigital.com.ar\/blog\/hombre-muere-aplastado-revistas-porno\/","url_meta":{"origin":6023,"position":5},"title":"Hombre muere aplastado por revistas porno","author":"editor","date":"6 marzo, 2017","format":false,"excerpt":"Descrito como un solitario japon\u00e9s de 50 a\u00f1os de edad e identificado \u00fanicamente como Joji, este hombre muri\u00f3 bajo una pila de revistas pornogr\u00e1ficas. Su cuerpo fue descubierto seis meses despu\u00e9s, cuando el propietario ingres\u00f3 para averiguar qu\u00e9 hab\u00eda pasado con el pago del alquiler. De acuerdo con una publicaci\u00f3n\u2026","rel":"","context":"En \u00abCURIOSAS\u00bb","block_context":{"text":"CURIOSAS","link":"https:\/\/larevistadigital.com.ar\/blog\/category\/curiosas\/"},"img":{"alt_text":"","src":"https:\/\/i0.wp.com\/larevistadigital.com.ar\/blog\/wp-content\/uploads\/2017\/03\/hombreporno.jpg?fit=480%2C360&ssl=1&resize=350%2C200","width":350,"height":200},"classes":[]}],"_links":{"self":[{"href":"https:\/\/larevistadigital.com.ar\/blog\/wp-json\/wp\/v2\/posts\/6023","targetHints":{"allow":["GET"]}}],"collection":[{"href":"https:\/\/larevistadigital.com.ar\/blog\/wp-json\/wp\/v2\/posts"}],"about":[{"href":"https:\/\/larevistadigital.com.ar\/blog\/wp-json\/wp\/v2\/types\/post"}],"author":[{"embeddable":true,"href":"https:\/\/larevistadigital.com.ar\/blog\/wp-json\/wp\/v2\/users\/1"}],"replies":[{"embeddable":true,"href":"https:\/\/larevistadigital.com.ar\/blog\/wp-json\/wp\/v2\/comments?post=6023"}],"version-history":[{"count":1,"href":"https:\/\/larevistadigital.com.ar\/blog\/wp-json\/wp\/v2\/posts\/6023\/revisions"}],"predecessor-version":[{"id":6025,"href":"https:\/\/larevistadigital.com.ar\/blog\/wp-json\/wp\/v2\/posts\/6023\/revisions\/6025"}],"wp:featuredmedia":[{"embeddable":true,"href":"https:\/\/larevistadigital.com.ar\/blog\/wp-json\/wp\/v2\/media\/6024"}],"wp:attachment":[{"href":"https:\/\/larevistadigital.com.ar\/blog\/wp-json\/wp\/v2\/media?parent=6023"}],"wp:term":[{"taxonomy":"category","embeddable":true,"href":"https:\/\/larevistadigital.com.ar\/blog\/wp-json\/wp\/v2\/categories?post=6023"},{"taxonomy":"post_tag","embeddable":true,"href":"https:\/\/larevistadigital.com.ar\/blog\/wp-json\/wp\/v2\/tags?post=6023"}],"curies":[{"name":"wp","href":"https:\/\/api.w.org\/{rel}","templated":true}]}}