{"id":6079,"date":"2018-07-27T15:58:45","date_gmt":"2018-07-27T15:58:45","guid":{"rendered":"https:\/\/larevistadigital.com.ar\/blog\/?p=6079"},"modified":"2018-07-27T15:58:45","modified_gmt":"2018-07-27T15:58:45","slug":"chascomus-unidad-por-chascomus-manifesto-su-enojo-con-cambiemos-y-con-el-pj-unidad-ciudadana","status":"publish","type":"post","link":"https:\/\/larevistadigital.com.ar\/blog\/chascomus-unidad-por-chascomus-manifesto-su-enojo-con-cambiemos-y-con-el-pj-unidad-ciudadana\/","title":{"rendered":"CHASCOM\u00daS: UNIDAD POR CHASCOM\u00daS MANIFEST\u00d3 SU ENOJO CON CAMBIEMOS Y CON EL PJ-UNIDAD CIUDADANA"},"content":{"rendered":"<p>El partido oficialista de Chascom\u00fas, manifest\u00f3 su molestia con los bloques de Cambiemos y Pj-Unidad Ciudadana, ya que no los acompa\u00f1aron en un proyecto de resoluci\u00f3n, apoyando y mostrando el \u00abbenepl\u00e1cito\u00bb por la Kermese organizada por el municipio.<\/p>\n<blockquote>\n<h3>As\u00ed lo hicieron saber\u00a0en su p\u00e1gina de facebook, donde sostuvieron que sus pares de los otros bloques, tuvieron \u00abmezquindad pol\u00edtica\u00bb al no plegarse al proyecto, que ellos elaboraron.<\/h3>\n<\/blockquote>\n<p><strong>TEXTO DEL COMUNICADO:<\/strong><\/p>\n<p>MEZQUINDAD POL\u00cdTICA<br \/>\nHoy recibimos el rechazo de Unidad Ciudad\/PJ junto a Cambiemos, al benepl\u00e1cito por la recuperaci\u00f3n del espacio p\u00fablico puesto de manifiesto en la Kermese del \u00faltimo fin de semana. En el mismo se reconoc\u00eda el rol de los trabajadores municipales, emprendedores, artistas locales, instituciones, gastron\u00f3micos, entre otros.<\/p>\n<p>&nbsp;<\/p>\n<p><a href=\"https:\/\/i0.wp.com\/larevistadigital.com.ar\/blog\/wp-content\/uploads\/2018\/07\/37809890_1808973852556710_4549260988062367744_n.jpg?ssl=1\"><img data-recalc-dims=\"1\" loading=\"lazy\" decoding=\"async\" class=\"size-full wp-image-6081 aligncenter\" src=\"https:\/\/i0.wp.com\/larevistadigital.com.ar\/blog\/wp-content\/uploads\/2018\/07\/37809890_1808973852556710_4549260988062367744_n.jpg?resize=720%2C960&#038;ssl=1\" alt=\"\" width=\"720\" height=\"960\" srcset=\"https:\/\/i0.wp.com\/larevistadigital.com.ar\/blog\/wp-content\/uploads\/2018\/07\/37809890_1808973852556710_4549260988062367744_n.jpg?w=720&amp;ssl=1 720w, https:\/\/i0.wp.com\/larevistadigital.com.ar\/blog\/wp-content\/uploads\/2018\/07\/37809890_1808973852556710_4549260988062367744_n.jpg?resize=225%2C300&amp;ssl=1 225w\" sizes=\"auto, (max-width: 720px) 100vw, 720px\" \/><\/a><\/p>\n<p><a href=\"https:\/\/i0.wp.com\/larevistadigital.com.ar\/blog\/wp-content\/uploads\/2018\/07\/37809890_1808973852556710_4549260988062367744_n.jpg?ssl=1\"><img data-recalc-dims=\"1\" loading=\"lazy\" decoding=\"async\" class=\"size-full wp-image-6081 aligncenter\" src=\"https:\/\/i0.wp.com\/larevistadigital.com.ar\/blog\/wp-content\/uploads\/2018\/07\/37809890_1808973852556710_4549260988062367744_n.jpg?resize=720%2C960&#038;ssl=1\" alt=\"\" width=\"720\" height=\"960\" srcset=\"https:\/\/i0.wp.com\/larevistadigital.com.ar\/blog\/wp-content\/uploads\/2018\/07\/37809890_1808973852556710_4549260988062367744_n.jpg?w=720&amp;ssl=1 720w, https:\/\/i0.wp.com\/larevistadigital.com.ar\/blog\/wp-content\/uploads\/2018\/07\/37809890_1808973852556710_4549260988062367744_n.jpg?resize=225%2C300&amp;ssl=1 225w\" sizes=\"auto, (max-width: 720px) 100vw, 720px\" \/><\/a><\/p>\n","protected":false},"excerpt":{"rendered":"<div class=\"mh-excerpt\"><p>El partido oficialista de Chascom\u00fas, manifest\u00f3 su molestia con los bloques de Cambiemos y Pj-Unidad Ciudadana, ya que no los acompa\u00f1aron en un proyecto de resoluci\u00f3n, apoyando y mostrando el \u00abbenepl\u00e1cito\u00bb por la Kermese organizada <a class=\"mh-excerpt-more\" href=\"https:\/\/larevistadigital.com.ar\/blog\/chascomus-unidad-por-chascomus-manifesto-su-enojo-con-cambiemos-y-con-el-pj-unidad-ciudadana\/\" title=\"CHASCOM\u00daS: UNIDAD POR CHASCOM\u00daS MANIFEST\u00d3 SU ENOJO CON CAMBIEMOS Y CON EL PJ-UNIDAD CIUDADANA\">[Leer M\u00e1s]<\/a><\/p>\n<\/div>","protected":false},"author":3,"featured_media":6082,"comment_status":"open","ping_status":"open","sticky":false,"template":"","format":"standard","meta":{"_jetpack_memberships_contains_paid_content":false,"footnotes":"","jetpack_publicize_message":"","jetpack_publicize_feature_enabled":true,"jetpack_social_post_already_shared":true,"jetpack_social_options":{"image_generator_settings":{"template":"highway","default_image_id":0,"font":"","enabled":false},"version":2}},"categories":[6,12],"tags":[],"class_list":{"0":"post-6079","1":"post","2":"type-post","3":"status-publish","4":"format-standard","5":"has-post-thumbnail","7":"category-chascomus","8":"category-politica"},"jetpack_publicize_connections":[],"jetpack_featured_media_url":"https:\/\/i0.wp.com\/larevistadigital.com.ar\/blog\/wp-content\/uploads\/2018\/07\/10999361_733839446736828_775630290126410676_o.jpg?fit=2048%2C1447&ssl=1","jetpack_sharing_enabled":true,"jetpack_shortlink":"https:\/\/wp.me\/p8qtrQ-1A3","jetpack-related-posts":[{"id":5232,"url":"https:\/\/larevistadigital.com.ar\/blog\/chascomus-el-concejo-firmara-una-resolucion-contra-el-ingreso-irrestricto-de-farmacity-en-la-provincia\/","url_meta":{"origin":6079,"position":0},"title":"CHASCOM\u00daS: EL CONCEJO FIRMAR\u00c1 UNA RESOLUCI\u00d3N CONTRA EL INGRESO IRRESTRICTO DE FARMACITY EN LA PROVINCIA","author":"Alejandro Sosa Ruda","date":"11 marzo, 2018","format":false,"excerpt":"EN APOYO A LA LEY 10.606 El Concejo Deliberante de Chascom\u00fas sellar\u00e1 en abril una resoluci\u00f3n contra el ingreso irrestricto de Farmacity a la provincia Tras el planteo de la Filial Chascom\u00fas del Colegio de Farmac\u00e9uticos de la Provincia de Buenos Aires, el HCD comparte la preocupaci\u00f3n, rechaza los intentos\u2026","rel":"","context":"En \u00abCHASCOM\u00daS\u00bb","block_context":{"text":"CHASCOM\u00daS","link":"https:\/\/larevistadigital.com.ar\/blog\/category\/chascomus\/"},"img":{"alt_text":"","src":"https:\/\/i0.wp.com\/larevistadigital.com.ar\/blog\/wp-content\/uploads\/2018\/03\/mail.jpg?fit=1200%2C675&ssl=1&resize=350%2C200","width":350,"height":200,"srcset":"https:\/\/i0.wp.com\/larevistadigital.com.ar\/blog\/wp-content\/uploads\/2018\/03\/mail.jpg?fit=1200%2C675&ssl=1&resize=350%2C200 1x, https:\/\/i0.wp.com\/larevistadigital.com.ar\/blog\/wp-content\/uploads\/2018\/03\/mail.jpg?fit=1200%2C675&ssl=1&resize=525%2C300 1.5x, https:\/\/i0.wp.com\/larevistadigital.com.ar\/blog\/wp-content\/uploads\/2018\/03\/mail.jpg?fit=1200%2C675&ssl=1&resize=700%2C400 2x, https:\/\/i0.wp.com\/larevistadigital.com.ar\/blog\/wp-content\/uploads\/2018\/03\/mail.jpg?fit=1200%2C675&ssl=1&resize=1050%2C600 3x"},"classes":[]},{"id":3576,"url":"https:\/\/larevistadigital.com.ar\/blog\/chascomus-ultimo-momento-escrutadas-97-99-mesas-ferrante-casi-dobla-al-segundo\/","url_meta":{"origin":6079,"position":1},"title":"CHASCOM\u00daS: RESULTADOS FINALES. FERRANTE ARRAS\u00d3 Y LOGRAN 4 CONCEJALES.","author":"Alejandro Sosa Ruda","date":"23 octubre, 2017","format":false,"excerpt":"Cuando se han escrutado las 99 mesas del distrito, el candidato a concejal del frente Cambiemos, Ramiro Ferrante obtuvo un \u00e1mplio triunfo, seguido por el candidato Gabriel Macchi de Unidad Ciudadana y en tercer lugar el representante de Unidad por Chascom\u00fas 1 Pa\u00eds, Pablo Francese. Jos\u00e9 Ochoa\u00a0se ubica en el\u2026","rel":"","context":"En \u00abDESTACADAS\u00bb","block_context":{"text":"DESTACADAS","link":"https:\/\/larevistadigital.com.ar\/blog\/category\/destacadas\/"},"img":{"alt_text":"","src":"https:\/\/i0.wp.com\/larevistadigital.com.ar\/blog\/wp-content\/uploads\/2017\/10\/d509ce0e-2c7a-4de7-bcb9-8b09cb3b31f4-1.jpg?fit=359%2C405&ssl=1&resize=350%2C200","width":350,"height":200},"classes":[]},{"id":7399,"url":"https:\/\/larevistadigital.com.ar\/blog\/chascomus-se-tratara-en-el-concejo-el-presupuesto-y-probablemente-la-regulacion-de-agroquimicos\/","url_meta":{"origin":6079,"position":2},"title":"CHASCOM\u00daS: SE TRATAR\u00c1 EN EL CONCEJO EL PRESUPUESTO Y PROBABLEMENTE LA REGULACI\u00d3N DE AGROQU\u00cdMICOS","author":"Alejandro Sosa Ruda","date":"27 diciembre, 2018","format":false,"excerpt":"En el d\u00eda de hoy se estar\u00e1 llevando adelanta la segunda sesi\u00f3n de pr\u00f3rroga del Concejo Deliberante, donde se estar\u00e1n tratando el Presupuesto de Gastos y C\u00e1lculo de Recursos de la Administraci\u00f3n Municipal para el a\u00f1o 2019 y la Ordenanza Fiscal e Impositiva. Ambas iniciativas se aprobar\u00edan en el d\u00eda\u2026","rel":"","context":"En \u00abDESTACADAS\u00bb","block_context":{"text":"DESTACADAS","link":"https:\/\/larevistadigital.com.ar\/blog\/category\/destacadas\/"},"img":{"alt_text":"","src":"https:\/\/i0.wp.com\/larevistadigital.com.ar\/blog\/wp-content\/uploads\/2018\/06\/consjeo_21demarzode2108_elfuerte.jpg?fit=737%2C415&ssl=1&resize=350%2C200","width":350,"height":200,"srcset":"https:\/\/i0.wp.com\/larevistadigital.com.ar\/blog\/wp-content\/uploads\/2018\/06\/consjeo_21demarzode2108_elfuerte.jpg?fit=737%2C415&ssl=1&resize=350%2C200 1x, https:\/\/i0.wp.com\/larevistadigital.com.ar\/blog\/wp-content\/uploads\/2018\/06\/consjeo_21demarzode2108_elfuerte.jpg?fit=737%2C415&ssl=1&resize=525%2C300 1.5x, https:\/\/i0.wp.com\/larevistadigital.com.ar\/blog\/wp-content\/uploads\/2018\/06\/consjeo_21demarzode2108_elfuerte.jpg?fit=737%2C415&ssl=1&resize=700%2C400 2x"},"classes":[]},{"id":6733,"url":"https:\/\/larevistadigital.com.ar\/blog\/chascomus-aqui-mas-pruebas-de-los-entredichos-por-supuestas-sobrefacturaciones-entre-cambiemos-y-unidad-por-chascomus\/","url_meta":{"origin":6079,"position":3},"title":"CHASCOM\u00daS: AQU\u00cd M\u00c1S PRUEBAS DE LOS ENTREDICHOS POR SUPUESTAS SOBREFACTURACIONES ENTRE CAMBIEMOS Y UNIDAD POR CHASCOM\u00daS","author":"Alejandro Sosa Ruda","date":"4 octubre, 2018","format":false,"excerpt":"Algunas fuentes nos hacen llegar informaci\u00f3n y elementos que dejan probado que los \u201cinconvenientes\u201d entre el oficialismo y cambiemos dentro del Consejo Escolar, ya vienen ocurriendo por distintas razones, que hasta hoy se desconoc\u00edan. Evidentemente los \u00faltimos acontecimientos respecto de una auditor\u00eda que salieron a la luz y que brindamos\u2026","rel":"","context":"En \u00abDESTACADAS\u00bb","block_context":{"text":"DESTACADAS","link":"https:\/\/larevistadigital.com.ar\/blog\/category\/destacadas\/"},"img":{"alt_text":"","src":"https:\/\/i0.wp.com\/larevistadigital.com.ar\/blog\/wp-content\/uploads\/2018\/10\/Sin-t%C3%ADtulo-1.jpg?fit=1200%2C675&ssl=1&resize=350%2C200","width":350,"height":200,"srcset":"https:\/\/i0.wp.com\/larevistadigital.com.ar\/blog\/wp-content\/uploads\/2018\/10\/Sin-t%C3%ADtulo-1.jpg?fit=1200%2C675&ssl=1&resize=350%2C200 1x, https:\/\/i0.wp.com\/larevistadigital.com.ar\/blog\/wp-content\/uploads\/2018\/10\/Sin-t%C3%ADtulo-1.jpg?fit=1200%2C675&ssl=1&resize=525%2C300 1.5x, https:\/\/i0.wp.com\/larevistadigital.com.ar\/blog\/wp-content\/uploads\/2018\/10\/Sin-t%C3%ADtulo-1.jpg?fit=1200%2C675&ssl=1&resize=700%2C400 2x, https:\/\/i0.wp.com\/larevistadigital.com.ar\/blog\/wp-content\/uploads\/2018\/10\/Sin-t%C3%ADtulo-1.jpg?fit=1200%2C675&ssl=1&resize=1050%2C600 3x"},"classes":[]},{"id":4762,"url":"https:\/\/larevistadigital.com.ar\/blog\/chascomus-cambiemos-pidio-los-demas-bloques-reconsiderar-los-aumentos-las-tasas\/","url_meta":{"origin":6079,"position":4},"title":"CHASCOM\u00daS: CAMBIEMOS PIDI\u00d3 A LOS DEM\u00c1S BLOQUES RECONSIDERAR LOS AUMENTOS EN LAS TASAS","author":"Alejandro Sosa Ruda","date":"6 febrero, 2018","format":false,"excerpt":"EN ALGUNOS CASOS SUPERAN EL 1000% Y SE TORNAN IMPAGABLES PARA QUIENES TIENEN MENOS POSIBILIDADES. HAY MUCHOS QUE POR UN LOTE VIERON INCREMENTADAS LAS TASAS EN M\u00c1S DEL 1000%. ALGO DEBEN HACER LAS AUTORIDADES PARA QUE ESTO NO TERMINE CON UN GRAN SECTOR DE LA POBLACI\u00d3N ENDEUDADO Y SIN POSIBILIDADES\u2026","rel":"","context":"En \u00abCHASCOM\u00daS\u00bb","block_context":{"text":"CHASCOM\u00daS","link":"https:\/\/larevistadigital.com.ar\/blog\/category\/chascomus\/"},"img":{"alt_text":"","src":"https:\/\/i0.wp.com\/larevistadigital.com.ar\/blog\/wp-content\/uploads\/2018\/02\/intereses-bancarios01.jpg?fit=650%2C463&ssl=1&resize=350%2C200","width":350,"height":200,"srcset":"https:\/\/i0.wp.com\/larevistadigital.com.ar\/blog\/wp-content\/uploads\/2018\/02\/intereses-bancarios01.jpg?fit=650%2C463&ssl=1&resize=350%2C200 1x, https:\/\/i0.wp.com\/larevistadigital.com.ar\/blog\/wp-content\/uploads\/2018\/02\/intereses-bancarios01.jpg?fit=650%2C463&ssl=1&resize=525%2C300 1.5x"},"classes":[]},{"id":5211,"url":"https:\/\/larevistadigital.com.ar\/blog\/chascomus-se-convoco-sesion-extraordinaria-manana\/","url_meta":{"origin":6079,"position":5},"title":"CHASCOM\u00daS: SE CONVOC\u00d3 A SESI\u00d3N EXTRAORDINARIA PARA MA\u00d1ANA","author":"Alejandro Sosa Ruda","date":"7 marzo, 2018","format":false,"excerpt":"Se convoc\u00f3 a Sesiones Extraordinarias para el pr\u00f3ximo jueves 8 del corriente y para sus respectivos Jefes de bancadas a Comisi\u00f3n de Labor Deliberativa, mismo d\u00eda a las 10 y 45 hs.- Las solicitudes han sido formuladas por: Unidad Ciudadana-PJ, por los bloques Cambiemos Chascom\u00fas, UCR en Cambiemos y UxCh,\u2026","rel":"","context":"En \u00abDESTACADAS\u00bb","block_context":{"text":"DESTACADAS","link":"https:\/\/larevistadigital.com.ar\/blog\/category\/destacadas\/"},"img":{"alt_text":"","src":"https:\/\/i0.wp.com\/larevistadigital.com.ar\/blog\/wp-content\/uploads\/2018\/03\/449787492_1_concejo-chascomus.jpg?fit=825%2C490&ssl=1&resize=350%2C200","width":350,"height":200,"srcset":"https:\/\/i0.wp.com\/larevistadigital.com.ar\/blog\/wp-content\/uploads\/2018\/03\/449787492_1_concejo-chascomus.jpg?fit=825%2C490&ssl=1&resize=350%2C200 1x, https:\/\/i0.wp.com\/larevistadigital.com.ar\/blog\/wp-content\/uploads\/2018\/03\/449787492_1_concejo-chascomus.jpg?fit=825%2C490&ssl=1&resize=525%2C300 1.5x, https:\/\/i0.wp.com\/larevistadigital.com.ar\/blog\/wp-content\/uploads\/2018\/03\/449787492_1_concejo-chascomus.jpg?fit=825%2C490&ssl=1&resize=700%2C400 2x"},"classes":[]}],"_links":{"self":[{"href":"https:\/\/larevistadigital.com.ar\/blog\/wp-json\/wp\/v2\/posts\/6079","targetHints":{"allow":["GET"]}}],"collection":[{"href":"https:\/\/larevistadigital.com.ar\/blog\/wp-json\/wp\/v2\/posts"}],"about":[{"href":"https:\/\/larevistadigital.com.ar\/blog\/wp-json\/wp\/v2\/types\/post"}],"author":[{"embeddable":true,"href":"https:\/\/larevistadigital.com.ar\/blog\/wp-json\/wp\/v2\/users\/3"}],"replies":[{"embeddable":true,"href":"https:\/\/larevistadigital.com.ar\/blog\/wp-json\/wp\/v2\/comments?post=6079"}],"version-history":[{"count":1,"href":"https:\/\/larevistadigital.com.ar\/blog\/wp-json\/wp\/v2\/posts\/6079\/revisions"}],"predecessor-version":[{"id":6083,"href":"https:\/\/larevistadigital.com.ar\/blog\/wp-json\/wp\/v2\/posts\/6079\/revisions\/6083"}],"wp:featuredmedia":[{"embeddable":true,"href":"https:\/\/larevistadigital.com.ar\/blog\/wp-json\/wp\/v2\/media\/6082"}],"wp:attachment":[{"href":"https:\/\/larevistadigital.com.ar\/blog\/wp-json\/wp\/v2\/media?parent=6079"}],"wp:term":[{"taxonomy":"category","embeddable":true,"href":"https:\/\/larevistadigital.com.ar\/blog\/wp-json\/wp\/v2\/categories?post=6079"},{"taxonomy":"post_tag","embeddable":true,"href":"https:\/\/larevistadigital.com.ar\/blog\/wp-json\/wp\/v2\/tags?post=6079"}],"curies":[{"name":"wp","href":"https:\/\/api.w.org\/{rel}","templated":true}]}}