{"id":6084,"date":"2018-07-27T17:40:41","date_gmt":"2018-07-27T17:40:41","guid":{"rendered":"https:\/\/larevistadigital.com.ar\/blog\/?p=6084"},"modified":"2018-07-27T17:40:41","modified_gmt":"2018-07-27T17:40:41","slug":"jorge-rial-conto-porque-decidio-dejar-intrusos","status":"publish","type":"post","link":"https:\/\/larevistadigital.com.ar\/blog\/jorge-rial-conto-porque-decidio-dejar-intrusos\/","title":{"rendered":"JORGE RIAL CONT\u00d3 PORQU\u00c9 DECIDI\u00d3 DEJAR \u00abINTRUSOS\u00bb"},"content":{"rendered":"<p>El conductor televisivo\u00a0<strong>Jorge Rial<\/strong>, quien forma parte de la pantalla chica hace varios a\u00f1os, utiliz\u00f3 su cuenta de Twitter para dar a conocer\u00a0<strong>los motivos por los cuales no estar\u00e1 m\u00e1s en el programa de televisi\u00f3n, Intrusos.<\/strong><\/p>\n<p><em><strong>\u00abMe tomo unos meses de licencia\u00a0para rearmar, construir y encarar nuevos proyectos en\u00a0mi vida\u00a0a nivel personal y profesional\u00bb<\/strong><\/em>, expres\u00f3 el comunicador social. De todas formas, aclar\u00f3 que le encantar\u00eda regresar porque en 18 a\u00f1os de carrera nunca se retir\u00f3.<\/p>\n<p><a href=\"https:\/\/i0.wp.com\/larevistadigital.com.ar\/blog\/wp-content\/uploads\/2018\/07\/Screenshot_4.jpg?ssl=1\"><img data-recalc-dims=\"1\" loading=\"lazy\" decoding=\"async\" class=\"size-full wp-image-6085 aligncenter\" src=\"https:\/\/i0.wp.com\/larevistadigital.com.ar\/blog\/wp-content\/uploads\/2018\/07\/Screenshot_4.jpg?resize=698%2C697&#038;ssl=1\" alt=\"\" width=\"698\" height=\"697\" srcset=\"https:\/\/i0.wp.com\/larevistadigital.com.ar\/blog\/wp-content\/uploads\/2018\/07\/Screenshot_4.jpg?w=698&amp;ssl=1 698w, https:\/\/i0.wp.com\/larevistadigital.com.ar\/blog\/wp-content\/uploads\/2018\/07\/Screenshot_4.jpg?resize=150%2C150&amp;ssl=1 150w, https:\/\/i0.wp.com\/larevistadigital.com.ar\/blog\/wp-content\/uploads\/2018\/07\/Screenshot_4.jpg?resize=300%2C300&amp;ssl=1 300w\" sizes=\"auto, (max-width: 698px) 100vw, 698px\" \/><\/a><\/p>\n<p>Como todos sabemos, en estos \u00faltimos meses<strong>\u00a0Rial\u00a0vivi\u00f3 diversas experiencias complicadas\u00a0<\/strong>a ra\u00edz de la complicada relaci\u00f3n que tuvo con su hija, Morena, pero, por suerte, ya hicieron las paces y podr\u00e1n generar un v\u00ednculo m\u00e1s saludable.<\/p>\n<p><a href=\"https:\/\/i0.wp.com\/larevistadigital.com.ar\/blog\/wp-content\/uploads\/2018\/07\/Screenshot_3.jpg?ssl=1\"><img data-recalc-dims=\"1\" loading=\"lazy\" decoding=\"async\" class=\"size-full wp-image-6086 aligncenter\" src=\"https:\/\/i0.wp.com\/larevistadigital.com.ar\/blog\/wp-content\/uploads\/2018\/07\/Screenshot_3.jpg?resize=684%2C336&#038;ssl=1\" alt=\"\" width=\"684\" height=\"336\" srcset=\"https:\/\/i0.wp.com\/larevistadigital.com.ar\/blog\/wp-content\/uploads\/2018\/07\/Screenshot_3.jpg?w=684&amp;ssl=1 684w, https:\/\/i0.wp.com\/larevistadigital.com.ar\/blog\/wp-content\/uploads\/2018\/07\/Screenshot_3.jpg?resize=300%2C147&amp;ssl=1 300w\" sizes=\"auto, (max-width: 684px) 100vw, 684px\" \/><\/a><\/p>\n<p>Al finalizar el mensaje que emiti\u00f3 a trav\u00e9s de las redes sociales,<strong>\u00a0Jorge le agradeci\u00f3 a los\u00a0fan\u00e1ticos por comprenderlo<\/strong>\u00a0y estar siempre a su lado.<\/p>\n<p>fuente:FILONEWS<\/p>\n","protected":false},"excerpt":{"rendered":"<div class=\"mh-excerpt\"><p>El conductor televisivo\u00a0Jorge Rial, quien forma parte de la pantalla chica hace varios a\u00f1os, utiliz\u00f3 su cuenta de Twitter para dar a conocer\u00a0los motivos por los cuales no estar\u00e1 m\u00e1s en el programa de televisi\u00f3n, <a class=\"mh-excerpt-more\" href=\"https:\/\/larevistadigital.com.ar\/blog\/jorge-rial-conto-porque-decidio-dejar-intrusos\/\" title=\"JORGE RIAL CONT\u00d3 PORQU\u00c9 DECIDI\u00d3 DEJAR \u00abINTRUSOS\u00bb\">[Leer M\u00e1s]<\/a><\/p>\n<\/div>","protected":false},"author":3,"featured_media":6087,"comment_status":"open","ping_status":"open","sticky":false,"template":"","format":"standard","meta":{"_jetpack_memberships_contains_paid_content":false,"footnotes":"","jetpack_publicize_message":"","jetpack_publicize_feature_enabled":true,"jetpack_social_post_already_shared":true,"jetpack_social_options":{"image_generator_settings":{"template":"highway","default_image_id":0,"font":"","enabled":false},"version":2}},"categories":[11,12],"tags":[],"class_list":{"0":"post-6084","1":"post","2":"type-post","3":"status-publish","4":"format-standard","5":"has-post-thumbnail","7":"category-curiosas","8":"category-politica"},"jetpack_publicize_connections":[],"jetpack_featured_media_url":"https:\/\/i0.wp.com\/larevistadigital.com.ar\/blog\/wp-content\/uploads\/2018\/07\/jorgerial_1.jpg_525981578.jpg?fit=790%2C440&ssl=1","jetpack_sharing_enabled":true,"jetpack_shortlink":"https:\/\/wp.me\/p8qtrQ-1A8","jetpack-related-posts":[{"id":33172,"url":"https:\/\/larevistadigital.com.ar\/blog\/tristeza-murio-silvina-luna\/","url_meta":{"origin":6084,"position":0},"title":"TRISTEZA: MURI\u00d3 SILVINA LUNA","author":"Alejandro Sosa Ruda","date":"31 agosto, 2023","format":false,"excerpt":"Ten\u00eda 43 a\u00f1os de edad y estaba seriamente afectada esperando un transplante de ri\u00f1\u00f3n. 31 de agosto de 2023 Lo confirm\u00f3 su abogado Fern\u00e1ndo Burlando a TN. \"Lamentablemente es cierto. Silvina falleci\u00f3\". As\u00ed la modelo, actriz y conductora de TV falleci\u00f3 luego de 80 d\u00edas de internaci\u00f3n en el Hospital\u2026","rel":"","context":"En \u00abDESTACADAS\u00bb","block_context":{"text":"DESTACADAS","link":"https:\/\/larevistadigital.com.ar\/blog\/category\/destacadas\/"},"img":{"alt_text":"","src":"https:\/\/i0.wp.com\/larevistadigital.com.ar\/blog\/wp-content\/uploads\/Captura-de-pantalla-2023-08-31-135659.jpg?fit=757%2C539&ssl=1&resize=350%2C200","width":350,"height":200,"srcset":"https:\/\/i0.wp.com\/larevistadigital.com.ar\/blog\/wp-content\/uploads\/Captura-de-pantalla-2023-08-31-135659.jpg?fit=757%2C539&ssl=1&resize=350%2C200 1x, https:\/\/i0.wp.com\/larevistadigital.com.ar\/blog\/wp-content\/uploads\/Captura-de-pantalla-2023-08-31-135659.jpg?fit=757%2C539&ssl=1&resize=525%2C300 1.5x, https:\/\/i0.wp.com\/larevistadigital.com.ar\/blog\/wp-content\/uploads\/Captura-de-pantalla-2023-08-31-135659.jpg?fit=757%2C539&ssl=1&resize=700%2C400 2x"},"classes":[]},{"id":10307,"url":"https:\/\/larevistadigital.com.ar\/blog\/15-anos-de-prision-para-jorge-lantano-por-el-homicidio-de-raul-onnainty\/","url_meta":{"origin":6084,"position":1},"title":"15 A\u00d1OS DE PRISI\u00d3N PARA JORGE LANTA\u00d1O, POR EL HOMICIDIO DE RA\u00daL ONNAINTY","author":"Alejandro Sosa Ruda","date":"24 mayo, 2019","format":false,"excerpt":"El Tribunal que juzg\u00f3 el homicidio del comerciante y ex campe\u00f3n mundial de pelota paleta, Ra\u00fal Onnainty ocurrido en el mes de agosto de 2013 en Chascom\u00fas, conden\u00f3 a Jorge Lanta\u00f1o a 15 a\u00f1os de prisi\u00f3n. Ayer se conoci\u00f3 el veredicto, luego que la semana pasada finalizaran los alegatos del\u2026","rel":"","context":"En \u00abDESTACADAS\u00bb","block_context":{"text":"DESTACADAS","link":"https:\/\/larevistadigital.com.ar\/blog\/category\/destacadas\/"},"img":{"alt_text":"","src":"https:\/\/i0.wp.com\/larevistadigital.com.ar\/blog\/wp-content\/uploads\/2019\/05\/esposado.jpg?fit=1200%2C748&ssl=1&resize=350%2C200","width":350,"height":200,"srcset":"https:\/\/i0.wp.com\/larevistadigital.com.ar\/blog\/wp-content\/uploads\/2019\/05\/esposado.jpg?fit=1200%2C748&ssl=1&resize=350%2C200 1x, https:\/\/i0.wp.com\/larevistadigital.com.ar\/blog\/wp-content\/uploads\/2019\/05\/esposado.jpg?fit=1200%2C748&ssl=1&resize=525%2C300 1.5x, https:\/\/i0.wp.com\/larevistadigital.com.ar\/blog\/wp-content\/uploads\/2019\/05\/esposado.jpg?fit=1200%2C748&ssl=1&resize=700%2C400 2x, https:\/\/i0.wp.com\/larevistadigital.com.ar\/blog\/wp-content\/uploads\/2019\/05\/esposado.jpg?fit=1200%2C748&ssl=1&resize=1050%2C600 3x"},"classes":[]},{"id":24922,"url":"https:\/\/larevistadigital.com.ar\/blog\/hallan-muerto-en-un-hotel-abandonado-al-hermano-de-daniela-cardone\/","url_meta":{"origin":6084,"position":2},"title":"HALLAN MUERTO EN UN HOTEL ABANDONADO AL HERMANO DE DANIELA CARDONE","author":"Alejandro Sosa Ruda","date":"2 abril, 2022","format":false,"excerpt":"Desde hac\u00eda unos a\u00f1os, el hombre se encontraba en situaci\u00f3n de calle y dorm\u00eda en el hotel abandonado junto a otras personas. VIEDMA -\u00a0 El hermano de la modelo Daniela Cardone fue encontrado muerto en el interior de un hotel abandonado cercano a la costanera de la ciudad rionegrina de\u2026","rel":"","context":"En \u00abINTERES GENERAL\u00bb","block_context":{"text":"INTERES GENERAL","link":"https:\/\/larevistadigital.com.ar\/blog\/category\/interes-general\/"},"img":{"alt_text":"","src":"https:\/\/i0.wp.com\/larevistadigital.com.ar\/blog\/wp-content\/uploads\/DANIELA-CARDONE-PORTADA.jpg?fit=821%2C621&ssl=1&resize=350%2C200","width":350,"height":200,"srcset":"https:\/\/i0.wp.com\/larevistadigital.com.ar\/blog\/wp-content\/uploads\/DANIELA-CARDONE-PORTADA.jpg?fit=821%2C621&ssl=1&resize=350%2C200 1x, https:\/\/i0.wp.com\/larevistadigital.com.ar\/blog\/wp-content\/uploads\/DANIELA-CARDONE-PORTADA.jpg?fit=821%2C621&ssl=1&resize=525%2C300 1.5x, https:\/\/i0.wp.com\/larevistadigital.com.ar\/blog\/wp-content\/uploads\/DANIELA-CARDONE-PORTADA.jpg?fit=821%2C621&ssl=1&resize=700%2C400 2x"},"classes":[]},{"id":11462,"url":"https:\/\/larevistadigital.com.ar\/blog\/ola-de-robos-en-barrio-parque-girado-que-atormenta-a-los-vecinos\/","url_meta":{"origin":6084,"position":3},"title":"OLA DE ROBOS EN BARRIO PARQUE GIRADO QUE ATORMENTA A LOS VECINOS.","author":"Alejandro Sosa Ruda","date":"24 julio, 2019","format":false,"excerpt":"Los vecinos de Barrio Parque Girado se encuentran movilizados y en estado de alerta por una serie de robos que vienen sufriendo las \u00faltimas semanas, que ya han afectado cerca de diez casas de la zona. As\u00ed nos lo han hecho saber, manifestando su preocupaci\u00f3n, porque lo que era muy\u2026","rel":"","context":"En \u00abINTERES GENERAL\u00bb","block_context":{"text":"INTERES GENERAL","link":"https:\/\/larevistadigital.com.ar\/blog\/category\/interes-general\/"},"img":{"alt_text":"","src":"https:\/\/i0.wp.com\/larevistadigital.com.ar\/blog\/wp-content\/uploads\/img_73348_Escuela8rejadoblada.jpg?fit=1200%2C675&ssl=1&resize=350%2C200","width":350,"height":200,"srcset":"https:\/\/i0.wp.com\/larevistadigital.com.ar\/blog\/wp-content\/uploads\/img_73348_Escuela8rejadoblada.jpg?fit=1200%2C675&ssl=1&resize=350%2C200 1x, https:\/\/i0.wp.com\/larevistadigital.com.ar\/blog\/wp-content\/uploads\/img_73348_Escuela8rejadoblada.jpg?fit=1200%2C675&ssl=1&resize=525%2C300 1.5x, https:\/\/i0.wp.com\/larevistadigital.com.ar\/blog\/wp-content\/uploads\/img_73348_Escuela8rejadoblada.jpg?fit=1200%2C675&ssl=1&resize=700%2C400 2x, https:\/\/i0.wp.com\/larevistadigital.com.ar\/blog\/wp-content\/uploads\/img_73348_Escuela8rejadoblada.jpg?fit=1200%2C675&ssl=1&resize=1050%2C600 3x"},"classes":[]},{"id":3003,"url":"https:\/\/larevistadigital.com.ar\/blog\/jorge-silvestre-en-las-paso-la-gente-va-a-votar-a-cambiemos\/","url_meta":{"origin":6084,"position":4},"title":"JORGE SILVESTRE: \u00abEN LAS PASO LA GENTE VA A VOTAR A CAMBIEMOS\u00bb","author":"Alejandro Sosa Ruda","date":"4 agosto, 2017","format":false,"excerpt":"El presidente del bloque de diputados de Cambiemos, Jorge Silvestre, destac\u00f3 las obras de infraestructura realizadas por la gesti\u00f3n de Vidal y se mostr\u00f3 confiado con el resultado de las PASO. \u201cLa gesti\u00f3n Cambiemos ha hecho m\u00e1s en un a\u00f1o que en los 30 a\u00f1os de peronismo en la provincia\u2026","rel":"","context":"En \u00abPOLITICA\u00bb","block_context":{"text":"POLITICA","link":"https:\/\/larevistadigital.com.ar\/blog\/category\/politica\/"},"img":{"alt_text":"","src":"https:\/\/i0.wp.com\/larevistadigital.com.ar\/blog\/wp-content\/uploads\/2017\/08\/eb157cdf-f42f-4c12-bbee-7446e147594c.jpg?fit=1024%2C683&ssl=1&resize=350%2C200","width":350,"height":200,"srcset":"https:\/\/i0.wp.com\/larevistadigital.com.ar\/blog\/wp-content\/uploads\/2017\/08\/eb157cdf-f42f-4c12-bbee-7446e147594c.jpg?fit=1024%2C683&ssl=1&resize=350%2C200 1x, https:\/\/i0.wp.com\/larevistadigital.com.ar\/blog\/wp-content\/uploads\/2017\/08\/eb157cdf-f42f-4c12-bbee-7446e147594c.jpg?fit=1024%2C683&ssl=1&resize=525%2C300 1.5x, https:\/\/i0.wp.com\/larevistadigital.com.ar\/blog\/wp-content\/uploads\/2017\/08\/eb157cdf-f42f-4c12-bbee-7446e147594c.jpg?fit=1024%2C683&ssl=1&resize=700%2C400 2x"},"classes":[]},{"id":39469,"url":"https:\/\/larevistadigital.com.ar\/blog\/murio-el-papa-francisco\/","url_meta":{"origin":6084,"position":5},"title":"MURI\u00d3 EL PAPA FRANC\u00cdSCO","author":"Alejandro Sosa Ruda","date":"21 abril, 2025","format":false,"excerpt":"A los 88 a\u00f1os de edad, muri\u00f3 el primer Papa latinoamericano de la historia. Su deseo de acercar la Iglesia a las personas, lo ha marcado como un hombre que despert\u00f3 admiraci\u00f3n y cr\u00edticas en el mundo entero. 21 de Marzo de 2025 El\u00a0papa Francisco falleci\u00f3 este lunes a la\u2026","rel":"","context":"En \u00abDESTACADAS\u00bb","block_context":{"text":"DESTACADAS","link":"https:\/\/larevistadigital.com.ar\/blog\/category\/destacadas\/"},"img":{"alt_text":"","src":"https:\/\/i0.wp.com\/larevistadigital.com.ar\/blog\/wp-content\/uploads\/top-view-of-black-bow-as-mourning-symbol-on-dark-wall-1.jpg?fit=1200%2C801&ssl=1&resize=350%2C200","width":350,"height":200,"srcset":"https:\/\/i0.wp.com\/larevistadigital.com.ar\/blog\/wp-content\/uploads\/top-view-of-black-bow-as-mourning-symbol-on-dark-wall-1.jpg?fit=1200%2C801&ssl=1&resize=350%2C200 1x, https:\/\/i0.wp.com\/larevistadigital.com.ar\/blog\/wp-content\/uploads\/top-view-of-black-bow-as-mourning-symbol-on-dark-wall-1.jpg?fit=1200%2C801&ssl=1&resize=525%2C300 1.5x, https:\/\/i0.wp.com\/larevistadigital.com.ar\/blog\/wp-content\/uploads\/top-view-of-black-bow-as-mourning-symbol-on-dark-wall-1.jpg?fit=1200%2C801&ssl=1&resize=700%2C400 2x, https:\/\/i0.wp.com\/larevistadigital.com.ar\/blog\/wp-content\/uploads\/top-view-of-black-bow-as-mourning-symbol-on-dark-wall-1.jpg?fit=1200%2C801&ssl=1&resize=1050%2C600 3x"},"classes":[]}],"_links":{"self":[{"href":"https:\/\/larevistadigital.com.ar\/blog\/wp-json\/wp\/v2\/posts\/6084","targetHints":{"allow":["GET"]}}],"collection":[{"href":"https:\/\/larevistadigital.com.ar\/blog\/wp-json\/wp\/v2\/posts"}],"about":[{"href":"https:\/\/larevistadigital.com.ar\/blog\/wp-json\/wp\/v2\/types\/post"}],"author":[{"embeddable":true,"href":"https:\/\/larevistadigital.com.ar\/blog\/wp-json\/wp\/v2\/users\/3"}],"replies":[{"embeddable":true,"href":"https:\/\/larevistadigital.com.ar\/blog\/wp-json\/wp\/v2\/comments?post=6084"}],"version-history":[{"count":1,"href":"https:\/\/larevistadigital.com.ar\/blog\/wp-json\/wp\/v2\/posts\/6084\/revisions"}],"predecessor-version":[{"id":6088,"href":"https:\/\/larevistadigital.com.ar\/blog\/wp-json\/wp\/v2\/posts\/6084\/revisions\/6088"}],"wp:featuredmedia":[{"embeddable":true,"href":"https:\/\/larevistadigital.com.ar\/blog\/wp-json\/wp\/v2\/media\/6087"}],"wp:attachment":[{"href":"https:\/\/larevistadigital.com.ar\/blog\/wp-json\/wp\/v2\/media?parent=6084"}],"wp:term":[{"taxonomy":"category","embeddable":true,"href":"https:\/\/larevistadigital.com.ar\/blog\/wp-json\/wp\/v2\/categories?post=6084"},{"taxonomy":"post_tag","embeddable":true,"href":"https:\/\/larevistadigital.com.ar\/blog\/wp-json\/wp\/v2\/tags?post=6084"}],"curies":[{"name":"wp","href":"https:\/\/api.w.org\/{rel}","templated":true}]}}