{"id":63,"date":"2017-01-30T15:01:49","date_gmt":"2017-01-30T15:01:49","guid":{"rendered":"https:\/\/larevistadigital.com.ar\/blog\/?p=63"},"modified":"2017-02-18T08:44:07","modified_gmt":"2017-02-18T08:44:07","slug":"carta-del-secretario-general-de-atilra-hector-ponce-al-presidente-de-sancor-cul-gustavo-ferrero","status":"publish","type":"post","link":"https:\/\/larevistadigital.com.ar\/blog\/carta-del-secretario-general-de-atilra-hector-ponce-al-presidente-de-sancor-cul-gustavo-ferrero\/","title":{"rendered":"Carta del Secretario General de ATILRA, H\u00e9ctor Ponce, al Presidente de SanCor CUL, Gustavo Ferrero"},"content":{"rendered":"<table width=\"100%\">\n<tbody>\n<tr>\n<td>Tal como se lo expresara a Ud. y dem\u00e1s miembros de ese Consejo de Administraci\u00f3n, hoy tengo que reiterarle la honda preocupaci\u00f3n que esta representaci\u00f3n sindical tiene respecto del futuro de la Cooperativa.<\/td>\n<\/tr>\n<\/tbody>\n<\/table>\n<p>Las dificultades, que no son nuevas, tienen su origen en problemas estructurales de su organizaci\u00f3n empresarial, la adquisici\u00f3n de empr\u00e9stitos onerosos desde el punto vista financiero y una incorrecta visi\u00f3n de los escenarios nacional e internacional.<\/p>\n<p>A la situaci\u00f3n descripta debe sum\u00e1rsele, a mi entender, una administraci\u00f3n que jam\u00e1s tuvo la profesionalidad necesaria para asegurar rumbos claros que hicieran posible los objetivos del futuro.<\/p>\n<p>La mala o incorrecta utilizaci\u00f3n de los recursos y\/o herramientas de los que dispon\u00eda la empresa para lograr su sustentabilidad, hicieron que para financiar los desajustes presupuestarios la Cooperativa debiera desprenderse de algunos de los activos m\u00e1s importantes de su portfolio de negocios. El \u00faltimo, el negocio de los productos frescos.<\/p>\n<p>Pero los importes recibidos por esas ventas o alianzas, como en el caso de la leche maternizada, nunca fueron aprovechados para encarar una reestructuraci\u00f3n empresarial y financiera seria que permitiera a la Cooperativa encarar el futuro con cierta previsibilidad.<\/p>\n<p>De manera tal que los problemas estructurales se fueron agravando y hoy la empresa, con los datos limitados que tenemos y de acuerdo a nuestro criterio, se encuentra en un estado que nos hace vislumbrar que tiene muy seriamente comprometida su continuidad en el corto plazo.<\/p>\n<p><strong>Atilra<\/strong> y los trabajadores de <strong>SanCor<\/strong> han puesto todo su esfuerzo y su sacrificio para colaborar en todo lo necesario, relegando incluso el cobro en t\u00e9rmino de los salarios y los aportes y contribuciones destinados principalmente a darles salud a los trabajadores y sus familias.<\/p>\n<p>La colaboraci\u00f3n ha sido incluso acompa\u00f1ando a <strong>SanCor<\/strong> en sus gestiones ante el Estado Nacional, en los distintos ministerios y reparticiones a los que acudi\u00f3 a pedir ayuda.<\/p>\n<p>Sin embargo desde <strong>Atilra<\/strong> sentimos que la conducci\u00f3n de la empresa nunca ha sido totalmente clara y sincera y que no expone la situaci\u00f3n real, como tampoco los medios y las herramientas para superarla.<\/p>\n<p>Se lo manifiesto con respeto: creo que la actual conducci\u00f3n de <strong>SanCor<\/strong> no ha estado a la altura de las circunstancias. No se cuestiona aqu\u00ed su voluntad y esfuerzo, pero si esa voluntad y esfuerzo no van acompa\u00f1ados de decisiones pol\u00edticas, empresarias, econ\u00f3micas, financieras y de planificaci\u00f3n sustentable acertadas, el resultado es el que est\u00e1 a la vista.<\/p>\n<p><strong>Atilra<\/strong> nunca se ha inmiscuido en decisiones empresarias, no solo porque esa no es su funci\u00f3n, sino porque tal atribuci\u00f3n es contrapuesta a lo determinado por la ley.<\/p>\n<p><strong>Atilra<\/strong>, su dirigencia y los trabajadores han acompa\u00f1ado desde todo lugar que les fuera posible siempre creyendo en lo que se nos informaba.<\/p>\n<p>Hoy, ante la acuciante realidad, lo vamos a seguir haciendo, pero exigimos que se revele la verdadera situaci\u00f3n de la empresa y se exponga con claridad cu\u00e1l es el plan y los fundamentos t\u00e9cnicos para sacarla adelante.<\/p>\n<p>Nuestra obligaci\u00f3n es defender la fuente de trabajo de los compa\u00f1eros y bregar por una actividad que contenga a todos los actores.<\/p>\n<p>Lo saludo con atenta consideraci\u00f3n.<\/p>\n<p><strong>H\u00e9ctor Luis Ponce<br \/>\nSecretario General<br \/>\nConsejo Directivo Nacional<\/strong><\/p>\n<p><a href=\"https:\/\/i0.wp.com\/larevistadigital.com.ar\/blog\/wp-content\/uploads\/2017\/01\/ATILRA.gif?ssl=1\"><img data-recalc-dims=\"1\" loading=\"lazy\" decoding=\"async\" class=\"alignnone size-medium wp-image-64\" src=\"https:\/\/i0.wp.com\/larevistadigital.com.ar\/blog\/wp-content\/uploads\/2017\/01\/ATILRA.gif?resize=300%2C84&#038;ssl=1\" alt=\"\" width=\"300\" height=\"84\" \/><\/a><\/p>\n","protected":false},"excerpt":{"rendered":"<div class=\"mh-excerpt\"><p>Tal como se lo expresara a Ud. y dem\u00e1s miembros de ese Consejo de Administraci\u00f3n, hoy tengo que reiterarle la honda preocupaci\u00f3n que esta representaci\u00f3n sindical tiene respecto del futuro de la Cooperativa. Las dificultades, <a class=\"mh-excerpt-more\" href=\"https:\/\/larevistadigital.com.ar\/blog\/carta-del-secretario-general-de-atilra-hector-ponce-al-presidente-de-sancor-cul-gustavo-ferrero\/\" title=\"Carta del Secretario General de ATILRA, H\u00e9ctor Ponce, al Presidente de SanCor CUL, Gustavo Ferrero\">[Leer M\u00e1s]<\/a><\/p>\n<\/div>","protected":false},"author":2,"featured_media":64,"comment_status":"open","ping_status":"open","sticky":false,"template":"","format":"standard","meta":{"_jetpack_memberships_contains_paid_content":false,"footnotes":"","jetpack_publicize_message":"","jetpack_publicize_feature_enabled":true,"jetpack_social_post_already_shared":false,"jetpack_social_options":{"image_generator_settings":{"template":"highway","default_image_id":0,"font":"","enabled":false},"version":2}},"categories":[10,27],"tags":[],"class_list":{"0":"post-63","1":"post","2":"type-post","3":"status-publish","4":"format-standard","5":"has-post-thumbnail","7":"category-gremiales","8":"category-provinciales"},"jetpack_publicize_connections":[],"jetpack_featured_media_url":"https:\/\/i0.wp.com\/larevistadigital.com.ar\/blog\/wp-content\/uploads\/2017\/01\/ATILRA.gif?fit=533%2C150&ssl=1","jetpack_sharing_enabled":true,"jetpack_shortlink":"https:\/\/wp.me\/p8qtrQ-11","jetpack-related-posts":[{"id":38059,"url":"https:\/\/larevistadigital.com.ar\/blog\/milei-apelara-a-la-cadena-nacional-para-referirse-a-su-primer-ano-de-gestion\/","url_meta":{"origin":63,"position":0},"title":"Milei apelar\u00e1 a la cadena nacional para referirse a su primer a\u00f1o de gesti\u00f3n","author":"Alejandro Sosa Ruda","date":"1 diciembre, 2024","format":false,"excerpt":"Hablar\u00e1 de la herencia que recibi\u00f3, los objetivos a futuro y har\u00e1 un balance del primer a\u00f1o de gesti\u00f3n. 01 de Diciembre de 2024 El presidente Javier Milei utilizar\u00e1 la cadena nacional el pr\u00f3ximo 10 de diciembre para pronunciar un discurso clave en el que abordar\u00e1 la herencia recibida de\u2026","rel":"","context":"En \u00abINTERES GENERAL\u00bb","block_context":{"text":"INTERES GENERAL","link":"https:\/\/larevistadigital.com.ar\/blog\/category\/interes-general\/"},"img":{"alt_text":"","src":"https:\/\/i0.wp.com\/larevistadigital.com.ar\/blog\/wp-content\/uploads\/Captura-de-pantalla-2024-11-30-131930-1.png?fit=901%2C489&ssl=1&resize=350%2C200","width":350,"height":200,"srcset":"https:\/\/i0.wp.com\/larevistadigital.com.ar\/blog\/wp-content\/uploads\/Captura-de-pantalla-2024-11-30-131930-1.png?fit=901%2C489&ssl=1&resize=350%2C200 1x, https:\/\/i0.wp.com\/larevistadigital.com.ar\/blog\/wp-content\/uploads\/Captura-de-pantalla-2024-11-30-131930-1.png?fit=901%2C489&ssl=1&resize=525%2C300 1.5x, https:\/\/i0.wp.com\/larevistadigital.com.ar\/blog\/wp-content\/uploads\/Captura-de-pantalla-2024-11-30-131930-1.png?fit=901%2C489&ssl=1&resize=700%2C400 2x"},"classes":[]},{"id":17469,"url":"https:\/\/larevistadigital.com.ar\/blog\/macabro-fue-a-llevarle-flores-a-su-bebe-muerto-y-descubrio-que-habian-robado-el-cuerpo\/","url_meta":{"origin":63,"position":1},"title":"MACABRO! FUE A LLEVARLE FLORES A SU BEB\u00c9 MUERTO, Y DESCUBRI\u00d3 QUE HAB\u00cdAN ROBADO EL CUERPO","author":"Alejandro Sosa Ruda","date":"5 noviembre, 2020","format":false,"excerpt":"El padre pidi\u00f3\u00a0explicaciones al personal de administraci\u00f3n y\u00a0le manifestaron que\u00a0el hoyo estaba hecho lindante al\u00a0lugar donde descansaba su hijo. Sin embargo, los supervisores\u00a0del cementerio excavaron el sepulcro y no hallaron restos\u00a0en su interior. Una macabra situaci\u00f3n se vivi\u00f3 en la capital misionera, donde\u00a0un hombre\u00a0de 54 a\u00f1os denunci\u00f3 que el cuerpo\u2026","rel":"","context":"En \u00abDESTACADAS\u00bb","block_context":{"text":"DESTACADAS","link":"https:\/\/larevistadigital.com.ar\/blog\/category\/destacadas\/"},"img":{"alt_text":"","src":"https:\/\/i0.wp.com\/larevistadigital.com.ar\/blog\/wp-content\/uploads\/Screenshot_2-115.jpg?fit=1200%2C605&ssl=1&resize=350%2C200","width":350,"height":200,"srcset":"https:\/\/i0.wp.com\/larevistadigital.com.ar\/blog\/wp-content\/uploads\/Screenshot_2-115.jpg?fit=1200%2C605&ssl=1&resize=350%2C200 1x, https:\/\/i0.wp.com\/larevistadigital.com.ar\/blog\/wp-content\/uploads\/Screenshot_2-115.jpg?fit=1200%2C605&ssl=1&resize=525%2C300 1.5x, https:\/\/i0.wp.com\/larevistadigital.com.ar\/blog\/wp-content\/uploads\/Screenshot_2-115.jpg?fit=1200%2C605&ssl=1&resize=700%2C400 2x, https:\/\/i0.wp.com\/larevistadigital.com.ar\/blog\/wp-content\/uploads\/Screenshot_2-115.jpg?fit=1200%2C605&ssl=1&resize=1050%2C600 3x"},"classes":[]},{"id":30490,"url":"https:\/\/larevistadigital.com.ar\/blog\/confirman-el-procesamiento-del-ex-interventor-macrista-de-puertos-por-administracion-fraudulenta\/","url_meta":{"origin":63,"position":2},"title":"CONFIRMAN EL PROCESAMIENTO DEL EX INTERVENTOR MACRISTA DE PUERTOS POR ADMINISTRACI\u00d3N FRAUDULENTA","author":"Alejandro Sosa Ruda","date":"8 marzo, 2023","format":false,"excerpt":"Gonzalo M\u00f3rtola hab\u00eda contratado de forma directa a la espa\u00f1ola Indra por un mill\u00f3n de d\u00f3lares. Fue una decisi\u00f3n de la Sala I, integrada por Bruglia, Llorens y Bertuzzi. 8 de marzo de 2023 El sitio lapol\u00edticaonline inform\u00f3 que desde la C\u00e1mara Federal se confirm\u00f3 el procesamiento del ex interventor\u2026","rel":"","context":"En \u00abPOLITICA\u00bb","block_context":{"text":"POLITICA","link":"https:\/\/larevistadigital.com.ar\/blog\/category\/politica\/"},"img":{"alt_text":"","src":"https:\/\/i0.wp.com\/larevistadigital.com.ar\/blog\/wp-content\/uploads\/5d66dd5632166_940_529.png?fit=940%2C529&ssl=1&resize=350%2C200","width":350,"height":200,"srcset":"https:\/\/i0.wp.com\/larevistadigital.com.ar\/blog\/wp-content\/uploads\/5d66dd5632166_940_529.png?fit=940%2C529&ssl=1&resize=350%2C200 1x, https:\/\/i0.wp.com\/larevistadigital.com.ar\/blog\/wp-content\/uploads\/5d66dd5632166_940_529.png?fit=940%2C529&ssl=1&resize=525%2C300 1.5x, https:\/\/i0.wp.com\/larevistadigital.com.ar\/blog\/wp-content\/uploads\/5d66dd5632166_940_529.png?fit=940%2C529&ssl=1&resize=700%2C400 2x"},"classes":[]},{"id":27768,"url":"https:\/\/larevistadigital.com.ar\/blog\/proyecto-de-juntos-buscan-crear-la-figura-del-defensor-docente-en-el-territorio-bonaerense\/","url_meta":{"origin":63,"position":3},"title":"PROYECTO DE JUNTOS: BUSCAN CREAR LA FIGURA DEL DEFENSOR DOCENTE EN EL TERRITORIO BONAERENSE","author":"Alejandro Sosa Ruda","date":"15 septiembre, 2022","format":false,"excerpt":"Ser\u00eda una ayuda para los docentes ante cualquier tipo de acoso, intimidaci\u00f3n o violencia en las aulas, ya sea por situaciones relacionadas con los padres, los alumnos, la administraci\u00f3n educativa o los propios compa\u00f1eros. 15 de septiembre de 2022 BUENOS AIRES -\u00a0 Desde el bloque de diputados bonaerenses de Juntos\u2026","rel":"","context":"En \u00abINTERES GENERAL\u00bb","block_context":{"text":"INTERES GENERAL","link":"https:\/\/larevistadigital.com.ar\/blog\/category\/interes-general\/"},"img":{"alt_text":"","src":"https:\/\/i0.wp.com\/larevistadigital.com.ar\/blog\/wp-content\/uploads\/20220914183818_aula.jpg?fit=880%2C512&ssl=1&resize=350%2C200","width":350,"height":200,"srcset":"https:\/\/i0.wp.com\/larevistadigital.com.ar\/blog\/wp-content\/uploads\/20220914183818_aula.jpg?fit=880%2C512&ssl=1&resize=350%2C200 1x, https:\/\/i0.wp.com\/larevistadigital.com.ar\/blog\/wp-content\/uploads\/20220914183818_aula.jpg?fit=880%2C512&ssl=1&resize=525%2C300 1.5x, https:\/\/i0.wp.com\/larevistadigital.com.ar\/blog\/wp-content\/uploads\/20220914183818_aula.jpg?fit=880%2C512&ssl=1&resize=700%2C400 2x"},"classes":[]},{"id":8461,"url":"https:\/\/larevistadigital.com.ar\/blog\/chascomus-los-funcionarios-deberian-llamar-al-147-el-municipio-decreta-asueto-por-falta-de-agua\/","url_meta":{"origin":63,"position":4},"title":"CHASCOM\u00daS: \u00bfLOS FUNCIONARIOS DEBER\u00cdAN LLAMAR AL 147?&#8230; EL MUNICIPIO DECRETA ASUETO POR \u00abFALTA DE AGUA\u00bb","author":"Alejandro Sosa Ruda","date":"14 febrero, 2019","format":false,"excerpt":"El inconveniente acaecido con la provisi\u00f3n de agua potable en la ciudad, parece haber llegado a su punto m\u00e1ximo de tensi\u00f3n, ya que hay vecinos que dicen que a\u00fan contin\u00faan sin servicio, con todo lo que ello conlleva. Esto, seg\u00fan dicen algunos se deber\u00eda a alg\u00fan inconveniente en el proceso\u2026","rel":"","context":"En \u00abDESTACADAS\u00bb","block_context":{"text":"DESTACADAS","link":"https:\/\/larevistadigital.com.ar\/blog\/category\/destacadas\/"},"img":{"alt_text":"","src":"https:\/\/i0.wp.com\/larevistadigital.com.ar\/blog\/wp-content\/uploads\/2019\/02\/LLAMANDO-AL-147.jpg?fit=1200%2C800&ssl=1&resize=350%2C200","width":350,"height":200,"srcset":"https:\/\/i0.wp.com\/larevistadigital.com.ar\/blog\/wp-content\/uploads\/2019\/02\/LLAMANDO-AL-147.jpg?fit=1200%2C800&ssl=1&resize=350%2C200 1x, https:\/\/i0.wp.com\/larevistadigital.com.ar\/blog\/wp-content\/uploads\/2019\/02\/LLAMANDO-AL-147.jpg?fit=1200%2C800&ssl=1&resize=525%2C300 1.5x, https:\/\/i0.wp.com\/larevistadigital.com.ar\/blog\/wp-content\/uploads\/2019\/02\/LLAMANDO-AL-147.jpg?fit=1200%2C800&ssl=1&resize=700%2C400 2x, https:\/\/i0.wp.com\/larevistadigital.com.ar\/blog\/wp-content\/uploads\/2019\/02\/LLAMANDO-AL-147.jpg?fit=1200%2C800&ssl=1&resize=1050%2C600 3x"},"classes":[]},{"id":34135,"url":"https:\/\/larevistadigital.com.ar\/blog\/pinamar-intiman-al-intendente-martin-yesa-a-pagar-los-sueldos-de-los-trabajadores-municipales-que-hicieron-paro\/","url_meta":{"origin":63,"position":5},"title":"PINAMAR: INTIMAN AL INTENDENTE MART\u00cdN YESA A PAGAR LOS SUELDOS DE LOS TRABAJADORES MUNICIPALES QUE HICIERON PARO","author":"Alejandro Sosa Ruda","date":"19 octubre, 2023","format":false,"excerpt":"El ministerio de Trabajo de la Provincia le otorg\u00f3 24 horas h\u00e1biles al Municipio gobernado por el PRO para regularizar la situaci\u00f3n antes de iniciarle un sumario y aplicarle una multa. 19 de octubre de 2023 PINAMAR -\u00a0 El Ministerio de Trabajo de la Provincia de Buenos Aires, a trav\u00e9s\u2026","rel":"","context":"En \u00abDESTACADAS\u00bb","block_context":{"text":"DESTACADAS","link":"https:\/\/larevistadigital.com.ar\/blog\/category\/destacadas\/"},"img":{"alt_text":"","src":"https:\/\/i0.wp.com\/larevistadigital.com.ar\/blog\/wp-content\/uploads\/descarga-28.jpg?fit=800%2C600&ssl=1&resize=350%2C200","width":350,"height":200,"srcset":"https:\/\/i0.wp.com\/larevistadigital.com.ar\/blog\/wp-content\/uploads\/descarga-28.jpg?fit=800%2C600&ssl=1&resize=350%2C200 1x, https:\/\/i0.wp.com\/larevistadigital.com.ar\/blog\/wp-content\/uploads\/descarga-28.jpg?fit=800%2C600&ssl=1&resize=525%2C300 1.5x, https:\/\/i0.wp.com\/larevistadigital.com.ar\/blog\/wp-content\/uploads\/descarga-28.jpg?fit=800%2C600&ssl=1&resize=700%2C400 2x"},"classes":[]}],"_links":{"self":[{"href":"https:\/\/larevistadigital.com.ar\/blog\/wp-json\/wp\/v2\/posts\/63","targetHints":{"allow":["GET"]}}],"collection":[{"href":"https:\/\/larevistadigital.com.ar\/blog\/wp-json\/wp\/v2\/posts"}],"about":[{"href":"https:\/\/larevistadigital.com.ar\/blog\/wp-json\/wp\/v2\/types\/post"}],"author":[{"embeddable":true,"href":"https:\/\/larevistadigital.com.ar\/blog\/wp-json\/wp\/v2\/users\/2"}],"replies":[{"embeddable":true,"href":"https:\/\/larevistadigital.com.ar\/blog\/wp-json\/wp\/v2\/comments?post=63"}],"version-history":[{"count":1,"href":"https:\/\/larevistadigital.com.ar\/blog\/wp-json\/wp\/v2\/posts\/63\/revisions"}],"predecessor-version":[{"id":65,"href":"https:\/\/larevistadigital.com.ar\/blog\/wp-json\/wp\/v2\/posts\/63\/revisions\/65"}],"wp:featuredmedia":[{"embeddable":true,"href":"https:\/\/larevistadigital.com.ar\/blog\/wp-json\/wp\/v2\/media\/64"}],"wp:attachment":[{"href":"https:\/\/larevistadigital.com.ar\/blog\/wp-json\/wp\/v2\/media?parent=63"}],"wp:term":[{"taxonomy":"category","embeddable":true,"href":"https:\/\/larevistadigital.com.ar\/blog\/wp-json\/wp\/v2\/categories?post=63"},{"taxonomy":"post_tag","embeddable":true,"href":"https:\/\/larevistadigital.com.ar\/blog\/wp-json\/wp\/v2\/tags?post=63"}],"curies":[{"name":"wp","href":"https:\/\/api.w.org\/{rel}","templated":true}]}}