{"id":6685,"date":"2018-09-29T14:33:04","date_gmt":"2018-09-29T14:33:04","guid":{"rendered":"https:\/\/larevistadigital.com.ar\/blog\/?p=6685"},"modified":"2018-09-29T14:33:04","modified_gmt":"2018-09-29T14:33:04","slug":"chascomus-informo-el-municipio-que-habra-cortes-de-agua-y-baja-presion","status":"publish","type":"post","link":"https:\/\/larevistadigital.com.ar\/blog\/chascomus-informo-el-municipio-que-habra-cortes-de-agua-y-baja-presion\/","title":{"rendered":"CHASCOM\u00daS: INFORM\u00d3 EL MUNICIPIO QUE HABR\u00c1 CORTES DE AGUA Y BAJA PRESI\u00d3N"},"content":{"rendered":"<p>La municipalidad de Chascom\u00fas, inform\u00f3 a trav\u00e9s del \u00e1rea de prensa que han caido m\u00e1s de 90 mil\u00edmetros de agua en la ciudad, con los l\u00f3gicos inconvenientes que esto provoca.<\/p>\n<p><strong>AQU\u00cd EL COMUNICADO COMPLETO:<\/strong><\/p>\n<p><strong>M\u00c1S DE 90 MIL\u00cdMETROS HAN CA\u00cdDO EN NUESTRA CIUDAD Y LAS INTENSAS LLUVIAS CONTINUAR\u00c1N DURANTE LA JORNADA DE HOY<\/strong><\/p>\n<p><strong>En estos momentos, personal municipal de las diferentes \u00e1reas se encuentran trabajando en las zonas m\u00e1s afectadas por la fuerte tormenta.<\/strong><\/p>\n<p><strong>Debido a los cortes de energ\u00eda producidos en los pozos de agua de la ruta, habr\u00e1 inconvenientes en la provisi\u00f3n del servicio durante toda la jornada.<\/strong><\/p>\n<p><strong>Se ruega a la poblaci\u00f3n no sacar los residuos domiciliarios.<\/strong><\/p>\n<p><strong>Solicitamos tomar las precauciones necesarias y, en caso de inconvenientes, comunicarse a los tel\u00e9fonos de emergencia.<\/strong><\/p>\n<p><a href=\"https:\/\/i0.wp.com\/larevistadigital.com.ar\/blog\/wp-content\/uploads\/2018\/09\/WhatsApp-Image-2018-09-29-at-11.23.19.jpeg?ssl=1\"><img data-recalc-dims=\"1\" loading=\"lazy\" decoding=\"async\" class=\"alignnone size-full wp-image-6686\" src=\"https:\/\/i0.wp.com\/larevistadigital.com.ar\/blog\/wp-content\/uploads\/2018\/09\/WhatsApp-Image-2018-09-29-at-11.23.19.jpeg?resize=1280%2C1279&#038;ssl=1\" alt=\"\" width=\"1280\" height=\"1279\" srcset=\"https:\/\/i0.wp.com\/larevistadigital.com.ar\/blog\/wp-content\/uploads\/2018\/09\/WhatsApp-Image-2018-09-29-at-11.23.19.jpeg?w=1280&amp;ssl=1 1280w, https:\/\/i0.wp.com\/larevistadigital.com.ar\/blog\/wp-content\/uploads\/2018\/09\/WhatsApp-Image-2018-09-29-at-11.23.19.jpeg?resize=150%2C150&amp;ssl=1 150w, https:\/\/i0.wp.com\/larevistadigital.com.ar\/blog\/wp-content\/uploads\/2018\/09\/WhatsApp-Image-2018-09-29-at-11.23.19.jpeg?resize=300%2C300&amp;ssl=1 300w, https:\/\/i0.wp.com\/larevistadigital.com.ar\/blog\/wp-content\/uploads\/2018\/09\/WhatsApp-Image-2018-09-29-at-11.23.19.jpeg?resize=768%2C767&amp;ssl=1 768w, https:\/\/i0.wp.com\/larevistadigital.com.ar\/blog\/wp-content\/uploads\/2018\/09\/WhatsApp-Image-2018-09-29-at-11.23.19.jpeg?resize=1024%2C1024&amp;ssl=1 1024w\" sizes=\"auto, (max-width: 1000px) 100vw, 1000px\" \/><\/a> <a href=\"https:\/\/i0.wp.com\/larevistadigital.com.ar\/blog\/wp-content\/uploads\/2018\/09\/21472a83-5f7b-471e-ae4a-4d6a305b1b03.jpg?ssl=1\"><img data-recalc-dims=\"1\" loading=\"lazy\" decoding=\"async\" class=\"alignnone size-full wp-image-6687\" src=\"https:\/\/i0.wp.com\/larevistadigital.com.ar\/blog\/wp-content\/uploads\/2018\/09\/21472a83-5f7b-471e-ae4a-4d6a305b1b03.jpg?resize=960%2C540&#038;ssl=1\" alt=\"\" width=\"960\" height=\"540\" srcset=\"https:\/\/i0.wp.com\/larevistadigital.com.ar\/blog\/wp-content\/uploads\/2018\/09\/21472a83-5f7b-471e-ae4a-4d6a305b1b03.jpg?w=960&amp;ssl=1 960w, https:\/\/i0.wp.com\/larevistadigital.com.ar\/blog\/wp-content\/uploads\/2018\/09\/21472a83-5f7b-471e-ae4a-4d6a305b1b03.jpg?resize=300%2C169&amp;ssl=1 300w, https:\/\/i0.wp.com\/larevistadigital.com.ar\/blog\/wp-content\/uploads\/2018\/09\/21472a83-5f7b-471e-ae4a-4d6a305b1b03.jpg?resize=768%2C432&amp;ssl=1 768w, https:\/\/i0.wp.com\/larevistadigital.com.ar\/blog\/wp-content\/uploads\/2018\/09\/21472a83-5f7b-471e-ae4a-4d6a305b1b03.jpg?resize=678%2C381&amp;ssl=1 678w\" sizes=\"auto, (max-width: 960px) 100vw, 960px\" \/><\/a><\/p>\n","protected":false},"excerpt":{"rendered":"<div class=\"mh-excerpt\"><p>La municipalidad de Chascom\u00fas, inform\u00f3 a trav\u00e9s del \u00e1rea de prensa que han caido m\u00e1s de 90 mil\u00edmetros de agua en la ciudad, con los l\u00f3gicos inconvenientes que esto provoca. AQU\u00cd EL COMUNICADO COMPLETO: M\u00c1S <a class=\"mh-excerpt-more\" href=\"https:\/\/larevistadigital.com.ar\/blog\/chascomus-informo-el-municipio-que-habra-cortes-de-agua-y-baja-presion\/\" title=\"CHASCOM\u00daS: INFORM\u00d3 EL MUNICIPIO QUE HABR\u00c1 CORTES DE AGUA Y BAJA PRESI\u00d3N\">[Leer M\u00e1s]<\/a><\/p>\n<\/div>","protected":false},"author":3,"featured_media":6686,"comment_status":"open","ping_status":"open","sticky":false,"template":"","format":"standard","meta":{"_jetpack_memberships_contains_paid_content":false,"footnotes":"","jetpack_publicize_message":"","jetpack_publicize_feature_enabled":true,"jetpack_social_post_already_shared":true,"jetpack_social_options":{"image_generator_settings":{"template":"highway","default_image_id":0,"font":"","enabled":false},"version":2}},"categories":[6,12],"tags":[],"class_list":{"0":"post-6685","1":"post","2":"type-post","3":"status-publish","4":"format-standard","5":"has-post-thumbnail","7":"category-chascomus","8":"category-politica"},"jetpack_publicize_connections":[],"jetpack_featured_media_url":"https:\/\/i0.wp.com\/larevistadigital.com.ar\/blog\/wp-content\/uploads\/2018\/09\/WhatsApp-Image-2018-09-29-at-11.23.19.jpeg?fit=1280%2C1279&ssl=1","jetpack_sharing_enabled":true,"jetpack_shortlink":"https:\/\/wp.me\/p8qtrQ-1JP","jetpack-related-posts":[{"id":7130,"url":"https:\/\/larevistadigital.com.ar\/blog\/chascomus-el-municipio-aviso-que-manana-no-habra-agua-en-toda-la-ciudad\/","url_meta":{"origin":6685,"position":0},"title":"CHASCOM\u00daS: EL MUNICIPIO AVIS\u00d3 QUE MA\u00d1ANA NO HABR\u00c1 AGUA EN TODA LA CIUDAD","author":"Alejandro Sosa Ruda","date":"10 diciembre, 2018","format":false,"excerpt":"La Municipalidad de Chascom\u00fas, dio aviso a los medios para que se traslade a la poblaci\u00f3n que durante el d\u00eda de ma\u00f1ana, 11\/12\/2018 habr\u00e1 un corte total del suministro de agua en toda la ciudad. Esto se debe a tareas que tienen que ver con la realizaci\u00f3n del empalme del\u2026","rel":"","context":"En \u00abCHASCOM\u00daS\u00bb","block_context":{"text":"CHASCOM\u00daS","link":"https:\/\/larevistadigital.com.ar\/blog\/category\/chascomus\/"},"img":{"alt_text":"","src":"https:\/\/i0.wp.com\/larevistadigital.com.ar\/blog\/wp-content\/uploads\/2018\/12\/47792654_2183368085017398_2101656660484292608_n.jpg?fit=960%2C960&ssl=1&resize=350%2C200","width":350,"height":200,"srcset":"https:\/\/i0.wp.com\/larevistadigital.com.ar\/blog\/wp-content\/uploads\/2018\/12\/47792654_2183368085017398_2101656660484292608_n.jpg?fit=960%2C960&ssl=1&resize=350%2C200 1x, https:\/\/i0.wp.com\/larevistadigital.com.ar\/blog\/wp-content\/uploads\/2018\/12\/47792654_2183368085017398_2101656660484292608_n.jpg?fit=960%2C960&ssl=1&resize=525%2C300 1.5x, https:\/\/i0.wp.com\/larevistadigital.com.ar\/blog\/wp-content\/uploads\/2018\/12\/47792654_2183368085017398_2101656660484292608_n.jpg?fit=960%2C960&ssl=1&resize=700%2C400 2x"},"classes":[]},{"id":7786,"url":"https:\/\/larevistadigital.com.ar\/blog\/chascomus-varios-barrios-reclaman-por-problemas-de-cortes-de-luz-y-suministro-de-agua\/","url_meta":{"origin":6685,"position":1},"title":"CHASCOM\u00daS: VARIOS BARRIOS RECLAMAN POR PROBLEMAS DE CORTES DE LUZ Y SUMINISTRO DE AGUA","author":"Alejandro Sosa Ruda","date":"19 enero, 2019","format":false,"excerpt":"Durante la jornada del d\u00eda de hoy, s\u00e1bado 19 de enero, varios vecinos nos han hecho llegar su reclamo por inconvenientes ocasionados por varios cortes de energ\u00eda que en algunos casos abarcaron varios barrios, perjudicando a gran parte de la ciudad. As\u00ed llegaron mensajes a nuestra redacci\u00f3n de vecinos de\u2026","rel":"","context":"En \u00abCHASCOM\u00daS\u00bb","block_context":{"text":"CHASCOM\u00daS","link":"https:\/\/larevistadigital.com.ar\/blog\/category\/chascomus\/"},"img":{"alt_text":"","src":"https:\/\/i0.wp.com\/larevistadigital.com.ar\/blog\/wp-content\/uploads\/2019\/01\/WhatsApp-Image-2019-01-19-at-10.22.16.jpeg?fit=1200%2C900&ssl=1&resize=350%2C200","width":350,"height":200,"srcset":"https:\/\/i0.wp.com\/larevistadigital.com.ar\/blog\/wp-content\/uploads\/2019\/01\/WhatsApp-Image-2019-01-19-at-10.22.16.jpeg?fit=1200%2C900&ssl=1&resize=350%2C200 1x, https:\/\/i0.wp.com\/larevistadigital.com.ar\/blog\/wp-content\/uploads\/2019\/01\/WhatsApp-Image-2019-01-19-at-10.22.16.jpeg?fit=1200%2C900&ssl=1&resize=525%2C300 1.5x, https:\/\/i0.wp.com\/larevistadigital.com.ar\/blog\/wp-content\/uploads\/2019\/01\/WhatsApp-Image-2019-01-19-at-10.22.16.jpeg?fit=1200%2C900&ssl=1&resize=700%2C400 2x, https:\/\/i0.wp.com\/larevistadigital.com.ar\/blog\/wp-content\/uploads\/2019\/01\/WhatsApp-Image-2019-01-19-at-10.22.16.jpeg?fit=1200%2C900&ssl=1&resize=1050%2C600 3x"},"classes":[]},{"id":38832,"url":"https:\/\/larevistadigital.com.ar\/blog\/chascomus-no-se-registraron-inconvenientes-durante-la-tormenta\/","url_meta":{"origin":6685,"position":2},"title":"Chascom\u00fas: No se registraron inconvenientes durante la tormenta","author":"Alejandro Sosa Ruda","date":"24 febrero, 2025","format":false,"excerpt":"Se recomienda a los vecinos revisar desag\u00fces debido al pron\u00f3stico de lluvias continuas. 24 de Febrero de 2025 CHASCOM\u00daS -\u00a0 \u00a0A pesar de las intensas lluvias que se registraron en la ciudad durante la madrugada del lunes, tras varios d\u00edas de calor agobiante, no se produjeron inconvenientes graves. La Secretar\u00eda\u2026","rel":"","context":"En \u00abCHASCOM\u00daS\u00bb","block_context":{"text":"CHASCOM\u00daS","link":"https:\/\/larevistadigital.com.ar\/blog\/category\/chascomus\/"},"img":{"alt_text":"","src":"https:\/\/i0.wp.com\/larevistadigital.com.ar\/blog\/wp-content\/uploads\/67bca2f0a0b6e.png?fit=668%2C445&ssl=1&resize=350%2C200","width":350,"height":200,"srcset":"https:\/\/i0.wp.com\/larevistadigital.com.ar\/blog\/wp-content\/uploads\/67bca2f0a0b6e.png?fit=668%2C445&ssl=1&resize=350%2C200 1x, https:\/\/i0.wp.com\/larevistadigital.com.ar\/blog\/wp-content\/uploads\/67bca2f0a0b6e.png?fit=668%2C445&ssl=1&resize=525%2C300 1.5x"},"classes":[]},{"id":11026,"url":"https:\/\/larevistadigital.com.ar\/blog\/chascomus-aviso-del-municipio-por-cortes-de-agua\/","url_meta":{"origin":6685,"position":3},"title":"CHASCOM\u00daS: AVISO DEL MUNICIPIO POR CORTES DE AGUA","author":"Alejandro Sosa Ruda","date":"3 julio, 2019","format":false,"excerpt":"Mediante el chat de prensa del Municipio se acaba de dar a conocer un comunicado que advierte por cortes del suministro de agua en el barrio El Algarrobo. EL COMUNICADO: #Atenci\u00f3n CORTE DE AGUA EN EL BARRIO ALGARROBO Debido a los trabajos de empalme a la red existente que se\u2026","rel":"","context":"En \u00abCHASCOM\u00daS\u00bb","block_context":{"text":"CHASCOM\u00daS","link":"https:\/\/larevistadigital.com.ar\/blog\/category\/chascomus\/"},"img":{"alt_text":"","src":"https:\/\/i0.wp.com\/larevistadigital.com.ar\/blog\/wp-content\/uploads\/WhatsApp-Image-2019-07-03-at-09.28.58.jpeg?fit=1200%2C1199&ssl=1&resize=350%2C200","width":350,"height":200,"srcset":"https:\/\/i0.wp.com\/larevistadigital.com.ar\/blog\/wp-content\/uploads\/WhatsApp-Image-2019-07-03-at-09.28.58.jpeg?fit=1200%2C1199&ssl=1&resize=350%2C200 1x, https:\/\/i0.wp.com\/larevistadigital.com.ar\/blog\/wp-content\/uploads\/WhatsApp-Image-2019-07-03-at-09.28.58.jpeg?fit=1200%2C1199&ssl=1&resize=525%2C300 1.5x, https:\/\/i0.wp.com\/larevistadigital.com.ar\/blog\/wp-content\/uploads\/WhatsApp-Image-2019-07-03-at-09.28.58.jpeg?fit=1200%2C1199&ssl=1&resize=700%2C400 2x, https:\/\/i0.wp.com\/larevistadigital.com.ar\/blog\/wp-content\/uploads\/WhatsApp-Image-2019-07-03-at-09.28.58.jpeg?fit=1200%2C1199&ssl=1&resize=1050%2C600 3x"},"classes":[]},{"id":8442,"url":"https:\/\/larevistadigital.com.ar\/blog\/chascomus-hospital-sin-agua-y-mucho-enojo-de-algunos-vecinos-por-la-falta-de-suministro-durante-mas-de-24-horas\/","url_meta":{"origin":6685,"position":4},"title":"CHASCOM\u00daS: HOSPITAL SIN AGUA Y MUCHO ENOJO DE ALGUNOS VECINOS POR LA FALTA DE SUMINISTRO DURANTE M\u00c1S DE 24 HORAS","author":"Alejandro Sosa Ruda","date":"14 febrero, 2019","format":false,"excerpt":"Para anoche, a\u00fan hab\u00eda muchos sectores que segu\u00edan sin el suministro de agua corriente. La obra financiada por provincia, y ejecutada por el gobierno local, es muy importante, pero muchos aseguran que se han cometido errores y no se tomaron las previsiones del caso Anoche, a\u00fan hab\u00eda varios sectores importantes\u2026","rel":"","context":"En \u00abDESTACADAS\u00bb","block_context":{"text":"DESTACADAS","link":"https:\/\/larevistadigital.com.ar\/blog\/category\/destacadas\/"},"img":{"alt_text":"","src":"https:\/\/i0.wp.com\/larevistadigital.com.ar\/blog\/wp-content\/uploads\/2019\/02\/3691-aguas-del-norte-dejara-sin-agua-a-barrios-del-sur-capitalino.jpg?fit=1200%2C717&ssl=1&resize=350%2C200","width":350,"height":200,"srcset":"https:\/\/i0.wp.com\/larevistadigital.com.ar\/blog\/wp-content\/uploads\/2019\/02\/3691-aguas-del-norte-dejara-sin-agua-a-barrios-del-sur-capitalino.jpg?fit=1200%2C717&ssl=1&resize=350%2C200 1x, https:\/\/i0.wp.com\/larevistadigital.com.ar\/blog\/wp-content\/uploads\/2019\/02\/3691-aguas-del-norte-dejara-sin-agua-a-barrios-del-sur-capitalino.jpg?fit=1200%2C717&ssl=1&resize=525%2C300 1.5x, https:\/\/i0.wp.com\/larevistadigital.com.ar\/blog\/wp-content\/uploads\/2019\/02\/3691-aguas-del-norte-dejara-sin-agua-a-barrios-del-sur-capitalino.jpg?fit=1200%2C717&ssl=1&resize=700%2C400 2x, https:\/\/i0.wp.com\/larevistadigital.com.ar\/blog\/wp-content\/uploads\/2019\/02\/3691-aguas-del-norte-dejara-sin-agua-a-barrios-del-sur-capitalino.jpg?fit=1200%2C717&ssl=1&resize=1050%2C600 3x"},"classes":[]},{"id":5356,"url":"https:\/\/larevistadigital.com.ar\/blog\/fin-de-semana-largo-sin-dinero-en-los-cajeros-de-chascomus\/","url_meta":{"origin":6685,"position":5},"title":"Fin de semana largo sin dinero en los cajeros de Chascom\u00fas","author":"admin","date":"29 marzo, 2018","format":false,"excerpt":"Francisco Rodr\u00edguez, se\u00f1al\u00f3 ayer que contin\u00faa la preocupaci\u00f3n de los afiliados tras el aumento de la edad jubilatoria y el rechazo del incremento salarial del 15% ofrecido por el gobierno de Vidal. Tambi\u00e9n se\u00f1al\u00f3 que este fin de semana largo no habr\u00e1 guardias para recargar los cajeros autom\u00e1ticos, ocasionando l\u00f3gicos\u2026","rel":"","context":"En \u00abPOLITICA\u00bb","block_context":{"text":"POLITICA","link":"https:\/\/larevistadigital.com.ar\/blog\/category\/politica\/"},"img":{"alt_text":"","src":"https:\/\/i0.wp.com\/larevistadigital.com.ar\/blog\/wp-content\/uploads\/2018\/03\/cajeros.jpg?fit=1200%2C675&ssl=1&resize=350%2C200","width":350,"height":200,"srcset":"https:\/\/i0.wp.com\/larevistadigital.com.ar\/blog\/wp-content\/uploads\/2018\/03\/cajeros.jpg?fit=1200%2C675&ssl=1&resize=350%2C200 1x, https:\/\/i0.wp.com\/larevistadigital.com.ar\/blog\/wp-content\/uploads\/2018\/03\/cajeros.jpg?fit=1200%2C675&ssl=1&resize=525%2C300 1.5x, https:\/\/i0.wp.com\/larevistadigital.com.ar\/blog\/wp-content\/uploads\/2018\/03\/cajeros.jpg?fit=1200%2C675&ssl=1&resize=700%2C400 2x, https:\/\/i0.wp.com\/larevistadigital.com.ar\/blog\/wp-content\/uploads\/2018\/03\/cajeros.jpg?fit=1200%2C675&ssl=1&resize=1050%2C600 3x"},"classes":[]}],"_links":{"self":[{"href":"https:\/\/larevistadigital.com.ar\/blog\/wp-json\/wp\/v2\/posts\/6685","targetHints":{"allow":["GET"]}}],"collection":[{"href":"https:\/\/larevistadigital.com.ar\/blog\/wp-json\/wp\/v2\/posts"}],"about":[{"href":"https:\/\/larevistadigital.com.ar\/blog\/wp-json\/wp\/v2\/types\/post"}],"author":[{"embeddable":true,"href":"https:\/\/larevistadigital.com.ar\/blog\/wp-json\/wp\/v2\/users\/3"}],"replies":[{"embeddable":true,"href":"https:\/\/larevistadigital.com.ar\/blog\/wp-json\/wp\/v2\/comments?post=6685"}],"version-history":[{"count":1,"href":"https:\/\/larevistadigital.com.ar\/blog\/wp-json\/wp\/v2\/posts\/6685\/revisions"}],"predecessor-version":[{"id":6688,"href":"https:\/\/larevistadigital.com.ar\/blog\/wp-json\/wp\/v2\/posts\/6685\/revisions\/6688"}],"wp:featuredmedia":[{"embeddable":true,"href":"https:\/\/larevistadigital.com.ar\/blog\/wp-json\/wp\/v2\/media\/6686"}],"wp:attachment":[{"href":"https:\/\/larevistadigital.com.ar\/blog\/wp-json\/wp\/v2\/media?parent=6685"}],"wp:term":[{"taxonomy":"category","embeddable":true,"href":"https:\/\/larevistadigital.com.ar\/blog\/wp-json\/wp\/v2\/categories?post=6685"},{"taxonomy":"post_tag","embeddable":true,"href":"https:\/\/larevistadigital.com.ar\/blog\/wp-json\/wp\/v2\/tags?post=6685"}],"curies":[{"name":"wp","href":"https:\/\/api.w.org\/{rel}","templated":true}]}}