{"id":6689,"date":"2018-09-29T14:40:14","date_gmt":"2018-09-29T14:40:14","guid":{"rendered":"https:\/\/larevistadigital.com.ar\/blog\/?p=6689"},"modified":"2018-09-29T14:40:14","modified_gmt":"2018-09-29T14:40:14","slug":"chascomus-la-semana-proxima-comienza-la-extension-de-gas-en-el-barrio-30-de-mayo","status":"publish","type":"post","link":"https:\/\/larevistadigital.com.ar\/blog\/chascomus-la-semana-proxima-comienza-la-extension-de-gas-en-el-barrio-30-de-mayo\/","title":{"rendered":"CHASCOM\u00daS: LA SEMANA PR\u00d3XIMA COMIENZA LA EXTENSI\u00d3N DE GAS EN EL BARRIO 30 DE MAYO"},"content":{"rendered":"<p class=\"notaIntro\"><strong>Javier Gast\u00f3n<\/strong> recibi\u00f3 a miembros de la empresa Camuzzi Gas Pampeana para coordinar la log\u00edstica y dar comienzo a la obra de extensi\u00f3n del gas natural en el barrio 30 de Mayo.<\/p>\n<p class=\"notaTexto\"><em><strong>\u201cAl finalizar esta primera etapa de la extensi\u00f3n de la red de gas natural en la zona norte de la ciudad, m\u00e1s de 2000 vecinos contar\u00e1n con este servicio tan esencial para la vida cotidiana\u201d<\/strong><\/em>, destac\u00f3 el Intendente Municipal.<\/p>\n<p>Durante el encuentro, del que participaron los secretarios de Hacienda,<strong> Juan Facundo Alfons\u00edn<\/strong> y de Obras P\u00fablicas, <strong>Alejandro Arias<\/strong>; el representante de la empresa Camuzzi en Chascom\u00fas, <strong>Marcelo Santino<\/strong> y profesionales t\u00e9cnicos de la ciudad de La Plata, acordaron la log\u00edstica para retirar los materiales que faltan completar para dar inicio a la obra.<\/p>\n<p>Asimismo, dialogaron sobre la coordinaci\u00f3n general de la obra y las inspecciones correspondientes.<\/p>\n<p><em><strong>\u201cA mediamos de la pr\u00f3xima semana, cuando llegue el resto del material, el personal municipal comenzar\u00e1 con el zanjeo y las primeras tareas\u201d<\/strong><\/em>, expres\u00f3 el Ingeniero<strong> Arias<\/strong>.<\/p>\n","protected":false},"excerpt":{"rendered":"<div class=\"mh-excerpt\"><p>Javier Gast\u00f3n recibi\u00f3 a miembros de la empresa Camuzzi Gas Pampeana para coordinar la log\u00edstica y dar comienzo a la obra de extensi\u00f3n del gas natural en el barrio 30 de Mayo. \u201cAl finalizar esta <a class=\"mh-excerpt-more\" href=\"https:\/\/larevistadigital.com.ar\/blog\/chascomus-la-semana-proxima-comienza-la-extension-de-gas-en-el-barrio-30-de-mayo\/\" title=\"CHASCOM\u00daS: LA SEMANA PR\u00d3XIMA COMIENZA LA EXTENSI\u00d3N DE GAS EN EL BARRIO 30 DE MAYO\">[Leer M\u00e1s]<\/a><\/p>\n<\/div>","protected":false},"author":3,"featured_media":6690,"comment_status":"open","ping_status":"open","sticky":false,"template":"","format":"standard","meta":{"_jetpack_memberships_contains_paid_content":false,"footnotes":"","jetpack_publicize_message":"","jetpack_publicize_feature_enabled":true,"jetpack_social_post_already_shared":true,"jetpack_social_options":{"image_generator_settings":{"template":"highway","default_image_id":0,"font":"","enabled":false},"version":2}},"categories":[6,12],"tags":[],"class_list":{"0":"post-6689","1":"post","2":"type-post","3":"status-publish","4":"format-standard","5":"has-post-thumbnail","7":"category-chascomus","8":"category-politica"},"jetpack_publicize_connections":[],"jetpack_featured_media_url":"https:\/\/i0.wp.com\/larevistadigital.com.ar\/blog\/wp-content\/uploads\/2018\/09\/2018_09_28_17_14_54_1075745.jpg?fit=600%2C401&ssl=1","jetpack_sharing_enabled":true,"jetpack_shortlink":"https:\/\/wp.me\/p8qtrQ-1JT","jetpack-related-posts":[{"id":44204,"url":"https:\/\/larevistadigital.com.ar\/blog\/ampliacion-del-centro-universitario-chascomus\/","url_meta":{"origin":6689,"position":0},"title":"Ampliaci\u00f3n del Centro Universitario Chascom\u00fas","author":"Alejandro Sosa Ruda","date":"28 febrero, 2026","format":false,"excerpt":"El espacio educativo que funciona en el barrio 30 de Mayo sumar\u00e1 nuevas aulas y sanitarios. El intendente Javier Gast\u00f3n recorri\u00f3 el predio del Centro Universitario Chascom\u00fas, ubicado en Serantes 1365, donde observ\u00f3 los trabajos de ampliaci\u00f3n que se llevan adelante. La obra consiste en la construcci\u00f3n de una nueva\u2026","rel":"","context":"En \u00abCHASCOM\u00daS\u00bb","block_context":{"text":"CHASCOM\u00daS","link":"https:\/\/larevistadigital.com.ar\/blog\/category\/chascomus\/"},"img":{"alt_text":"","src":"https:\/\/i0.wp.com\/larevistadigital.com.ar\/blog\/wp-content\/uploads\/69a1d797774ff.png?fit=668%2C445&ssl=1&resize=350%2C200","width":350,"height":200,"srcset":"https:\/\/i0.wp.com\/larevistadigital.com.ar\/blog\/wp-content\/uploads\/69a1d797774ff.png?fit=668%2C445&ssl=1&resize=350%2C200 1x, https:\/\/i0.wp.com\/larevistadigital.com.ar\/blog\/wp-content\/uploads\/69a1d797774ff.png?fit=668%2C445&ssl=1&resize=525%2C300 1.5x"},"classes":[]},{"id":35957,"url":"https:\/\/larevistadigital.com.ar\/blog\/reunion-del-ejecutivo-con-vecinos-del-barrio-escribano-sobre-la-situacion-de-obra\/","url_meta":{"origin":6689,"position":1},"title":"REUNI\u00d3N DEL EJECUTIVO CON VECINOS DEL BARRIO ESCRIBANO SOBRE LA SITUACI\u00d3N DE OBRA","author":"Alejandro Sosa Ruda","date":"28 abril, 2024","format":false,"excerpt":"En el marco del proyecto integral de mejoras en el barrio Escribano, por pedido de los vecinos a trav\u00e9s de la Sociedad de Fomento, se realiz\u00f3 una reuni\u00f3n para responder a sus inquietudes y comentarles sobre su ejecuci\u00f3n. 28 de abril de 2024 CHASCOM\u00daS -\u00a0 El pasado viernes, en el\u2026","rel":"","context":"En \u00abPOLITICA LOCAL\u00bb","block_context":{"text":"POLITICA LOCAL","link":"https:\/\/larevistadigital.com.ar\/blog\/category\/politica\/politica-local\/"},"img":{"alt_text":"","src":"https:\/\/i0.wp.com\/larevistadigital.com.ar\/blog\/wp-content\/uploads\/2024_04_26_01_56_37_7781708.jpg?fit=600%2C401&ssl=1&resize=350%2C200","width":350,"height":200,"srcset":"https:\/\/i0.wp.com\/larevistadigital.com.ar\/blog\/wp-content\/uploads\/2024_04_26_01_56_37_7781708.jpg?fit=600%2C401&ssl=1&resize=350%2C200 1x, https:\/\/i0.wp.com\/larevistadigital.com.ar\/blog\/wp-content\/uploads\/2024_04_26_01_56_37_7781708.jpg?fit=600%2C401&ssl=1&resize=525%2C300 1.5x"},"classes":[]},{"id":36801,"url":"https:\/\/larevistadigital.com.ar\/blog\/edea-anuncia-corte-de-energia-para-mantenimiento-en-el-hospital-municipal-san-vicente-de-paul\/","url_meta":{"origin":6689,"position":2},"title":"EDEA ANUNCIA CORTE DE ENERG\u00cdA PARA MANTENIMIENTO EN EL HOSPITAL MUNICIPAL SAN VICENTE DE PAUL.","author":"Alejandro Sosa Ruda","date":"27 julio, 2024","format":false,"excerpt":"La interrupci\u00f3n del suministro no afectar\u00e1 la atenci\u00f3n que ser\u00e1 garantizada gracias a un equipo electr\u00f3geno. 27 de Julio de 2024 CHASCOM\u00daS -\u00a0 La empresa prestadora del servicio de energ\u00eda el\u00e9ctrica, EDEA S.A., realizar\u00e1 un corte programado en el suministro el\u00e9ctrico del Hospital Municipal San Vicente de Paul. El corte\u2026","rel":"","context":"En \u00abINTERES GENERAL\u00bb","block_context":{"text":"INTERES GENERAL","link":"https:\/\/larevistadigital.com.ar\/blog\/category\/interes-general\/"},"img":{"alt_text":"","src":"https:\/\/i0.wp.com\/larevistadigital.com.ar\/blog\/wp-content\/uploads\/66a3d4aa15a63.png?fit=668%2C445&ssl=1&resize=350%2C200","width":350,"height":200,"srcset":"https:\/\/i0.wp.com\/larevistadigital.com.ar\/blog\/wp-content\/uploads\/66a3d4aa15a63.png?fit=668%2C445&ssl=1&resize=350%2C200 1x, https:\/\/i0.wp.com\/larevistadigital.com.ar\/blog\/wp-content\/uploads\/66a3d4aa15a63.png?fit=668%2C445&ssl=1&resize=525%2C300 1.5x"},"classes":[]},{"id":26016,"url":"https:\/\/larevistadigital.com.ar\/blog\/mar-del-plata-muere-un-hombre-y-su-perro-por-inhalacion-de-anhidrido-carbonico\/","url_meta":{"origin":6689,"position":3},"title":"MAR DEL PLATA: MUERE UN HOMBRE Y SU PERRO POR INHALACI\u00d3N DE ANH\u00cdDRIDO CARB\u00d3NICO","author":"Alejandro Sosa Ruda","date":"21 junio, 2022","format":false,"excerpt":"Sucedi\u00f3 en el barrio El Jard\u00edn de Peralta Ramos. La v\u00edctima ten\u00eda 65 a\u00f1os. Una cuadrilla de Camuzzi detect\u00f3 presencia de mon\u00f3xido en la vivienda. Un hombre de 65 a\u00f1os que los vecinos no ve\u00edan desde hace dos d\u00edas fue hallado sin vida ese lunes en el interior de su\u2026","rel":"","context":"En \u00abREGIONALES\u00bb","block_context":{"text":"REGIONALES","link":"https:\/\/larevistadigital.com.ar\/blog\/category\/regionales\/"},"img":{"alt_text":"","src":"https:\/\/i0.wp.com\/larevistadigital.com.ar\/blog\/wp-content\/uploads\/Guardia-Higa-0311.jpg?fit=790%2C444&ssl=1&resize=350%2C200","width":350,"height":200,"srcset":"https:\/\/i0.wp.com\/larevistadigital.com.ar\/blog\/wp-content\/uploads\/Guardia-Higa-0311.jpg?fit=790%2C444&ssl=1&resize=350%2C200 1x, https:\/\/i0.wp.com\/larevistadigital.com.ar\/blog\/wp-content\/uploads\/Guardia-Higa-0311.jpg?fit=790%2C444&ssl=1&resize=525%2C300 1.5x, https:\/\/i0.wp.com\/larevistadigital.com.ar\/blog\/wp-content\/uploads\/Guardia-Higa-0311.jpg?fit=790%2C444&ssl=1&resize=700%2C400 2x"},"classes":[]},{"id":39684,"url":"https:\/\/larevistadigital.com.ar\/blog\/se-licitara-la-pavimentacion-de-28-cuadras-en-el-barrio-escribano\/","url_meta":{"origin":6689,"position":4},"title":"Se licitar\u00e1 la pavimentaci\u00f3n de 28 cuadras en el barrio Escribano","author":"Alejandro Sosa Ruda","date":"6 mayo, 2025","format":false,"excerpt":"La Municipalidad anunci\u00f3 el inicio del proceso licitatorio y, previamente, financiar\u00e1 una obra pluvial necesaria para dar continuidad al proyecto. 06 de Mayo de 2025 CHASCOM\u00daS -\u00a0 El intendente Javier Gast\u00f3n encabez\u00f3 una reuni\u00f3n con vecinos y vecinas del barrio Escribano, a quienes anunci\u00f3 el pr\u00f3ximo llamado a licitaci\u00f3n para\u2026","rel":"","context":"En \u00abCHASCOM\u00daS\u00bb","block_context":{"text":"CHASCOM\u00daS","link":"https:\/\/larevistadigital.com.ar\/blog\/category\/chascomus\/"},"img":{"alt_text":"","src":"https:\/\/i0.wp.com\/larevistadigital.com.ar\/blog\/wp-content\/uploads\/681a450c79f64.png?fit=668%2C445&ssl=1&resize=350%2C200","width":350,"height":200,"srcset":"https:\/\/i0.wp.com\/larevistadigital.com.ar\/blog\/wp-content\/uploads\/681a450c79f64.png?fit=668%2C445&ssl=1&resize=350%2C200 1x, https:\/\/i0.wp.com\/larevistadigital.com.ar\/blog\/wp-content\/uploads\/681a450c79f64.png?fit=668%2C445&ssl=1&resize=525%2C300 1.5x"},"classes":[]},{"id":41964,"url":"https:\/\/larevistadigital.com.ar\/blog\/chascomus-renovacion-de-las-luminarias-en-el-acceso-al-barrio-30-de-mayo\/","url_meta":{"origin":6689,"position":5},"title":"Chascom\u00fas: Renovaci\u00f3n de las luminarias en el acceso al barrio 30 de Mayo","author":"Alejandro Sosa Ruda","date":"14 octubre, 2025","format":false,"excerpt":"La Municipalidad de Chascom\u00fas contin\u00faa ampliando el Plan de Reconversi\u00f3n Lum\u00ednica. 14 de Octubre de 2025 CHASCOM\u00daS -\u00a0 \u00a0En los \u00faltimos d\u00edas se ilumin\u00f3 la diagonal 30 de Mayo, que da acceso al barrio del mismo nombre. En el sector situado entre la avenida Juan Manuel de Rosas y la\u2026","rel":"","context":"En \u00abINTERES GENERAL\u00bb","block_context":{"text":"INTERES GENERAL","link":"https:\/\/larevistadigital.com.ar\/blog\/category\/interes-general\/"},"img":{"alt_text":"","src":"https:\/\/i0.wp.com\/larevistadigital.com.ar\/blog\/wp-content\/uploads\/66ad0d7ca8dd4-1.png?fit=668%2C445&ssl=1&resize=350%2C200","width":350,"height":200,"srcset":"https:\/\/i0.wp.com\/larevistadigital.com.ar\/blog\/wp-content\/uploads\/66ad0d7ca8dd4-1.png?fit=668%2C445&ssl=1&resize=350%2C200 1x, https:\/\/i0.wp.com\/larevistadigital.com.ar\/blog\/wp-content\/uploads\/66ad0d7ca8dd4-1.png?fit=668%2C445&ssl=1&resize=525%2C300 1.5x"},"classes":[]}],"_links":{"self":[{"href":"https:\/\/larevistadigital.com.ar\/blog\/wp-json\/wp\/v2\/posts\/6689","targetHints":{"allow":["GET"]}}],"collection":[{"href":"https:\/\/larevistadigital.com.ar\/blog\/wp-json\/wp\/v2\/posts"}],"about":[{"href":"https:\/\/larevistadigital.com.ar\/blog\/wp-json\/wp\/v2\/types\/post"}],"author":[{"embeddable":true,"href":"https:\/\/larevistadigital.com.ar\/blog\/wp-json\/wp\/v2\/users\/3"}],"replies":[{"embeddable":true,"href":"https:\/\/larevistadigital.com.ar\/blog\/wp-json\/wp\/v2\/comments?post=6689"}],"version-history":[{"count":1,"href":"https:\/\/larevistadigital.com.ar\/blog\/wp-json\/wp\/v2\/posts\/6689\/revisions"}],"predecessor-version":[{"id":6691,"href":"https:\/\/larevistadigital.com.ar\/blog\/wp-json\/wp\/v2\/posts\/6689\/revisions\/6691"}],"wp:featuredmedia":[{"embeddable":true,"href":"https:\/\/larevistadigital.com.ar\/blog\/wp-json\/wp\/v2\/media\/6690"}],"wp:attachment":[{"href":"https:\/\/larevistadigital.com.ar\/blog\/wp-json\/wp\/v2\/media?parent=6689"}],"wp:term":[{"taxonomy":"category","embeddable":true,"href":"https:\/\/larevistadigital.com.ar\/blog\/wp-json\/wp\/v2\/categories?post=6689"},{"taxonomy":"post_tag","embeddable":true,"href":"https:\/\/larevistadigital.com.ar\/blog\/wp-json\/wp\/v2\/tags?post=6689"}],"curies":[{"name":"wp","href":"https:\/\/api.w.org\/{rel}","templated":true}]}}