{"id":6740,"date":"2018-10-05T01:23:46","date_gmt":"2018-10-05T01:23:46","guid":{"rendered":"https:\/\/larevistadigital.com.ar\/blog\/?p=6740"},"modified":"2018-10-05T01:23:46","modified_gmt":"2018-10-05T01:23:46","slug":"ovni-sigue-a-auto-en-el-campo-y-luego-desaparece","status":"publish","type":"post","link":"https:\/\/larevistadigital.com.ar\/blog\/ovni-sigue-a-auto-en-el-campo-y-luego-desaparece\/","title":{"rendered":"OVNI SIGUE A AUTO EN EL CAMPO Y LUEGO DESAPARECE"},"content":{"rendered":"<p>El suceso ocurri\u00f3, el martes 2 de octubre, a alrededor de las 21:20 horas, en una casa de campo de la localidad bonaerense de Brandsen cuando un joven, que se dedica a actividades agropecuarias con su padre, sal\u00eda con su auto hacia el centro de la ciudad y pudo divisar una extra\u00f1a presencia luminosa detr\u00e1s del veh\u00edculo, public\u00f3 el diario La Tercera.<\/p>\n<p><em><strong>\u201cMe dirig\u00eda al trabajo desde el campo de mi padre, quien me va a abrir la tranquera. Vamos conversando hasta llegar a la misma, que se encuentra a unos 100 metros de la casa. Lo saludo, toco bocina desde el auto y emprendo mi viaje hacia el centro de Brandsen por el camino vecinal de tierra. A los pocos metros de haber salido de la tranquera (estimo unos 10 metros) veo reflejado por el vidrio delantero una peque\u00f1a luz que se mueve atr\u00e1s del auto (al borde superior de la luneta), me quedo helado ante la situaci\u00f3n y dudo, pero miro por el espejo retrovisor izquierdo cuando en ese momento veo pasar \u201cesa peque\u00f1a luz\u201d por mi lateral y desaparece\u201d<\/strong><\/em>, asegur\u00f3 el testigo y agreg\u00f3 <em><strong>\u201cal llegar a la esquina, dudando de la situaci\u00f3n y aun helado. decido llamar por tel\u00e9fono a mi padre, al cual con miedo le pregunto si ven\u00eda una moto lejos o me alumbr\u00f3 con alguna linterna, y me contest\u00f3 que no ven\u00eda nadie y que no hab\u00eda tra\u00eddo linterna, asegurando que vio como esa luz descend\u00eda del cielo, que ocurri\u00f3 cuando estaba cerrando la tranquera y ve bajar esa luz (potente seg\u00fan su punto de vista) que desciende sin aterrizar, ni detenerse y va hacia atr\u00e1s del auto para luego desaparecer\u201d<\/strong><\/em>.<\/p>\n","protected":false},"excerpt":{"rendered":"<div class=\"mh-excerpt\"><p>El suceso ocurri\u00f3, el martes 2 de octubre, a alrededor de las 21:20 horas, en una casa de campo de la localidad bonaerense de Brandsen cuando un joven, que se dedica a actividades agropecuarias con <a class=\"mh-excerpt-more\" href=\"https:\/\/larevistadigital.com.ar\/blog\/ovni-sigue-a-auto-en-el-campo-y-luego-desaparece\/\" title=\"OVNI SIGUE A AUTO EN EL CAMPO Y LUEGO DESAPARECE\">[Leer M\u00e1s]<\/a><\/p>\n<\/div>","protected":false},"author":3,"featured_media":6742,"comment_status":"open","ping_status":"open","sticky":false,"template":"","format":"standard","meta":{"_jetpack_memberships_contains_paid_content":false,"footnotes":"","jetpack_publicize_message":"","jetpack_publicize_feature_enabled":true,"jetpack_social_post_already_shared":true,"jetpack_social_options":{"image_generator_settings":{"template":"highway","default_image_id":0,"font":"","enabled":false},"version":2}},"categories":[11,12],"tags":[],"class_list":{"0":"post-6740","1":"post","2":"type-post","3":"status-publish","4":"format-standard","5":"has-post-thumbnail","7":"category-curiosas","8":"category-politica"},"jetpack_publicize_connections":[],"jetpack_featured_media_url":"https:\/\/i0.wp.com\/larevistadigital.com.ar\/blog\/wp-content\/uploads\/2018\/10\/descarga.jpg?fit=650%2C521&ssl=1","jetpack_sharing_enabled":true,"jetpack_shortlink":"https:\/\/wp.me\/p8qtrQ-1KI","jetpack-related-posts":[{"id":10334,"url":"https:\/\/larevistadigital.com.ar\/blog\/10334-2\/","url_meta":{"origin":6740,"position":0},"title":"FUERTE CHOQUE EN LA RUTA 29","author":"Alejandro Sosa Ruda","date":"29 mayo, 2019","format":false,"excerpt":"En la ma\u00f1ana de ayer, se produjo un fuerte choque entre un auto y una camioneta en ruta 29 a la altura del kil\u00f3metro 3. Seg\u00fan supo DLN, el conductor de la camioneta Ford Ranger que circulaba en sentido Brandsen- Jeppener, se cruz\u00f3 de carril para doblar hacia el Feedlot,\u2026","rel":"","context":"En \u00abPOLICIALES\u00bb","block_context":{"text":"POLICIALES","link":"https:\/\/larevistadigital.com.ar\/blog\/category\/policiales\/"},"img":{"alt_text":"","src":"https:\/\/i0.wp.com\/larevistadigital.com.ar\/blog\/wp-content\/uploads\/2019\/05\/Screenshot_2-9.jpg?fit=857%2C559&ssl=1&resize=350%2C200","width":350,"height":200,"srcset":"https:\/\/i0.wp.com\/larevistadigital.com.ar\/blog\/wp-content\/uploads\/2019\/05\/Screenshot_2-9.jpg?fit=857%2C559&ssl=1&resize=350%2C200 1x, https:\/\/i0.wp.com\/larevistadigital.com.ar\/blog\/wp-content\/uploads\/2019\/05\/Screenshot_2-9.jpg?fit=857%2C559&ssl=1&resize=525%2C300 1.5x, https:\/\/i0.wp.com\/larevistadigital.com.ar\/blog\/wp-content\/uploads\/2019\/05\/Screenshot_2-9.jpg?fit=857%2C559&ssl=1&resize=700%2C400 2x"},"classes":[]},{"id":24639,"url":"https:\/\/larevistadigital.com.ar\/blog\/brandsen-terrible-perdio-el-control-de-su-auto-y-se-incrusto-contra-un-supermercado\/","url_meta":{"origin":6740,"position":1},"title":"BRANDSEN: \u00a1TERRIBLE! PERDI\u00d3 EL CONTROL DE SU AUTO Y SE INCRUST\u00d3 CONTRA UN SUPERMERCADO","author":"Alejandro Sosa Ruda","date":"18 marzo, 2022","format":false,"excerpt":"Ocurri\u00f3 en pleno centro de la ciudad. La camioneta era conducida por una mujer mayor de edad. BRANDSEN -\u00a0 En la tarde de este martes 15 de marzo se produjo un impactante choque en la esquina de Av. Saenz Pe\u00f1a y Paso de la localidad bonaerense de Brandsen. Por causas\u2026","rel":"","context":"En \u00abREGIONALES\u00bb","block_context":{"text":"REGIONALES","link":"https:\/\/larevistadigital.com.ar\/blog\/category\/regionales\/"},"img":{"alt_text":"","src":"https:\/\/i0.wp.com\/larevistadigital.com.ar\/blog\/wp-content\/uploads\/20220315_183312-2048x1152-1.jpg?fit=1200%2C675&ssl=1&resize=350%2C200","width":350,"height":200,"srcset":"https:\/\/i0.wp.com\/larevistadigital.com.ar\/blog\/wp-content\/uploads\/20220315_183312-2048x1152-1.jpg?fit=1200%2C675&ssl=1&resize=350%2C200 1x, https:\/\/i0.wp.com\/larevistadigital.com.ar\/blog\/wp-content\/uploads\/20220315_183312-2048x1152-1.jpg?fit=1200%2C675&ssl=1&resize=525%2C300 1.5x, https:\/\/i0.wp.com\/larevistadigital.com.ar\/blog\/wp-content\/uploads\/20220315_183312-2048x1152-1.jpg?fit=1200%2C675&ssl=1&resize=700%2C400 2x, https:\/\/i0.wp.com\/larevistadigital.com.ar\/blog\/wp-content\/uploads\/20220315_183312-2048x1152-1.jpg?fit=1200%2C675&ssl=1&resize=1050%2C600 3x"},"classes":[]},{"id":31826,"url":"https:\/\/larevistadigital.com.ar\/blog\/brandsen-brutal-asalto-donde-golpean-a-una-persona-y-le-llevan-dinero-y-el-auto\/","url_meta":{"origin":6740,"position":2},"title":"BRANDSEN: BRUTAL ASALTO DONDE GOLPEAN A UNA PERSONA Y LE LLEVAN DINERO Y EL AUTO","author":"Alejandro Sosa Ruda","date":"31 mayo, 2023","format":false,"excerpt":"Ocurri\u00f3 en la ma\u00f1ana de ayer en el barrio Los Pinos. El vecino sal\u00eda de su casa para ir a trabajar. Por el momento no hay detenidos. 31 de mayo de 2023 BRANDSEN -\u00a0 Pasadas las seis de la ma\u00f1ana de ayer lunes 29 de mayo, un vecino que se\u2026","rel":"","context":"En \u00abPOLICIALES\u00bb","block_context":{"text":"POLICIALES","link":"https:\/\/larevistadigital.com.ar\/blog\/category\/policiales\/"},"img":{"alt_text":"","src":"https:\/\/i0.wp.com\/larevistadigital.com.ar\/blog\/wp-content\/uploads\/Photo_1685460531114.jpg?fit=1080%2C607&ssl=1&resize=350%2C200","width":350,"height":200,"srcset":"https:\/\/i0.wp.com\/larevistadigital.com.ar\/blog\/wp-content\/uploads\/Photo_1685460531114.jpg?fit=1080%2C607&ssl=1&resize=350%2C200 1x, https:\/\/i0.wp.com\/larevistadigital.com.ar\/blog\/wp-content\/uploads\/Photo_1685460531114.jpg?fit=1080%2C607&ssl=1&resize=525%2C300 1.5x, https:\/\/i0.wp.com\/larevistadigital.com.ar\/blog\/wp-content\/uploads\/Photo_1685460531114.jpg?fit=1080%2C607&ssl=1&resize=700%2C400 2x, https:\/\/i0.wp.com\/larevistadigital.com.ar\/blog\/wp-content\/uploads\/Photo_1685460531114.jpg?fit=1080%2C607&ssl=1&resize=1050%2C600 3x"},"classes":[]},{"id":8839,"url":"https:\/\/larevistadigital.com.ar\/blog\/brandsen-impactante-accidente-auto-termina-arriba-de-una-plaza\/","url_meta":{"origin":6740,"position":3},"title":"BRANDSEN: IMPACTANTE ACCIDENTE. AUTO TERMINA ARRIBA DE UNA PLAZA","author":"Alejandro Sosa Ruda","date":"3 marzo, 2019","format":false,"excerpt":"Pasadas las 20hs de este s\u00e1bado 2 de marzo\u00a0se produjo un impactante accidente en pleno centro de la ciudad de Brandsen, donde se vieron involucrados tres veh\u00edculos,\u00a0un Peugeot 207 color negro, un Peugeot 206 azul y una Chevrolet Captiva color Gris. Seg\u00fan informaron fuentes policiales a\u00a0DLN, el conductor de la\u2026","rel":"","context":"En \u00abPOLITICA\u00bb","block_context":{"text":"POLITICA","link":"https:\/\/larevistadigital.com.ar\/blog\/category\/politica\/"},"img":{"alt_text":"","src":"https:\/\/i0.wp.com\/larevistadigital.com.ar\/blog\/wp-content\/uploads\/2019\/03\/20190302_205028.jpg?fit=1024%2C574&ssl=1&resize=350%2C200","width":350,"height":200,"srcset":"https:\/\/i0.wp.com\/larevistadigital.com.ar\/blog\/wp-content\/uploads\/2019\/03\/20190302_205028.jpg?fit=1024%2C574&ssl=1&resize=350%2C200 1x, https:\/\/i0.wp.com\/larevistadigital.com.ar\/blog\/wp-content\/uploads\/2019\/03\/20190302_205028.jpg?fit=1024%2C574&ssl=1&resize=525%2C300 1.5x, https:\/\/i0.wp.com\/larevistadigital.com.ar\/blog\/wp-content\/uploads\/2019\/03\/20190302_205028.jpg?fit=1024%2C574&ssl=1&resize=700%2C400 2x"},"classes":[]},{"id":18847,"url":"https:\/\/larevistadigital.com.ar\/blog\/brandsen-un-delibery-fue-embestido-por-una-moto-que-se-fugo-esta-en-grave-estado\/","url_meta":{"origin":6740,"position":4},"title":"BRANDSEN: UN DELIBERY FUE EMBESTIDO POR UNA MOTO QUE SE FUG\u00d3. EST\u00c1 EN GRAVE ESTADO","author":"Alejandro Sosa Ruda","date":"13 febrero, 2021","format":false,"excerpt":"Ocurri\u00f3 en pleno centro de la ciudad. El motociclista tras darse a la fuga, perdi\u00f3 el control de su moto y tuvo que ser atendido por el SAME. BRANDSEN - Un joven de 18 a\u00f1os, que presta servicio como delivery para \"Quick\", debi\u00f3 que ser traslado de urgencia al hospital\u2026","rel":"","context":"En \u00abREGIONALES\u00bb","block_context":{"text":"REGIONALES","link":"https:\/\/larevistadigital.com.ar\/blog\/category\/regionales\/"},"img":{"alt_text":"","src":"https:\/\/i0.wp.com\/larevistadigital.com.ar\/blog\/wp-content\/uploads\/20210213_124423_wm-2048x1152-1.jpg?fit=1200%2C675&ssl=1&resize=350%2C200","width":350,"height":200,"srcset":"https:\/\/i0.wp.com\/larevistadigital.com.ar\/blog\/wp-content\/uploads\/20210213_124423_wm-2048x1152-1.jpg?fit=1200%2C675&ssl=1&resize=350%2C200 1x, https:\/\/i0.wp.com\/larevistadigital.com.ar\/blog\/wp-content\/uploads\/20210213_124423_wm-2048x1152-1.jpg?fit=1200%2C675&ssl=1&resize=525%2C300 1.5x, https:\/\/i0.wp.com\/larevistadigital.com.ar\/blog\/wp-content\/uploads\/20210213_124423_wm-2048x1152-1.jpg?fit=1200%2C675&ssl=1&resize=700%2C400 2x, https:\/\/i0.wp.com\/larevistadigital.com.ar\/blog\/wp-content\/uploads\/20210213_124423_wm-2048x1152-1.jpg?fit=1200%2C675&ssl=1&resize=1050%2C600 3x"},"classes":[]},{"id":12174,"url":"https:\/\/larevistadigital.com.ar\/blog\/brandsen-en-menos-de-una-hora-se-produjeron-dos-accidentes-con-motos-en-el-centro-de-la-ciudad\/","url_meta":{"origin":6740,"position":5},"title":"BRANDSEN: EN MENOS DE UNA HORA SE PRODUJERON DOS ACCIDENTES CON MOTOS EN EL CENTRO DE LA CIUDAD","author":"Alejandro Sosa Ruda","date":"19 septiembre, 2019","format":false,"excerpt":"Entre las 21 y 22 horas de este jueves 19 de septiembre se produjeron dos accidentes donde se vieron involucrados en ambos casos motocicletas. El primero, en la esquina de Ferrari e Ituzaing\u00f3, una moto conducida por un hombre oriundo de esta ciudad impact\u00f3 contra un auto y tuvo que\u2026","rel":"","context":"En \u00abREGIONALES\u00bb","block_context":{"text":"REGIONALES","link":"https:\/\/larevistadigital.com.ar\/blog\/category\/regionales\/"},"img":{"alt_text":"","src":"https:\/\/i0.wp.com\/larevistadigital.com.ar\/blog\/wp-content\/uploads\/20190919_224240.jpg?fit=1200%2C681&ssl=1&resize=350%2C200","width":350,"height":200,"srcset":"https:\/\/i0.wp.com\/larevistadigital.com.ar\/blog\/wp-content\/uploads\/20190919_224240.jpg?fit=1200%2C681&ssl=1&resize=350%2C200 1x, https:\/\/i0.wp.com\/larevistadigital.com.ar\/blog\/wp-content\/uploads\/20190919_224240.jpg?fit=1200%2C681&ssl=1&resize=525%2C300 1.5x, https:\/\/i0.wp.com\/larevistadigital.com.ar\/blog\/wp-content\/uploads\/20190919_224240.jpg?fit=1200%2C681&ssl=1&resize=700%2C400 2x, https:\/\/i0.wp.com\/larevistadigital.com.ar\/blog\/wp-content\/uploads\/20190919_224240.jpg?fit=1200%2C681&ssl=1&resize=1050%2C600 3x"},"classes":[]}],"_links":{"self":[{"href":"https:\/\/larevistadigital.com.ar\/blog\/wp-json\/wp\/v2\/posts\/6740","targetHints":{"allow":["GET"]}}],"collection":[{"href":"https:\/\/larevistadigital.com.ar\/blog\/wp-json\/wp\/v2\/posts"}],"about":[{"href":"https:\/\/larevistadigital.com.ar\/blog\/wp-json\/wp\/v2\/types\/post"}],"author":[{"embeddable":true,"href":"https:\/\/larevistadigital.com.ar\/blog\/wp-json\/wp\/v2\/users\/3"}],"replies":[{"embeddable":true,"href":"https:\/\/larevistadigital.com.ar\/blog\/wp-json\/wp\/v2\/comments?post=6740"}],"version-history":[{"count":1,"href":"https:\/\/larevistadigital.com.ar\/blog\/wp-json\/wp\/v2\/posts\/6740\/revisions"}],"predecessor-version":[{"id":6743,"href":"https:\/\/larevistadigital.com.ar\/blog\/wp-json\/wp\/v2\/posts\/6740\/revisions\/6743"}],"wp:featuredmedia":[{"embeddable":true,"href":"https:\/\/larevistadigital.com.ar\/blog\/wp-json\/wp\/v2\/media\/6742"}],"wp:attachment":[{"href":"https:\/\/larevistadigital.com.ar\/blog\/wp-json\/wp\/v2\/media?parent=6740"}],"wp:term":[{"taxonomy":"category","embeddable":true,"href":"https:\/\/larevistadigital.com.ar\/blog\/wp-json\/wp\/v2\/categories?post=6740"},{"taxonomy":"post_tag","embeddable":true,"href":"https:\/\/larevistadigital.com.ar\/blog\/wp-json\/wp\/v2\/tags?post=6740"}],"curies":[{"name":"wp","href":"https:\/\/api.w.org\/{rel}","templated":true}]}}