{"id":6797,"date":"2018-10-11T14:22:46","date_gmt":"2018-10-11T14:22:46","guid":{"rendered":"https:\/\/larevistadigital.com.ar\/blog\/?p=6797"},"modified":"2018-10-11T14:22:46","modified_gmt":"2018-10-11T14:22:46","slug":"chascomus-se-reunio-la-mesa-salarial-y-acordaron-un-nuevo-encuentro-para-el-proximo-martes","status":"publish","type":"post","link":"https:\/\/larevistadigital.com.ar\/blog\/chascomus-se-reunio-la-mesa-salarial-y-acordaron-un-nuevo-encuentro-para-el-proximo-martes\/","title":{"rendered":"CHASCOM\u00daS: SE REUNI\u00d3 LA MESA SALARIAL Y ACORDARON UN NUEVO ENCUENTRO PARA EL PR\u00d3XIMO MARTES"},"content":{"rendered":"<p>Finalmente se llev\u00f3 a cabo el d\u00eda de ayer la reuni\u00f3n pactada entre el ejecutivo local y los distintos gremios que conforman la \u00abmesa salarial\u00bb, tal como lo ped\u00eda la ordenanza aprobada por mayor\u00eda en el Concejo Deliberante.<\/p>\n<p>La misma se desarroll\u00f3 en el municipio, y fueron de la partida, el Secretario de Gobierno, <strong>Cipriano P\u00e9rez del Cerro<\/strong>, el Director de Recursos Humanos, <strong>Jos\u00e9 Yessa<\/strong> por el lado del oficialismo, y por el lado de los gremios, representando a ATE, <strong>Mar\u00eda Alicia Barletta<\/strong> y<strong> Bernardo Ocampo<\/strong>, por UPCN <strong>Francisco Balzano<\/strong> y <strong>Guillermo Banegas<\/strong> y por el Sindicato de Trabajadores Municipales, <strong>Mercedes Rold\u00e1n<\/strong> y su hijo, <strong>Claudio Bertusi<\/strong>.<\/p>\n<blockquote>\n<h3>En primera instancia, los representantes gremiales fueron munidos de la ordenanza aprobada, y manifestaron que no pretenden dejar de lado el acuerdo establecido con anterioridad, ya que la norma no pide eso, sino que la reuni\u00f3n fue a efectos de discutir la situaci\u00f3n salarial de los municipales.<\/h3>\n<\/blockquote>\n<p>De esta manera, qued\u00f3 en claro que los gremios pretenden mantener el acuerdo, pero pidieron que se adelante la cl\u00e1usula gatillo que estaba fijada para marzo pr\u00f3ximo, a efectos de paliar la dif\u00edcil situaci\u00f3n econ\u00f3mica que afecta a todos, pero principalmente a los empleados con m\u00e1s bajos ingresos.<\/p>\n<p>Las partes dialogaron, y el oficialismo qued\u00f3 en hablar de este tema con el Intendente Gast\u00f3n, para luego reunirse nuevamente el pr\u00f3ximo martes 16 de octubre.<\/p>\n","protected":false},"excerpt":{"rendered":"<div class=\"mh-excerpt\"><p>Finalmente se llev\u00f3 a cabo el d\u00eda de ayer la reuni\u00f3n pactada entre el ejecutivo local y los distintos gremios que conforman la \u00abmesa salarial\u00bb, tal como lo ped\u00eda la ordenanza aprobada por mayor\u00eda en <a class=\"mh-excerpt-more\" href=\"https:\/\/larevistadigital.com.ar\/blog\/chascomus-se-reunio-la-mesa-salarial-y-acordaron-un-nuevo-encuentro-para-el-proximo-martes\/\" title=\"CHASCOM\u00daS: SE REUNI\u00d3 LA MESA SALARIAL Y ACORDARON UN NUEVO ENCUENTRO PARA EL PR\u00d3XIMO MARTES\">[Leer M\u00e1s]<\/a><\/p>\n<\/div>","protected":false},"author":3,"featured_media":6798,"comment_status":"open","ping_status":"open","sticky":false,"template":"","format":"standard","meta":{"_jetpack_memberships_contains_paid_content":false,"footnotes":"","jetpack_publicize_message":"","jetpack_publicize_feature_enabled":true,"jetpack_social_post_already_shared":true,"jetpack_social_options":{"image_generator_settings":{"template":"highway","default_image_id":0,"font":"","enabled":false},"version":2}},"categories":[10,12],"tags":[],"class_list":{"0":"post-6797","1":"post","2":"type-post","3":"status-publish","4":"format-standard","5":"has-post-thumbnail","7":"category-gremiales","8":"category-politica"},"jetpack_publicize_connections":[],"jetpack_featured_media_url":"https:\/\/i0.wp.com\/larevistadigital.com.ar\/blog\/wp-content\/uploads\/2018\/10\/mesasalarial_11deoctubrede2018_elfuerte.jpg?fit=737%2C415&ssl=1","jetpack_sharing_enabled":true,"jetpack_shortlink":"https:\/\/wp.me\/p8qtrQ-1LD","jetpack-related-posts":[{"id":957,"url":"https:\/\/larevistadigital.com.ar\/blog\/cipriano-perez-del-cerro-el-acuerdo-salarial-con-los-gremios-municipales-de-chascomus-nos-dejo-conformes-a-todos\/","url_meta":{"origin":6797,"position":0},"title":"CIPRIANO PEREZ DEL CERRO: EL ACUERDO SALARIAL CON LOS GREMIOS MUNICIPALES DE CHASCOM\u00daS NOS DEJ\u00d3 CONFORMES A TODOS.","author":"Alejandro Sosa Ruda","date":"11 marzo, 2017","format":false,"excerpt":"Luego de la primicia de La Revista Digital (LDR) dialogando con la secretaria general de ATE mar\u00eda Alicia Barletta, el diario El Fuerte hizo lo propio con el secretario de gobierno de Chascom\u00fas, quien opin\u00f3 del compromiso adquirido. Finalmente y luego de un gran esfuerzo realizado por el Departamento Ejecutivo,\u2026","rel":"","context":"En \u00abCHASCOM\u00daS\u00bb","block_context":{"text":"CHASCOM\u00daS","link":"https:\/\/larevistadigital.com.ar\/blog\/category\/chascomus\/"},"img":{"alt_text":"","src":"https:\/\/i0.wp.com\/larevistadigital.com.ar\/blog\/wp-content\/uploads\/2017\/03\/nota-1449887-perez-cerro-bono-llevan-adelante-gestiones-provincia-para-pueda-pagar-786746.jpg?fit=1200%2C1200&ssl=1&resize=350%2C200","width":350,"height":200,"srcset":"https:\/\/i0.wp.com\/larevistadigital.com.ar\/blog\/wp-content\/uploads\/2017\/03\/nota-1449887-perez-cerro-bono-llevan-adelante-gestiones-provincia-para-pueda-pagar-786746.jpg?fit=1200%2C1200&ssl=1&resize=350%2C200 1x, https:\/\/i0.wp.com\/larevistadigital.com.ar\/blog\/wp-content\/uploads\/2017\/03\/nota-1449887-perez-cerro-bono-llevan-adelante-gestiones-provincia-para-pueda-pagar-786746.jpg?fit=1200%2C1200&ssl=1&resize=525%2C300 1.5x, https:\/\/i0.wp.com\/larevistadigital.com.ar\/blog\/wp-content\/uploads\/2017\/03\/nota-1449887-perez-cerro-bono-llevan-adelante-gestiones-provincia-para-pueda-pagar-786746.jpg?fit=1200%2C1200&ssl=1&resize=700%2C400 2x, https:\/\/i0.wp.com\/larevistadigital.com.ar\/blog\/wp-content\/uploads\/2017\/03\/nota-1449887-perez-cerro-bono-llevan-adelante-gestiones-provincia-para-pueda-pagar-786746.jpg?fit=1200%2C1200&ssl=1&resize=1050%2C600 3x"},"classes":[]},{"id":6777,"url":"https:\/\/larevistadigital.com.ar\/blog\/chascomus-perez-del-cerro-aclaro-que-si-se-aplica-la-ordenanza-aprobada-en-el-concejo-todo-lo-acordado-con-los-gremios-quedaria-sin-efecto\/","url_meta":{"origin":6797,"position":1},"title":"CHASCOM\u00daS: P\u00c9REZ DEL CERRO ACLAR\u00d3 QUE \u00abSI SE APLICA LA ORDENANZA APROBADA EN EL CONCEJO, TODO LO ACORDADO CON LOS GREMIOS QUEDAR\u00cdA SIN EFECTO\u00bb","author":"Alejandro Sosa Ruda","date":"9 octubre, 2018","format":false,"excerpt":"El secretario de gobierno de Chascom\u00fas, Cipriano P\u00e9rez del Cerro, fue entrevistado por el periodista Alfredo Perona, durante el programa \u201cTardes El Tr\u00e9bol\u201d que se emite por la FM 102,1 (Radio UNO) en donde se refiri\u00f3 a la situaci\u00f3n con los gremios municipales. En primera instancia, confirm\u00f3 que se acord\u00f3\u2026","rel":"","context":"En \u00abPOLITICA\u00bb","block_context":{"text":"POLITICA","link":"https:\/\/larevistadigital.com.ar\/blog\/category\/politica\/"},"img":{"alt_text":"","src":"https:\/\/i0.wp.com\/larevistadigital.com.ar\/blog\/wp-content\/uploads\/2017\/12\/22780504_1589393954414042_8243408174756682577_n.jpg?fit=720%2C478&ssl=1&resize=350%2C200","width":350,"height":200,"srcset":"https:\/\/i0.wp.com\/larevistadigital.com.ar\/blog\/wp-content\/uploads\/2017\/12\/22780504_1589393954414042_8243408174756682577_n.jpg?fit=720%2C478&ssl=1&resize=350%2C200 1x, https:\/\/i0.wp.com\/larevistadigital.com.ar\/blog\/wp-content\/uploads\/2017\/12\/22780504_1589393954414042_8243408174756682577_n.jpg?fit=720%2C478&ssl=1&resize=525%2C300 1.5x, https:\/\/i0.wp.com\/larevistadigital.com.ar\/blog\/wp-content\/uploads\/2017\/12\/22780504_1589393954414042_8243408174756682577_n.jpg?fit=720%2C478&ssl=1&resize=700%2C400 2x"},"classes":[]},{"id":5195,"url":"https:\/\/larevistadigital.com.ar\/blog\/chascomus-municipio-saber-hubo-acuerdo-los-gremios-19-aumento\/","url_meta":{"origin":6797,"position":2},"title":"CHASCOM\u00daS: EL MUNICIPIO HIZO SABER QUE HUBO ACUERDO CON LOS GREMIOS POR UN 19% DE AUMENTO","author":"Alejandro Sosa Ruda","date":"7 marzo, 2018","format":false,"excerpt":"La Municipalidad de Chascom\u00fas, desde su p\u00e1gina de facebook\u00a0 hizo conocer que tras realizarse el segundo encuentro de la Mesa Paritaria, el Departamento Ejecutivo logr\u00f3 un\u00a0 acuerdo con todos los gremios, sobre un incremento salarial para los empleados municipales del 19,1 %, en tres tramos que incluye la cl\u00e1usula gatillo.\u2026","rel":"","context":"En \u00abGREMIALES\u00bb","block_context":{"text":"GREMIALES","link":"https:\/\/larevistadigital.com.ar\/blog\/category\/gremiales\/"},"img":{"alt_text":"","src":"https:\/\/i0.wp.com\/larevistadigital.com.ar\/blog\/wp-content\/uploads\/2018\/03\/28783319_1801448603209350_666381720539938954_n.jpg?fit=883%2C589&ssl=1&resize=350%2C200","width":350,"height":200,"srcset":"https:\/\/i0.wp.com\/larevistadigital.com.ar\/blog\/wp-content\/uploads\/2018\/03\/28783319_1801448603209350_666381720539938954_n.jpg?fit=883%2C589&ssl=1&resize=350%2C200 1x, https:\/\/i0.wp.com\/larevistadigital.com.ar\/blog\/wp-content\/uploads\/2018\/03\/28783319_1801448603209350_666381720539938954_n.jpg?fit=883%2C589&ssl=1&resize=525%2C300 1.5x, https:\/\/i0.wp.com\/larevistadigital.com.ar\/blog\/wp-content\/uploads\/2018\/03\/28783319_1801448603209350_666381720539938954_n.jpg?fit=883%2C589&ssl=1&resize=700%2C400 2x"},"classes":[]},{"id":530,"url":"https:\/\/larevistadigital.com.ar\/blog\/los-tres-gremios-pidieron-distintos-aumentos-coincidieron-la-necesidad-una-clausula-gatillo-la-inflacion\/","url_meta":{"origin":6797,"position":3},"title":"Los tres gremios pidieron distintos aumentos pero coincidieron en la necesidad de una cl\u00e1usula gatillo por la inflaci\u00f3n","author":"editor","date":"4 marzo, 2017","format":false,"excerpt":"Reuni\u00f3n de la Mesa Salarial Municipal En la ma\u00f1ana del jueves pasado, el Secretario de Gobierno, Cipriano P\u00e9rez del Cerro, junto al Director de Recursos Humanos, Jos\u00e9 Yezza Ross, recibieron a los representantes gremiales. Durante la reuni\u00f3n se aprob\u00f3 el listado de recategorizaciones correspondientes al sector de la Secretar\u00eda de\u2026","rel":"","context":"En \u00abGREMIALES\u00bb","block_context":{"text":"GREMIALES","link":"https:\/\/larevistadigital.com.ar\/blog\/category\/gremiales\/"},"img":{"alt_text":"","src":"https:\/\/i0.wp.com\/larevistadigital.com.ar\/blog\/wp-content\/uploads\/2017\/03\/gremios_elfuerte_040317.jpg?fit=946%2C641&ssl=1&resize=350%2C200","width":350,"height":200,"srcset":"https:\/\/i0.wp.com\/larevistadigital.com.ar\/blog\/wp-content\/uploads\/2017\/03\/gremios_elfuerte_040317.jpg?fit=946%2C641&ssl=1&resize=350%2C200 1x, https:\/\/i0.wp.com\/larevistadigital.com.ar\/blog\/wp-content\/uploads\/2017\/03\/gremios_elfuerte_040317.jpg?fit=946%2C641&ssl=1&resize=525%2C300 1.5x, https:\/\/i0.wp.com\/larevistadigital.com.ar\/blog\/wp-content\/uploads\/2017\/03\/gremios_elfuerte_040317.jpg?fit=946%2C641&ssl=1&resize=700%2C400 2x"},"classes":[]},{"id":1094,"url":"https:\/\/larevistadigital.com.ar\/blog\/conflictos-gremiales-por-salarios-y-despidos-marcaron-el-verano\/","url_meta":{"origin":6797,"position":4},"title":"Conflictos gremiales por salarios y despidos marcaron el verano","author":"editor","date":"12 marzo, 2017","format":false,"excerpt":"Dos meses y medio de intensa actividad sindical acumula la provincia. Para el gobierno, los frentes activos m\u00e1s complejos son ATE y ATEN. El verano en Neuqu\u00e9n se caracteriz\u00f3 por m\u00e1s de una docena de reclamos de gremios estatales y privados que marcaron gran parte del ritmo de enero, febrero\u2026","rel":"","context":"En \u00abGREMIALES\u00bb","block_context":{"text":"GREMIALES","link":"https:\/\/larevistadigital.com.ar\/blog\/category\/gremiales\/"},"img":{"alt_text":"","src":"https:\/\/i0.wp.com\/larevistadigital.com.ar\/blog\/wp-content\/uploads\/2017\/03\/image_content_8172006_20170311231402.jpg?fit=540%2C370&ssl=1&resize=350%2C200","width":350,"height":200,"srcset":"https:\/\/i0.wp.com\/larevistadigital.com.ar\/blog\/wp-content\/uploads\/2017\/03\/image_content_8172006_20170311231402.jpg?fit=540%2C370&ssl=1&resize=350%2C200 1x, https:\/\/i0.wp.com\/larevistadigital.com.ar\/blog\/wp-content\/uploads\/2017\/03\/image_content_8172006_20170311231402.jpg?fit=540%2C370&ssl=1&resize=525%2C300 1.5x"},"classes":[]},{"id":43450,"url":"https:\/\/larevistadigital.com.ar\/blog\/buenos-aires-la-provincia-acordo-con-los-gremios-bonaerenses-un-nuevo-aumento-salarial-en-enero\/","url_meta":{"origin":6797,"position":5},"title":"Buenos Aires: La Provincia acord\u00f3 con los gremios bonaerenses un nuevo aumento salarial en enero","author":"Alejandro Sosa Ruda","date":"19 enero, 2026","format":false,"excerpt":"La oferta incluye un retroactivo a diciembre con el proporcional del aguinaldo; y un 3% en enero, respecto de los haberes vigentes al mes de octubre. 19 de enero de 2026 El Gobierno de la provincia de Buenos Aires, en un marco de emergencia econ\u00f3mica provocada por las pol\u00edticas del\u2026","rel":"","context":"En \u00abGREMIALES\u00bb","block_context":{"text":"GREMIALES","link":"https:\/\/larevistadigital.com.ar\/blog\/category\/gremiales\/"},"img":{"alt_text":"","src":"https:\/\/i0.wp.com\/larevistadigital.com.ar\/blog\/wp-content\/uploads\/Captura-de-pantalla-2026-01-19-132851.jpg?fit=699%2C439&ssl=1&resize=350%2C200","width":350,"height":200,"srcset":"https:\/\/i0.wp.com\/larevistadigital.com.ar\/blog\/wp-content\/uploads\/Captura-de-pantalla-2026-01-19-132851.jpg?fit=699%2C439&ssl=1&resize=350%2C200 1x, https:\/\/i0.wp.com\/larevistadigital.com.ar\/blog\/wp-content\/uploads\/Captura-de-pantalla-2026-01-19-132851.jpg?fit=699%2C439&ssl=1&resize=525%2C300 1.5x"},"classes":[]}],"_links":{"self":[{"href":"https:\/\/larevistadigital.com.ar\/blog\/wp-json\/wp\/v2\/posts\/6797","targetHints":{"allow":["GET"]}}],"collection":[{"href":"https:\/\/larevistadigital.com.ar\/blog\/wp-json\/wp\/v2\/posts"}],"about":[{"href":"https:\/\/larevistadigital.com.ar\/blog\/wp-json\/wp\/v2\/types\/post"}],"author":[{"embeddable":true,"href":"https:\/\/larevistadigital.com.ar\/blog\/wp-json\/wp\/v2\/users\/3"}],"replies":[{"embeddable":true,"href":"https:\/\/larevistadigital.com.ar\/blog\/wp-json\/wp\/v2\/comments?post=6797"}],"version-history":[{"count":1,"href":"https:\/\/larevistadigital.com.ar\/blog\/wp-json\/wp\/v2\/posts\/6797\/revisions"}],"predecessor-version":[{"id":6799,"href":"https:\/\/larevistadigital.com.ar\/blog\/wp-json\/wp\/v2\/posts\/6797\/revisions\/6799"}],"wp:featuredmedia":[{"embeddable":true,"href":"https:\/\/larevistadigital.com.ar\/blog\/wp-json\/wp\/v2\/media\/6798"}],"wp:attachment":[{"href":"https:\/\/larevistadigital.com.ar\/blog\/wp-json\/wp\/v2\/media?parent=6797"}],"wp:term":[{"taxonomy":"category","embeddable":true,"href":"https:\/\/larevistadigital.com.ar\/blog\/wp-json\/wp\/v2\/categories?post=6797"},{"taxonomy":"post_tag","embeddable":true,"href":"https:\/\/larevistadigital.com.ar\/blog\/wp-json\/wp\/v2\/tags?post=6797"}],"curies":[{"name":"wp","href":"https:\/\/api.w.org\/{rel}","templated":true}]}}