{"id":69,"date":"2017-01-30T15:06:13","date_gmt":"2017-01-30T15:06:13","guid":{"rendered":"https:\/\/larevistadigital.com.ar\/blog\/?p=69"},"modified":"2017-02-18T08:43:45","modified_gmt":"2017-02-18T08:43:45","slug":"la-cgt-vuelve-a-la-carga-por-la-participacion-en-las-ganancias","status":"publish","type":"post","link":"https:\/\/larevistadigital.com.ar\/blog\/la-cgt-vuelve-a-la-carga-por-la-participacion-en-las-ganancias\/","title":{"rendered":"La CGT vuelve a la carga por la participaci\u00f3n en las ganancias"},"content":{"rendered":"<p>La\u00a0<strong>Confederaci\u00f3n General del Trabajo (CGT)<\/strong>\u00a0confirm\u00f3 que volver\u00e1 a impulsar en el Congreso Nacional un proyecto de ley para que los trabajadores tengan participaci\u00f3n de las ganancias de las empresas.<\/p>\n<p><strong><em>\u00abEste es un viejo anhelo de la CGT, ver convertida en ley la\u00a0participaci\u00f3n de los trabajadores en los beneficios que obtienen las empresas\u00bb<\/em><\/strong>, afirm\u00f3 el secretario de Prensa de la central obrera,<strong>\u00a0Jorge Sola<\/strong>.<\/p>\n<p>En declaraciones al diario <strong>BAE Negocios<\/strong>, el dirigente asegur\u00f3 que pese a que varios proyectos de ley en ese sentido fueron rechazados en el Congreso, la iniciativa est\u00e1 respaldada por la letra de la Constituci\u00f3n Nacional.<\/p>\n<p>Entre las iniciativas presentadas existe una del jefe del bloque de Diputados del Frente para la Victoria,\u00a0<strong>H\u00e9ctor Recalde<\/strong>. <strong><em>\u00abVemos que existe el avance, con la intenci\u00f3n de continuidad, sobre determinados derechos de los trabajadores\u00bb<\/em><\/strong>, advirti\u00f3 adem\u00e1s <strong>Sola<\/strong>.<\/p>\n<p><strong>FUENTE: MUNDO GREMIAL<\/strong><\/p>\n<p><a href=\"https:\/\/i0.wp.com\/larevistadigital.com.ar\/blog\/wp-content\/uploads\/2017\/01\/CGT300117.jpg?ssl=1\"><img data-recalc-dims=\"1\" loading=\"lazy\" decoding=\"async\" class=\"alignnone size-medium wp-image-70\" src=\"https:\/\/i0.wp.com\/larevistadigital.com.ar\/blog\/wp-content\/uploads\/2017\/01\/CGT300117.jpg?resize=300%2C176&#038;ssl=1\" alt=\"\" width=\"300\" height=\"176\" srcset=\"https:\/\/i0.wp.com\/larevistadigital.com.ar\/blog\/wp-content\/uploads\/2017\/01\/CGT300117.jpg?resize=300%2C176&amp;ssl=1 300w, https:\/\/i0.wp.com\/larevistadigital.com.ar\/blog\/wp-content\/uploads\/2017\/01\/CGT300117.jpg?resize=768%2C451&amp;ssl=1 768w, https:\/\/i0.wp.com\/larevistadigital.com.ar\/blog\/wp-content\/uploads\/2017\/01\/CGT300117.jpg?w=959&amp;ssl=1 959w\" sizes=\"auto, (max-width: 300px) 100vw, 300px\" \/><\/a><\/p>\n","protected":false},"excerpt":{"rendered":"<div class=\"mh-excerpt\"><p>La\u00a0Confederaci\u00f3n General del Trabajo (CGT)\u00a0confirm\u00f3 que volver\u00e1 a impulsar en el Congreso Nacional un proyecto de ley para que los trabajadores tengan participaci\u00f3n de las ganancias de las empresas. \u00abEste es un viejo anhelo de <a class=\"mh-excerpt-more\" href=\"https:\/\/larevistadigital.com.ar\/blog\/la-cgt-vuelve-a-la-carga-por-la-participacion-en-las-ganancias\/\" title=\"La CGT vuelve a la carga por la participaci\u00f3n en las ganancias\">[Leer M\u00e1s]<\/a><\/p>\n<\/div>","protected":false},"author":2,"featured_media":70,"comment_status":"open","ping_status":"open","sticky":false,"template":"","format":"standard","meta":{"_jetpack_memberships_contains_paid_content":false,"footnotes":"","jetpack_publicize_message":"","jetpack_publicize_feature_enabled":true,"jetpack_social_post_already_shared":false,"jetpack_social_options":{"image_generator_settings":{"template":"highway","default_image_id":0,"font":"","enabled":false},"version":2}},"categories":[10,28],"tags":[],"class_list":{"0":"post-69","1":"post","2":"type-post","3":"status-publish","4":"format-standard","5":"has-post-thumbnail","7":"category-gremiales","8":"category-nacionales"},"jetpack_publicize_connections":[],"jetpack_featured_media_url":"https:\/\/i0.wp.com\/larevistadigital.com.ar\/blog\/wp-content\/uploads\/2017\/01\/CGT300117.jpg?fit=959%2C563&ssl=1","jetpack_sharing_enabled":true,"jetpack_shortlink":"https:\/\/wp.me\/p8qtrQ-17","jetpack-related-posts":[{"id":5762,"url":"https:\/\/larevistadigital.com.ar\/blog\/triaca-y-las-amenazas-de-paro\/","url_meta":{"origin":69,"position":0},"title":"TRIACA Y LAS AMENAZAS DE PARO","author":"Alejandro Sosa Ruda","date":"10 junio, 2018","format":false,"excerpt":"Mientras la amenaza de un\u00a0paro general\u00a0a\u00fan se mantiene latente y desde Camioneros y las\u00a0CTA\u00a0ya iniciaron las medidas de fuerza,\u00a0Jorge Triaca\u00a0decidi\u00f3 mostrarse conciliador.\u00a0\"M\u00e1s all\u00e1 de la decisi\u00f3n que tome la dirigencia de la CGT<, creemos en la voluntad de la\u00a0negociaci\u00f3n\", asegur\u00f3 el\u00a0ministro de Trabajo, al tiempo que se refiri\u00f3 a los\u2026","rel":"","context":"En \u00abGREMIALES\u00bb","block_context":{"text":"GREMIALES","link":"https:\/\/larevistadigital.com.ar\/blog\/category\/gremiales\/"},"img":{"alt_text":"","src":"https:\/\/i0.wp.com\/larevistadigital.com.ar\/blog\/wp-content\/uploads\/2018\/06\/422281.jpg?fit=1200%2C675&ssl=1&resize=350%2C200","width":350,"height":200,"srcset":"https:\/\/i0.wp.com\/larevistadigital.com.ar\/blog\/wp-content\/uploads\/2018\/06\/422281.jpg?fit=1200%2C675&ssl=1&resize=350%2C200 1x, https:\/\/i0.wp.com\/larevistadigital.com.ar\/blog\/wp-content\/uploads\/2018\/06\/422281.jpg?fit=1200%2C675&ssl=1&resize=525%2C300 1.5x, https:\/\/i0.wp.com\/larevistadigital.com.ar\/blog\/wp-content\/uploads\/2018\/06\/422281.jpg?fit=1200%2C675&ssl=1&resize=700%2C400 2x, https:\/\/i0.wp.com\/larevistadigital.com.ar\/blog\/wp-content\/uploads\/2018\/06\/422281.jpg?fit=1200%2C675&ssl=1&resize=1050%2C600 3x"},"classes":[]},{"id":35101,"url":"https:\/\/larevistadigital.com.ar\/blog\/a-40-dias-de-su-asuncion-milei-sufre-hoy-su-primer-paro-general-como-presidente-argentino\/","url_meta":{"origin":69,"position":1},"title":"A 40 D\u00cdAS DE SU ASUNCI\u00d3N, MILEI SUFRE HOY SU PRIMER PARO GENERAL COMO PRESIDENTE ARGENTINO","author":"Alejandro Sosa Ruda","date":"24 enero, 2024","format":false,"excerpt":"Cientos de trabajadores parar\u00e1n sus actividades para concentrarse en el Congreso de la Naci\u00f3n en el marco del paro general. Los servicios ser\u00e1n afectados. 24 de enero de 2023 Durante el paro general\u00a0de este mi\u00e9rcoles convocado por la\u00a0Confederaci\u00f3n General de los Trabajadores (CGT), los servicios de trenes, micros y bancos\u2026","rel":"","context":"En \u00abDESTACADAS\u00bb","block_context":{"text":"DESTACADAS","link":"https:\/\/larevistadigital.com.ar\/blog\/category\/destacadas\/"},"img":{"alt_text":"","src":"https:\/\/i0.wp.com\/larevistadigital.com.ar\/blog\/wp-content\/uploads\/paro-cgt.jpg?fit=800%2C450&ssl=1&resize=350%2C200","width":350,"height":200,"srcset":"https:\/\/i0.wp.com\/larevistadigital.com.ar\/blog\/wp-content\/uploads\/paro-cgt.jpg?fit=800%2C450&ssl=1&resize=350%2C200 1x, https:\/\/i0.wp.com\/larevistadigital.com.ar\/blog\/wp-content\/uploads\/paro-cgt.jpg?fit=800%2C450&ssl=1&resize=525%2C300 1.5x, https:\/\/i0.wp.com\/larevistadigital.com.ar\/blog\/wp-content\/uploads\/paro-cgt.jpg?fit=800%2C450&ssl=1&resize=700%2C400 2x"},"classes":[]},{"id":5918,"url":"https:\/\/larevistadigital.com.ar\/blog\/la-cgt-encabeza-hoy-el-paro-mas-importante-de-este-siglo\/","url_meta":{"origin":69,"position":2},"title":"La CGT encabeza hoy el paro m\u00e1s importante de este siglo","author":"admin","date":"25 junio, 2018","format":false,"excerpt":"La huelga, sin movilizaci\u00f3n, decidida por el consejo directivo cegetista el 12 de junio pasado, recibi\u00f3 la adhesi\u00f3n de todo el arco sindical, por lo que se descuenta ser\u00e1 la m\u00e1s importante del siglo. Adem\u00e1s de la CGT se sumaron el MASA, la Corriente Federal, importantes gremios no alineados como\u2026","rel":"","context":"En \u00abGREMIALES\u00bb","block_context":{"text":"GREMIALES","link":"https:\/\/larevistadigital.com.ar\/blog\/category\/gremiales\/"},"img":{"alt_text":"","src":"https:\/\/i0.wp.com\/larevistadigital.com.ar\/blog\/wp-content\/uploads\/2018\/06\/12-06-2018_buenos_aires_carlos_acunia_hector-5-644x340.jpg?fit=644%2C340&ssl=1&resize=350%2C200","width":350,"height":200,"srcset":"https:\/\/i0.wp.com\/larevistadigital.com.ar\/blog\/wp-content\/uploads\/2018\/06\/12-06-2018_buenos_aires_carlos_acunia_hector-5-644x340.jpg?fit=644%2C340&ssl=1&resize=350%2C200 1x, https:\/\/i0.wp.com\/larevistadigital.com.ar\/blog\/wp-content\/uploads\/2018\/06\/12-06-2018_buenos_aires_carlos_acunia_hector-5-644x340.jpg?fit=644%2C340&ssl=1&resize=525%2C300 1.5x"},"classes":[]},{"id":38781,"url":"https:\/\/larevistadigital.com.ar\/blog\/la-cgt-anuncio-un-paro-nacional-docente-para-manana-y-el-5-de-marzo\/","url_meta":{"origin":69,"position":3},"title":"La Cgt anunci\u00f3 un paro nacional docente para ma\u00f1ana y el 5 de marzo","author":"Alejandro Sosa Ruda","date":"23 febrero, 2025","format":false,"excerpt":"Por otro lado, el Gobierno convoc\u00f3 a una reuni\u00f3n de la Mesa del Salario M\u00ednimo Docente Garantizado. 23 de febrero de 2025 BUENOS AIRES-\u00a0 Los sindicatos docentes alineados con la Confederaci\u00f3n General del Trabajo (CGT) anunciaron que no comenzar\u00e1n el ciclo lectivo y confirmaron dos paros nacionales: el primero para\u2026","rel":"","context":"En \u00abGREMIALES\u00bb","block_context":{"text":"GREMIALES","link":"https:\/\/larevistadigital.com.ar\/blog\/category\/gremiales\/"},"img":{"alt_text":"","src":"https:\/\/i0.wp.com\/larevistadigital.com.ar\/blog\/wp-content\/uploads\/aula-vacia-grande.jpg?fit=1200%2C668&ssl=1&resize=350%2C200","width":350,"height":200,"srcset":"https:\/\/i0.wp.com\/larevistadigital.com.ar\/blog\/wp-content\/uploads\/aula-vacia-grande.jpg?fit=1200%2C668&ssl=1&resize=350%2C200 1x, https:\/\/i0.wp.com\/larevistadigital.com.ar\/blog\/wp-content\/uploads\/aula-vacia-grande.jpg?fit=1200%2C668&ssl=1&resize=525%2C300 1.5x, https:\/\/i0.wp.com\/larevistadigital.com.ar\/blog\/wp-content\/uploads\/aula-vacia-grande.jpg?fit=1200%2C668&ssl=1&resize=700%2C400 2x, https:\/\/i0.wp.com\/larevistadigital.com.ar\/blog\/wp-content\/uploads\/aula-vacia-grande.jpg?fit=1200%2C668&ssl=1&resize=1050%2C600 3x"},"classes":[]},{"id":35811,"url":"https:\/\/larevistadigital.com.ar\/blog\/reforma-laboral-el-gobierno-aceptaria-dar-de-baja-dos-puntos-objetados-por-la-cgt-para-lograr-la-sancion-de-la-ley-bases\/","url_meta":{"origin":69,"position":4},"title":"REFORMA LABORAL: EL GOBIERNO ACEPTAR\u00cdA DAR DE BAJA DOS PUNTOS OBJETADOS POR LA CGT PARA LOGRAR LA SANCI\u00d3N DE LA LEY BASES","author":"Alejandro Sosa Ruda","date":"10 abril, 2024","format":false,"excerpt":"10 de abril de 2024 BUENOS AIRES -\u00a0 El oficialismo apoyar\u00e1 un proyecto de reforma laboral de los diputados de la UCR, que contar\u00e1 con el aval del PRO y de Hacemos Coalici\u00f3n Federal, aunque resignar\u00edan algunos art\u00edculos incluidos en el DNU. Luego de que Milei gan\u00f3 el balotaje Francos\u2026","rel":"","context":"En \u00abINTERES GENERAL\u00bb","block_context":{"text":"INTERES GENERAL","link":"https:\/\/larevistadigital.com.ar\/blog\/category\/interes-general\/"},"img":{"alt_text":"","src":"https:\/\/i0.wp.com\/larevistadigital.com.ar\/blog\/wp-content\/uploads\/javier-milei-1693314.jpg?fit=1200%2C675&ssl=1&resize=350%2C200","width":350,"height":200,"srcset":"https:\/\/i0.wp.com\/larevistadigital.com.ar\/blog\/wp-content\/uploads\/javier-milei-1693314.jpg?fit=1200%2C675&ssl=1&resize=350%2C200 1x, https:\/\/i0.wp.com\/larevistadigital.com.ar\/blog\/wp-content\/uploads\/javier-milei-1693314.jpg?fit=1200%2C675&ssl=1&resize=525%2C300 1.5x, https:\/\/i0.wp.com\/larevistadigital.com.ar\/blog\/wp-content\/uploads\/javier-milei-1693314.jpg?fit=1200%2C675&ssl=1&resize=700%2C400 2x, https:\/\/i0.wp.com\/larevistadigital.com.ar\/blog\/wp-content\/uploads\/javier-milei-1693314.jpg?fit=1200%2C675&ssl=1&resize=1050%2C600 3x"},"classes":[]},{"id":33424,"url":"https:\/\/larevistadigital.com.ar\/blog\/massa-anuncio-que-el-piso-de-ganancias-sube-a-1-770-000-a-partir-del-1-de-octubre\/","url_meta":{"origin":69,"position":5},"title":"MASSA ANUNCI\u00d3 QUE EL PISO DE GANANCIAS SUBE A $1.770.000.- A PARTIR DEL 1\u00b0 DE OCTUBRE","author":"Alejandro Sosa Ruda","date":"11 septiembre, 2023","format":false,"excerpt":"El ministro de Econom\u00eda anunci\u00f3 el env\u00edo al Congreso Nacional de un proyecto de ley que \"elimina la cuarta categor\u00eda para todos los trabajadores y jubilados de la Argentina\". El piso del gravamen se actualizar\u00e1 de manera semestral. \"Mi presidencia va a estar marcada por la recuperaci\u00f3n del salario\", asegur\u00f3.\u2026","rel":"","context":"En \u00abECONOMIA\u00bb","block_context":{"text":"ECONOMIA","link":"https:\/\/larevistadigital.com.ar\/blog\/category\/economia\/"},"img":{"alt_text":"","src":"https:\/\/i0.wp.com\/larevistadigital.com.ar\/blog\/wp-content\/uploads\/64ff8b31c7308_1200.jpg?fit=1200%2C675&ssl=1&resize=350%2C200","width":350,"height":200,"srcset":"https:\/\/i0.wp.com\/larevistadigital.com.ar\/blog\/wp-content\/uploads\/64ff8b31c7308_1200.jpg?fit=1200%2C675&ssl=1&resize=350%2C200 1x, https:\/\/i0.wp.com\/larevistadigital.com.ar\/blog\/wp-content\/uploads\/64ff8b31c7308_1200.jpg?fit=1200%2C675&ssl=1&resize=525%2C300 1.5x, https:\/\/i0.wp.com\/larevistadigital.com.ar\/blog\/wp-content\/uploads\/64ff8b31c7308_1200.jpg?fit=1200%2C675&ssl=1&resize=700%2C400 2x, https:\/\/i0.wp.com\/larevistadigital.com.ar\/blog\/wp-content\/uploads\/64ff8b31c7308_1200.jpg?fit=1200%2C675&ssl=1&resize=1050%2C600 3x"},"classes":[]}],"_links":{"self":[{"href":"https:\/\/larevistadigital.com.ar\/blog\/wp-json\/wp\/v2\/posts\/69","targetHints":{"allow":["GET"]}}],"collection":[{"href":"https:\/\/larevistadigital.com.ar\/blog\/wp-json\/wp\/v2\/posts"}],"about":[{"href":"https:\/\/larevistadigital.com.ar\/blog\/wp-json\/wp\/v2\/types\/post"}],"author":[{"embeddable":true,"href":"https:\/\/larevistadigital.com.ar\/blog\/wp-json\/wp\/v2\/users\/2"}],"replies":[{"embeddable":true,"href":"https:\/\/larevistadigital.com.ar\/blog\/wp-json\/wp\/v2\/comments?post=69"}],"version-history":[{"count":2,"href":"https:\/\/larevistadigital.com.ar\/blog\/wp-json\/wp\/v2\/posts\/69\/revisions"}],"predecessor-version":[{"id":74,"href":"https:\/\/larevistadigital.com.ar\/blog\/wp-json\/wp\/v2\/posts\/69\/revisions\/74"}],"wp:featuredmedia":[{"embeddable":true,"href":"https:\/\/larevistadigital.com.ar\/blog\/wp-json\/wp\/v2\/media\/70"}],"wp:attachment":[{"href":"https:\/\/larevistadigital.com.ar\/blog\/wp-json\/wp\/v2\/media?parent=69"}],"wp:term":[{"taxonomy":"category","embeddable":true,"href":"https:\/\/larevistadigital.com.ar\/blog\/wp-json\/wp\/v2\/categories?post=69"},{"taxonomy":"post_tag","embeddable":true,"href":"https:\/\/larevistadigital.com.ar\/blog\/wp-json\/wp\/v2\/tags?post=69"}],"curies":[{"name":"wp","href":"https:\/\/api.w.org\/{rel}","templated":true}]}}