{"id":7610,"date":"2019-01-05T14:24:36","date_gmt":"2019-01-05T14:24:36","guid":{"rendered":"https:\/\/larevistadigital.com.ar\/blog\/?p=7610"},"modified":"2019-01-05T14:24:36","modified_gmt":"2019-01-05T14:24:36","slug":"chascomus-desde-el-lunes-comienza-a-funcionar-la-pista-de-conduccion-segura","status":"publish","type":"post","link":"https:\/\/larevistadigital.com.ar\/blog\/chascomus-desde-el-lunes-comienza-a-funcionar-la-pista-de-conduccion-segura\/","title":{"rendered":"CHASCOM\u00daS: DESDE EL LUNES COMIENZA A FUNCIONAR LA PISTA DE \u00abCONDUCCI\u00d3N SEGURA\u00bb"},"content":{"rendered":"<p class=\"notaIntro\">Inform\u00f3 el portal Municipal Chascom\u00fas.gob.ar que a trav\u00e9s del Plan Maestro de Seguridad Vial impulsado por el gobierno municipal, se promueve de manera permanente el cumplimiento de las normativas vigentes y la buena convivencia en la v\u00eda p\u00fablica mediante distintas acciones. Entre ellas, desde este lunes 7 de enero se pondr\u00e1 en marcha la nueva metodolog\u00eda para obtener la licencia de conducir que permitir\u00e1 fomentar un tr\u00e1nsito m\u00e1s seguro en la ciudad.<\/p>\n<p class=\"notaTexto\">Para solicitar dicha licencia se deber\u00e1 aprobar un ex\u00e1men te\u00f3rico sobre conocimientos indispensables para una conducci\u00f3n segura y responsable, una charla de concientizaci\u00f3n a cargo de personal del \u00e1rea de Educaci\u00f3n Vial, y una evaluaci\u00f3n pr\u00e1ctica que se desarrollar\u00e1 en el Vel\u00f3dromo Juan Carlos Haedo. Luego de aprobar las tres etapas se obtendr\u00e1 la licencia Nacional de Conducir en 48hs.<\/p>\n<p>De esta manera, se busca mayor conocimiento de los conductores sobre el marco normativo, seguridad al momento de la realizaci\u00f3n de las pruebas de manejo y una conducci\u00f3n responsable para prevenir siniestros en la v\u00eda p\u00fablica.<\/p>\n<p><strong>El ex\u00e1men te\u00f3rico se podr\u00e1 rendir todos los lunes de 12:30 a 14hs en el Centro Cultural Municipal Vieja Estaci\u00f3n. El material de estudio se puede descargar del siguiente link: http:\/\/chascomus.gob.ar\/landings\/educacionvial\/<\/strong><\/p>\n<p>La charla de concientizaci\u00f3n se llevar\u00e1 a cabo los mi\u00e9rcoles de 18 a 20hs en en Centro Cultural Municipal Vieja Estaci\u00f3n; mientras que el ex\u00e1men pr\u00e1ctico se realizar\u00e1 en el Vel\u00f3dromo Juan Carlos Haedo, los d\u00edas lunes, mi\u00e9rcoles y viernes de 12 a 14hs a cargo de examinadores de la direcci\u00f3n de Seguridad Urbana.<br \/>\nPara cualquier consulta, aquellos interesados podr\u00e1n acercarse a la direcci\u00f3n de Licencias de Conducir en calle Dorrego N\u00ba 229.<\/p>\n","protected":false},"excerpt":{"rendered":"<div class=\"mh-excerpt\"><p>Inform\u00f3 el portal Municipal Chascom\u00fas.gob.ar que a trav\u00e9s del Plan Maestro de Seguridad Vial impulsado por el gobierno municipal, se promueve de manera permanente el cumplimiento de las normativas vigentes y la buena convivencia en <a class=\"mh-excerpt-more\" href=\"https:\/\/larevistadigital.com.ar\/blog\/chascomus-desde-el-lunes-comienza-a-funcionar-la-pista-de-conduccion-segura\/\" title=\"CHASCOM\u00daS: DESDE EL LUNES COMIENZA A FUNCIONAR LA PISTA DE \u00abCONDUCCI\u00d3N SEGURA\u00bb\">[Leer M\u00e1s]<\/a><\/p>\n<\/div>","protected":false},"author":3,"featured_media":7611,"comment_status":"open","ping_status":"open","sticky":false,"template":"","format":"standard","meta":{"_jetpack_memberships_contains_paid_content":false,"footnotes":"","jetpack_publicize_message":"","jetpack_publicize_feature_enabled":true,"jetpack_social_post_already_shared":true,"jetpack_social_options":{"image_generator_settings":{"template":"highway","default_image_id":0,"font":"","enabled":false},"version":2}},"categories":[6],"tags":[],"class_list":{"0":"post-7610","1":"post","2":"type-post","3":"status-publish","4":"format-standard","5":"has-post-thumbnail","7":"category-chascomus"},"jetpack_publicize_connections":[],"jetpack_featured_media_url":"https:\/\/i0.wp.com\/larevistadigital.com.ar\/blog\/wp-content\/uploads\/2019\/01\/2019_01_04_16_17_38_1931458.jpg?fit=600%2C338&ssl=1","jetpack_sharing_enabled":true,"jetpack_shortlink":"https:\/\/wp.me\/p8qtrQ-1YK","jetpack-related-posts":[{"id":44959,"url":"https:\/\/larevistadigital.com.ar\/blog\/chascomus-comenzaron-las-capacitaciones-en-seguridad-vial-en-las-escuelas\/","url_meta":{"origin":7610,"position":0},"title":"Chascom\u00fas: Comenzaron las capacitaciones en seguridad vial en las escuelas","author":"Alejandro Sosa Ruda","date":"6 abril, 2026","format":false,"excerpt":"En el primer mes del desarrollo de esta iniciativa, las jornadas se concentraron en la Escuela Normal, haciendo especial hincapi\u00e9 en el valor de cuidar la vida. 06 de abril de 2026 CHASCOM\u00daS-\u00a0 \u00a0La Municipalidad de Chascom\u00fas informa que comenz\u00f3 a implementarse el proyecto de seguridad vial en las escuelas,\u2026","rel":"","context":"En \u00abCHASCOM\u00daS\u00bb","block_context":{"text":"CHASCOM\u00daS","link":"https:\/\/larevistadigital.com.ar\/blog\/category\/chascomus\/"},"img":{"alt_text":"","src":"https:\/\/i0.wp.com\/larevistadigital.com.ar\/blog\/wp-content\/uploads\/69d3ebd4eb32d.png?fit=668%2C445&ssl=1&resize=350%2C200","width":350,"height":200,"srcset":"https:\/\/i0.wp.com\/larevistadigital.com.ar\/blog\/wp-content\/uploads\/69d3ebd4eb32d.png?fit=668%2C445&ssl=1&resize=350%2C200 1x, https:\/\/i0.wp.com\/larevistadigital.com.ar\/blog\/wp-content\/uploads\/69d3ebd4eb32d.png?fit=668%2C445&ssl=1&resize=525%2C300 1.5x"},"classes":[]},{"id":10130,"url":"https:\/\/larevistadigital.com.ar\/blog\/chascomus-la-semana-proxima-se-presentara-el-observatorio-vial\/","url_meta":{"origin":7610,"position":1},"title":"CHASCOM\u00daS: LA SEMANA PR\u00d3XIMA SE PRESENTAR\u00c1 EL OBSERVATORIO VIAL","author":"Alejandro Sosa Ruda","date":"11 mayo, 2019","format":false,"excerpt":"A trav\u00e9s de esta herramienta se recopilar\u00e1, estudiar\u00e1 y generar\u00e1 informaci\u00f3n confiable y oportuna para contribuir en la toma de decisiones para mejorar la seguridad vial. Esta estructura de investigaci\u00f3n est\u00e1 inserta en el Plan Integral de Seguridad Vial impulsado desde el municipio. El pr\u00f3ximo jueves 16 a las 10\u2026","rel":"","context":"En \u00abDESTACADAS\u00bb","block_context":{"text":"DESTACADAS","link":"https:\/\/larevistadigital.com.ar\/blog\/category\/destacadas\/"},"img":{"alt_text":"","src":"https:\/\/i0.wp.com\/larevistadigital.com.ar\/blog\/wp-content\/uploads\/2019\/05\/Screenshot_1-9.jpg?fit=729%2C410&ssl=1&resize=350%2C200","width":350,"height":200,"srcset":"https:\/\/i0.wp.com\/larevistadigital.com.ar\/blog\/wp-content\/uploads\/2019\/05\/Screenshot_1-9.jpg?fit=729%2C410&ssl=1&resize=350%2C200 1x, https:\/\/i0.wp.com\/larevistadigital.com.ar\/blog\/wp-content\/uploads\/2019\/05\/Screenshot_1-9.jpg?fit=729%2C410&ssl=1&resize=525%2C300 1.5x, https:\/\/i0.wp.com\/larevistadigital.com.ar\/blog\/wp-content\/uploads\/2019\/05\/Screenshot_1-9.jpg?fit=729%2C410&ssl=1&resize=700%2C400 2x"},"classes":[]},{"id":36439,"url":"https:\/\/larevistadigital.com.ar\/blog\/estudiantes-secundarios-podran-realizar-capacitaciones-virtuales-para-tramitar-la-licencia-de-conducir\/","url_meta":{"origin":7610,"position":2},"title":"ESTUDIANTES SECUNDARIOS PODR\u00c1N REALIZAR CAPACITACIONES VIRTUALES PARA TRAMITAR LA LICENCIA DE CONDUCIR","author":"Alejandro Sosa Ruda","date":"26 junio, 2024","format":false,"excerpt":"A trav\u00e9s de la plataforma formativa \u201cLicencia Joven\u201d, las y los alumnos de 5\u00ba y 6\u00ba a\u00f1o podr\u00e1n tramitar su primer carnet de conducci\u00f3n con el examen te\u00f3rico aprobado. 26 de Junio de 2024 CHASCOM\u00daS -\u00a0 Estudiantes de 5\u00ba y 6\u00b0 a\u00f1o de escuelas secundarias, t\u00e9cnicas, agrarias y especializadas en\u2026","rel":"","context":"En \u00abINTERES GENERAL\u00bb","block_context":{"text":"INTERES GENERAL","link":"https:\/\/larevistadigital.com.ar\/blog\/category\/interes-general\/"},"img":{"alt_text":"","src":"https:\/\/i0.wp.com\/larevistadigital.com.ar\/blog\/wp-content\/uploads\/2024_06_26_01_13_26_9773378.jpg?fit=600%2C401&ssl=1&resize=350%2C200","width":350,"height":200,"srcset":"https:\/\/i0.wp.com\/larevistadigital.com.ar\/blog\/wp-content\/uploads\/2024_06_26_01_13_26_9773378.jpg?fit=600%2C401&ssl=1&resize=350%2C200 1x, https:\/\/i0.wp.com\/larevistadigital.com.ar\/blog\/wp-content\/uploads\/2024_06_26_01_13_26_9773378.jpg?fit=600%2C401&ssl=1&resize=525%2C300 1.5x"},"classes":[]},{"id":10506,"url":"https:\/\/larevistadigital.com.ar\/blog\/chascomus-acciones-para-concientizar-sobre-educacion-vial\/","url_meta":{"origin":7610,"position":3},"title":"CHASCOM\u00daS: ACCIONES PARA CONCIENTIZAR SOBRE EDUCACI\u00d3N VIAL","author":"Alejandro Sosa Ruda","date":"9 junio, 2019","format":false,"excerpt":"Este lunes con motivo de celebrar el D\u00eda de la Educaci\u00f3n Vial, desde las 13hs. en la Plaza Independencia, se armar\u00e1 un circuito vial del que participar\u00e1n alumnos de la escuela Municipal N\u00ba1, de primero y segundo grado, con un autito de cart\u00f3n que armaron junto a sus familias. En\u2026","rel":"","context":"En \u00abPOLITICA\u00bb","block_context":{"text":"POLITICA","link":"https:\/\/larevistadigital.com.ar\/blog\/category\/politica\/"},"img":{"alt_text":"","src":"https:\/\/i0.wp.com\/larevistadigital.com.ar\/blog\/wp-content\/uploads\/62124237_2475934969094040_209977283199369216_n.jpg?fit=576%2C960&ssl=1&resize=350%2C200","width":350,"height":200,"srcset":"https:\/\/i0.wp.com\/larevistadigital.com.ar\/blog\/wp-content\/uploads\/62124237_2475934969094040_209977283199369216_n.jpg?fit=576%2C960&ssl=1&resize=350%2C200 1x, https:\/\/i0.wp.com\/larevistadigital.com.ar\/blog\/wp-content\/uploads\/62124237_2475934969094040_209977283199369216_n.jpg?fit=576%2C960&ssl=1&resize=525%2C300 1.5x"},"classes":[]},{"id":5115,"url":"https:\/\/larevistadigital.com.ar\/blog\/habra-clases-educacion-vial-desde-12-marzo-chascomus\/","url_meta":{"origin":7610,"position":4},"title":"Habr\u00e1 clases de Educaci\u00f3n Vial desde el 12 de marzo en Chascom\u00fas","author":"admin","date":"1 marzo, 2018","format":false,"excerpt":"Desde la Secretar\u00eda de Seguridad Ciudadana del Municipio se inform\u00f3 que \u201cse est\u00e1 trabajando con las escuelas del distrito para que a partir del 12 de marzo se comiencen con las clases de educaci\u00f3n vial\u201d. Se agreg\u00f3 en un parte de prensa que \u201cse han realizado los primeros encuentros con\u2026","rel":"","context":"En \u00abCHASCOM\u00daS\u00bb","block_context":{"text":"CHASCOM\u00daS","link":"https:\/\/larevistadigital.com.ar\/blog\/category\/chascomus\/"},"img":{"alt_text":"","src":"https:\/\/i0.wp.com\/larevistadigital.com.ar\/blog\/wp-content\/uploads\/2018\/03\/educacin-vialpptx-1-638.jpg?fit=638%2C479&ssl=1&resize=350%2C200","width":350,"height":200,"srcset":"https:\/\/i0.wp.com\/larevistadigital.com.ar\/blog\/wp-content\/uploads\/2018\/03\/educacin-vialpptx-1-638.jpg?fit=638%2C479&ssl=1&resize=350%2C200 1x, https:\/\/i0.wp.com\/larevistadigital.com.ar\/blog\/wp-content\/uploads\/2018\/03\/educacin-vialpptx-1-638.jpg?fit=638%2C479&ssl=1&resize=525%2C300 1.5x"},"classes":[]},{"id":1367,"url":"https:\/\/larevistadigital.com.ar\/blog\/se-entregaron-cerficados-de-asistencia-a-los-cursos-de-conduccion-segura\/","url_meta":{"origin":7610,"position":5},"title":"Se entregaron cerficados de asistencia a los cursos de Conducci\u00f3n Segura","author":"editor","date":"16 marzo, 2017","format":false,"excerpt":"En horas de esta ma\u00f1ana, el Intendente Municipal de Pila, Gustavo\u00a0Alfredo Walker, junto a la Juez de Faltas Municipal Dra. Marina Viscomi y la Directora de Tr\u00e1nsito de la Municipalidad de Pila Vanesa Tebes, hicieron entrega de Certificados de asistencia a los Cursos de Conducci\u00f3n Segura y de Agentes de\u2026","rel":"","context":"En \u00abPILA\u00bb","block_context":{"text":"PILA","link":"https:\/\/larevistadigital.com.ar\/blog\/category\/pila\/"},"img":{"alt_text":"","src":"https:\/\/i0.wp.com\/larevistadigital.com.ar\/blog\/wp-content\/uploads\/2017\/03\/WALKER-3.jpg?fit=818%2C459&ssl=1&resize=350%2C200","width":350,"height":200,"srcset":"https:\/\/i0.wp.com\/larevistadigital.com.ar\/blog\/wp-content\/uploads\/2017\/03\/WALKER-3.jpg?fit=818%2C459&ssl=1&resize=350%2C200 1x, https:\/\/i0.wp.com\/larevistadigital.com.ar\/blog\/wp-content\/uploads\/2017\/03\/WALKER-3.jpg?fit=818%2C459&ssl=1&resize=525%2C300 1.5x, https:\/\/i0.wp.com\/larevistadigital.com.ar\/blog\/wp-content\/uploads\/2017\/03\/WALKER-3.jpg?fit=818%2C459&ssl=1&resize=700%2C400 2x"},"classes":[]}],"_links":{"self":[{"href":"https:\/\/larevistadigital.com.ar\/blog\/wp-json\/wp\/v2\/posts\/7610","targetHints":{"allow":["GET"]}}],"collection":[{"href":"https:\/\/larevistadigital.com.ar\/blog\/wp-json\/wp\/v2\/posts"}],"about":[{"href":"https:\/\/larevistadigital.com.ar\/blog\/wp-json\/wp\/v2\/types\/post"}],"author":[{"embeddable":true,"href":"https:\/\/larevistadigital.com.ar\/blog\/wp-json\/wp\/v2\/users\/3"}],"replies":[{"embeddable":true,"href":"https:\/\/larevistadigital.com.ar\/blog\/wp-json\/wp\/v2\/comments?post=7610"}],"version-history":[{"count":1,"href":"https:\/\/larevistadigital.com.ar\/blog\/wp-json\/wp\/v2\/posts\/7610\/revisions"}],"predecessor-version":[{"id":7612,"href":"https:\/\/larevistadigital.com.ar\/blog\/wp-json\/wp\/v2\/posts\/7610\/revisions\/7612"}],"wp:featuredmedia":[{"embeddable":true,"href":"https:\/\/larevistadigital.com.ar\/blog\/wp-json\/wp\/v2\/media\/7611"}],"wp:attachment":[{"href":"https:\/\/larevistadigital.com.ar\/blog\/wp-json\/wp\/v2\/media?parent=7610"}],"wp:term":[{"taxonomy":"category","embeddable":true,"href":"https:\/\/larevistadigital.com.ar\/blog\/wp-json\/wp\/v2\/categories?post=7610"},{"taxonomy":"post_tag","embeddable":true,"href":"https:\/\/larevistadigital.com.ar\/blog\/wp-json\/wp\/v2\/tags?post=7610"}],"curies":[{"name":"wp","href":"https:\/\/api.w.org\/{rel}","templated":true}]}}