{"id":780,"date":"2017-03-08T03:10:30","date_gmt":"2017-03-08T03:10:30","guid":{"rendered":"https:\/\/larevistadigital.com.ar\/blog\/?p=780"},"modified":"2017-03-08T03:10:30","modified_gmt":"2017-03-08T03:10:30","slug":"inicio-la-liga-se-postergo-una-semana","status":"publish","type":"post","link":"https:\/\/larevistadigital.com.ar\/blog\/inicio-la-liga-se-postergo-una-semana\/","title":{"rendered":"EL INICIO DE LA LIGA SE POSTERGO UNA SEMANA"},"content":{"rendered":"<p>Qued\u00f3 postergado el arranque del f\u00fatbol de la Liga para el fin de semana del s\u00e1bado 18 y domingo 19 de marzo.\u00a0 Esto se resolvi\u00f3 en la reuni\u00f3n que se realiz\u00f3 en el Buffet del Club Deportivo Chascom\u00fas, este lunes por la noche.<\/p>\n<p>Apenas unos minutos despu\u00e9s de las 23 horas, cuando el Presidente pidi\u00f3 atenci\u00f3n para que los delegados de 24 de los 25 equipos de la L.Ch.F. all\u00ed presentes permitieran llevar adelante la reuni\u00f3n, donde adem\u00e1s tambi\u00e9n se estaba cerrando el Libro de Pases.<\/p>\n<p>All\u00ed Guillermo Rold\u00e1n, del Club Atl\u00e9tico y Progreso de Brandsen pidi\u00f3 la palabra e hizo saber de su intenci\u00f3n de que se considerara la posibilidad de arrancar una semana m\u00e1s tarde, teniendo en cuenta que su club, as\u00ed como El Salado, Racing de Bavio y La Uve estaban jugando la \u00faltima fecha de la etapa clasificatoria del Federal \u201cC\u201d.\u00a0 \u201cLa verdad que este domingo, tanto nosotros (Progreso) como El Salado, buscamos meter un equipo de la Liga en otra fase \u2013objetivo que ya alcanz\u00f3 Racing de Bavio- y para lo cual no tiene chance Uni\u00f3n Vecinal.<\/p>\n<p>Inmediatamente despu\u00e9s del argumento del dirigente brandse\u00f1o, se le acopl\u00f3 el de Empalme San Vicente: \u201cla verdad que soy nuevo en todo esto, es como si me hubieran tirado el club por la cabeza y una semana m\u00e1s, me vendr\u00eda al pelo para terminar de acomodarme\u201d, dijo el directivo \u201cTricolor\u201d.\u00a0 Al que se le sum\u00f3 el m\u00e1s nuevo de todos, el de Juventud de Pipinas, quien dijo que si bien estaba casi en las condiciones necesarias la cancha, una semana le ven\u00eda muy bien para ultimar detalles.<\/p>\n<p>All\u00ed el Presidente del club anfitri\u00f3n dijo que no se pod\u00eda modificar la fecha del Libro de Pases, que cerraba esa misma noche.\u00a0 Aqu\u00ed algunos protestaron, entendiendo que el Reglamento habla del viernes anterior al inicio del campeonato, esgrimi\u00f3 en este caso el directivo de Glew con eco en varios presentes.\u00a0 Pero al ver, el mismo dirigente que todo se tornaba muy discutido, decidi\u00f3 sacar su petici\u00f3n del corrimiento del Libro de Pases y solo dej\u00f3 lo pedido para que fuera a votaci\u00f3n de la gente de Progreso, osea la postergaci\u00f3n del inicio.<\/p>\n<p>La votaci\u00f3n fue clara y contundente.\u00a0 Termin\u00f3 21 a 3 a favor de la espera de esa semana.\u00a0 Que muy bien le viene a la mayor\u00eda, teniendo m\u00e1s tiempo de pr\u00e1ctica y fundamentalmente para los pases que estaban en \u201ctr\u00e1mite\u201d y que no hubieran llegado a tiempo.<\/p>\n<p>Qued\u00f3 as\u00ed, el fin de semana ser\u00e1 nom\u00e1s para ver si El Salado le gana a A.D.I.P.\u00a0\u00a0\u00a0\u00a0\u00a0\u00a0\u00a0\u00a0\u00a0\u00a0\u00a0 (invicto con 4 triunfos -3 en su casa- y un empate) y de lograrlo, si Progreso logra empatar o vencer a Dep. Coreano.\u00a0 Si Coreano gana de local, habr\u00e1 alcanzado la segunda colocaci\u00f3n, aunque ADES gane en \u201cLa Estancia\u201d.<\/p>\n<p>Racing por su parte, tiene la meta de ganarle a C.R.I.B.A. y quedarse con el 1\u00ba lugar en la zona 10.<\/p>\n","protected":false},"excerpt":{"rendered":"<div class=\"mh-excerpt\"><p>Qued\u00f3 postergado el arranque del f\u00fatbol de la Liga para el fin de semana del s\u00e1bado 18 y domingo 19 de marzo.\u00a0 Esto se resolvi\u00f3 en la reuni\u00f3n que se realiz\u00f3 en el Buffet del <a class=\"mh-excerpt-more\" href=\"https:\/\/larevistadigital.com.ar\/blog\/inicio-la-liga-se-postergo-una-semana\/\" title=\"EL INICIO DE LA LIGA SE POSTERGO UNA SEMANA\">[Leer M\u00e1s]<\/a><\/p>\n<\/div>","protected":false},"author":2,"featured_media":781,"comment_status":"open","ping_status":"open","sticky":false,"template":"","format":"standard","meta":{"_jetpack_memberships_contains_paid_content":false,"footnotes":"","jetpack_publicize_message":"","jetpack_publicize_feature_enabled":true,"jetpack_social_post_already_shared":true,"jetpack_social_options":{"image_generator_settings":{"template":"highway","default_image_id":0,"font":"","enabled":false},"version":2}},"categories":[6],"tags":[],"class_list":{"0":"post-780","1":"post","2":"type-post","3":"status-publish","4":"format-standard","5":"has-post-thumbnail","7":"category-chascomus"},"jetpack_publicize_connections":[],"jetpack_featured_media_url":"https:\/\/i0.wp.com\/larevistadigital.com.ar\/blog\/wp-content\/uploads\/2017\/03\/IMG_20170306_221929450.jpg?fit=2592%2C1456&ssl=1","jetpack_sharing_enabled":true,"jetpack_shortlink":"https:\/\/wp.me\/p8qtrQ-cA","jetpack-related-posts":[{"id":6531,"url":"https:\/\/larevistadigital.com.ar\/blog\/chascomus-informo-el-municipio-que-se-suspende-la-kermese-de-primavera-prevista-para-este-sabado-y-domingo\/","url_meta":{"origin":780,"position":0},"title":"CHASCOM\u00daS: INFORM\u00d3 EL MUNICIPIO QUE SE SUSPENDE LA \u00abKERMESE DE PRIMAVERA\u00bb PREVISTA PARA ESTE S\u00c1BADO Y DOMINGO","author":"Alejandro Sosa Ruda","date":"20 septiembre, 2018","format":false,"excerpt":"El municipio emiti\u00f3 un comunicado en su p\u00e1gina de facebook, en el que da aviso que queda suspendida la llamada \"kermese de Primavera\",\u00a0 prevista para el pr\u00f3ximo fin de semana. AQU\u00cd EL COMUNICADO Debido al pron\u00f3stico de condiciones clim\u00e1ticas adversas para el fin de semana, desde la Secretar\u00eda de Planificaci\u00f3n\u2026","rel":"","context":"En \u00abCHASCOM\u00daS\u00bb","block_context":{"text":"CHASCOM\u00daS","link":"https:\/\/larevistadigital.com.ar\/blog\/category\/chascomus\/"},"img":{"alt_text":"","src":"https:\/\/i0.wp.com\/larevistadigital.com.ar\/blog\/wp-content\/uploads\/2018\/09\/42205986_2070738652947009_424396795238416384_n.jpg?fit=600%2C450&ssl=1&resize=350%2C200","width":350,"height":200,"srcset":"https:\/\/i0.wp.com\/larevistadigital.com.ar\/blog\/wp-content\/uploads\/2018\/09\/42205986_2070738652947009_424396795238416384_n.jpg?fit=600%2C450&ssl=1&resize=350%2C200 1x, https:\/\/i0.wp.com\/larevistadigital.com.ar\/blog\/wp-content\/uploads\/2018\/09\/42205986_2070738652947009_424396795238416384_n.jpg?fit=600%2C450&ssl=1&resize=525%2C300 1.5x"},"classes":[]},{"id":1434,"url":"https:\/\/larevistadigital.com.ar\/blog\/coreano-jugara-con-racing-de-bavio-chascomus\/","url_meta":{"origin":780,"position":1},"title":"Coreano jugar\u00e1 con Racing de Bavio, Chascom\u00fas","author":"editor","date":"19 marzo, 2017","format":false,"excerpt":"El primer partido se jugar\u00e1 el s\u00e1bado 25 o domingo 26 en el estadio de la Ruta Nacional 205. Se confirmaron los play off de la segunda instancia del torneo Federal C para la Regi\u00f3n Pampeana Norte en la que logr\u00f3 clasificar el Deportivo Coreano representando a la Liga Lobense\u2026","rel":"","context":"En \u00abDEPORTES\u00bb","block_context":{"text":"DEPORTES","link":"https:\/\/larevistadigital.com.ar\/blog\/category\/deportes\/"},"img":{"alt_text":"","src":"https:\/\/i0.wp.com\/larevistadigital.com.ar\/blog\/wp-content\/uploads\/2017\/03\/Coreano-brandsen.jpg?fit=448%2C285&ssl=1&resize=350%2C200","width":350,"height":200},"classes":[]},{"id":42731,"url":"https:\/\/larevistadigital.com.ar\/blog\/el-domingo-se-corre-el-acuatlon-de-chascomus\/","url_meta":{"origin":780,"position":2},"title":"El domingo se corre el Acuatl\u00f3n de Chascom\u00fas","author":"Alejandro Sosa Ruda","date":"3 diciembre, 2025","format":false,"excerpt":"Tras la postergaci\u00f3n por cuestiones climatol\u00f3gicas finalmente se correr\u00e1 a cupo completo El pr\u00f3ximo domingo a partir de las 8 hs se correr\u00e1 el acuatl\u00f3n que organiza la Municipalidad de Chascom\u00fas y que es parte del calendario anual de running. La cita es en el Club de Regatas Chascom\u00fas, desde\u2026","rel":"","context":"En \u00abCHASCOM\u00daS\u00bb","block_context":{"text":"CHASCOM\u00daS","link":"https:\/\/larevistadigital.com.ar\/blog\/category\/chascomus\/"},"img":{"alt_text":"","src":"https:\/\/i0.wp.com\/larevistadigital.com.ar\/blog\/wp-content\/uploads\/69306115ae92e.png?fit=668%2C445&ssl=1&resize=350%2C200","width":350,"height":200,"srcset":"https:\/\/i0.wp.com\/larevistadigital.com.ar\/blog\/wp-content\/uploads\/69306115ae92e.png?fit=668%2C445&ssl=1&resize=350%2C200 1x, https:\/\/i0.wp.com\/larevistadigital.com.ar\/blog\/wp-content\/uploads\/69306115ae92e.png?fit=668%2C445&ssl=1&resize=525%2C300 1.5x"},"classes":[]},{"id":4227,"url":"https:\/\/larevistadigital.com.ar\/blog\/chascomus-municipio-reprograma-la-apertura-temporada-2018\/","url_meta":{"origin":780,"position":3},"title":"CHASCOM\u00daS:  EL MUNICIPIO REPROGRAMA LA APERTURA DE TEMPORADA 2018","author":"Alejandro Sosa Ruda","date":"14 diciembre, 2017","format":false,"excerpt":"La municipalidad de Chascom\u00fas, hizo saber a trav\u00e9s de su cuenta oficial de Facebook, y el chat de whats app de Prensa que en raz\u00f3n de los pron\u00f3sticos clim\u00e1ticos desfavorables se ha decidido posponer y reprogramar la apretura de temporada 2018. A continuaci\u00f3n reproducimos el aviso: SE REPROGRAMA LA APERTURA\u2026","rel":"","context":"En \u00abCHASCOM\u00daS\u00bb","block_context":{"text":"CHASCOM\u00daS","link":"https:\/\/larevistadigital.com.ar\/blog\/category\/chascomus\/"},"img":{"alt_text":"","src":"https:\/\/i0.wp.com\/larevistadigital.com.ar\/blog\/wp-content\/uploads\/2017\/12\/25358624_1715891208431757_7076350277616290480_o.jpg?fit=1146%2C600&ssl=1&resize=350%2C200","width":350,"height":200,"srcset":"https:\/\/i0.wp.com\/larevistadigital.com.ar\/blog\/wp-content\/uploads\/2017\/12\/25358624_1715891208431757_7076350277616290480_o.jpg?fit=1146%2C600&ssl=1&resize=350%2C200 1x, https:\/\/i0.wp.com\/larevistadigital.com.ar\/blog\/wp-content\/uploads\/2017\/12\/25358624_1715891208431757_7076350277616290480_o.jpg?fit=1146%2C600&ssl=1&resize=525%2C300 1.5x, https:\/\/i0.wp.com\/larevistadigital.com.ar\/blog\/wp-content\/uploads\/2017\/12\/25358624_1715891208431757_7076350277616290480_o.jpg?fit=1146%2C600&ssl=1&resize=700%2C400 2x, https:\/\/i0.wp.com\/larevistadigital.com.ar\/blog\/wp-content\/uploads\/2017\/12\/25358624_1715891208431757_7076350277616290480_o.jpg?fit=1146%2C600&ssl=1&resize=1050%2C600 3x"},"classes":[]},{"id":42562,"url":"https:\/\/larevistadigital.com.ar\/blog\/una-decision-que-nadie-pidio-polemica-e-improvisacion-en-la-afa\/","url_meta":{"origin":780,"position":4},"title":"Una decisi\u00f3n que nadie pidi\u00f3: pol\u00e9mica e improvisaci\u00f3n en la AFA","author":"Alejandro Sosa Ruda","date":"20 noviembre, 2025","format":false,"excerpt":"La AFA volvi\u00f3 a sorprender \u2014para mal\u2014 con un trofeo improvisado, creado sobre la marcha y entregado sin reglas claras. Rosario Central, leg\u00edtimo l\u00edder del a\u00f1o, termina envuelto en un reconocimiento que no necesitaba para validar su campa\u00f1a. Otra muestra de un sistema acomodado, err\u00e1tico y cada vez m\u00e1s alejado\u2026","rel":"","context":"En \u00abDEPORTES\u00bb","block_context":{"text":"DEPORTES","link":"https:\/\/larevistadigital.com.ar\/blog\/category\/deportes\/"},"img":{"alt_text":"","src":"https:\/\/i0.wp.com\/larevistadigital.com.ar\/blog\/wp-content\/uploads\/Captura-de-pantalla-2025-11-20-233613.jpg?fit=918%2C460&ssl=1&resize=350%2C200","width":350,"height":200,"srcset":"https:\/\/i0.wp.com\/larevistadigital.com.ar\/blog\/wp-content\/uploads\/Captura-de-pantalla-2025-11-20-233613.jpg?fit=918%2C460&ssl=1&resize=350%2C200 1x, https:\/\/i0.wp.com\/larevistadigital.com.ar\/blog\/wp-content\/uploads\/Captura-de-pantalla-2025-11-20-233613.jpg?fit=918%2C460&ssl=1&resize=525%2C300 1.5x, https:\/\/i0.wp.com\/larevistadigital.com.ar\/blog\/wp-content\/uploads\/Captura-de-pantalla-2025-11-20-233613.jpg?fit=918%2C460&ssl=1&resize=700%2C400 2x"},"classes":[]},{"id":15807,"url":"https:\/\/larevistadigital.com.ar\/blog\/nuevo-caso-positivo-en-chascomus-es-una-persona-del-golf-country-club\/","url_meta":{"origin":780,"position":5},"title":"NUEVO CASO POSITIVO EN CHASCOM\u00daS: ES UNA PERSONA DEL GOLF COUNTRY CLUB","author":"Alejandro Sosa Ruda","date":"25 junio, 2020","format":false,"excerpt":"Durante la ma\u00f1ana de hoy, esta circulando la informaci\u00f3n que un nuevo caso de COVID 19 habr\u00eda dado positivo en la ciudad de Chascom\u00fas. En este caso se trata de una persona que reside en el Golf Country Club, y el mismo infectado, habr\u00eda comunicado por distintos grupos de whatsapp\u2026","rel":"","context":"En \u00abDESTACADAS\u00bb","block_context":{"text":"DESTACADAS","link":"https:\/\/larevistadigital.com.ar\/blog\/category\/destacadas\/"},"img":{"alt_text":"","src":"https:\/\/i0.wp.com\/larevistadigital.com.ar\/blog\/wp-content\/uploads\/PLANTILLA-CORONAVIRUS.jpg?fit=1200%2C600&ssl=1&resize=350%2C200","width":350,"height":200,"srcset":"https:\/\/i0.wp.com\/larevistadigital.com.ar\/blog\/wp-content\/uploads\/PLANTILLA-CORONAVIRUS.jpg?fit=1200%2C600&ssl=1&resize=350%2C200 1x, https:\/\/i0.wp.com\/larevistadigital.com.ar\/blog\/wp-content\/uploads\/PLANTILLA-CORONAVIRUS.jpg?fit=1200%2C600&ssl=1&resize=525%2C300 1.5x, https:\/\/i0.wp.com\/larevistadigital.com.ar\/blog\/wp-content\/uploads\/PLANTILLA-CORONAVIRUS.jpg?fit=1200%2C600&ssl=1&resize=700%2C400 2x, https:\/\/i0.wp.com\/larevistadigital.com.ar\/blog\/wp-content\/uploads\/PLANTILLA-CORONAVIRUS.jpg?fit=1200%2C600&ssl=1&resize=1050%2C600 3x"},"classes":[]}],"_links":{"self":[{"href":"https:\/\/larevistadigital.com.ar\/blog\/wp-json\/wp\/v2\/posts\/780","targetHints":{"allow":["GET"]}}],"collection":[{"href":"https:\/\/larevistadigital.com.ar\/blog\/wp-json\/wp\/v2\/posts"}],"about":[{"href":"https:\/\/larevistadigital.com.ar\/blog\/wp-json\/wp\/v2\/types\/post"}],"author":[{"embeddable":true,"href":"https:\/\/larevistadigital.com.ar\/blog\/wp-json\/wp\/v2\/users\/2"}],"replies":[{"embeddable":true,"href":"https:\/\/larevistadigital.com.ar\/blog\/wp-json\/wp\/v2\/comments?post=780"}],"version-history":[{"count":1,"href":"https:\/\/larevistadigital.com.ar\/blog\/wp-json\/wp\/v2\/posts\/780\/revisions"}],"predecessor-version":[{"id":782,"href":"https:\/\/larevistadigital.com.ar\/blog\/wp-json\/wp\/v2\/posts\/780\/revisions\/782"}],"wp:featuredmedia":[{"embeddable":true,"href":"https:\/\/larevistadigital.com.ar\/blog\/wp-json\/wp\/v2\/media\/781"}],"wp:attachment":[{"href":"https:\/\/larevistadigital.com.ar\/blog\/wp-json\/wp\/v2\/media?parent=780"}],"wp:term":[{"taxonomy":"category","embeddable":true,"href":"https:\/\/larevistadigital.com.ar\/blog\/wp-json\/wp\/v2\/categories?post=780"},{"taxonomy":"post_tag","embeddable":true,"href":"https:\/\/larevistadigital.com.ar\/blog\/wp-json\/wp\/v2\/tags?post=780"}],"curies":[{"name":"wp","href":"https:\/\/api.w.org\/{rel}","templated":true}]}}