{"id":7892,"date":"2019-01-23T02:55:41","date_gmt":"2019-01-23T02:55:41","guid":{"rendered":"https:\/\/larevistadigital.com.ar\/blog\/?p=7892"},"modified":"2019-01-23T02:55:41","modified_gmt":"2019-01-23T02:55:41","slug":"se-dio-a-conocer-la-fecha-en-que-el-asteroide-llamado-la-bestia-podria-chocar-contra-la-tierra","status":"publish","type":"post","link":"https:\/\/larevistadigital.com.ar\/blog\/se-dio-a-conocer-la-fecha-en-que-el-asteroide-llamado-la-bestia-podria-chocar-contra-la-tierra\/","title":{"rendered":"SE DI\u00d3 A CONOCER LA FECHA EN QUE EL ASTEROIDE LLAMADO \u00abLA BESTIA\u00bb PODR\u00cdA CHOCAR CONTRA LA TIERRA"},"content":{"rendered":"<h2><em>El asteroide tiene el tama\u00f1o de tres canchas de f\u00fatbol, y podr\u00eda impactar contra la tierra<\/em><\/h2>\n<p class=\"capital\">Cient\u00edficos del Departamento de Mec\u00e1nica Celestial de la Universidad Estatal de San Petersburgo, en Rusia, informaron que el asteroide Apofis, un cuerpo celeste de 325 metros de di\u00e1metro\u00a0podr\u00eda colisionar contra la Tierra en 2068.<\/p>\n<p><em><strong>\u00abLas reentradas de resonancia orbital contienen un gran n\u00famero (aproximadamente cien) de posibles colisiones entre Apofis y la Tierra, la m\u00e1s peligrosa de ellas en 2068\u00bb<\/strong><\/em>, se\u00f1ala el informe difundido por la agencia estatal rusa Sputnik News.<\/p>\n<p>Para los cient\u00edficos rusos, el asteroide llegar\u00e1 a 37.600 km de nuestro planeta en 2029, a 16 millones de km en 2044, a 760.000 km en 2051, a cinco millones en 2060 y a 100.000 km en 2068. En caso de impactar, tendr\u00e1 una fuerza de 2500 megatones (la bomba detonada en Hiroshima en 1945 ten\u00eda una potencia de 15 kilotones) y dejar\u00e1 un cr\u00e1ter de varios kil\u00f3metros de ancho.<\/p>\n<p>&nbsp;<\/p>\n","protected":false},"excerpt":{"rendered":"<div class=\"mh-excerpt\"><p>El asteroide tiene el tama\u00f1o de tres canchas de f\u00fatbol, y podr\u00eda impactar contra la tierra Cient\u00edficos del Departamento de Mec\u00e1nica Celestial de la Universidad Estatal de San Petersburgo, en Rusia, informaron que el asteroide <a class=\"mh-excerpt-more\" href=\"https:\/\/larevistadigital.com.ar\/blog\/se-dio-a-conocer-la-fecha-en-que-el-asteroide-llamado-la-bestia-podria-chocar-contra-la-tierra\/\" title=\"SE DI\u00d3 A CONOCER LA FECHA EN QUE EL ASTEROIDE LLAMADO \u00abLA BESTIA\u00bb PODR\u00cdA CHOCAR CONTRA LA TIERRA\">[Leer M\u00e1s]<\/a><\/p>\n<\/div>","protected":false},"author":3,"featured_media":7893,"comment_status":"open","ping_status":"open","sticky":false,"template":"","format":"standard","meta":{"_jetpack_memberships_contains_paid_content":false,"footnotes":"","jetpack_publicize_message":"","jetpack_publicize_feature_enabled":true,"jetpack_social_post_already_shared":true,"jetpack_social_options":{"image_generator_settings":{"template":"highway","default_image_id":0,"font":"","enabled":false},"version":2}},"categories":[11,12],"tags":[],"class_list":{"0":"post-7892","1":"post","2":"type-post","3":"status-publish","4":"format-standard","5":"has-post-thumbnail","7":"category-curiosas","8":"category-politica"},"jetpack_publicize_connections":[],"jetpack_featured_media_url":"https:\/\/i0.wp.com\/larevistadigital.com.ar\/blog\/wp-content\/uploads\/2019\/01\/2808666w1033-1.jpg?fit=1033%2C687&ssl=1","jetpack_sharing_enabled":true,"jetpack_shortlink":"https:\/\/wp.me\/p8qtrQ-23i","jetpack-related-posts":[{"id":13227,"url":"https:\/\/larevistadigital.com.ar\/blog\/revelan-el-lugar-y-fecha-exacta-que-el-asteroide-apofis-impactaria-contra-la-tierra\/","url_meta":{"origin":7892,"position":0},"title":"REVELAN EL LUGAR Y FECHA EXACTA QUE EL ASTEROIDE \u00abAPOFIS\u00bb IMPACTAR\u00cdA CONTRA LA TIERRA","author":"Alejandro Sosa Ruda","date":"17 noviembre, 2019","format":false,"excerpt":"No es una buena noticia cuando NASA dice que existe la posibilidad de que una roca espacial impacte contra el planeta Tierra, y m\u00e1s, cuando es enorme. El asteroide que puede precipitarse hacia la Tierra y que es m\u00e1s grande que la Torre Eiffel se llama APOFIS,\u00a0en honor al dios\u2026","rel":"","context":"En \u00abCURIOSAS\u00bb","block_context":{"text":"CURIOSAS","link":"https:\/\/larevistadigital.com.ar\/blog\/category\/curiosas\/"},"img":{"alt_text":"","src":"https:\/\/i0.wp.com\/larevistadigital.com.ar\/blog\/wp-content\/uploads\/Apofis-portada-1-768x439.jpg?fit=768%2C439&ssl=1&resize=350%2C200","width":350,"height":200,"srcset":"https:\/\/i0.wp.com\/larevistadigital.com.ar\/blog\/wp-content\/uploads\/Apofis-portada-1-768x439.jpg?fit=768%2C439&ssl=1&resize=350%2C200 1x, https:\/\/i0.wp.com\/larevistadigital.com.ar\/blog\/wp-content\/uploads\/Apofis-portada-1-768x439.jpg?fit=768%2C439&ssl=1&resize=525%2C300 1.5x, https:\/\/i0.wp.com\/larevistadigital.com.ar\/blog\/wp-content\/uploads\/Apofis-portada-1-768x439.jpg?fit=768%2C439&ssl=1&resize=700%2C400 2x"},"classes":[]},{"id":14703,"url":"https:\/\/larevistadigital.com.ar\/blog\/asteroide-potencialmente-peligroso-pasara-cerca-de-la-tierra-el-15-de-febrero\/","url_meta":{"origin":7892,"position":1},"title":"ASTEROIDE \u00abPOTENCIALMENTE PELIGROSO\u00bb PASAR\u00c1 CERCA DE LA TIERRA EL 15 DE FEBRERO","author":"Alejandro Sosa Ruda","date":"11 febrero, 2020","format":false,"excerpt":"El asteroide que visitar\u00e1 la Tierra, que se espera se acerque a nuestro planeta el 15 de febrero, tiene aproximadamente un kil\u00f3metro de di\u00e1metro. Se cree que una roca espacial de este tama\u00f1o\u00a0puede matar a millones de personas\u00a0en el \u00e1rea del impacto y desencadenar una cat\u00e1strofe a escala mundial. La\u2026","rel":"","context":"En \u00abCURIOSAS\u00bb","block_context":{"text":"CURIOSAS","link":"https:\/\/larevistadigital.com.ar\/blog\/category\/curiosas\/"},"img":{"alt_text":"","src":"https:\/\/i0.wp.com\/larevistadigital.com.ar\/blog\/wp-content\/uploads\/052418_LH_chixculub_feat.jpg?fit=860%2C460&ssl=1&resize=350%2C200","width":350,"height":200,"srcset":"https:\/\/i0.wp.com\/larevistadigital.com.ar\/blog\/wp-content\/uploads\/052418_LH_chixculub_feat.jpg?fit=860%2C460&ssl=1&resize=350%2C200 1x, https:\/\/i0.wp.com\/larevistadigital.com.ar\/blog\/wp-content\/uploads\/052418_LH_chixculub_feat.jpg?fit=860%2C460&ssl=1&resize=525%2C300 1.5x, https:\/\/i0.wp.com\/larevistadigital.com.ar\/blog\/wp-content\/uploads\/052418_LH_chixculub_feat.jpg?fit=860%2C460&ssl=1&resize=700%2C400 2x"},"classes":[]},{"id":22798,"url":"https:\/\/larevistadigital.com.ar\/blog\/evitan-el-fin-del-mundo-la-nasa-lanzara-un-cohete-espacial-para-desviar-un-asteroide\/","url_meta":{"origin":7892,"position":2},"title":"\u00bfEVITAN EL FIN DEL MUNDO? : LA NASA LANZAR\u00c1 UN COHETE ESPACIAL PARA DESVIAR UN ASTEROIDE","author":"Alejandro Sosa Ruda","date":"24 noviembre, 2021","format":false,"excerpt":"Se trata de un ensayo para estar \"preparados\" en caso de que la humanidad necesite en alguna ocasi\u00f3n impedir que una roca espacial gigante choque contra la Tierra. La\u00a0NASA\u00a0est\u00e1 preparando el lanzamiento de una\u00a0misi\u00f3n para\u00a0estrellar\u00a0deliberadamente\u00a0una nave espacial contra un asteroide\u00a0en el marco de un ensayo para estar \"preparados\" en caso\u2026","rel":"","context":"En \u00abINTERES GENERAL\u00bb","block_context":{"text":"INTERES GENERAL","link":"https:\/\/larevistadigital.com.ar\/blog\/category\/interes-general\/"},"img":{"alt_text":"","src":"https:\/\/i0.wp.com\/larevistadigital.com.ar\/blog\/wp-content\/uploads\/291787-whatsapp-20image-202021-11-23-20at-2020-20-58.jpeg?fit=960%2C640&ssl=1&resize=350%2C200","width":350,"height":200,"srcset":"https:\/\/i0.wp.com\/larevistadigital.com.ar\/blog\/wp-content\/uploads\/291787-whatsapp-20image-202021-11-23-20at-2020-20-58.jpeg?fit=960%2C640&ssl=1&resize=350%2C200 1x, https:\/\/i0.wp.com\/larevistadigital.com.ar\/blog\/wp-content\/uploads\/291787-whatsapp-20image-202021-11-23-20at-2020-20-58.jpeg?fit=960%2C640&ssl=1&resize=525%2C300 1.5x, https:\/\/i0.wp.com\/larevistadigital.com.ar\/blog\/wp-content\/uploads\/291787-whatsapp-20image-202021-11-23-20at-2020-20-58.jpeg?fit=960%2C640&ssl=1&resize=700%2C400 2x"},"classes":[]},{"id":8495,"url":"https:\/\/larevistadigital.com.ar\/blog\/la-nasa-decidio-desviar-un-asteroide-que-podria-chocar-contra-la-tierra\/","url_meta":{"origin":7892,"position":3},"title":"LA NASA DECIDI\u00d3 DESVIAR UN ASTEROIDE QUE PODR\u00cdA CHOCAR CONTRA LA TIERRA","author":"Alejandro Sosa Ruda","date":"16 febrero, 2019","format":false,"excerpt":"El choque tiene que ser lo\u00a0suficientemente fuerte para desviar su trayectoria unos 0,4 mil\u00edmetros, como para sacar de su \u00f3rbita a Didymos. Los detalles. El asteroide es binario y\u00a0se llama Didymos. Como \"mellizo\u201d en griego. Es que est\u00e1 compuesto por dos cuerpos. En su recorrido c\u00f3smico tiene previsto pasar considerablemente\u2026","rel":"","context":"En \u00abCURIOSAS\u00bb","block_context":{"text":"CURIOSAS","link":"https:\/\/larevistadigital.com.ar\/blog\/category\/curiosas\/"},"img":{"alt_text":"","src":"https:\/\/i0.wp.com\/larevistadigital.com.ar\/blog\/wp-content\/uploads\/2019\/02\/qj8xpRTsM_1256x620__1.jpg?fit=1200%2C592&ssl=1&resize=350%2C200","width":350,"height":200,"srcset":"https:\/\/i0.wp.com\/larevistadigital.com.ar\/blog\/wp-content\/uploads\/2019\/02\/qj8xpRTsM_1256x620__1.jpg?fit=1200%2C592&ssl=1&resize=350%2C200 1x, https:\/\/i0.wp.com\/larevistadigital.com.ar\/blog\/wp-content\/uploads\/2019\/02\/qj8xpRTsM_1256x620__1.jpg?fit=1200%2C592&ssl=1&resize=525%2C300 1.5x, https:\/\/i0.wp.com\/larevistadigital.com.ar\/blog\/wp-content\/uploads\/2019\/02\/qj8xpRTsM_1256x620__1.jpg?fit=1200%2C592&ssl=1&resize=700%2C400 2x, https:\/\/i0.wp.com\/larevistadigital.com.ar\/blog\/wp-content\/uploads\/2019\/02\/qj8xpRTsM_1256x620__1.jpg?fit=1200%2C592&ssl=1&resize=1050%2C600 3x"},"classes":[]},{"id":11853,"url":"https:\/\/larevistadigital.com.ar\/blog\/un-devastador-asteroide-puede-chocar-contra-la-tierra-el-9-de-septiembre\/","url_meta":{"origin":7892,"position":4},"title":"UN DEVASTADOR ASTEROIDE PUEDE CHOCAR CONTRA LA TIERRA EL 9 DE SEPTIEMBRE","author":"Alejandro Sosa Ruda","date":"15 agosto, 2019","format":false,"excerpt":"\u00bfSe acerca el fin? Enterate ac\u00e1. Un\u00a0asteroide de 40 metros de di\u00e1metro\u00a0podr\u00eda chocar contra nuestro planeta el\u00a09 de septiembre\u00a0a las cinco y tres minutos de la madrugada. El cuerpo rocoso nos impactar\u00eda a una velocidad de\u00a044.000 kil\u00f3metros por hora. Ahora, distintos equipos cient\u00edficos trabajan para trazar el recorrido y, en\u2026","rel":"","context":"En \u00abINTERES GENERAL\u00bb","block_context":{"text":"INTERES GENERAL","link":"https:\/\/larevistadigital.com.ar\/blog\/category\/interes-general\/"},"img":{"alt_text":"","src":"https:\/\/i0.wp.com\/larevistadigital.com.ar\/blog\/wp-content\/uploads\/asteroide-foto.jpg?fit=1200%2C672&ssl=1&resize=350%2C200","width":350,"height":200,"srcset":"https:\/\/i0.wp.com\/larevistadigital.com.ar\/blog\/wp-content\/uploads\/asteroide-foto.jpg?fit=1200%2C672&ssl=1&resize=350%2C200 1x, https:\/\/i0.wp.com\/larevistadigital.com.ar\/blog\/wp-content\/uploads\/asteroide-foto.jpg?fit=1200%2C672&ssl=1&resize=525%2C300 1.5x, https:\/\/i0.wp.com\/larevistadigital.com.ar\/blog\/wp-content\/uploads\/asteroide-foto.jpg?fit=1200%2C672&ssl=1&resize=700%2C400 2x, https:\/\/i0.wp.com\/larevistadigital.com.ar\/blog\/wp-content\/uploads\/asteroide-foto.jpg?fit=1200%2C672&ssl=1&resize=1050%2C600 3x"},"classes":[]},{"id":5930,"url":"https:\/\/larevistadigital.com.ar\/blog\/enorme-asteroide-podra-observarse-a-simple-vista-desde-la-tierra\/","url_meta":{"origin":7892,"position":5},"title":"ENORME ASTEROIDE PODR\u00c1 OBSERVARSE A SIMPLE VISTA DESDE LA TIERRA","author":"Alejandro Sosa Ruda","date":"26 junio, 2018","format":false,"excerpt":"Se trata de Vesta, que adem\u00e1s de ser un asteroide tambi\u00e9n es catalogado como una protoplaneta, evidentemente por ser el segundo objeto m\u00e1s grande ubicado en el cintur\u00f3n de asteroides entre Marte y J\u00fapiter. El primer puesto se lo lleva el gran Ceres. Aunque a veces es posible verlo a\u2026","rel":"","context":"En \u00abDESTACADAS\u00bb","block_context":{"text":"DESTACADAS","link":"https:\/\/larevistadigital.com.ar\/blog\/category\/destacadas\/"},"img":{"alt_text":"","src":"https:\/\/i0.wp.com\/larevistadigital.com.ar\/blog\/wp-content\/uploads\/2018\/06\/este-enorme-asteroide-sera-visible-a-simple-vista-portada.jpg?fit=1200%2C675&ssl=1&resize=350%2C200","width":350,"height":200,"srcset":"https:\/\/i0.wp.com\/larevistadigital.com.ar\/blog\/wp-content\/uploads\/2018\/06\/este-enorme-asteroide-sera-visible-a-simple-vista-portada.jpg?fit=1200%2C675&ssl=1&resize=350%2C200 1x, https:\/\/i0.wp.com\/larevistadigital.com.ar\/blog\/wp-content\/uploads\/2018\/06\/este-enorme-asteroide-sera-visible-a-simple-vista-portada.jpg?fit=1200%2C675&ssl=1&resize=525%2C300 1.5x, https:\/\/i0.wp.com\/larevistadigital.com.ar\/blog\/wp-content\/uploads\/2018\/06\/este-enorme-asteroide-sera-visible-a-simple-vista-portada.jpg?fit=1200%2C675&ssl=1&resize=700%2C400 2x, https:\/\/i0.wp.com\/larevistadigital.com.ar\/blog\/wp-content\/uploads\/2018\/06\/este-enorme-asteroide-sera-visible-a-simple-vista-portada.jpg?fit=1200%2C675&ssl=1&resize=1050%2C600 3x"},"classes":[]}],"_links":{"self":[{"href":"https:\/\/larevistadigital.com.ar\/blog\/wp-json\/wp\/v2\/posts\/7892","targetHints":{"allow":["GET"]}}],"collection":[{"href":"https:\/\/larevistadigital.com.ar\/blog\/wp-json\/wp\/v2\/posts"}],"about":[{"href":"https:\/\/larevistadigital.com.ar\/blog\/wp-json\/wp\/v2\/types\/post"}],"author":[{"embeddable":true,"href":"https:\/\/larevistadigital.com.ar\/blog\/wp-json\/wp\/v2\/users\/3"}],"replies":[{"embeddable":true,"href":"https:\/\/larevistadigital.com.ar\/blog\/wp-json\/wp\/v2\/comments?post=7892"}],"version-history":[{"count":1,"href":"https:\/\/larevistadigital.com.ar\/blog\/wp-json\/wp\/v2\/posts\/7892\/revisions"}],"predecessor-version":[{"id":7894,"href":"https:\/\/larevistadigital.com.ar\/blog\/wp-json\/wp\/v2\/posts\/7892\/revisions\/7894"}],"wp:featuredmedia":[{"embeddable":true,"href":"https:\/\/larevistadigital.com.ar\/blog\/wp-json\/wp\/v2\/media\/7893"}],"wp:attachment":[{"href":"https:\/\/larevistadigital.com.ar\/blog\/wp-json\/wp\/v2\/media?parent=7892"}],"wp:term":[{"taxonomy":"category","embeddable":true,"href":"https:\/\/larevistadigital.com.ar\/blog\/wp-json\/wp\/v2\/categories?post=7892"},{"taxonomy":"post_tag","embeddable":true,"href":"https:\/\/larevistadigital.com.ar\/blog\/wp-json\/wp\/v2\/tags?post=7892"}],"curies":[{"name":"wp","href":"https:\/\/api.w.org\/{rel}","templated":true}]}}