{"id":7913,"date":"2019-01-23T23:15:04","date_gmt":"2019-01-23T23:15:04","guid":{"rendered":"https:\/\/larevistadigital.com.ar\/blog\/?p=7913"},"modified":"2019-01-23T23:15:27","modified_gmt":"2019-01-23T23:15:27","slug":"chascomus-el-intendente-gaston-mantuvo-un-encuentro-con-la-nueva-comision-directiva-de-pesca-y-nautica","status":"publish","type":"post","link":"https:\/\/larevistadigital.com.ar\/blog\/chascomus-el-intendente-gaston-mantuvo-un-encuentro-con-la-nueva-comision-directiva-de-pesca-y-nautica\/","title":{"rendered":"CHASCOM\u00daS: EL INTENDENTE GAST\u00d3N MANTUVO UN ENCUENTRO CON LA NUEVA COMISI\u00d3N DIRECTIVA DE PESCA Y N\u00c1UTICA"},"content":{"rendered":"<p class=\"notaIntro\">El \u00faltimo fin de semana, <strong>Javier Gast\u00f3n<\/strong> se acerc\u00f3 a las instalaciones de la Asociaci\u00f3n Pesca y N\u00e1utica para mantener una reuni\u00f3n con los miembros de la nueva comisi\u00f3n directiva, donde abordaron, entre otras cosas, sobre la participaci\u00f3n de la instituci\u00f3n en el Carnaval Infantil.<\/p>\n<p class=\"notaTexto\">All\u00ed, acompa\u00f1ado por la directora de Cultura, <strong>Julieta Spina<\/strong>, el Intendente municipal fue recibido por la flamante presidente,<strong> Mariela Moscarella<\/strong> a quien felicit\u00f3 por encabezar este nuevo equipo y llevar adelante una de las instituciones deportivas laguneras m\u00e1s tradicionales de la ciudad.<\/p>\n<p class=\"notaTexto\"><em><strong>Cabe se\u00f1alar que Moscarella es la primera mujer en ocupar ese lugar de relevancia en la instituci\u00f3n, y seguramente lo ejercer\u00e1 con gran capacidad, ya que es conocido su empuje y dedicaci\u00f3n.<\/strong><\/em><\/p>\n<p>Durante la visita, adem\u00e1s de presentar a cada uno de los nuevos integrantes de la comisi\u00f3n directiva, <strong>Moscarella<\/strong> profundiz\u00f3 sobre los objetivos que se trazaron para trabajar en este a\u00f1o, como es el caso de sumar nuevos socios. Dialogaron, a su vez, sobre los preparativos al cent\u00e9simo aniversario de la instituci\u00f3n, y acerca de la necesidad de contar con acompa\u00f1amiento municipal para realizar gestiones ante la provincia a los efectos de conseguir aportes econ\u00f3micos para de reparar el muelle y el antiguo dep\u00f3sito de naves deportivas.<\/p>\n<p><strong>Javier Gast\u00f3n<\/strong> se puso a disposici\u00f3n y destac\u00f3 la importancia del trabajo conjunto y articulado con las instituciones de la comunidad a fin de fortalecer la participaci\u00f3n comunitaria. En tal sentido, dialogaron sobre la participaci\u00f3n de Pesca y N\u00e1utica en la edici\u00f3n 2019 del Carnaval Infantil.<\/p>\n","protected":false},"excerpt":{"rendered":"<div class=\"mh-excerpt\"><p>El \u00faltimo fin de semana, Javier Gast\u00f3n se acerc\u00f3 a las instalaciones de la Asociaci\u00f3n Pesca y N\u00e1utica para mantener una reuni\u00f3n con los miembros de la nueva comisi\u00f3n directiva, donde abordaron, entre otras cosas, <a class=\"mh-excerpt-more\" href=\"https:\/\/larevistadigital.com.ar\/blog\/chascomus-el-intendente-gaston-mantuvo-un-encuentro-con-la-nueva-comision-directiva-de-pesca-y-nautica\/\" title=\"CHASCOM\u00daS: EL INTENDENTE GAST\u00d3N MANTUVO UN ENCUENTRO CON LA NUEVA COMISI\u00d3N DIRECTIVA DE PESCA Y N\u00c1UTICA\">[Leer M\u00e1s]<\/a><\/p>\n<\/div>","protected":false},"author":3,"featured_media":7914,"comment_status":"open","ping_status":"open","sticky":false,"template":"","format":"standard","meta":{"_jetpack_memberships_contains_paid_content":false,"footnotes":"","jetpack_publicize_message":"","jetpack_publicize_feature_enabled":true,"jetpack_social_post_already_shared":true,"jetpack_social_options":{"image_generator_settings":{"template":"highway","default_image_id":0,"font":"","enabled":false},"version":2}},"categories":[6],"tags":[],"class_list":{"0":"post-7913","1":"post","2":"type-post","3":"status-publish","4":"format-standard","5":"has-post-thumbnail","7":"category-chascomus"},"jetpack_publicize_connections":[],"jetpack_featured_media_url":"https:\/\/i0.wp.com\/larevistadigital.com.ar\/blog\/wp-content\/uploads\/2019\/01\/50648344_2252827864738086_2068394269080551424_n.jpg?fit=887%2C579&ssl=1","jetpack_sharing_enabled":true,"jetpack_shortlink":"https:\/\/wp.me\/p8qtrQ-23D","jetpack-related-posts":[{"id":42170,"url":"https:\/\/larevistadigital.com.ar\/blog\/chascomus-el-intendente-se-reunio-con-la-nueva-comision-del-club-alumni\/","url_meta":{"origin":7913,"position":0},"title":"Chascom\u00fas: El intendente se reuni\u00f3 con la nueva comisi\u00f3n del Club Alumni","author":"Alejandro Sosa Ruda","date":"22 octubre, 2025","format":false,"excerpt":"Vecinos y vecinas avanzan en la recuperaci\u00f3n institucional y edilicia de la hist\u00f3rica entidad deportiva. 22 de Octubre de 2025 CHASCOM\u00daS -\u00a0 \u00a0El intendente Javier Gast\u00f3n mantuvo un encuentro con los integrantes de la nueva comisi\u00f3n directiva del Club Alumni Chascom\u00fas, presidida por Eduardo Isasi, quienes compartieron el trabajo que\u2026","rel":"","context":"En \u00abCHASCOM\u00daS\u00bb","block_context":{"text":"CHASCOM\u00daS","link":"https:\/\/larevistadigital.com.ar\/blog\/category\/chascomus\/"},"img":{"alt_text":"","src":"https:\/\/i0.wp.com\/larevistadigital.com.ar\/blog\/wp-content\/uploads\/68f923b0bba0e.png?fit=668%2C445&ssl=1&resize=350%2C200","width":350,"height":200,"srcset":"https:\/\/i0.wp.com\/larevistadigital.com.ar\/blog\/wp-content\/uploads\/68f923b0bba0e.png?fit=668%2C445&ssl=1&resize=350%2C200 1x, https:\/\/i0.wp.com\/larevistadigital.com.ar\/blog\/wp-content\/uploads\/68f923b0bba0e.png?fit=668%2C445&ssl=1&resize=525%2C300 1.5x"},"classes":[]},{"id":40785,"url":"https:\/\/larevistadigital.com.ar\/blog\/chascomus-el-iconico-club-alumni-tiene-una-nueva-comision-directiva-y-se-prepara-para-resurgir\/","url_meta":{"origin":7913,"position":1},"title":"Chascom\u00fas: El ic\u00f3nico Club Alumni tiene una nueva Comisi\u00f3n Directiva y se prepara para resurgir","author":"Alejandro Sosa Ruda","date":"6 agosto, 2025","format":false,"excerpt":"La nueva Comisi\u00f3n Directiva es presidida por el empresario tur\u00edstico Eduardo Isasi. 06 de Agosto de 2025 CHASCOM\u00daS - El Club Atl\u00e9tico y Social Alumni, es una vieja y querida instituci\u00f3n de Chascom\u00fas, cuya Sede Social est\u00e1 ubicada en la calle Mazzini 170, entre Libres del Sur y Alvear. Poco\u2026","rel":"","context":"En \u00abCHASCOM\u00daS\u00bb","block_context":{"text":"CHASCOM\u00daS","link":"https:\/\/larevistadigital.com.ar\/blog\/category\/chascomus\/"},"img":{"alt_text":"","src":"https:\/\/i0.wp.com\/larevistadigital.com.ar\/blog\/wp-content\/uploads\/ALUMNI.jpg?fit=800%2C595&ssl=1&resize=350%2C200","width":350,"height":200,"srcset":"https:\/\/i0.wp.com\/larevistadigital.com.ar\/blog\/wp-content\/uploads\/ALUMNI.jpg?fit=800%2C595&ssl=1&resize=350%2C200 1x, https:\/\/i0.wp.com\/larevistadigital.com.ar\/blog\/wp-content\/uploads\/ALUMNI.jpg?fit=800%2C595&ssl=1&resize=525%2C300 1.5x, https:\/\/i0.wp.com\/larevistadigital.com.ar\/blog\/wp-content\/uploads\/ALUMNI.jpg?fit=800%2C595&ssl=1&resize=700%2C400 2x"},"classes":[]},{"id":9139,"url":"https:\/\/larevistadigital.com.ar\/blog\/chascomus-tiro-federal-designo-la-nueva-comision-directiva\/","url_meta":{"origin":7913,"position":2},"title":"CHASCOM\u00daS: TIRO FEDERAL DESIGN\u00d3 LA NUEVA COMISI\u00d3N DIRECTIVA","author":"Alejandro Sosa Ruda","date":"16 marzo, 2019","format":false,"excerpt":"El Club Atl\u00e9tico Tiro Federal concret\u00f3 anoche la anunciada asamblea general ordinaria mediante la cual se dispuso la designaci\u00f3n de la nueva comisi\u00f3n directiva. Con un importante n\u00famero de asociados y simpatizantes presentes en la sede de Estados Unidos 71, la nueva comisi\u00f3n directiva que tiene un mandato por dos\u2026","rel":"","context":"En \u00abCHASCOM\u00daS\u00bb","block_context":{"text":"CHASCOM\u00daS","link":"https:\/\/larevistadigital.com.ar\/blog\/category\/chascomus\/"},"img":{"alt_text":"","src":"https:\/\/i0.wp.com\/larevistadigital.com.ar\/blog\/wp-content\/uploads\/2019\/03\/comisaria_15demarzode2019_elfuerte-1.jpg?fit=737%2C415&ssl=1&resize=350%2C200","width":350,"height":200,"srcset":"https:\/\/i0.wp.com\/larevistadigital.com.ar\/blog\/wp-content\/uploads\/2019\/03\/comisaria_15demarzode2019_elfuerte-1.jpg?fit=737%2C415&ssl=1&resize=350%2C200 1x, https:\/\/i0.wp.com\/larevistadigital.com.ar\/blog\/wp-content\/uploads\/2019\/03\/comisaria_15demarzode2019_elfuerte-1.jpg?fit=737%2C415&ssl=1&resize=525%2C300 1.5x, https:\/\/i0.wp.com\/larevistadigital.com.ar\/blog\/wp-content\/uploads\/2019\/03\/comisaria_15demarzode2019_elfuerte-1.jpg?fit=737%2C415&ssl=1&resize=700%2C400 2x"},"classes":[]},{"id":37846,"url":"https:\/\/larevistadigital.com.ar\/blog\/javier-gaston-recibio-a-las-nuevas-autoridades-de-la-fes\/","url_meta":{"origin":7913,"position":3},"title":"Javier Gast\u00f3n recibi\u00f3 a las nuevas autoridades de la FES","author":"Alejandro Sosa Ruda","date":"12 noviembre, 2024","format":false,"excerpt":"El intendente destac\u00f3 el compromiso juvenil con la educaci\u00f3n local y el trabajo conjunto entre el municipio y los estudiantes para seguir construyendo una comunidad m\u00e1s participativa. 12 de Noviembre de 2024 CHASCOM\u00daS -\u00a0 En el despacho comunal, el intendente Javier Gast\u00f3n recibi\u00f3 este lunes a las nuevas autoridades de\u2026","rel":"","context":"En \u00abCHASCOM\u00daS\u00bb","block_context":{"text":"CHASCOM\u00daS","link":"https:\/\/larevistadigital.com.ar\/blog\/category\/chascomus\/"},"img":{"alt_text":"","src":"https:\/\/i0.wp.com\/larevistadigital.com.ar\/blog\/wp-content\/uploads\/67337ac6bfc67.png?fit=668%2C445&ssl=1&resize=350%2C200","width":350,"height":200,"srcset":"https:\/\/i0.wp.com\/larevistadigital.com.ar\/blog\/wp-content\/uploads\/67337ac6bfc67.png?fit=668%2C445&ssl=1&resize=350%2C200 1x, https:\/\/i0.wp.com\/larevistadigital.com.ar\/blog\/wp-content\/uploads\/67337ac6bfc67.png?fit=668%2C445&ssl=1&resize=525%2C300 1.5x"},"classes":[]},{"id":40753,"url":"https:\/\/larevistadigital.com.ar\/blog\/chascomus-la-nueva-titular-de-la-estacion-de-policia-comunal-fue-recibida-por-el-intendente-javier-gaston\/","url_meta":{"origin":7913,"position":4},"title":"Chascom\u00fas: La nueva titular de la Estaci\u00f3n de Polic\u00eda Comunal fue recibida por el intendente Javier Gast\u00f3n","author":"Alejandro Sosa Ruda","date":"5 agosto, 2025","format":false,"excerpt":"Marisa Islas asumir\u00e1 la conducci\u00f3n de la EPC y se acord\u00f3 fortalecer el trabajo conjunto en materia de seguridad. 05 de Agosto de 2025 CHASCOM\u00daS\u00a0 -\u00a0 Javier Gast\u00f3n recibi\u00f3 a la nueva titular de la Estaci\u00f3n de Polic\u00eda Comunal Marisa Islas asumir\u00e1 la conducci\u00f3n de la EPC y se acord\u00f3\u2026","rel":"","context":"En \u00abDESTACADAS\u00bb","block_context":{"text":"DESTACADAS","link":"https:\/\/larevistadigital.com.ar\/blog\/category\/destacadas\/"},"img":{"alt_text":"","src":"https:\/\/i0.wp.com\/larevistadigital.com.ar\/blog\/wp-content\/uploads\/68923689f253f.png?fit=668%2C445&ssl=1&resize=350%2C200","width":350,"height":200,"srcset":"https:\/\/i0.wp.com\/larevistadigital.com.ar\/blog\/wp-content\/uploads\/68923689f253f.png?fit=668%2C445&ssl=1&resize=350%2C200 1x, https:\/\/i0.wp.com\/larevistadigital.com.ar\/blog\/wp-content\/uploads\/68923689f253f.png?fit=668%2C445&ssl=1&resize=525%2C300 1.5x"},"classes":[]},{"id":5476,"url":"https:\/\/larevistadigital.com.ar\/blog\/chascomus-comunicado-de-la-comision-directiva-de-la-cicop\/","url_meta":{"origin":7913,"position":5},"title":"CHASCOM\u00daS: COMUNICADO DE LA COMISI\u00d3N DIRECTIVA DE LA CICOP","author":"Alejandro Sosa Ruda","date":"15 abril, 2018","format":false,"excerpt":"En el d\u00eda de ayer, 14\/4\/18, la CICOP, Seccional Chascom\u00fas emiti\u00f3 un nuevo comunicado, poniendo en conocimiento de la sociedad, algunas inquietudes y el contenido de una reuni\u00f3n que mantuvieron con algunas autoridades del hospital municipal. Aqu\u00ed reproducimos el texto completo del comunicado: En el d\u00eda de ayer se llev\u00f3\u2026","rel":"","context":"En \u00abCHASCOM\u00daS\u00bb","block_context":{"text":"CHASCOM\u00daS","link":"https:\/\/larevistadigital.com.ar\/blog\/category\/chascomus\/"},"img":{"alt_text":"","src":"https:\/\/i0.wp.com\/larevistadigital.com.ar\/blog\/wp-content\/uploads\/2018\/01\/CICOP-MESA-CALLE.jpg?fit=650%2C488&ssl=1&resize=350%2C200","width":350,"height":200,"srcset":"https:\/\/i0.wp.com\/larevistadigital.com.ar\/blog\/wp-content\/uploads\/2018\/01\/CICOP-MESA-CALLE.jpg?fit=650%2C488&ssl=1&resize=350%2C200 1x, https:\/\/i0.wp.com\/larevistadigital.com.ar\/blog\/wp-content\/uploads\/2018\/01\/CICOP-MESA-CALLE.jpg?fit=650%2C488&ssl=1&resize=525%2C300 1.5x"},"classes":[]}],"_links":{"self":[{"href":"https:\/\/larevistadigital.com.ar\/blog\/wp-json\/wp\/v2\/posts\/7913","targetHints":{"allow":["GET"]}}],"collection":[{"href":"https:\/\/larevistadigital.com.ar\/blog\/wp-json\/wp\/v2\/posts"}],"about":[{"href":"https:\/\/larevistadigital.com.ar\/blog\/wp-json\/wp\/v2\/types\/post"}],"author":[{"embeddable":true,"href":"https:\/\/larevistadigital.com.ar\/blog\/wp-json\/wp\/v2\/users\/3"}],"replies":[{"embeddable":true,"href":"https:\/\/larevistadigital.com.ar\/blog\/wp-json\/wp\/v2\/comments?post=7913"}],"version-history":[{"count":2,"href":"https:\/\/larevistadigital.com.ar\/blog\/wp-json\/wp\/v2\/posts\/7913\/revisions"}],"predecessor-version":[{"id":7916,"href":"https:\/\/larevistadigital.com.ar\/blog\/wp-json\/wp\/v2\/posts\/7913\/revisions\/7916"}],"wp:featuredmedia":[{"embeddable":true,"href":"https:\/\/larevistadigital.com.ar\/blog\/wp-json\/wp\/v2\/media\/7914"}],"wp:attachment":[{"href":"https:\/\/larevistadigital.com.ar\/blog\/wp-json\/wp\/v2\/media?parent=7913"}],"wp:term":[{"taxonomy":"category","embeddable":true,"href":"https:\/\/larevistadigital.com.ar\/blog\/wp-json\/wp\/v2\/categories?post=7913"},{"taxonomy":"post_tag","embeddable":true,"href":"https:\/\/larevistadigital.com.ar\/blog\/wp-json\/wp\/v2\/tags?post=7913"}],"curies":[{"name":"wp","href":"https:\/\/api.w.org\/{rel}","templated":true}]}}