{"id":7931,"date":"2019-01-24T22:43:22","date_gmt":"2019-01-24T22:43:22","guid":{"rendered":"https:\/\/larevistadigital.com.ar\/blog\/?p=7931"},"modified":"2019-01-24T22:43:22","modified_gmt":"2019-01-24T22:43:22","slug":"chascomus-el-municipio-aviso-que-manana-25-01-habra-baja-presion-de-agua","status":"publish","type":"post","link":"https:\/\/larevistadigital.com.ar\/blog\/chascomus-el-municipio-aviso-que-manana-25-01-habra-baja-presion-de-agua\/","title":{"rendered":"CHASCOM\u00daS: EL MUNICIPIO AVIS\u00d3 QUE MA\u00d1ANA 25\/01 HABR\u00c1 BAJA PRESI\u00d3N DE AGUA"},"content":{"rendered":"<p>A trav\u00e9s de un comunicado en el chat de Prensa del Municipio de Chascom\u00fas, se di\u00f3 a conocer el aviso que desde las 8 hs. y aproximadamente hasta el mediod\u00eda, ma\u00f1ana habr\u00e1 baja presi\u00f3n de agua por obras que se est\u00e1n realizando.<\/p>\n<p><strong>EL COMUNICADO:<\/strong><\/p>\n<p><em><strong>Debido a los trabajos de empalme que se realizar\u00e1n en la ca\u00f1er\u00eda maestra que une la Cisterna nueva con las tres etapas de la red de Macromalla, este viernes desde las 7 y hasta el mediod\u00eda se registrar\u00e1 una disminuci\u00f3n en el suministro de agua corriente en toda la ciudad. Una vez finalizado el empalme, el servicio se restablecer\u00e1 con normalidad por lo que se recomienda dejar correr el agua unos minutos para eliminar el sedimento.<\/strong><\/em><br \/>\n<em><strong>#NuevaReddeAgua #Cisterna #Macromalla<\/strong><\/em><\/p>\n","protected":false},"excerpt":{"rendered":"<div class=\"mh-excerpt\"><p>A trav\u00e9s de un comunicado en el chat de Prensa del Municipio de Chascom\u00fas, se di\u00f3 a conocer el aviso que desde las 8 hs. y aproximadamente hasta el mediod\u00eda, ma\u00f1ana habr\u00e1 baja presi\u00f3n de <a class=\"mh-excerpt-more\" href=\"https:\/\/larevistadigital.com.ar\/blog\/chascomus-el-municipio-aviso-que-manana-25-01-habra-baja-presion-de-agua\/\" title=\"CHASCOM\u00daS: EL MUNICIPIO AVIS\u00d3 QUE MA\u00d1ANA 25\/01 HABR\u00c1 BAJA PRESI\u00d3N DE AGUA\">[Leer M\u00e1s]<\/a><\/p>\n<\/div>","protected":false},"author":3,"featured_media":7932,"comment_status":"open","ping_status":"open","sticky":false,"template":"","format":"standard","meta":{"_jetpack_memberships_contains_paid_content":false,"footnotes":"","jetpack_publicize_message":"","jetpack_publicize_feature_enabled":true,"jetpack_social_post_already_shared":true,"jetpack_social_options":{"image_generator_settings":{"template":"highway","default_image_id":0,"font":"","enabled":false},"version":2}},"categories":[6],"tags":[],"class_list":{"0":"post-7931","1":"post","2":"type-post","3":"status-publish","4":"format-standard","5":"has-post-thumbnail","7":"category-chascomus"},"jetpack_publicize_connections":[],"jetpack_featured_media_url":"https:\/\/i0.wp.com\/larevistadigital.com.ar\/blog\/wp-content\/uploads\/2019\/01\/WhatsApp-Image-2019-01-24-at-15.11.39.jpeg?fit=1280%2C1279&ssl=1","jetpack_sharing_enabled":true,"jetpack_shortlink":"https:\/\/wp.me\/p8qtrQ-23V","jetpack-related-posts":[{"id":8011,"url":"https:\/\/larevistadigital.com.ar\/blog\/chascomus-el-municipio-avisa-que-hasta-el-mediodia-habra-baja-presion-en-el-agua-corriente\/","url_meta":{"origin":7931,"position":0},"title":"CHASCOM\u00daS: EL MUNICIPIO AVISA QUE HASTA EL MEDIOD\u00cdA HABR\u00c1 BAJA PRESI\u00d3N EN EL AGUA CORRIENTE","author":"Alejandro Sosa Ruda","date":"28 enero, 2019","format":false,"excerpt":"El Municipio de Chascom\u00fas hizo publica una advertencia que dice que hasta el mediod\u00eda de hoy, habr\u00e1 baja presi\u00f3n en el agua corriente en la ciudad. EL COMUNICADO: HASTA EL MEDIOD\u00cdA HABR\u00c1 BAJA PRESI\u00d3N EN EL SUMINISTRO DE AGUA CORRIENTE Debido a los trabajos de empalme que se realizan en\u2026","rel":"","context":"En \u00abCHASCOM\u00daS\u00bb","block_context":{"text":"CHASCOM\u00daS","link":"https:\/\/larevistadigital.com.ar\/blog\/category\/chascomus\/"},"img":{"alt_text":"","src":"https:\/\/i0.wp.com\/larevistadigital.com.ar\/blog\/wp-content\/uploads\/2019\/01\/WhatsApp-Image-2019-01-24-at-15.11.39-1.jpeg?fit=1200%2C1199&ssl=1&resize=350%2C200","width":350,"height":200,"srcset":"https:\/\/i0.wp.com\/larevistadigital.com.ar\/blog\/wp-content\/uploads\/2019\/01\/WhatsApp-Image-2019-01-24-at-15.11.39-1.jpeg?fit=1200%2C1199&ssl=1&resize=350%2C200 1x, https:\/\/i0.wp.com\/larevistadigital.com.ar\/blog\/wp-content\/uploads\/2019\/01\/WhatsApp-Image-2019-01-24-at-15.11.39-1.jpeg?fit=1200%2C1199&ssl=1&resize=525%2C300 1.5x, https:\/\/i0.wp.com\/larevistadigital.com.ar\/blog\/wp-content\/uploads\/2019\/01\/WhatsApp-Image-2019-01-24-at-15.11.39-1.jpeg?fit=1200%2C1199&ssl=1&resize=700%2C400 2x, https:\/\/i0.wp.com\/larevistadigital.com.ar\/blog\/wp-content\/uploads\/2019\/01\/WhatsApp-Image-2019-01-24-at-15.11.39-1.jpeg?fit=1200%2C1199&ssl=1&resize=1050%2C600 3x"},"classes":[]},{"id":7130,"url":"https:\/\/larevistadigital.com.ar\/blog\/chascomus-el-municipio-aviso-que-manana-no-habra-agua-en-toda-la-ciudad\/","url_meta":{"origin":7931,"position":1},"title":"CHASCOM\u00daS: EL MUNICIPIO AVIS\u00d3 QUE MA\u00d1ANA NO HABR\u00c1 AGUA EN TODA LA CIUDAD","author":"Alejandro Sosa Ruda","date":"10 diciembre, 2018","format":false,"excerpt":"La Municipalidad de Chascom\u00fas, dio aviso a los medios para que se traslade a la poblaci\u00f3n que durante el d\u00eda de ma\u00f1ana, 11\/12\/2018 habr\u00e1 un corte total del suministro de agua en toda la ciudad. Esto se debe a tareas que tienen que ver con la realizaci\u00f3n del empalme del\u2026","rel":"","context":"En \u00abCHASCOM\u00daS\u00bb","block_context":{"text":"CHASCOM\u00daS","link":"https:\/\/larevistadigital.com.ar\/blog\/category\/chascomus\/"},"img":{"alt_text":"","src":"https:\/\/i0.wp.com\/larevistadigital.com.ar\/blog\/wp-content\/uploads\/2018\/12\/47792654_2183368085017398_2101656660484292608_n.jpg?fit=960%2C960&ssl=1&resize=350%2C200","width":350,"height":200,"srcset":"https:\/\/i0.wp.com\/larevistadigital.com.ar\/blog\/wp-content\/uploads\/2018\/12\/47792654_2183368085017398_2101656660484292608_n.jpg?fit=960%2C960&ssl=1&resize=350%2C200 1x, https:\/\/i0.wp.com\/larevistadigital.com.ar\/blog\/wp-content\/uploads\/2018\/12\/47792654_2183368085017398_2101656660484292608_n.jpg?fit=960%2C960&ssl=1&resize=525%2C300 1.5x, https:\/\/i0.wp.com\/larevistadigital.com.ar\/blog\/wp-content\/uploads\/2018\/12\/47792654_2183368085017398_2101656660484292608_n.jpg?fit=960%2C960&ssl=1&resize=700%2C400 2x"},"classes":[]},{"id":7162,"url":"https:\/\/larevistadigital.com.ar\/blog\/chascomus-finalizo-con-exito-el-empalme-del-tanque-de-agua-con-la-nueva-cisterna\/","url_meta":{"origin":7931,"position":2},"title":"CHASCOM\u00daS: FINALIZ\u00d3 CON \u00c9XITO EL EMPALME DEL TANQUE DE AGUA CON LA NUEVA CISTERNA","author":"Alejandro Sosa Ruda","date":"12 diciembre, 2018","format":false,"excerpt":"El intendente municipal, Javier Gast\u00f3n, celebr\u00f3 el trabajo efectuado por los trabajadores municipales para cumplimentar con la obra en corto tiempo y as\u00ed no perjudicar demasiado a los vecinos por la falta de agua. As\u00ed qued\u00f3 culminada una nueva etapa, que con la \"macromalla\" forman un conjunto de obras aportadas\u2026","rel":"","context":"En \u00abCHASCOM\u00daS\u00bb","block_context":{"text":"CHASCOM\u00daS","link":"https:\/\/larevistadigital.com.ar\/blog\/category\/chascomus\/"},"img":{"alt_text":"","src":"https:\/\/i0.wp.com\/larevistadigital.com.ar\/blog\/wp-content\/uploads\/2018\/12\/48361995_2189999354354271_7782025542538100736_n.jpg?fit=650%2C1156&ssl=1&resize=350%2C200","width":350,"height":200,"srcset":"https:\/\/i0.wp.com\/larevistadigital.com.ar\/blog\/wp-content\/uploads\/2018\/12\/48361995_2189999354354271_7782025542538100736_n.jpg?fit=650%2C1156&ssl=1&resize=350%2C200 1x, https:\/\/i0.wp.com\/larevistadigital.com.ar\/blog\/wp-content\/uploads\/2018\/12\/48361995_2189999354354271_7782025542538100736_n.jpg?fit=650%2C1156&ssl=1&resize=525%2C300 1.5x"},"classes":[]},{"id":14784,"url":"https:\/\/larevistadigital.com.ar\/blog\/chascomus-el-municipio-avisa-de-cortes-y-baja-presion-del-agua\/","url_meta":{"origin":7931,"position":3},"title":"CHASCOM\u00daS: EL MUNICIPIO AVISA DE CORTES Y BAJA PRESI\u00d3N DEL AGUA","author":"Alejandro Sosa Ruda","date":"13 febrero, 2020","format":false,"excerpt":"Hace instantes, el \u00e1rea de prensa del municipio anunci\u00f3 a trav\u00e9s del grupo de Prensa de whatsapp que en la ma\u00f1ana de hoy el servicio de provisi\u00f3n de agua se ver\u00e1 afectado aparentemente hasta el mediod\u00eda por tareas de reparaci\u00f3n. Reproducimos el comunicado CORTE Y BAJA PRESI\u00d3N Debido a trabajos\u2026","rel":"","context":"En \u00abCHASCOM\u00daS\u00bb","block_context":{"text":"CHASCOM\u00daS","link":"https:\/\/larevistadigital.com.ar\/blog\/category\/chascomus\/"},"img":{"alt_text":"","src":"https:\/\/i0.wp.com\/larevistadigital.com.ar\/blog\/wp-content\/uploads\/multimedia.normal.b4da0cbeafa8d52c.414755415f6e6f726d616c2e6a7067.jpg?fit=960%2C540&ssl=1&resize=350%2C200","width":350,"height":200,"srcset":"https:\/\/i0.wp.com\/larevistadigital.com.ar\/blog\/wp-content\/uploads\/multimedia.normal.b4da0cbeafa8d52c.414755415f6e6f726d616c2e6a7067.jpg?fit=960%2C540&ssl=1&resize=350%2C200 1x, https:\/\/i0.wp.com\/larevistadigital.com.ar\/blog\/wp-content\/uploads\/multimedia.normal.b4da0cbeafa8d52c.414755415f6e6f726d616c2e6a7067.jpg?fit=960%2C540&ssl=1&resize=525%2C300 1.5x, https:\/\/i0.wp.com\/larevistadigital.com.ar\/blog\/wp-content\/uploads\/multimedia.normal.b4da0cbeafa8d52c.414755415f6e6f726d616c2e6a7067.jpg?fit=960%2C540&ssl=1&resize=700%2C400 2x"},"classes":[]},{"id":9424,"url":"https:\/\/larevistadigital.com.ar\/blog\/chascomus-el-municipio-acaba-de-informar-corte-y-baja-presion-de-agua-desde-este-momento\/","url_meta":{"origin":7931,"position":4},"title":"CHASCOM\u00daS: EL MUNICIPIO ACABA DE INFORMAR CORTE Y BAJA PRESI\u00d3N DE AGUA DESDE ESTE MOMENTO","author":"Alejandro Sosa Ruda","date":"27 marzo, 2019","format":false,"excerpt":"Lamentablemente, y como ha ocurrido en las \u00faltimas oportunidades, el Municipio a trav\u00e9s del \u00e1rea de Prensa acaba de informar a los medios de comunicaci\u00f3n que desde las 8:00 y hasta las 11:00 horas del d\u00eda de hoy habr\u00e1 cortes y bajas de presi\u00f3n en el suministro de agua potable,\u2026","rel":"","context":"En \u00abCHASCOM\u00daS\u00bb","block_context":{"text":"CHASCOM\u00daS","link":"https:\/\/larevistadigital.com.ar\/blog\/category\/chascomus\/"},"img":{"alt_text":"","src":"https:\/\/i0.wp.com\/larevistadigital.com.ar\/blog\/wp-content\/uploads\/2019\/03\/WhatsApp-Image-2019-03-27-at-08.12.59.jpeg?fit=1200%2C1199&ssl=1&resize=350%2C200","width":350,"height":200,"srcset":"https:\/\/i0.wp.com\/larevistadigital.com.ar\/blog\/wp-content\/uploads\/2019\/03\/WhatsApp-Image-2019-03-27-at-08.12.59.jpeg?fit=1200%2C1199&ssl=1&resize=350%2C200 1x, https:\/\/i0.wp.com\/larevistadigital.com.ar\/blog\/wp-content\/uploads\/2019\/03\/WhatsApp-Image-2019-03-27-at-08.12.59.jpeg?fit=1200%2C1199&ssl=1&resize=525%2C300 1.5x, https:\/\/i0.wp.com\/larevistadigital.com.ar\/blog\/wp-content\/uploads\/2019\/03\/WhatsApp-Image-2019-03-27-at-08.12.59.jpeg?fit=1200%2C1199&ssl=1&resize=700%2C400 2x, https:\/\/i0.wp.com\/larevistadigital.com.ar\/blog\/wp-content\/uploads\/2019\/03\/WhatsApp-Image-2019-03-27-at-08.12.59.jpeg?fit=1200%2C1199&ssl=1&resize=1050%2C600 3x"},"classes":[]},{"id":8741,"url":"https:\/\/larevistadigital.com.ar\/blog\/ante-consultas-de-vecinos-el-municipio-admite-nuevos-cortes-de-agua\/","url_meta":{"origin":7931,"position":5},"title":"ANTE CONSULTAS DE VECINOS, EL MUNICIPIO ADMITE NUEVOS CORTES DE AGUA","author":"Alejandro Sosa Ruda","date":"26 febrero, 2019","format":false,"excerpt":"Ante la consulta de varios periodistas a trav\u00e9s del chat de whatsapp de \"Prensa de la Municipalidad de Chascom\u00fas\", acerca de nuevas situaciones de corte de suministro de agua corriente en distintos lugares de la ciudad, desde la mencionada oficina se elabor\u00f3 un parte que a continuaci\u00f3n reproducimos, en donde\u2026","rel":"","context":"En \u00abDESTACADAS\u00bb","block_context":{"text":"DESTACADAS","link":"https:\/\/larevistadigital.com.ar\/blog\/category\/destacadas\/"},"img":{"alt_text":"","src":"https:\/\/i0.wp.com\/larevistadigital.com.ar\/blog\/wp-content\/uploads\/2019\/02\/53229530_2308962119124660_8981718205911269376_n.png?fit=960%2C959&ssl=1&resize=350%2C200","width":350,"height":200,"srcset":"https:\/\/i0.wp.com\/larevistadigital.com.ar\/blog\/wp-content\/uploads\/2019\/02\/53229530_2308962119124660_8981718205911269376_n.png?fit=960%2C959&ssl=1&resize=350%2C200 1x, https:\/\/i0.wp.com\/larevistadigital.com.ar\/blog\/wp-content\/uploads\/2019\/02\/53229530_2308962119124660_8981718205911269376_n.png?fit=960%2C959&ssl=1&resize=525%2C300 1.5x, https:\/\/i0.wp.com\/larevistadigital.com.ar\/blog\/wp-content\/uploads\/2019\/02\/53229530_2308962119124660_8981718205911269376_n.png?fit=960%2C959&ssl=1&resize=700%2C400 2x"},"classes":[]}],"_links":{"self":[{"href":"https:\/\/larevistadigital.com.ar\/blog\/wp-json\/wp\/v2\/posts\/7931","targetHints":{"allow":["GET"]}}],"collection":[{"href":"https:\/\/larevistadigital.com.ar\/blog\/wp-json\/wp\/v2\/posts"}],"about":[{"href":"https:\/\/larevistadigital.com.ar\/blog\/wp-json\/wp\/v2\/types\/post"}],"author":[{"embeddable":true,"href":"https:\/\/larevistadigital.com.ar\/blog\/wp-json\/wp\/v2\/users\/3"}],"replies":[{"embeddable":true,"href":"https:\/\/larevistadigital.com.ar\/blog\/wp-json\/wp\/v2\/comments?post=7931"}],"version-history":[{"count":1,"href":"https:\/\/larevistadigital.com.ar\/blog\/wp-json\/wp\/v2\/posts\/7931\/revisions"}],"predecessor-version":[{"id":7933,"href":"https:\/\/larevistadigital.com.ar\/blog\/wp-json\/wp\/v2\/posts\/7931\/revisions\/7933"}],"wp:featuredmedia":[{"embeddable":true,"href":"https:\/\/larevistadigital.com.ar\/blog\/wp-json\/wp\/v2\/media\/7932"}],"wp:attachment":[{"href":"https:\/\/larevistadigital.com.ar\/blog\/wp-json\/wp\/v2\/media?parent=7931"}],"wp:term":[{"taxonomy":"category","embeddable":true,"href":"https:\/\/larevistadigital.com.ar\/blog\/wp-json\/wp\/v2\/categories?post=7931"},{"taxonomy":"post_tag","embeddable":true,"href":"https:\/\/larevistadigital.com.ar\/blog\/wp-json\/wp\/v2\/tags?post=7931"}],"curies":[{"name":"wp","href":"https:\/\/api.w.org\/{rel}","templated":true}]}}