{"id":7934,"date":"2019-01-24T22:58:22","date_gmt":"2019-01-24T22:58:22","guid":{"rendered":"https:\/\/larevistadigital.com.ar\/blog\/?p=7934"},"modified":"2019-01-24T22:58:22","modified_gmt":"2019-01-24T22:58:22","slug":"chascomus-muy-buena-noticia-javier-gaston-el-municipio-firmara-convenio-con-el-ministerio-para-terminar-de-construir-el-jardin-908-del-san-cayetano","status":"publish","type":"post","link":"https:\/\/larevistadigital.com.ar\/blog\/chascomus-muy-buena-noticia-javier-gaston-el-municipio-firmara-convenio-con-el-ministerio-para-terminar-de-construir-el-jardin-908-del-san-cayetano\/","title":{"rendered":"CHASCOM\u00daS: \u00a1MUY BUENA NOTICIA! JAVIER GAST\u00d3N: \u201cEL MUNICIPIO FIRMAR\u00c1 CONVENIO CON EL MINISTERIO PARA TERMINAR DE CONSTRUIR EL JARD\u00cdN 908 DEL SAN CAYETANO\u201d"},"content":{"rendered":"<p class=\"notaIntro\">El Intendente Municipal confirm\u00f3 que firmar\u00e1 un convenio con representantes del Ministerio de Educaci\u00f3n, Cultura, Ciencia y tecnolog\u00eda nacional, a cargo de <strong>Alejandro Finocchiaro<\/strong>, para reanudar la obra abandonada desde hace meses.<\/p>\n<p class=\"notaTexto\"><em><strong>\u201cLa educaci\u00f3n de los chicos es una prioridad para nosotros y los vecinos del San Cayetano van a contar con este jard\u00edn que ser\u00e1 muy importante para todo el barrio.\u00a0\u00a0<\/strong><\/em><em><strong>Ellos no tienen que pagar por las incapacidades del resto, y es por eso que el Ministerio nacional confi\u00f3 en nuestra capacidad de gesti\u00f3n y nos traslad\u00f3 esta obra abandonada para que podamos finalizar su construcci\u00f3n\u201d<\/strong><\/em>, expres\u00f3 <strong>Javier Gast\u00f3n<\/strong>.<\/p>\n<p>En este sentido, profesionales de la Oficina T\u00e9cnica de la Secretar\u00eda de Obras P\u00fablicas junto a arquitectos del Ministerio nacional realizaron un relevamiento para observar el estado del edificio y realizar un diagn\u00f3stico que permita elaborar los pliegos correspondientes y diagramar el proceso de licitaci\u00f3n para terminar la obra.<\/p>\n<p>El Jard\u00edn N\u00ba 908 se encuentra en la calle Luis Can\u00e9 y est\u00e1 construido en un 50% seg\u00fan indicaron los profesionales.<\/p>\n<figure id=\"attachment_7936\" aria-describedby=\"caption-attachment-7936\" style=\"width: 1280px\" class=\"wp-caption alignnone\"><a href=\"https:\/\/i0.wp.com\/larevistadigital.com.ar\/blog\/wp-content\/uploads\/2019\/01\/50921725_2255761851111354_2015094399247056896_o.jpg?ssl=1\"><img data-recalc-dims=\"1\" loading=\"lazy\" decoding=\"async\" class=\"size-full wp-image-7936\" src=\"https:\/\/i0.wp.com\/larevistadigital.com.ar\/blog\/wp-content\/uploads\/2019\/01\/50921725_2255761851111354_2015094399247056896_o.jpg?resize=1280%2C768&#038;ssl=1\" alt=\"\" width=\"1280\" height=\"768\" srcset=\"https:\/\/i0.wp.com\/larevistadigital.com.ar\/blog\/wp-content\/uploads\/2019\/01\/50921725_2255761851111354_2015094399247056896_o.jpg?w=1280&amp;ssl=1 1280w, https:\/\/i0.wp.com\/larevistadigital.com.ar\/blog\/wp-content\/uploads\/2019\/01\/50921725_2255761851111354_2015094399247056896_o.jpg?resize=300%2C180&amp;ssl=1 300w, https:\/\/i0.wp.com\/larevistadigital.com.ar\/blog\/wp-content\/uploads\/2019\/01\/50921725_2255761851111354_2015094399247056896_o.jpg?resize=768%2C461&amp;ssl=1 768w, https:\/\/i0.wp.com\/larevistadigital.com.ar\/blog\/wp-content\/uploads\/2019\/01\/50921725_2255761851111354_2015094399247056896_o.jpg?resize=1024%2C614&amp;ssl=1 1024w\" sizes=\"auto, (max-width: 1000px) 100vw, 1000px\" \/><\/a><figcaption id=\"caption-attachment-7936\" class=\"wp-caption-text\"><strong>OBRAS INCONCLUSAS QUE EL MUNICIPIO TERMINAR\u00c1<\/strong><\/figcaption><\/figure>\n<p class=\"notaTexto\">En febrero del 2017 dio inicio la obra a cargo del gobierno nacional y establec\u00eda un plazo de ejecuci\u00f3n de 5 meses. Tras largos incumplimientos, personal del Ministerio de Educaci\u00f3n de la Naci\u00f3n, junto a representantes de la Direcci\u00f3n Provincial de Infraestructura Escolar, intervinieron y procedieron a la rescisi\u00f3n del contrato con la empresa contratista.<\/p>\n<p>El Jard\u00edn de Infantes funciona hace a\u00f1os en las instalaciones de la Escuela Primaria N\u00b045, y teniendo en cuenta el crecimiento demogr\u00e1fico del barrio resultaba necesario la construcci\u00f3n de un establecimiento propio.<\/p>\n","protected":false},"excerpt":{"rendered":"<div class=\"mh-excerpt\"><p>El Intendente Municipal confirm\u00f3 que firmar\u00e1 un convenio con representantes del Ministerio de Educaci\u00f3n, Cultura, Ciencia y tecnolog\u00eda nacional, a cargo de Alejandro Finocchiaro, para reanudar la obra abandonada desde hace meses. \u201cLa educaci\u00f3n de <a class=\"mh-excerpt-more\" href=\"https:\/\/larevistadigital.com.ar\/blog\/chascomus-muy-buena-noticia-javier-gaston-el-municipio-firmara-convenio-con-el-ministerio-para-terminar-de-construir-el-jardin-908-del-san-cayetano\/\" title=\"CHASCOM\u00daS: \u00a1MUY BUENA NOTICIA! JAVIER GAST\u00d3N: \u201cEL MUNICIPIO FIRMAR\u00c1 CONVENIO CON EL MINISTERIO PARA TERMINAR DE CONSTRUIR EL JARD\u00cdN 908 DEL SAN CAYETANO\u201d\">[Leer M\u00e1s]<\/a><\/p>\n<\/div>","protected":false},"author":3,"featured_media":7935,"comment_status":"open","ping_status":"open","sticky":false,"template":"","format":"standard","meta":{"_jetpack_memberships_contains_paid_content":false,"footnotes":"","jetpack_publicize_message":"","jetpack_publicize_feature_enabled":true,"jetpack_social_post_already_shared":true,"jetpack_social_options":{"image_generator_settings":{"template":"highway","default_image_id":0,"font":"","enabled":false},"version":2}},"categories":[6,12],"tags":[],"class_list":{"0":"post-7934","1":"post","2":"type-post","3":"status-publish","4":"format-standard","5":"has-post-thumbnail","7":"category-chascomus","8":"category-politica"},"jetpack_publicize_connections":[],"jetpack_featured_media_url":"https:\/\/i0.wp.com\/larevistadigital.com.ar\/blog\/wp-content\/uploads\/2019\/01\/50630025_2255761834444689_1326653580270108672_o.jpg?fit=1280%2C768&ssl=1","jetpack_sharing_enabled":true,"jetpack_shortlink":"https:\/\/wp.me\/p8qtrQ-23Y","jetpack-related-posts":[{"id":28748,"url":"https:\/\/larevistadigital.com.ar\/blog\/el-intendente-javier-gaston-aseguro-que-seguira-acercando-la-salud-a-los-barrios-y-priorizando-las-aps\/","url_meta":{"origin":7934,"position":0},"title":"CHASCOM\u00daS: JAVIER GAST\u00d3N ASEGUR\u00d3 QUE SEGUIR\u00c1 ACERCANDO LA SALUD A LOS BARRIOS Y PRIORIZANDO LAS APS","author":"Alejandro Sosa Ruda","date":"2 noviembre, 2022","format":false,"excerpt":"As\u00ed lo manifest\u00f3 el intendente de Chascom\u00fas tras monitorear los avances en la construcci\u00f3n de los nuevos CAPS en los barrios Ipor\u00e1 y San Cayetano. 02 de noviembre de 2022 CHASCOM\u00daS -\u00a0 El intendente municipal de Chascom\u00fas, Javier Gast\u00f3n, se acerc\u00f3, primeramente, a la sede de Gabino Ezeiza entre Miguel\u2026","rel":"","context":"En \u00abCHASCOM\u00daS\u00bb","block_context":{"text":"CHASCOM\u00daS","link":"https:\/\/larevistadigital.com.ar\/blog\/category\/chascomus\/"},"img":{"alt_text":"","src":"https:\/\/i0.wp.com\/larevistadigital.com.ar\/blog\/wp-content\/uploads\/GASTON-1.png?fit=799%2C553&ssl=1&resize=350%2C200","width":350,"height":200,"srcset":"https:\/\/i0.wp.com\/larevistadigital.com.ar\/blog\/wp-content\/uploads\/GASTON-1.png?fit=799%2C553&ssl=1&resize=350%2C200 1x, https:\/\/i0.wp.com\/larevistadigital.com.ar\/blog\/wp-content\/uploads\/GASTON-1.png?fit=799%2C553&ssl=1&resize=525%2C300 1.5x, https:\/\/i0.wp.com\/larevistadigital.com.ar\/blog\/wp-content\/uploads\/GASTON-1.png?fit=799%2C553&ssl=1&resize=700%2C400 2x"},"classes":[]},{"id":27457,"url":"https:\/\/larevistadigital.com.ar\/blog\/chascomus-por-gestiones-del-diputado-jose-ignacio-cote-rossi-javier-gaston-firmo-un-convenio-con-medio-ambiente-pba\/","url_meta":{"origin":7934,"position":1},"title":"CHASCOM\u00daS: POR GESTIONES DEL DIPUTADO JOS\u00c9 IGNACIO \u00abCOTE\u00bb ROSSI, JAVIER GAST\u00d3N FIRM\u00d3 UN CONVENIO CON MEDIO AMBIENTE PBA","author":"Alejandro Sosa Ruda","date":"1 septiembre, 2022","format":false,"excerpt":"Se firm\u00f3 con la Ministra de Ambiente de la Provincia de Buenos Aires, Daniela Vilar. Los alcances. CHASCOM\u00daS -\u00a0 Por gestiones del diputado Jos\u00e9 Ignacio \"Cote\" Rossi, se firm\u00f3 un importante convenio entre la Ministro de Ambiente de la Provincia de Buenos Aires, Daniela Vilar y el intendente chascomunense Javier\u2026","rel":"","context":"En \u00abINTERES GENERAL\u00bb","block_context":{"text":"INTERES GENERAL","link":"https:\/\/larevistadigital.com.ar\/blog\/category\/interes-general\/"},"img":{"alt_text":"","src":"https:\/\/i0.wp.com\/larevistadigital.com.ar\/blog\/wp-content\/uploads\/304693538_503419148261624_5646517410135872841_n.jpg?fit=710%2C462&ssl=1&resize=350%2C200","width":350,"height":200,"srcset":"https:\/\/i0.wp.com\/larevistadigital.com.ar\/blog\/wp-content\/uploads\/304693538_503419148261624_5646517410135872841_n.jpg?fit=710%2C462&ssl=1&resize=350%2C200 1x, https:\/\/i0.wp.com\/larevistadigital.com.ar\/blog\/wp-content\/uploads\/304693538_503419148261624_5646517410135872841_n.jpg?fit=710%2C462&ssl=1&resize=525%2C300 1.5x, https:\/\/i0.wp.com\/larevistadigital.com.ar\/blog\/wp-content\/uploads\/304693538_503419148261624_5646517410135872841_n.jpg?fit=710%2C462&ssl=1&resize=700%2C400 2x"},"classes":[]},{"id":28035,"url":"https:\/\/larevistadigital.com.ar\/blog\/hoy-jornada-de-salud-vacunacion-y-salud-bucal-en-el-barrio-san-cayetano\/","url_meta":{"origin":7934,"position":2},"title":"HOY: JORNADA DE SALUD, VACUNACI\u00d3N Y SALUD BUCAL EN EL BARRIO SAN CAYETANO","author":"Alejandro Sosa Ruda","date":"23 septiembre, 2022","format":false,"excerpt":"CHASCOMUS -\u00a0 \u00a0Se realiza en el marco de un convenio entre el Ministerio de Salud y el Club Atl\u00e9tico Boca J\u00faniors, para realizar \"jornadas de salud\". Consiste en lo que es \"vacunaci\u00f3n Covid\" del nuevo calendario, y talleres de salud bucal, dirigido principalmente a los ni\u00f1os. En este caso, el\u2026","rel":"","context":"En \u00abSin categor\u00eda\u00bb","block_context":{"text":"Sin categor\u00eda","link":"https:\/\/larevistadigital.com.ar\/blog\/category\/sin-categoria\/"},"img":{"alt_text":"","src":"https:\/\/i0.wp.com\/larevistadigital.com.ar\/blog\/wp-content\/uploads\/WhatsApp-Image-2022-09-23-at-11.58.15.jpeg?fit=1200%2C900&ssl=1&resize=350%2C200","width":350,"height":200,"srcset":"https:\/\/i0.wp.com\/larevistadigital.com.ar\/blog\/wp-content\/uploads\/WhatsApp-Image-2022-09-23-at-11.58.15.jpeg?fit=1200%2C900&ssl=1&resize=350%2C200 1x, https:\/\/i0.wp.com\/larevistadigital.com.ar\/blog\/wp-content\/uploads\/WhatsApp-Image-2022-09-23-at-11.58.15.jpeg?fit=1200%2C900&ssl=1&resize=525%2C300 1.5x, https:\/\/i0.wp.com\/larevistadigital.com.ar\/blog\/wp-content\/uploads\/WhatsApp-Image-2022-09-23-at-11.58.15.jpeg?fit=1200%2C900&ssl=1&resize=700%2C400 2x, https:\/\/i0.wp.com\/larevistadigital.com.ar\/blog\/wp-content\/uploads\/WhatsApp-Image-2022-09-23-at-11.58.15.jpeg?fit=1200%2C900&ssl=1&resize=1050%2C600 3x"},"classes":[]},{"id":40225,"url":"https:\/\/larevistadigital.com.ar\/blog\/javier-gaston-firmo-un-convenio-para-ampliar-la-oferta-academica-universitaria-en-chascomus\/","url_meta":{"origin":7934,"position":3},"title":"Javier Gast\u00f3n firm\u00f3 un convenio para ampliar la oferta acad\u00e9mica universitaria en Chascom\u00fas","author":"Alejandro Sosa Ruda","date":"30 junio, 2025","format":false,"excerpt":"Durante su participaci\u00f3n en el 3\u00b0 Encuentro Provincial del programa Puentes, el intendente junto al gobernador Axel Kicillof y m\u00e1s de 60 jefes comunalesrubric\u00f3 un acuerdo para el dictado de una nueva diplomatura. 30 de Junio de 2025 CHASCOM\u00daS -\u00a0 \u00a0El intendente Javier Gast\u00f3n y el subsecretario de Infancias y\u2026","rel":"","context":"En \u00abINTERES GENERAL\u00bb","block_context":{"text":"INTERES GENERAL","link":"https:\/\/larevistadigital.com.ar\/blog\/category\/interes-general\/"},"img":{"alt_text":"","src":"https:\/\/i0.wp.com\/larevistadigital.com.ar\/blog\/wp-content\/uploads\/6862bcd751262.png?fit=668%2C445&ssl=1&resize=350%2C200","width":350,"height":200,"srcset":"https:\/\/i0.wp.com\/larevistadigital.com.ar\/blog\/wp-content\/uploads\/6862bcd751262.png?fit=668%2C445&ssl=1&resize=350%2C200 1x, https:\/\/i0.wp.com\/larevistadigital.com.ar\/blog\/wp-content\/uploads\/6862bcd751262.png?fit=668%2C445&ssl=1&resize=525%2C300 1.5x"},"classes":[]},{"id":9192,"url":"https:\/\/larevistadigital.com.ar\/blog\/harispe-firmo-un-convenio-por-22-millones-para-la-obra-del-jardin-901\/","url_meta":{"origin":7934,"position":4},"title":"HARISPE FIRM\u00d3 UN CONVENIO POR 22 MILLONES PARA LA OBRA DEL JARD\u00cdN 901","author":"Alejandro Sosa Ruda","date":"18 marzo, 2019","format":false,"excerpt":"En la jornada del viernes 15 de marzo el Agrim. Arnaldo Harispe firm\u00f3 un convenio por 22 millones de pesos para continuar la obra del nuevo edificio del Jard\u00edn de Infantes N\u00b0 901. Fue en el Palacio Sarmiento, sede del Ministerio de Educaci\u00f3n de la Naci\u00f3n y constituye un paso\u2026","rel":"","context":"En \u00abLEZAMA\u00bb","block_context":{"text":"LEZAMA","link":"https:\/\/larevistadigital.com.ar\/blog\/category\/lezama\/"},"img":{"alt_text":"","src":"https:\/\/i0.wp.com\/larevistadigital.com.ar\/blog\/wp-content\/uploads\/2019\/03\/54434231_1423206361205394_7369438069117681664_n.jpg?fit=600%2C875&ssl=1&resize=350%2C200","width":350,"height":200,"srcset":"https:\/\/i0.wp.com\/larevistadigital.com.ar\/blog\/wp-content\/uploads\/2019\/03\/54434231_1423206361205394_7369438069117681664_n.jpg?fit=600%2C875&ssl=1&resize=350%2C200 1x, https:\/\/i0.wp.com\/larevistadigital.com.ar\/blog\/wp-content\/uploads\/2019\/03\/54434231_1423206361205394_7369438069117681664_n.jpg?fit=600%2C875&ssl=1&resize=525%2C300 1.5x"},"classes":[]},{"id":5360,"url":"https:\/\/larevistadigital.com.ar\/blog\/se-firmara-un-convenio-con-el-ministerio-de-gobierno-para-fortalecer-la-gestion-municipal\/","url_meta":{"origin":7934,"position":5},"title":"SE FIRMAR\u00c1 UN CONVENIO CON EL MINISTERIO DE GOBIERNO PARA FORTALECER LA GESTI\u00d3N MUNICIPAL","author":"admin","date":"29 marzo, 2018","format":false,"excerpt":"El Secretario de Gobierno Cipriano P\u00e9rez del Cerro, mantuvo un encuentro con la Asociaci\u00f3n Civil RIL, para poner en pr\u00e1ctica un programa de fortalecimiento de gesti\u00f3n municipal, orientado a brindar herramientas de profesionalizaci\u00f3n a fin de mejorar el funcionamiento interno del municipio. \u201cLlevamos adelante este encuentro para profundizar una mayor\u2026","rel":"","context":"En \u00abPOLITICA\u00bb","block_context":{"text":"POLITICA","link":"https:\/\/larevistadigital.com.ar\/blog\/category\/politica\/"},"img":{"alt_text":"","src":"https:\/\/i0.wp.com\/larevistadigital.com.ar\/blog\/wp-content\/uploads\/2018\/03\/2018_03_26_10_44_13_3929749.jpg?fit=600%2C401&ssl=1&resize=350%2C200","width":350,"height":200,"srcset":"https:\/\/i0.wp.com\/larevistadigital.com.ar\/blog\/wp-content\/uploads\/2018\/03\/2018_03_26_10_44_13_3929749.jpg?fit=600%2C401&ssl=1&resize=350%2C200 1x, https:\/\/i0.wp.com\/larevistadigital.com.ar\/blog\/wp-content\/uploads\/2018\/03\/2018_03_26_10_44_13_3929749.jpg?fit=600%2C401&ssl=1&resize=525%2C300 1.5x"},"classes":[]}],"_links":{"self":[{"href":"https:\/\/larevistadigital.com.ar\/blog\/wp-json\/wp\/v2\/posts\/7934","targetHints":{"allow":["GET"]}}],"collection":[{"href":"https:\/\/larevistadigital.com.ar\/blog\/wp-json\/wp\/v2\/posts"}],"about":[{"href":"https:\/\/larevistadigital.com.ar\/blog\/wp-json\/wp\/v2\/types\/post"}],"author":[{"embeddable":true,"href":"https:\/\/larevistadigital.com.ar\/blog\/wp-json\/wp\/v2\/users\/3"}],"replies":[{"embeddable":true,"href":"https:\/\/larevistadigital.com.ar\/blog\/wp-json\/wp\/v2\/comments?post=7934"}],"version-history":[{"count":1,"href":"https:\/\/larevistadigital.com.ar\/blog\/wp-json\/wp\/v2\/posts\/7934\/revisions"}],"predecessor-version":[{"id":7937,"href":"https:\/\/larevistadigital.com.ar\/blog\/wp-json\/wp\/v2\/posts\/7934\/revisions\/7937"}],"wp:featuredmedia":[{"embeddable":true,"href":"https:\/\/larevistadigital.com.ar\/blog\/wp-json\/wp\/v2\/media\/7935"}],"wp:attachment":[{"href":"https:\/\/larevistadigital.com.ar\/blog\/wp-json\/wp\/v2\/media?parent=7934"}],"wp:term":[{"taxonomy":"category","embeddable":true,"href":"https:\/\/larevistadigital.com.ar\/blog\/wp-json\/wp\/v2\/categories?post=7934"},{"taxonomy":"post_tag","embeddable":true,"href":"https:\/\/larevistadigital.com.ar\/blog\/wp-json\/wp\/v2\/tags?post=7934"}],"curies":[{"name":"wp","href":"https:\/\/api.w.org\/{rel}","templated":true}]}}