{"id":7938,"date":"2019-01-24T23:28:28","date_gmt":"2019-01-24T23:28:28","guid":{"rendered":"https:\/\/larevistadigital.com.ar\/blog\/?p=7938"},"modified":"2019-01-24T23:39:45","modified_gmt":"2019-01-24T23:39:45","slug":"chascomus-nuevamente-intentan-estafar-a-personas-con-llamados-falsos-de-anses","status":"publish","type":"post","link":"https:\/\/larevistadigital.com.ar\/blog\/chascomus-nuevamente-intentan-estafar-a-personas-con-llamados-falsos-de-anses\/","title":{"rendered":"CHASCOM\u00daS: NUEVAMENTE INTENTAN ESTAFAR A PERSONAS CON LLAMADOS FALSOS DE ANSES"},"content":{"rendered":"<p>Otra vez han ocurrido llamados falsos, diciendo que son de Ans\u00e9s, y que tienen un reajuste para el cobro, dando una direcci\u00f3n y el nombre de un falso abogado, para as\u00ed apropiarse de los datos personales de los damnificados.<\/p>\n<p>La se\u00f1ora Olga Susana Fayos,\u00a0 cont\u00f3 que la llamaron, dando el nombre de \u00abFranco Ezequiel Pagani\u00bb y que la llamaba de parte de Anses, para cobrar un reajuste de $35.000.- pero la se\u00f1ora sospech\u00f3 en el acto, ya que no tiene nada pendiente de cobro.<\/p>\n<blockquote>\n<h2>De esta manera, la mujer hizo la denuncia en Anses, y en la polic\u00eda, para que de esta manera no se tome por sorpresa a otras personas que estafadas en su buena fe, brinden sus datos personales y su CBU.<\/h2>\n<\/blockquote>\n<p>La gerente de Ans\u00e9s,\u00a0\u00a0<strong>Carolina Vieira<\/strong>, hizo algunas investigaciones, asegurando que los abogados mencionados no existen, y que los llamados proven\u00edan de C\u00f3rdoba y de Rosario.<\/p>\n<h2><em>Igualmente, <strong>Vieira<\/strong> dej\u00f3 bien en claro que Anses no se maneja de manera telef\u00f3nica para ninguno de estos tr\u00e1mites.<\/em><\/h2>\n<p>fuente: SOMOSNOTICIASCHASCOMUS<\/p>\n","protected":false},"excerpt":{"rendered":"<div class=\"mh-excerpt\"><p>Otra vez han ocurrido llamados falsos, diciendo que son de Ans\u00e9s, y que tienen un reajuste para el cobro, dando una direcci\u00f3n y el nombre de un falso abogado, para as\u00ed apropiarse de los datos <a class=\"mh-excerpt-more\" href=\"https:\/\/larevistadigital.com.ar\/blog\/chascomus-nuevamente-intentan-estafar-a-personas-con-llamados-falsos-de-anses\/\" title=\"CHASCOM\u00daS: NUEVAMENTE INTENTAN ESTAFAR A PERSONAS CON LLAMADOS FALSOS DE ANSES\">[Leer M\u00e1s]<\/a><\/p>\n<\/div>","protected":false},"author":3,"featured_media":7943,"comment_status":"open","ping_status":"open","sticky":false,"template":"","format":"standard","meta":{"_jetpack_memberships_contains_paid_content":false,"footnotes":"","jetpack_publicize_message":"","jetpack_publicize_feature_enabled":true,"jetpack_social_post_already_shared":true,"jetpack_social_options":{"image_generator_settings":{"template":"highway","default_image_id":0,"font":"","enabled":false},"version":2}},"categories":[41],"tags":[],"class_list":{"0":"post-7938","1":"post","2":"type-post","3":"status-publish","4":"format-standard","5":"has-post-thumbnail","7":"category-destacadas"},"jetpack_publicize_connections":[],"jetpack_featured_media_url":"https:\/\/i0.wp.com\/larevistadigital.com.ar\/blog\/wp-content\/uploads\/2019\/01\/WhatsApp-Image-2019-01-24-at-20.25.29-1kk.jpg?fit=855%2C833&ssl=1","jetpack_sharing_enabled":true,"jetpack_shortlink":"https:\/\/wp.me\/p8qtrQ-242","jetpack-related-posts":[{"id":6105,"url":"https:\/\/larevistadigital.com.ar\/blog\/anses-aclaro-que-no-solicita-datos-por-via-telefonica\/","url_meta":{"origin":7938,"position":0},"title":"ANSES ACLAR\u00d3 QUE NO SOLICITA DATOS POR V\u00cdA TELEF\u00d3NICA","author":"Alejandro Sosa Ruda","date":"30 julio, 2018","format":false,"excerpt":"Ante m\u00faltiples denuncias en diversos puntos del pa\u00eds de personas que llaman por tel\u00e9fono, en su mayor\u00eda a adultos mayores, para solicitar informaci\u00f3n y datos personales, ANSES recuerda que no se comunica telef\u00f3nicamente para requerir datos de tarjetas de d\u00e9bito o claves bancarias de ning\u00fan tipo y en ning\u00fan caso.\u2026","rel":"","context":"En \u00abDESTACADAS\u00bb","block_context":{"text":"DESTACADAS","link":"https:\/\/larevistadigital.com.ar\/blog\/category\/destacadas\/"},"img":{"alt_text":"","src":"https:\/\/i0.wp.com\/larevistadigital.com.ar\/blog\/wp-content\/uploads\/2018\/07\/ANSES-1.jpg?fit=1200%2C562&ssl=1&resize=350%2C200","width":350,"height":200,"srcset":"https:\/\/i0.wp.com\/larevistadigital.com.ar\/blog\/wp-content\/uploads\/2018\/07\/ANSES-1.jpg?fit=1200%2C562&ssl=1&resize=350%2C200 1x, https:\/\/i0.wp.com\/larevistadigital.com.ar\/blog\/wp-content\/uploads\/2018\/07\/ANSES-1.jpg?fit=1200%2C562&ssl=1&resize=525%2C300 1.5x, https:\/\/i0.wp.com\/larevistadigital.com.ar\/blog\/wp-content\/uploads\/2018\/07\/ANSES-1.jpg?fit=1200%2C562&ssl=1&resize=700%2C400 2x, https:\/\/i0.wp.com\/larevistadigital.com.ar\/blog\/wp-content\/uploads\/2018\/07\/ANSES-1.jpg?fit=1200%2C562&ssl=1&resize=1050%2C600 3x"},"classes":[]},{"id":36825,"url":"https:\/\/larevistadigital.com.ar\/blog\/dolores-ahora-una-estafa-telefonico-donde-mencionan-un-cobro-retroactivo-de-anses\/","url_meta":{"origin":7938,"position":1},"title":"DOLORES: AHORA UNA ESTAFA TELEF\u00d3NICO DONDE MENCIONAN UN COBRO RETROACTIVO DE ANSES","author":"Alejandro Sosa Ruda","date":"28 julio, 2024","format":false,"excerpt":"La persona que llama usa los datos de un profesional existente y organiza un discurso con muchos datos comprobables. 28 de Julio de 2024 DOLORES -\u00a0 Al parecer lo que m\u00e1s sobra a los delincuentes, es la imaginaci\u00f3n y creatividad, que lamentablemente la usan para delinquir y estafar a gente\u2026","rel":"","context":"En \u00abPOLICIALES\u00bb","block_context":{"text":"POLICIALES","link":"https:\/\/larevistadigital.com.ar\/blog\/category\/policiales\/"},"img":{"alt_text":"","src":"https:\/\/i0.wp.com\/larevistadigital.com.ar\/blog\/wp-content\/uploads\/Estafas.jpg?fit=800%2C450&ssl=1&resize=350%2C200","width":350,"height":200,"srcset":"https:\/\/i0.wp.com\/larevistadigital.com.ar\/blog\/wp-content\/uploads\/Estafas.jpg?fit=800%2C450&ssl=1&resize=350%2C200 1x, https:\/\/i0.wp.com\/larevistadigital.com.ar\/blog\/wp-content\/uploads\/Estafas.jpg?fit=800%2C450&ssl=1&resize=525%2C300 1.5x, https:\/\/i0.wp.com\/larevistadigital.com.ar\/blog\/wp-content\/uploads\/Estafas.jpg?fit=800%2C450&ssl=1&resize=700%2C400 2x"},"classes":[]},{"id":25365,"url":"https:\/\/larevistadigital.com.ar\/blog\/anses-cuando-cobran-el-proximo-sueldo-y-aguinaldo-con-aumento-los-jubilados-y-pensionados\/","url_meta":{"origin":7938,"position":2},"title":"ANSES: CUANDO COBRAN EL PR\u00d3XIMO SUELDO Y AGUINALDO CON AUMENTO LOS JUBILADOS Y PENSIONADOS","author":"Alejandro Sosa Ruda","date":"23 mayo, 2022","format":false,"excerpt":"La ANSES deber\u00e1 abonar el aguinaldo teniendo en cuenta el aumento del 15% que confirm\u00f3 el Gobierno. La\u00a0Administraci\u00f3n Nacional de la Seguridad Social (ANSES)\u00a0confirm\u00f3 que\u00a0a partir de junio\u00a0comenzar\u00e1 a regir el\u00a0segundo aumento trimestral de 2022\u00a0para las\u00a0jubilaciones, pensiones y asignaciones. En detalle, este grupo social recibir\u00e1 un aumento del 15% y,\u2026","rel":"","context":"En \u00abDESTACADAS\u00bb","block_context":{"text":"DESTACADAS","link":"https:\/\/larevistadigital.com.ar\/blog\/category\/destacadas\/"},"img":{"alt_text":"","src":"https:\/\/i0.wp.com\/larevistadigital.com.ar\/blog\/wp-content\/uploads\/2018\/07\/ANSES-1.jpg?fit=1200%2C562&ssl=1&resize=350%2C200","width":350,"height":200,"srcset":"https:\/\/i0.wp.com\/larevistadigital.com.ar\/blog\/wp-content\/uploads\/2018\/07\/ANSES-1.jpg?fit=1200%2C562&ssl=1&resize=350%2C200 1x, https:\/\/i0.wp.com\/larevistadigital.com.ar\/blog\/wp-content\/uploads\/2018\/07\/ANSES-1.jpg?fit=1200%2C562&ssl=1&resize=525%2C300 1.5x, https:\/\/i0.wp.com\/larevistadigital.com.ar\/blog\/wp-content\/uploads\/2018\/07\/ANSES-1.jpg?fit=1200%2C562&ssl=1&resize=700%2C400 2x, https:\/\/i0.wp.com\/larevistadigital.com.ar\/blog\/wp-content\/uploads\/2018\/07\/ANSES-1.jpg?fit=1200%2C562&ssl=1&resize=1050%2C600 3x"},"classes":[]},{"id":10548,"url":"https:\/\/larevistadigital.com.ar\/blog\/anses-difundio-el-cronograma-de-pago-de-aguinaldos\/","url_meta":{"origin":7938,"position":3},"title":"ANSES DIFUNDI\u00d3 EL CRONOGRAMA DE PAGO DE AGUINALDOS","author":"Alejandro Sosa Ruda","date":"11 junio, 2019","format":false,"excerpt":"La Administraci\u00f3n Nacional de Seguridad dio a conocer las fechas de cu\u00e1ndo los beneficiarios de Jubilaciones y Pensiones NO Contributivas cobrar\u00e1n el aguinaldo. En la informaci\u00f3n publicada en la p\u00e1gina oficial del organismo, no se especifica si los beneficiarios de la Asignaci\u00f3n Universal por Hijo cobrar\u00e1n este beneficio. Con respecto\u2026","rel":"","context":"En \u00abPOLITICA\u00bb","block_context":{"text":"POLITICA","link":"https:\/\/larevistadigital.com.ar\/blog\/category\/politica\/"},"img":{"alt_text":"","src":"https:\/\/i0.wp.com\/larevistadigital.com.ar\/blog\/wp-content\/uploads\/2018\/07\/ANSES-1.jpg?fit=1200%2C562&ssl=1&resize=350%2C200","width":350,"height":200,"srcset":"https:\/\/i0.wp.com\/larevistadigital.com.ar\/blog\/wp-content\/uploads\/2018\/07\/ANSES-1.jpg?fit=1200%2C562&ssl=1&resize=350%2C200 1x, https:\/\/i0.wp.com\/larevistadigital.com.ar\/blog\/wp-content\/uploads\/2018\/07\/ANSES-1.jpg?fit=1200%2C562&ssl=1&resize=525%2C300 1.5x, https:\/\/i0.wp.com\/larevistadigital.com.ar\/blog\/wp-content\/uploads\/2018\/07\/ANSES-1.jpg?fit=1200%2C562&ssl=1&resize=700%2C400 2x, https:\/\/i0.wp.com\/larevistadigital.com.ar\/blog\/wp-content\/uploads\/2018\/07\/ANSES-1.jpg?fit=1200%2C562&ssl=1&resize=1050%2C600 3x"},"classes":[]},{"id":6855,"url":"https:\/\/larevistadigital.com.ar\/blog\/alerta-por-banda-que-se-hace-pasar-por-trabajadores-de-anses-y-estafa-a-jubilados\/","url_meta":{"origin":7938,"position":4},"title":"ALERTA POR BANDA QUE SE HACE PASAR POR TRABAJADORES DE ANSES Y ESTAFA A JUBILADOS","author":"Alejandro Sosa Ruda","date":"15 octubre, 2018","format":false,"excerpt":"Les piden una transferencia bancaria para mejorar la suma percibida por la \"Reparaci\u00f3n Hist\u00f3rica\" Una banda de estafadores tiene en vilo a todos los adultos mayores de una ciudad del interior bonaerense. Se hacen pasar por empleados de la Anses y les piden que les hagan transferencias bancarias. Seg\u00fan publica\u2026","rel":"","context":"En \u00abPOLICIALES\u00bb","block_context":{"text":"POLICIALES","link":"https:\/\/larevistadigital.com.ar\/blog\/category\/policiales\/"},"img":{"alt_text":"","src":"https:\/\/i0.wp.com\/larevistadigital.com.ar\/blog\/wp-content\/uploads\/2018\/10\/telefono-jubilada.jpg?fit=929%2C523&ssl=1&resize=350%2C200","width":350,"height":200,"srcset":"https:\/\/i0.wp.com\/larevistadigital.com.ar\/blog\/wp-content\/uploads\/2018\/10\/telefono-jubilada.jpg?fit=929%2C523&ssl=1&resize=350%2C200 1x, https:\/\/i0.wp.com\/larevistadigital.com.ar\/blog\/wp-content\/uploads\/2018\/10\/telefono-jubilada.jpg?fit=929%2C523&ssl=1&resize=525%2C300 1.5x, https:\/\/i0.wp.com\/larevistadigital.com.ar\/blog\/wp-content\/uploads\/2018\/10\/telefono-jubilada.jpg?fit=929%2C523&ssl=1&resize=700%2C400 2x"},"classes":[]},{"id":23963,"url":"https:\/\/larevistadigital.com.ar\/blog\/como-sera-la-ayuda-escolar-de-anses-2022-para-quienes-y-cuanto-sera-el-monto\/","url_meta":{"origin":7938,"position":5},"title":"COMO SER\u00c1 LA AYUDA ESCOLAR DE ANSES 2022. PARA QUI\u00c9NES Y CUANTO SER\u00c1 EL MONTO","author":"Alejandro Sosa Ruda","date":"12 febrero, 2022","format":false,"excerpt":"Desde el organismo brindaron detalles sobre el beneficio. Cu\u00e1les son los requisitos. La Administraci\u00f3n Nacional de Seguridad Social (ANSES) otorgar\u00e1 la\u00a0Ayuda Escolar Anual 2022, destinada a padres o madres con hijos en edad escolar que cobren la\u00a0Asignaci\u00f3n Universal por Hijo (AUH) o asignaciones familiares. La Ayuda Escolar Anual se cobrar\u00e1\u2026","rel":"","context":"En \u00abINTERES GENERAL\u00bb","block_context":{"text":"INTERES GENERAL","link":"https:\/\/larevistadigital.com.ar\/blog\/category\/interes-general\/"},"img":{"alt_text":"","src":"https:\/\/i0.wp.com\/larevistadigital.com.ar\/blog\/wp-content\/uploads\/utiles-escolares.jpg?fit=1200%2C800&ssl=1&resize=350%2C200","width":350,"height":200,"srcset":"https:\/\/i0.wp.com\/larevistadigital.com.ar\/blog\/wp-content\/uploads\/utiles-escolares.jpg?fit=1200%2C800&ssl=1&resize=350%2C200 1x, https:\/\/i0.wp.com\/larevistadigital.com.ar\/blog\/wp-content\/uploads\/utiles-escolares.jpg?fit=1200%2C800&ssl=1&resize=525%2C300 1.5x, https:\/\/i0.wp.com\/larevistadigital.com.ar\/blog\/wp-content\/uploads\/utiles-escolares.jpg?fit=1200%2C800&ssl=1&resize=700%2C400 2x, https:\/\/i0.wp.com\/larevistadigital.com.ar\/blog\/wp-content\/uploads\/utiles-escolares.jpg?fit=1200%2C800&ssl=1&resize=1050%2C600 3x"},"classes":[]}],"_links":{"self":[{"href":"https:\/\/larevistadigital.com.ar\/blog\/wp-json\/wp\/v2\/posts\/7938","targetHints":{"allow":["GET"]}}],"collection":[{"href":"https:\/\/larevistadigital.com.ar\/blog\/wp-json\/wp\/v2\/posts"}],"about":[{"href":"https:\/\/larevistadigital.com.ar\/blog\/wp-json\/wp\/v2\/types\/post"}],"author":[{"embeddable":true,"href":"https:\/\/larevistadigital.com.ar\/blog\/wp-json\/wp\/v2\/users\/3"}],"replies":[{"embeddable":true,"href":"https:\/\/larevistadigital.com.ar\/blog\/wp-json\/wp\/v2\/comments?post=7938"}],"version-history":[{"count":3,"href":"https:\/\/larevistadigital.com.ar\/blog\/wp-json\/wp\/v2\/posts\/7938\/revisions"}],"predecessor-version":[{"id":7944,"href":"https:\/\/larevistadigital.com.ar\/blog\/wp-json\/wp\/v2\/posts\/7938\/revisions\/7944"}],"wp:featuredmedia":[{"embeddable":true,"href":"https:\/\/larevistadigital.com.ar\/blog\/wp-json\/wp\/v2\/media\/7943"}],"wp:attachment":[{"href":"https:\/\/larevistadigital.com.ar\/blog\/wp-json\/wp\/v2\/media?parent=7938"}],"wp:term":[{"taxonomy":"category","embeddable":true,"href":"https:\/\/larevistadigital.com.ar\/blog\/wp-json\/wp\/v2\/categories?post=7938"},{"taxonomy":"post_tag","embeddable":true,"href":"https:\/\/larevistadigital.com.ar\/blog\/wp-json\/wp\/v2\/tags?post=7938"}],"curies":[{"name":"wp","href":"https:\/\/api.w.org\/{rel}","templated":true}]}}