{"id":7945,"date":"2019-01-25T03:32:00","date_gmt":"2019-01-25T03:32:00","guid":{"rendered":"https:\/\/larevistadigital.com.ar\/blog\/?p=7945"},"modified":"2019-01-25T16:40:30","modified_gmt":"2019-01-25T16:40:30","slug":"chascomus-encuentran-persona-ahogada-en-la-laguna","status":"publish","type":"post","link":"https:\/\/larevistadigital.com.ar\/blog\/chascomus-encuentran-persona-ahogada-en-la-laguna\/","title":{"rendered":"CHASCOMUS: ENCUENTRAN PERSONA AHOGADA EN LA LAGUNA"},"content":{"rendered":"<p>Hace aproximadamente una hora en su perfil de la red social Fecebook, el vecino <strong>Miguel Angel Tocci<\/strong> dio a conocer una situaci\u00f3n que le toc\u00f3 vivir, cuando seg\u00fan narr\u00f3 <em><strong>\u00abfinaliz\u00e1bamos junto a Oscar Berrueta y Gabriel Grimaldi de hacer 3000 mts. de fondo, y\u00a0una moto de agua se acerca a toda velocidad al puesto de guardavidas de Atalaya a informar que hab\u00eda un nadador flotando mas all\u00e1 del medio de la laguna cerca de Puerto Chascomus\u00bb<\/strong><\/em><\/p>\n<p>Vamos a reproducir lo escrito por <strong>Tocci<\/strong>, que, conocedor de nuestra laguna brinda algunos consejos que ser\u00eda muy importante tener en cuenta.<\/p>\n<p><strong>AQU\u00cd LA PUBLICACI\u00d3N:<\/strong><\/p>\n<p><em><strong>Otro nadador fallecido que se lleva la laguna , no tememos idea por que fue, ni quien es hasta el momento que den parte oficial. Esta situaci\u00f3n ocurri\u00f3 cuando finaliz\u00e1bamos junto a Oscar Berrueta y Grabriel Grimaldi de hacer 3000 mts. de fondo , una moto de agua se acerca a toda velocidad al puesto de guardavidas de Atalaya a informar que hab\u00eda un nadador flotando mas all\u00e1 del medio de la laguna cerca de Puerto Chascomus , parte raudamente Leo de Seguridad Lacustre y el otro\u00a0<span class=\"text_exposed_show\">timonel ambos en motos de agua. De mi parte, en forma inmediata ya que tenia su celular, env\u00edo comunicaci\u00f3n a Raul de Seguridad Lacustre para informarle lo sucedido y se dirija a tomar su embarcaci\u00f3n.<br \/>\nSiempre digo que ay que tenerle mucho respeto a la laguna de Chascomus, es muy grande. La gente cree que es un espejo lacustre manso y tranquilo como el d\u00eda de hoy , los d\u00edas as\u00ed con mucho sol el agua se convierte en un espejo que encandila muy fuerte y pueden no verte o el agua toma tanta temperatura que puedes deshidratarte muy r\u00e1pidamente y tener una descompensacion abrupta , o tornarse de pronto en la mas brava con un oleaje muy complejo distinto al mar&#8230;. Hoy unos minutos antes de lo sucedido los que tenemos el ojo mas canchero dentro del resplandor de la tarde vimos muy peque\u00f1os para ese lado dos nadadores muy adentro y solos, uno con torpedo , no se si tendr\u00e1 algo que ver con lo sucedido, pero por eso digo mucho respeto , todos los recaudos , nunca salir hacer esas locuras de cruces largos o solitarios sin antes avisar a las autoridades y tener apoyo&#8230;. otra vida que se lleva nuestra querida laguna.<\/span><\/strong><\/em><\/p>\n<p>Pudimos confirmar que el fallecido es el se\u00f1or <strong>Eduardo Angel Zabaleta<\/strong>, de 64 a\u00f1os de edad.<\/p>\n<p>&nbsp;<\/p>\n<p><em><strong><span class=\"text_exposed_show\">NOTICIA EN DESARROLLO\u00a0<\/span><\/strong><\/em><\/p>\n","protected":false},"excerpt":{"rendered":"<div class=\"mh-excerpt\"><p>Hace aproximadamente una hora en su perfil de la red social Fecebook, el vecino Miguel Angel Tocci dio a conocer una situaci\u00f3n que le toc\u00f3 vivir, cuando seg\u00fan narr\u00f3 \u00abfinaliz\u00e1bamos junto a Oscar Berrueta y <a class=\"mh-excerpt-more\" href=\"https:\/\/larevistadigital.com.ar\/blog\/chascomus-encuentran-persona-ahogada-en-la-laguna\/\" title=\"CHASCOMUS: ENCUENTRAN PERSONA AHOGADA EN LA LAGUNA\">[Leer M\u00e1s]<\/a><\/p>\n<\/div>","protected":false},"author":3,"featured_media":7946,"comment_status":"open","ping_status":"open","sticky":false,"template":"","format":"standard","meta":{"_jetpack_memberships_contains_paid_content":false,"footnotes":"","jetpack_publicize_message":"","jetpack_publicize_feature_enabled":true,"jetpack_social_post_already_shared":true,"jetpack_social_options":{"image_generator_settings":{"template":"highway","default_image_id":0,"font":"","enabled":false},"version":2}},"categories":[6,12],"tags":[],"class_list":{"0":"post-7945","1":"post","2":"type-post","3":"status-publish","4":"format-standard","5":"has-post-thumbnail","7":"category-chascomus","8":"category-politica"},"jetpack_publicize_connections":[],"jetpack_featured_media_url":"https:\/\/i0.wp.com\/larevistadigital.com.ar\/blog\/wp-content\/uploads\/2019\/01\/50398067_2308129095899072_931611971671818240_n.jpg?fit=960%2C566&ssl=1","jetpack_sharing_enabled":true,"jetpack_shortlink":"https:\/\/wp.me\/p8qtrQ-249","jetpack-related-posts":[{"id":44418,"url":"https:\/\/larevistadigital.com.ar\/blog\/chascomus-el-cruce-de-la-laguna-convoco-a-casi-200-nadadores\/","url_meta":{"origin":7945,"position":0},"title":"Chascom\u00fas: El Cruce de la Laguna convoc\u00f3 a casi 200 nadadores","author":"Alejandro Sosa Ruda","date":"9 marzo, 2026","format":false,"excerpt":"Ezequiel L\u00f3pez se qued\u00f3 con la Copa Domingo Catalino tras completar el recorrido en 42 minutos. 09 de marzo de 2026 CHASCOM\u00daS\u00a0 -\u00a0 \u00a0El s\u00e1bado se llev\u00f3 a cabo una nueva edici\u00f3n del Cruce de la Laguna, la tradicional competencia de aguas abiertas organizada por el Club de Regatas junto\u2026","rel":"","context":"En \u00abCHASCOM\u00daS\u00bb","block_context":{"text":"CHASCOM\u00daS","link":"https:\/\/larevistadigital.com.ar\/blog\/category\/chascomus\/"},"img":{"alt_text":"","src":"https:\/\/i0.wp.com\/larevistadigital.com.ar\/blog\/wp-content\/uploads\/69af07cea7a5b.png?fit=668%2C445&ssl=1&resize=350%2C200","width":350,"height":200,"srcset":"https:\/\/i0.wp.com\/larevistadigital.com.ar\/blog\/wp-content\/uploads\/69af07cea7a5b.png?fit=668%2C445&ssl=1&resize=350%2C200 1x, https:\/\/i0.wp.com\/larevistadigital.com.ar\/blog\/wp-content\/uploads\/69af07cea7a5b.png?fit=668%2C445&ssl=1&resize=525%2C300 1.5x"},"classes":[]},{"id":40896,"url":"https:\/\/larevistadigital.com.ar\/blog\/chascomus-fueron-detectados-pescadores-furtivos-en-la-laguna-durante-la-madrugada\/","url_meta":{"origin":7945,"position":1},"title":"Chascom\u00fas: Fueron detectados pescadores furtivos en la laguna durante la madrugada","author":"Alejandro Sosa Ruda","date":"13 agosto, 2025","format":false,"excerpt":"Gracias a una intervenci\u00f3n conjunta de la Patrulla de Prevenci\u00f3n Municipal y la Polic\u00eda Rural. 13 de Agosto de 2025 CHASCOM\u00daS -\u00a0 \u00a0En un operativo realizado en horas de la madrugada, la Patrulla de Prevenci\u00f3n Municipal identific\u00f3 una situaci\u00f3n de pesca furtiva en la zona de la Costanera, entre las\u2026","rel":"","context":"En \u00abCHASCOM\u00daS\u00bb","block_context":{"text":"CHASCOM\u00daS","link":"https:\/\/larevistadigital.com.ar\/blog\/category\/chascomus\/"},"img":{"alt_text":"","src":"https:\/\/i0.wp.com\/larevistadigital.com.ar\/blog\/wp-content\/uploads\/689ccefc8cd84.png?fit=668%2C445&ssl=1&resize=350%2C200","width":350,"height":200,"srcset":"https:\/\/i0.wp.com\/larevistadigital.com.ar\/blog\/wp-content\/uploads\/689ccefc8cd84.png?fit=668%2C445&ssl=1&resize=350%2C200 1x, https:\/\/i0.wp.com\/larevistadigital.com.ar\/blog\/wp-content\/uploads\/689ccefc8cd84.png?fit=668%2C445&ssl=1&resize=525%2C300 1.5x"},"classes":[]},{"id":27143,"url":"https:\/\/larevistadigital.com.ar\/blog\/chascomus-importante-tarea-de-limpieza-en-la-laguna\/","url_meta":{"origin":7945,"position":2},"title":"CHASCOM\u00daS: IMPORTANTE TAREA DE LIMPIEZA EN LA LAGUNA","author":"Alejandro Sosa Ruda","date":"19 agosto, 2022","format":false,"excerpt":"Se hicieron trabajos para cuidar el ecosistema. quitando residuos y peces muertos por falta de oxigeno a causa de la poca agua. La opini\u00f3n de Gustavo Berasain al respecto. CHASCOM\u00daS -\u00a0 En los \u00faltimos tiempos, se ha podido apreciar entre otras cosas una gran mortandad de peces en la laguna\u2026","rel":"","context":"En \u00abCHASCOM\u00daS\u00bb","block_context":{"text":"CHASCOM\u00daS","link":"https:\/\/larevistadigital.com.ar\/blog\/category\/chascomus\/"},"img":{"alt_text":"","src":"https:\/\/i0.wp.com\/larevistadigital.com.ar\/blog\/wp-content\/uploads\/WhatsApp-Image-2022-08-17-at-4.46.07-PM.jpeg?fit=1200%2C547&ssl=1&resize=350%2C200","width":350,"height":200,"srcset":"https:\/\/i0.wp.com\/larevistadigital.com.ar\/blog\/wp-content\/uploads\/WhatsApp-Image-2022-08-17-at-4.46.07-PM.jpeg?fit=1200%2C547&ssl=1&resize=350%2C200 1x, https:\/\/i0.wp.com\/larevistadigital.com.ar\/blog\/wp-content\/uploads\/WhatsApp-Image-2022-08-17-at-4.46.07-PM.jpeg?fit=1200%2C547&ssl=1&resize=525%2C300 1.5x, https:\/\/i0.wp.com\/larevistadigital.com.ar\/blog\/wp-content\/uploads\/WhatsApp-Image-2022-08-17-at-4.46.07-PM.jpeg?fit=1200%2C547&ssl=1&resize=700%2C400 2x, https:\/\/i0.wp.com\/larevistadigital.com.ar\/blog\/wp-content\/uploads\/WhatsApp-Image-2022-08-17-at-4.46.07-PM.jpeg?fit=1200%2C547&ssl=1&resize=1050%2C600 3x"},"classes":[]},{"id":38342,"url":"https:\/\/larevistadigital.com.ar\/blog\/chascomus-todo-listo-para-el-primer-acuatlon\/","url_meta":{"origin":7945,"position":3},"title":"Chascom\u00fas: Todo listo para el primer acuatl\u00f3n","author":"Alejandro Sosa Ruda","date":"19 diciembre, 2024","format":false,"excerpt":"Deportistas locales y de otras ciudades aceptaron el nuevo desaf\u00edo que propone la Municipalidad de Chascom\u00fas 19 de diciembre de 2024 CHASCOM\u00daS -\u00a0 Este domingo se realizar\u00e1 el primer acuatl\u00f3n de la ciudad. El evento tendr\u00e1 lugar en la Asociaci\u00f3n Pesca y N\u00e1utica, Av. Lastra y Costanera, a partir de\u2026","rel":"","context":"En \u00abCHASCOM\u00daS\u00bb","block_context":{"text":"CHASCOM\u00daS","link":"https:\/\/larevistadigital.com.ar\/blog\/category\/chascomus\/"},"img":{"alt_text":"","src":"https:\/\/i0.wp.com\/larevistadigital.com.ar\/blog\/wp-content\/uploads\/67645d45686a7.png?fit=668%2C445&ssl=1&resize=350%2C200","width":350,"height":200,"srcset":"https:\/\/i0.wp.com\/larevistadigital.com.ar\/blog\/wp-content\/uploads\/67645d45686a7.png?fit=668%2C445&ssl=1&resize=350%2C200 1x, https:\/\/i0.wp.com\/larevistadigital.com.ar\/blog\/wp-content\/uploads\/67645d45686a7.png?fit=668%2C445&ssl=1&resize=525%2C300 1.5x"},"classes":[]},{"id":42725,"url":"https:\/\/larevistadigital.com.ar\/blog\/chascomus-laguna-en-nivel-critico-advierten-por-riesgos-y-piden-extremar-cuidados\/","url_meta":{"origin":7945,"position":4},"title":"Chascom\u00fas: Laguna en nivel cr\u00edtico&#8230; advierten por riesgos y piden extremar cuidados","author":"Alejandro Sosa Ruda","date":"3 diciembre, 2025","format":false,"excerpt":"Marcelo Opici, responsable de Seguridad Lacustre, explic\u00f3 en \u201cAtaque de Radio\u201d por qu\u00e9 la laguna est\u00e1 tan alta y qu\u00e9 medidas deben tomar vecinos y turistas. 03 de Diciembre de 2025 CHASCOM\u00daS -\u00a0 \u00a0El notable incremento en el nivel del agua de la laguna de Chascom\u00fas no pas\u00f3 desapercibido en\u2026","rel":"","context":"En \u00abATAQUE DE RADIO\u00bb","block_context":{"text":"ATAQUE DE RADIO","link":"https:\/\/larevistadigital.com.ar\/blog\/category\/ataque-de-radio\/"},"img":{"alt_text":"","src":"https:\/\/i0.wp.com\/larevistadigital.com.ar\/blog\/wp-content\/uploads\/Captura-de-pantalla-2025-12-03-204055.jpg?fit=686%2C379&ssl=1&resize=350%2C200","width":350,"height":200,"srcset":"https:\/\/i0.wp.com\/larevistadigital.com.ar\/blog\/wp-content\/uploads\/Captura-de-pantalla-2025-12-03-204055.jpg?fit=686%2C379&ssl=1&resize=350%2C200 1x, https:\/\/i0.wp.com\/larevistadigital.com.ar\/blog\/wp-content\/uploads\/Captura-de-pantalla-2025-12-03-204055.jpg?fit=686%2C379&ssl=1&resize=525%2C300 1.5x"},"classes":[]},{"id":42462,"url":"https:\/\/larevistadigital.com.ar\/blog\/un-turista-fallecio-tras-descompensarse-mientras-pescaba-en-la-laguna-de-chascomus\/","url_meta":{"origin":7945,"position":5},"title":"Un turista falleci\u00f3 tras descompensarse mientras pescaba en la laguna de Chascom\u00fas","author":"Alejandro Sosa Ruda","date":"14 noviembre, 2025","format":false,"excerpt":"El hombre, de 55 a\u00f1os y oriundo de Florencio Varela, sufri\u00f3 una descompensaci\u00f3n mientras pescaba con amigos. Pese a recibir atenci\u00f3n m\u00e9dica y RCP, falleci\u00f3 en el Hospital Municipal. 14 de Noviembre de 2025 CHASCOM\u00daS -\u00a0 Un turista de 55 a\u00f1os, proveniente de Florencio Varela, falleci\u00f3 este martes en Chascom\u00fas\u2026","rel":"","context":"En \u00abINTERES GENERAL\u00bb","block_context":{"text":"INTERES GENERAL","link":"https:\/\/larevistadigital.com.ar\/blog\/category\/interes-general\/"},"img":{"alt_text":"","src":"https:\/\/i0.wp.com\/larevistadigital.com.ar\/blog\/wp-content\/uploads\/nueva-ambulancia-hospital-bariloche.jpg?fit=915%2C608&ssl=1&resize=350%2C200","width":350,"height":200,"srcset":"https:\/\/i0.wp.com\/larevistadigital.com.ar\/blog\/wp-content\/uploads\/nueva-ambulancia-hospital-bariloche.jpg?fit=915%2C608&ssl=1&resize=350%2C200 1x, https:\/\/i0.wp.com\/larevistadigital.com.ar\/blog\/wp-content\/uploads\/nueva-ambulancia-hospital-bariloche.jpg?fit=915%2C608&ssl=1&resize=525%2C300 1.5x, https:\/\/i0.wp.com\/larevistadigital.com.ar\/blog\/wp-content\/uploads\/nueva-ambulancia-hospital-bariloche.jpg?fit=915%2C608&ssl=1&resize=700%2C400 2x"},"classes":[]}],"_links":{"self":[{"href":"https:\/\/larevistadigital.com.ar\/blog\/wp-json\/wp\/v2\/posts\/7945","targetHints":{"allow":["GET"]}}],"collection":[{"href":"https:\/\/larevistadigital.com.ar\/blog\/wp-json\/wp\/v2\/posts"}],"about":[{"href":"https:\/\/larevistadigital.com.ar\/blog\/wp-json\/wp\/v2\/types\/post"}],"author":[{"embeddable":true,"href":"https:\/\/larevistadigital.com.ar\/blog\/wp-json\/wp\/v2\/users\/3"}],"replies":[{"embeddable":true,"href":"https:\/\/larevistadigital.com.ar\/blog\/wp-json\/wp\/v2\/comments?post=7945"}],"version-history":[{"count":4,"href":"https:\/\/larevistadigital.com.ar\/blog\/wp-json\/wp\/v2\/posts\/7945\/revisions"}],"predecessor-version":[{"id":7950,"href":"https:\/\/larevistadigital.com.ar\/blog\/wp-json\/wp\/v2\/posts\/7945\/revisions\/7950"}],"wp:featuredmedia":[{"embeddable":true,"href":"https:\/\/larevistadigital.com.ar\/blog\/wp-json\/wp\/v2\/media\/7946"}],"wp:attachment":[{"href":"https:\/\/larevistadigital.com.ar\/blog\/wp-json\/wp\/v2\/media?parent=7945"}],"wp:term":[{"taxonomy":"category","embeddable":true,"href":"https:\/\/larevistadigital.com.ar\/blog\/wp-json\/wp\/v2\/categories?post=7945"},{"taxonomy":"post_tag","embeddable":true,"href":"https:\/\/larevistadigital.com.ar\/blog\/wp-json\/wp\/v2\/tags?post=7945"}],"curies":[{"name":"wp","href":"https:\/\/api.w.org\/{rel}","templated":true}]}}