{"id":7951,"date":"2019-01-25T16:59:55","date_gmt":"2019-01-25T16:59:55","guid":{"rendered":"https:\/\/larevistadigital.com.ar\/blog\/?p=7951"},"modified":"2019-01-25T16:59:55","modified_gmt":"2019-01-25T16:59:55","slug":"chascomus-el-hombre-encontrado-en-la-laguna-se-habria-suicidado","status":"publish","type":"post","link":"https:\/\/larevistadigital.com.ar\/blog\/chascomus-el-hombre-encontrado-en-la-laguna-se-habria-suicidado\/","title":{"rendered":"CHASCOM\u00daS: EL HOMBRE ENCONTRADO EN LA LAGUNA, SE HABR\u00cdA SUICIDADO"},"content":{"rendered":"<p>El hombre que fue encontrado ahogado en la laguna el d\u00eda de ayer, habr\u00eda tomado la dr\u00e1stica decisi\u00f3n de terminar con su vida, porque estaba atravesando un estado depresivo.<\/p>\n<p>Se trataba de <strong>\u00c1ngel Eduardo Zabaleta<\/strong>, de 64 a\u00f1os de edad, quien se dedicaba a la alba\u00f1iler\u00eda, y ayer aproximadamente a las 6:00 hs. se dirigi\u00f3 supuestamente a su trabajo.<\/p>\n<p>Su familia, se sorprendi\u00f3 cuando aproximadamente a las 10 de la ma\u00f1ana, llamaron desde su lugar de trabajo para averiguar el motivo por el cual Zabaleta no se hab\u00eda presentado.<\/p>\n<blockquote>\n<h3>Preocupados, sus familiares se presentaron en la \u00a0Estaci\u00f3n de Polic\u00eda Comunal, se\u00f1alando que en los \u00faltimos d\u00edas, se encontraba deprimido, habiendo incluso manifestado en alguna oportunid<span class=\"text_exposed_show\">ad su deseo de terminar con su vida.<\/span><\/h3>\n<\/blockquote>\n<p>Luego de iniciar el protocolo y acciones de rigor ante estas situaciones, se tom\u00f3 conocimiento del hallazgo de un cuerpo flotando en la laguna, a la altura del km. 19 del camino de circunvalaci\u00f3n, (A la altura de Puerto Chascom\u00fas) pero alejado de la costa.<\/p>\n<p><strong>Zabaleta<\/strong> se desplazaba en una bicicleta tipo inglesa color verde, que hasta anoche no hab\u00eda sido hallada, como as\u00ed tampoco las prendas que vest\u00eda -el cuerpo s\u00f3lo ten\u00eda calzoncillo- por lo que desde la Estaci\u00f3n de Polic\u00eda se requer\u00eda la colaboraci\u00f3n de quienes pudieran hallar o haber hallado su bicicleta y las prendas, en las que el infortunado vecino llevaba sus documentos, su billetera y otros efectos personales que se agradecer\u00e1 sean alcanzados a la Comisar\u00eda o se de aviso a las autoridades.<\/p>\n","protected":false},"excerpt":{"rendered":"<div class=\"mh-excerpt\"><p>El hombre que fue encontrado ahogado en la laguna el d\u00eda de ayer, habr\u00eda tomado la dr\u00e1stica decisi\u00f3n de terminar con su vida, porque estaba atravesando un estado depresivo. Se trataba de \u00c1ngel Eduardo Zabaleta, <a class=\"mh-excerpt-more\" href=\"https:\/\/larevistadigital.com.ar\/blog\/chascomus-el-hombre-encontrado-en-la-laguna-se-habria-suicidado\/\" title=\"CHASCOM\u00daS: EL HOMBRE ENCONTRADO EN LA LAGUNA, SE HABR\u00cdA SUICIDADO\">[Leer M\u00e1s]<\/a><\/p>\n<\/div>","protected":false},"author":3,"featured_media":7573,"comment_status":"open","ping_status":"open","sticky":false,"template":"","format":"standard","meta":{"_jetpack_memberships_contains_paid_content":false,"footnotes":"","jetpack_publicize_message":"","jetpack_publicize_feature_enabled":true,"jetpack_social_post_already_shared":true,"jetpack_social_options":{"image_generator_settings":{"template":"highway","default_image_id":0,"font":"","enabled":false},"version":2}},"categories":[41],"tags":[],"class_list":{"0":"post-7951","1":"post","2":"type-post","3":"status-publish","4":"format-standard","5":"has-post-thumbnail","7":"category-destacadas"},"jetpack_publicize_connections":[],"jetpack_featured_media_url":"https:\/\/i0.wp.com\/larevistadigital.com.ar\/blog\/wp-content\/uploads\/2019\/01\/CRESP%C3%93N-NEGRO.jpg?fit=900%2C900&ssl=1","jetpack_sharing_enabled":true,"jetpack_shortlink":"https:\/\/wp.me\/p8qtrQ-24f","jetpack-related-posts":[{"id":3501,"url":"https:\/\/larevistadigital.com.ar\/blog\/chascomus-hombre-fallecio-ahogado-luego-tropezar-golpearse-la-cabeza\/","url_meta":{"origin":7951,"position":0},"title":"CHASCOM\u00daS: UN HOMBRE FALLECI\u00d3 AHOGADO LUEGO DE TROPEZAR Y GOLPEARSE LA CABEZA","author":"Alejandro Sosa Ruda","date":"17 octubre, 2017","format":false,"excerpt":"Lamentablemente, un hombre de 58 a\u00f1os de edad, llamado Mario Manuel V\u00e1zquez, oriundo de la localidad de Adrogu\u00e9, partido de Almirante Brown, falleci\u00f3 en la laguna, por ahogamiento, luego de haber tropezado y sufrido un golpe en su cabeza que le habr\u00eda provocado la p\u00e9rdida del conocimiento. El infausto suceso,\u2026","rel":"","context":"En \u00abCHASCOM\u00daS\u00bb","block_context":{"text":"CHASCOM\u00daS","link":"https:\/\/larevistadigital.com.ar\/blog\/category\/chascomus\/"},"img":{"alt_text":"","src":"","width":0,"height":0},"classes":[]},{"id":3257,"url":"https:\/\/larevistadigital.com.ar\/blog\/chascomus-se-busca-con-intensidad-a-dos-jovenes-desaparecidos-en-la-laguna\/","url_meta":{"origin":7951,"position":1},"title":"CHASCOM\u00daS: SE BUSCA CON INTENSIDAD A DOS J\u00d3VENES DESAPARECIDOS EN LA LAGUNA","author":"Alejandro Sosa Ruda","date":"7 septiembre, 2017","format":false,"excerpt":"Personal policial, Bomberos voluntarios, y amigos est\u00e1n buscando a dos j\u00f3venes hermanos que se encuentran desaparecidos desde ayer en horas del mediod\u00eda. Se trata de Emanuel Lucero de 18 a\u00f1os de edad y su hermano Hugo Sebastian Lucero de 25a\u00f1os. Seg\u00fan pudo saber LRD, ambos salieron el martes aproximadamente a\u2026","rel":"","context":"En \u00abPOLICIALES\u00bb","block_context":{"text":"POLICIALES","link":"https:\/\/larevistadigital.com.ar\/blog\/category\/policiales\/"},"img":{"alt_text":"","src":"https:\/\/i0.wp.com\/larevistadigital.com.ar\/blog\/wp-content\/uploads\/2017\/09\/cuerpo-chascomus.jpg?fit=1200%2C672&ssl=1&resize=350%2C200","width":350,"height":200,"srcset":"https:\/\/i0.wp.com\/larevistadigital.com.ar\/blog\/wp-content\/uploads\/2017\/09\/cuerpo-chascomus.jpg?fit=1200%2C672&ssl=1&resize=350%2C200 1x, https:\/\/i0.wp.com\/larevistadigital.com.ar\/blog\/wp-content\/uploads\/2017\/09\/cuerpo-chascomus.jpg?fit=1200%2C672&ssl=1&resize=525%2C300 1.5x, https:\/\/i0.wp.com\/larevistadigital.com.ar\/blog\/wp-content\/uploads\/2017\/09\/cuerpo-chascomus.jpg?fit=1200%2C672&ssl=1&resize=700%2C400 2x, https:\/\/i0.wp.com\/larevistadigital.com.ar\/blog\/wp-content\/uploads\/2017\/09\/cuerpo-chascomus.jpg?fit=1200%2C672&ssl=1&resize=1050%2C600 3x"},"classes":[]},{"id":2636,"url":"https:\/\/larevistadigital.com.ar\/blog\/extrana-primicia-de-mauro-szeta-en-c5n-algunos-portales-indican-que-confirmo-identidad-de-victima-de-homicidio-y-autopsia-pero-el-jefe-de-distrito-de-chascomus-afirmo-que-no-se-ha-hecho\/","url_meta":{"origin":7951,"position":2},"title":"EXTRA\u00d1A PRIMICIA DE MAURO SZETA EN C5N: ALGUNOS PORTALES INDICAN QUE CONFIRM\u00d3 IDENTIDAD DE VICTIMA DE HOMICIDIO Y AUTOPSIA, PERO EL JEFE DE DISTRITO DE CHASCOM\u00daS AFIRM\u00d3 QUE NO SE HA HECHO.","author":"Alejandro Sosa Ruda","date":"11 julio, 2017","format":false,"excerpt":"El jefe de distrito de Chascom\u00fas, comisario Marcelo Amadeo, desminti\u00f3 la informaci\u00f3n que circul\u00f3 en varios sitios y que habr\u00eda anunciado el periodista Mauro Szeta en su programa de la se\u00f1al C5N, quien asegur\u00f3 que el cuerpo encontrado el s\u00e1bado en la laguna ser\u00eda de un sindicalista de la zona\u2026","rel":"","context":"En \u00abCHASCOM\u00daS\u00bb","block_context":{"text":"CHASCOM\u00daS","link":"https:\/\/larevistadigital.com.ar\/blog\/category\/chascomus\/"},"img":{"alt_text":"","src":"https:\/\/i0.wp.com\/larevistadigital.com.ar\/blog\/wp-content\/uploads\/2017\/03\/amadeo_25defebrerode2017_elfuerte.jpg?fit=909%2C915&ssl=1&resize=350%2C200","width":350,"height":200,"srcset":"https:\/\/i0.wp.com\/larevistadigital.com.ar\/blog\/wp-content\/uploads\/2017\/03\/amadeo_25defebrerode2017_elfuerte.jpg?fit=909%2C915&ssl=1&resize=350%2C200 1x, https:\/\/i0.wp.com\/larevistadigital.com.ar\/blog\/wp-content\/uploads\/2017\/03\/amadeo_25defebrerode2017_elfuerte.jpg?fit=909%2C915&ssl=1&resize=525%2C300 1.5x, https:\/\/i0.wp.com\/larevistadigital.com.ar\/blog\/wp-content\/uploads\/2017\/03\/amadeo_25defebrerode2017_elfuerte.jpg?fit=909%2C915&ssl=1&resize=700%2C400 2x"},"classes":[]},{"id":19705,"url":"https:\/\/larevistadigital.com.ar\/blog\/chascomus-joven-tomo-la-tragica-decision-de-quitarse-la-vida\/","url_meta":{"origin":7951,"position":3},"title":"CHASCOM\u00daS : JOVEN TOM\u00d3 LA TR\u00c1GICA DECISI\u00d3N DE QUITARSE LA VIDA","author":"Alejandro Sosa Ruda","date":"18 abril, 2021","format":false,"excerpt":"CHASCOM\u00daS - Trascendi\u00f3 la noticia de que un joven chascomunense de 30 a\u00f1os de edad, habr\u00eda tomado la triste decisi\u00f3n de quitarse la vida. Seg\u00fan indican fuentes policiales, se tom\u00f3 conocimiento del hecho a trav\u00e9s de un llamado al 911 del padre del muchacho, que lo habr\u00eda encontrado ahorcado en\u2026","rel":"","context":"En \u00abDESTACADAS\u00bb","block_context":{"text":"DESTACADAS","link":"https:\/\/larevistadigital.com.ar\/blog\/category\/destacadas\/"},"img":{"alt_text":"","src":"https:\/\/i0.wp.com\/larevistadigital.com.ar\/blog\/wp-content\/uploads\/2017\/10\/CRESP%C3%93N-NEGRO.jpg?fit=900%2C900&ssl=1&resize=350%2C200","width":350,"height":200,"srcset":"https:\/\/i0.wp.com\/larevistadigital.com.ar\/blog\/wp-content\/uploads\/2017\/10\/CRESP%C3%93N-NEGRO.jpg?fit=900%2C900&ssl=1&resize=350%2C200 1x, https:\/\/i0.wp.com\/larevistadigital.com.ar\/blog\/wp-content\/uploads\/2017\/10\/CRESP%C3%93N-NEGRO.jpg?fit=900%2C900&ssl=1&resize=525%2C300 1.5x, https:\/\/i0.wp.com\/larevistadigital.com.ar\/blog\/wp-content\/uploads\/2017\/10\/CRESP%C3%93N-NEGRO.jpg?fit=900%2C900&ssl=1&resize=700%2C400 2x"},"classes":[]},{"id":23740,"url":"https:\/\/larevistadigital.com.ar\/blog\/carlos-tejedor-investigan-un-femicidio-seguido-de-suicidio\/","url_meta":{"origin":7951,"position":4},"title":"CARLOS TEJEDOR: INVESTIGAN UN FEMICIDIO SEGUIDO DE SUICIDIO","author":"Alejandro Sosa Ruda","date":"1 febrero, 2022","format":false,"excerpt":"Si bien las identidades no trascendieron, se tratar\u00eda de una pareja de 74 a\u00f1os el hombre y 65 la mujer, ambos de la localidad de Timote. El hombre habr\u00eda ultimado a la mujer con un arma blanca y con la misma se habr\u00eda quitado tambi\u00e9n la vida \u00e9l. CARLOS TEJEDOR\u2026","rel":"","context":"En \u00abINTERES GENERAL\u00bb","block_context":{"text":"INTERES GENERAL","link":"https:\/\/larevistadigital.com.ar\/blog\/category\/interes-general\/"},"img":{"alt_text":"","src":"https:\/\/i0.wp.com\/larevistadigital.com.ar\/blog\/wp-content\/uploads\/20220131122940_carlos-tejedorpng.jpg?fit=880%2C512&ssl=1&resize=350%2C200","width":350,"height":200,"srcset":"https:\/\/i0.wp.com\/larevistadigital.com.ar\/blog\/wp-content\/uploads\/20220131122940_carlos-tejedorpng.jpg?fit=880%2C512&ssl=1&resize=350%2C200 1x, https:\/\/i0.wp.com\/larevistadigital.com.ar\/blog\/wp-content\/uploads\/20220131122940_carlos-tejedorpng.jpg?fit=880%2C512&ssl=1&resize=525%2C300 1.5x, https:\/\/i0.wp.com\/larevistadigital.com.ar\/blog\/wp-content\/uploads\/20220131122940_carlos-tejedorpng.jpg?fit=880%2C512&ssl=1&resize=700%2C400 2x"},"classes":[]},{"id":7945,"url":"https:\/\/larevistadigital.com.ar\/blog\/chascomus-encuentran-persona-ahogada-en-la-laguna\/","url_meta":{"origin":7951,"position":5},"title":"CHASCOMUS: ENCUENTRAN PERSONA AHOGADA EN LA LAGUNA","author":"Alejandro Sosa Ruda","date":"25 enero, 2019","format":false,"excerpt":"Hace aproximadamente una hora en su perfil de la red social Fecebook, el vecino Miguel Angel Tocci dio a conocer una situaci\u00f3n que le toc\u00f3 vivir, cuando seg\u00fan narr\u00f3 \"finaliz\u00e1bamos junto a Oscar Berrueta y Gabriel Grimaldi de hacer 3000 mts. de fondo, y\u00a0una moto de agua se acerca a\u2026","rel":"","context":"En \u00abCHASCOM\u00daS\u00bb","block_context":{"text":"CHASCOM\u00daS","link":"https:\/\/larevistadigital.com.ar\/blog\/category\/chascomus\/"},"img":{"alt_text":"","src":"https:\/\/i0.wp.com\/larevistadigital.com.ar\/blog\/wp-content\/uploads\/2019\/01\/50398067_2308129095899072_931611971671818240_n.jpg?fit=960%2C566&ssl=1&resize=350%2C200","width":350,"height":200,"srcset":"https:\/\/i0.wp.com\/larevistadigital.com.ar\/blog\/wp-content\/uploads\/2019\/01\/50398067_2308129095899072_931611971671818240_n.jpg?fit=960%2C566&ssl=1&resize=350%2C200 1x, https:\/\/i0.wp.com\/larevistadigital.com.ar\/blog\/wp-content\/uploads\/2019\/01\/50398067_2308129095899072_931611971671818240_n.jpg?fit=960%2C566&ssl=1&resize=525%2C300 1.5x, https:\/\/i0.wp.com\/larevistadigital.com.ar\/blog\/wp-content\/uploads\/2019\/01\/50398067_2308129095899072_931611971671818240_n.jpg?fit=960%2C566&ssl=1&resize=700%2C400 2x"},"classes":[]}],"_links":{"self":[{"href":"https:\/\/larevistadigital.com.ar\/blog\/wp-json\/wp\/v2\/posts\/7951","targetHints":{"allow":["GET"]}}],"collection":[{"href":"https:\/\/larevistadigital.com.ar\/blog\/wp-json\/wp\/v2\/posts"}],"about":[{"href":"https:\/\/larevistadigital.com.ar\/blog\/wp-json\/wp\/v2\/types\/post"}],"author":[{"embeddable":true,"href":"https:\/\/larevistadigital.com.ar\/blog\/wp-json\/wp\/v2\/users\/3"}],"replies":[{"embeddable":true,"href":"https:\/\/larevistadigital.com.ar\/blog\/wp-json\/wp\/v2\/comments?post=7951"}],"version-history":[{"count":1,"href":"https:\/\/larevistadigital.com.ar\/blog\/wp-json\/wp\/v2\/posts\/7951\/revisions"}],"predecessor-version":[{"id":7952,"href":"https:\/\/larevistadigital.com.ar\/blog\/wp-json\/wp\/v2\/posts\/7951\/revisions\/7952"}],"wp:featuredmedia":[{"embeddable":true,"href":"https:\/\/larevistadigital.com.ar\/blog\/wp-json\/wp\/v2\/media\/7573"}],"wp:attachment":[{"href":"https:\/\/larevistadigital.com.ar\/blog\/wp-json\/wp\/v2\/media?parent=7951"}],"wp:term":[{"taxonomy":"category","embeddable":true,"href":"https:\/\/larevistadigital.com.ar\/blog\/wp-json\/wp\/v2\/categories?post=7951"},{"taxonomy":"post_tag","embeddable":true,"href":"https:\/\/larevistadigital.com.ar\/blog\/wp-json\/wp\/v2\/tags?post=7951"}],"curies":[{"name":"wp","href":"https:\/\/api.w.org\/{rel}","templated":true}]}}